{"id":32876,"date":"2025-07-30T15:00:52","date_gmt":"2025-07-30T14:00:52","guid":{"rendered":"https:\/\/discover.ulysse.com\/?p=32876"},"modified":"2025-07-30T12:45:52","modified_gmt":"2025-07-30T11:45:52","slug":"cette-perle-cachee-du-portugal-vient-detre-elue-meilleure-destination-meconnue-deurope","status":"publish","type":"post","link":"https:\/\/ulysse.com\/news\/cette-perle-cachee-du-portugal-vient-detre-elue-meilleure-destination-meconnue-deurope","title":{"rendered":"Cette perle cach\u00e9e du Portugal vient d\u2019\u00eatre \u00e9lue meilleure destination m\u00e9connue d\u2019Europe"},"content":{"rendered":"<p data-start=\"101\" data-end=\"668\">Loin des foules de Lisbonne et Porto, Tomar, une petite ville du centre du Portugal, se fait peu \u00e0 peu une place sur la sc\u00e8ne touristique internationale. \u00c9lu r\u00e9cemment l&#8217;une des meilleures destinations m\u00e9connues d\u2019Europe, Tomar attire d\u00e9sormais l&#8217;attention des voyageurs en qu\u00eate de calme, d&#8217;authenticit\u00e9 et d&#8217;histoire. Avec une croissance des visiteurs de 20% en 2023, la ville devient un incontournable pour ceux qui cherchent \u00e0 sortir des sentiers battus. Mais qu\u2019est-ce qui fait de Tomar une destination qui m\u00e9rite tant de reconnaissance ?<\/p>\n<h2 data-section-id=\"hpyzjs\" data-start=\"670\" data-end=\"707\">Un patrimoine historique fascinant<\/h2>\n<p data-start=\"709\" data-end=\"1351\">Tomar est avant tout une ville historique o\u00f9 le pass\u00e9 se m\u00e9lange parfaitement avec le pr\u00e9sent. L&#8217;histoire des Templiers impr\u00e8gne toute la ville. Fond\u00e9e au XIIe si\u00e8cle par Gon\u00e7alo Pereira, un chevalier de l&#8217;ordre des Templiers, Tomar devint le si\u00e8ge de l&#8217;ordre apr\u00e8s que le Portugal ait \u00e9t\u00e9 reconquis des mains des Maures. Ce riche pass\u00e9 m\u00e9di\u00e9val se refl\u00e8te dans le monument le plus embl\u00e9matique de la ville : le Convento de Cristo, class\u00e9 au patrimoine mondial de l&#8217;UNESCO. Ce complexe monastique est un v\u00e9ritable chef-d&#8217;\u0153uvre d&#8217;architecture, alliant styles romans, gothiques, manu\u00e9lins et renaissance.<\/p>\n<p data-start=\"1353\" data-end=\"1886\">Le Convento de Cristo abrite plusieurs lieux remarquables, notamment la Rotonde, une salle circulaire orn\u00e9e de motifs mystiques et \u00e9sot\u00e9riques, ainsi que la salle capitulaire, avec ses arches gothiques. Le barrage en granit rose qui se trouve \u00e0 proximit\u00e9 de l&#8217;\u00e9difice fait \u00e9galement partie du paysage impressionnant, avec ses 267 m\u00e8tres de long, et reste un t\u00e9moignage de l&#8217;ing\u00e9niosit\u00e9 du XIXe si\u00e8cle. La vue panoramique sur la vall\u00e9e et la rivi\u00e8re Nab\u00e3o en fait un site incontournable pour les visiteurs.<\/p>\n<h3 data-section-id=\"1q641ry\" data-start=\"1888\" data-end=\"1918\">Un tourisme en plein essor<\/h3>\n<p data-start=\"1920\" data-end=\"2417\">Depuis que Tomar a \u00e9t\u00e9 \u00e9lue destination m\u00e9connue de l\u2019ann\u00e9e, le nombre de touristes a consid\u00e9rablement augment\u00e9. En 2023, la ville a enregistr\u00e9 plus de 200 000 visiteurs, une augmentation de 20% par rapport aux ann\u00e9es pr\u00e9c\u00e9dentes. Bien que la ville conserve son ambiance tranquille et authentique, elle s\u2019adapte \u00e0 l\u2019afflux croissant de voyageurs en offrant une meilleure infrastructure d\u2019accueil et en renfor\u00e7ant ses offres de visites guid\u00e9es et de festivals culturels.<\/p>\n<blockquote class=\"tiktok-embed\" style=\"max-width: 605px; min-width: 325px;\" cite=\"https:\/\/www.tiktok.com\/@afonsoarribanca\/video\/7499564492326522134\" data-video-id=\"7499564492326522134\">\n<section><a title=\"@afonsoarribanca\" href=\"https:\/\/www.tiktok.com\/@afonsoarribanca?refer=embed\" target=\"_blank\" rel=\"noopener\">@afonsoarribanca<\/a> Guarda para teres as dicas contigo \ud83d\udce5 \ud83d\udccdEsta cidade fica no interior de Portugal mas foi palco dos eventos que deram in\u00edcio ao processo de globaliza\u00e7\u00e3o (com tudo o que de mau criou e com tudo o que de bom tamb\u00e9m criou) &#8211; n\u00e3o esquecendo que, sem desvalorizar os pontos negativos, foi essa globaliza\u00e7\u00e3o que nos permitiu poder viajar, falar ou conhecer pessoas de todo o mundo. Sugest\u00f5es: \ud83d\udecc hotel &#8211; Vila Gal\u00e9 Collection Tomar @vilagale.pt \ud83c\udf7d\ufe0f restaurante &#8211; Taverna Antiqua \ud83c\udfdb\ufe0flugares e museus &#8211; Convento de Cristo e castelo, museu do f\u00f3sforo, Aqueduto dos Peg\u00f5es, Capela de Santa Iria, Igreja de S\u00e3o Jo\u00e3o Batista, Ermida de Nossa Senhora da Concei\u00e7\u00e3o. Conheces Tomar?\ud83d\ude04 <a title=\"tomar\" href=\"https:\/\/www.tiktok.com\/tag\/tomar?refer=embed\" target=\"_blank\" rel=\"noopener\">#tomar<\/a> <a title=\"portugal\" href=\"https:\/\/www.tiktok.com\/tag\/portugal?refer=embed\" target=\"_blank\" rel=\"noopener\">#portugal<\/a> <a title=\"historia\" href=\"https:\/\/www.tiktok.com\/tag\/historia?refer=embed\" target=\"_blank\" rel=\"noopener\">#historia<\/a> <a title=\"arte\" href=\"https:\/\/www.tiktok.com\/tag\/arte?refer=embed\" target=\"_blank\" rel=\"noopener\">#arte<\/a> <a title=\"portugalviral\" href=\"https:\/\/www.tiktok.com\/tag\/portugalviral?refer=embed\" target=\"_blank\" rel=\"noopener\">#portugalviral<\/a> <a title=\"monumentos\" href=\"https:\/\/www.tiktok.com\/tag\/monumentos?refer=embed\" target=\"_blank\" rel=\"noopener\">#monumentos<\/a> <a title=\"cristo\" href=\"https:\/\/www.tiktok.com\/tag\/cristo?refer=embed\" target=\"_blank\" rel=\"noopener\">#cristo<\/a> <a title=\"viajar\" href=\"https:\/\/www.tiktok.com\/tag\/viajar?refer=embed\" target=\"_blank\" rel=\"noopener\">#viajar<\/a> <a title=\"viagens\" href=\"https:\/\/www.tiktok.com\/tag\/viagens?refer=embed\" target=\"_blank\" rel=\"noopener\">#viagens<\/a> <a title=\"restaurante\" href=\"https:\/\/www.tiktok.com\/tag\/restaurante?refer=embed\" target=\"_blank\" rel=\"noopener\">#restaurante<\/a> <a title=\"\u266c som original - Afonso Arriban\u00e7a\" href=\"https:\/\/www.tiktok.com\/music\/som-original-7499564509147138839?refer=embed\" target=\"_blank\" rel=\"noopener\">\u266c som original &#8211; Afonso Arriban\u00e7a<\/a><\/section>\n<\/blockquote>\n<p><script async src=\"https:\/\/www.tiktok.com\/embed.js\"><\/script><\/p>\n<h2 data-section-id=\"9ynqlp\" data-start=\"2419\" data-end=\"2467\">Une ville o\u00f9 se m\u00ealent nature et tranquillit\u00e9<\/h2>\n<p data-start=\"2469\" data-end=\"3147\">Ce qui distingue Tomar des autres destinations touristiques, c\u2019est aussi son environnement naturel. Travers\u00e9e par la rivi\u00e8re Nab\u00e3o, la ville est entour\u00e9e de collines verdoyantes, de for\u00eats de pins et de zones humides. Le parc naturel de la Serra de Aire e Candeeiros, situ\u00e9 non loin, est un paradis pour les amoureux de la nature. Ce parc, qui couvre pr\u00e8s de 40 000 hectares, offre des sentiers de randonn\u00e9e, des grottes impressionnantes et des panoramas \u00e0 couper le souffle. Pour les plus aventureux, il est possible de visiter les grottes de Santo Ant\u00f3nio ou de faire des excursions en v\u00e9lo pour explorer la beaut\u00e9 de la r\u00e9gion.<\/p>\n<p data-start=\"3149\" data-end=\"3611\">Le Lago de Castelo de Bode, un r\u00e9servoir de 12 km de long, est \u00e9galement un lieu tr\u00e8s pris\u00e9 pour les activit\u00e9s nautiques. C\u2019est un endroit id\u00e9al pour faire du cano\u00eb, du kayak ou simplement se d\u00e9tendre au bord de l\u2019eau, loin des plages surpeupl\u00e9es. Le lac est entour\u00e9 de zones bois\u00e9es o\u00f9 les familles peuvent faire des pique-niques ou se promener, tandis que la nature environnante permet d\u2019observer une faune et une flore exceptionnelles.<\/p>\n<h2 data-section-id=\"1f3xqp8\" data-start=\"3613\" data-end=\"3643\">Une gastronomie \u00e0 d\u00e9couvrir<\/h2>\n<p data-start=\"3645\" data-end=\"4192\">Tomar est \u00e9galement un excellent point de d\u00e9part pour d\u00e9couvrir la gastronomie locale. La cuisine de la r\u00e9gion, influenc\u00e9e par les traditions rurales et m\u00e9diterran\u00e9ennes, est \u00e0 la fois simple et savoureuse. Ne manquez pas de go\u00fbter \u00e0 l\u2019embl\u00e9matique cabrito assado (ch\u00e8vre r\u00f4tie), souvent accompagn\u00e9 de pommes de terre et de l\u00e9gumes frais. Les fromages de brebis de la r\u00e9gion sont \u00e9galement \u00e0 d\u00e9couvrir, tout comme les vins locaux, principalement des vins rouges et des blancs secs issus des vignes cultiv\u00e9es autour de la ville.<\/p>\n<p data-start=\"4194\" data-end=\"4603\">En vous promenant dans les petites ruelles de Tomar, vous tomberez probablement sur des tavernes qui proposent des plats traditionnels portugais dans une ambiance conviviale et authentique. Le mercado municipal (march\u00e9 municipal) est l&#8217;endroit id\u00e9al pour go\u00fbter aux produits frais, comme les fruits de mer ou le miel de la r\u00e9gion, tout en d\u00e9couvrant l&#8217;\u00e2me de cette ville charmante.<\/p>\n<h2 data-section-id=\"qbu47i\" data-start=\"4605\" data-end=\"4658\">Tomar : une destination abordable mais inoubliable<\/h2>\n<p data-start=\"4660\" data-end=\"5144\">Une des raisons pour lesquelles Tomar est devenue une destination populaire est qu\u2019elle reste abordable. En comparaison avec Lisbonne ou Porto, les prix sont bien plus raisonnables. En moyenne, une nuit dans un h\u00f4tel 3 \u00e9toiles co\u00fbte entre 60\u20ac et 100\u20ac, et les repas dans des restaurants locaux ne d\u00e9passent pas les 15 \u00e0 20\u20ac par personne. Le rapport qualit\u00e9\/prix est exceptionnel, ce qui permet aux voyageurs de profiter pleinement de la ville sans exploser leur budget.<\/p>\n","protected":false},"excerpt":{"rendered":"<p>Loin des foules de Lisbonne et Porto, Tomar, une petite ville du centre du Portugal, se fait peu \u00e0 peu [&hellip;]<\/p>\n","protected":false},"author":4,"featured_media":32911,"comment_status":"open","ping_status":"closed","sticky":false,"template":"","format":"standard","meta":{"_acf_changed":false,"_sitemap_exclude":false,"_sitemap_priority":"","_sitemap_frequency":"","footnotes":"","rank_math_title":"","rank_math_description":"","rank_math_canonical_url":"","rank_math_focus_keyword":"portugal"},"categories":[3],"tags":[],"class_list":["post-32876","post","type-post","status-publish","format-standard","has-post-thumbnail","hentry","category-voyage"],"acf":[],"_links":{"self":[{"href":"https:\/\/ulysse.com\/news\/wp-json\/wp\/v2\/posts\/32876","targetHints":{"allow":["GET"]}}],"collection":[{"href":"https:\/\/ulysse.com\/news\/wp-json\/wp\/v2\/posts"}],"about":[{"href":"https:\/\/ulysse.com\/news\/wp-json\/wp\/v2\/types\/post"}],"author":[{"embeddable":true,"href":"https:\/\/ulysse.com\/news\/wp-json\/wp\/v2\/users\/4"}],"replies":[{"embeddable":true,"href":"https:\/\/ulysse.com\/news\/wp-json\/wp\/v2\/comments?post=32876"}],"version-history":[{"count":4,"href":"https:\/\/ulysse.com\/news\/wp-json\/wp\/v2\/posts\/32876\/revisions"}],"predecessor-version":[{"id":32913,"href":"https:\/\/ulysse.com\/news\/wp-json\/wp\/v2\/posts\/32876\/revisions\/32913"}],"wp:featuredmedia":[{"embeddable":true,"href":"https:\/\/ulysse.com\/news\/wp-json\/wp\/v2\/media\/32911"}],"wp:attachment":[{"href":"https:\/\/ulysse.com\/news\/wp-json\/wp\/v2\/media?parent=32876"}],"wp:term":[{"taxonomy":"category","embeddable":true,"href":"https:\/\/ulysse.com\/news\/wp-json\/wp\/v2\/categories?post=32876"},{"taxonomy":"post_tag","embeddable":true,"href":"https:\/\/ulysse.com\/news\/wp-json\/wp\/v2\/tags?post=32876"}],"curies":[{"name":"wp","href":"https:\/\/api.w.org\/{rel}","templated":true}]}}