{"id":33160,"date":"2025-08-04T18:00:38","date_gmt":"2025-08-04T17:00:38","guid":{"rendered":"https:\/\/discover.ulysse.com\/?p=33160"},"modified":"2025-08-04T15:44:09","modified_gmt":"2025-08-04T14:44:09","slug":"canicule-feux-foret-portugal-alerte-maximal","status":"publish","type":"post","link":"https:\/\/ulysse.com\/news\/canicule-feux-foret-portugal-alerte-maximal","title":{"rendered":"Canicule extr\u00eame et feux de for\u00eat : le Portugal met toute sa terre en \u00e9tat d\u2019alerte maximal"},"content":{"rendered":"<p><span style=\"font-weight: 400;\">Le Portugal br\u00fble sous un soleil de plomb. Depuis le 3 ao\u00fbt, le pays tout entier est plac\u00e9 en<strong> alerte rouge,<\/strong> le niveau de vigilance le plus \u00e9lev\u00e9, face \u00e0 une canicule historique et au risque de <strong>feux de for\u00eat<\/strong> d\u00e9vastateurs. Les temp\u00e9ratures flirtent avec les 44\u202f\u00b0C, transformant les vall\u00e9es du Tage et du Douro en v\u00e9ritables fournaises. Une mobilisation d\u2019ampleur nationale a \u00e9t\u00e9 d\u00e9clench\u00e9e pour prot\u00e9ger habitants, for\u00eats et visiteurs, alors que l\u2019\u00e9t\u00e9 portugais prend des allures de combat contre les \u00e9l\u00e9ments.<\/span><\/p>\n<h2><b>Quand le thermom\u00e8tre explose, tout un pays s\u2019organise<\/b><\/h2>\n<p><span style=\"font-weight: 400;\">Au <a href=\"https:\/\/discover.ulysse.com\/cette-perle-cachee-du-portugal-vient-detre-elue-meilleure-destination-meconnue-deurope\">Portugal<\/a>, cet \u00e9t\u00e9 ne fait pas dans la demi-mesure. Le 29 juin, Mora a enregistr\u00e9 un pic impressionnant de <strong>46,6\u202f\u00b0C<\/strong>. Depuis, une masse d\u2019air br\u00fblante venue d\u2019Afrique du Nord s\u2019est install\u00e9e, plongeant le pays dans une chaleur \u00e9crasante. \u00ab Nous faisons face \u00e0 une situation exceptionnelle qui exige des mesures exceptionnelles \u00bb, a d\u00e9clar\u00e9 Maria L\u00facia Amaral, ministre portugaise de l\u2019Int\u00e9rieur, en annon\u00e7ant la mise en alerte maximale du territoire du<strong> 3 au 7 ao\u00fbt<\/strong>, selon le m\u00e9dia <a href=\"https:\/\/www.lesoir.be\/691200\/article\/2025-08-02\/risques-de-canicule-et-de-feux-de-foret-le-portugal-declare-lalerte-maximale\" target=\"_blank\" rel=\"noopener\">Le Soir<\/a>.<\/span><\/p>\n<p><span style=\"font-weight: 400;\">Face \u00e0 cette fournaise, les moyens sont d\u00e9ploy\u00e9s sans compter. Des milliers de pompiers, appuy\u00e9s par des avions bombardiers d\u2019eau, patrouillent les zones les plus sensibles, du nord verdoyant aux terres arides de<a href=\"https:\/\/discover.ulysse.com\/de-belles-ruelles-des-chateaux-historiques-et-des-panoramas-spectaculaires-une-escapade-secrete-au-coeur-du-portugal\"> l\u2019Alentejo<\/a>. Dans le parc national de Peneda\u2011Ger\u00eas, o\u00f9 plus de<strong> 1\u202f800 pompiers<\/strong> luttent d\u00e9j\u00e0 contre plusieurs foyers, l\u2019atmosph\u00e8re est \u00e9lectrique. Les autorit\u00e9s ont \u00e9galement serr\u00e9 la vis\u202f: adieu barbecues, feux d\u2019artifice ou travaux agricoles pouvant d\u00e9clencher la moindre \u00e9tincelle. Objectif\u202f: \u00e9viter que le moindre d\u00e9part de feu ne se transforme en catastrophe.<\/span><\/p>\n<p><span style=\"font-weight: 400;\"><strong>Touristes comme habitants<\/strong> sont invit\u00e9s \u00e0 adapter leur quotidien. Les zones bois\u00e9es sont sous surveillance renforc\u00e9e, et la population suit avec attention les bulletins d\u2019alerte. Au Portugal, la solidarit\u00e9 se vit \u00e0 l\u2019\u00e9chelle nationale\u202f: sur fond de canicule, le pays entier avance comme une grande \u00e9quipe face \u00e0 un adversaire redoutable.<\/span><\/p>\n<h2><b>Un d\u00e9fi climatique qui teste la r\u00e9silience portugaise<\/b><\/h2>\n<p><span style=\"font-weight: 400;\">L\u2019impact de cette alerte d\u00e9passe largement la m\u00e9t\u00e9o. Dans les campagnes, l\u2019interdiction d\u2019utiliser certains \u00e9quipements agricoles ralentit les r\u00e9coltes, accentuant la pression sur les exploitants d\u00e9j\u00e0 \u00e9prouv\u00e9s par la s\u00e9cheresse. Dans le nord, o\u00f9 la v\u00e9g\u00e9tation dense attise la menace des flammes, la protection civile multiplie les points de contr\u00f4le. L\u2019\u00c9tat mise sur la pr\u00e9vention pour \u00e9viter un sc\u00e9nario comparable \u00e0 2017, ann\u00e9e noire marqu\u00e9e par <strong>114 victimes<\/strong> lors de gigantesques incendies.<\/span><\/p>\n<p><span style=\"font-weight: 400;\">Et pourtant, malgr\u00e9 la tension, la vie continue. Les plages de l\u2019Algarve accueillent toujours des baigneurs en qu\u00eate de fra\u00eecheur, tandis que les villes adaptent leurs horaires pour prot\u00e9ger les travailleurs des heures les plus br\u00fblantes. Ce m\u00e9lange de vigilance et de r\u00e9silience illustre bien l\u2019esprit portugais\u202f: faire face \u00e0 l\u2019adversit\u00e9 sans renoncer \u00e0 vivre.<\/span><\/p>\n<p><span style=\"font-weight: 400;\">Pour les climatologues, cet \u00e9pisode s\u2019inscrit dans une tendance lourde\u202f: la multiplication des vagues de chaleur extr\u00eame sur la p\u00e9ninsule ib\u00e9rique. Le Portugal s\u2019y adapte en renfor\u00e7ant ses dispositifs de pr\u00e9vention, tout en sensibilisant habitants et visiteurs. Une chose est s\u00fbre\u202f: cet \u00e9t\u00e9 2025 marquera les esprits, et pas seulement par ses temp\u00e9ratures record.<\/span><\/p>\n","protected":false},"excerpt":{"rendered":"<p>Le Portugal br\u00fble sous un soleil de plomb. Depuis le 3 ao\u00fbt, le pays tout entier est plac\u00e9 en alerte [&hellip;]<\/p>\n","protected":false},"author":3,"featured_media":33169,"comment_status":"open","ping_status":"closed","sticky":false,"template":"","format":"standard","meta":{"_acf_changed":false,"_sitemap_exclude":false,"_sitemap_priority":"","_sitemap_frequency":"","footnotes":"","rank_math_title":"","rank_math_description":"Canicule et feux de for\u00eat\u202f: le Portugal en alerte rouge d\u00e9ploie tous ses moyens pour faire face \u00e0 un \u00e9t\u00e9 sous tension.\n","rank_math_canonical_url":"","rank_math_focus_keyword":"Portugal,alerte"},"categories":[3],"tags":[],"class_list":["post-33160","post","type-post","status-publish","format-standard","has-post-thumbnail","hentry","category-voyage"],"acf":[],"_links":{"self":[{"href":"https:\/\/ulysse.com\/news\/wp-json\/wp\/v2\/posts\/33160","targetHints":{"allow":["GET"]}}],"collection":[{"href":"https:\/\/ulysse.com\/news\/wp-json\/wp\/v2\/posts"}],"about":[{"href":"https:\/\/ulysse.com\/news\/wp-json\/wp\/v2\/types\/post"}],"author":[{"embeddable":true,"href":"https:\/\/ulysse.com\/news\/wp-json\/wp\/v2\/users\/3"}],"replies":[{"embeddable":true,"href":"https:\/\/ulysse.com\/news\/wp-json\/wp\/v2\/comments?post=33160"}],"version-history":[{"count":2,"href":"https:\/\/ulysse.com\/news\/wp-json\/wp\/v2\/posts\/33160\/revisions"}],"predecessor-version":[{"id":33175,"href":"https:\/\/ulysse.com\/news\/wp-json\/wp\/v2\/posts\/33160\/revisions\/33175"}],"wp:featuredmedia":[{"embeddable":true,"href":"https:\/\/ulysse.com\/news\/wp-json\/wp\/v2\/media\/33169"}],"wp:attachment":[{"href":"https:\/\/ulysse.com\/news\/wp-json\/wp\/v2\/media?parent=33160"}],"wp:term":[{"taxonomy":"category","embeddable":true,"href":"https:\/\/ulysse.com\/news\/wp-json\/wp\/v2\/categories?post=33160"},{"taxonomy":"post_tag","embeddable":true,"href":"https:\/\/ulysse.com\/news\/wp-json\/wp\/v2\/tags?post=33160"}],"curies":[{"name":"wp","href":"https:\/\/api.w.org\/{rel}","templated":true}]}}