{"id":33178,"date":"2025-08-05T09:11:28","date_gmt":"2025-08-05T08:11:28","guid":{"rendered":"https:\/\/discover.ulysse.com\/?p=33178"},"modified":"2025-08-05T09:11:28","modified_gmt":"2025-08-05T08:11:28","slug":"voyage-dans-le-plus-petit-pays-du-continent-un-monde-miniature-aux-paysages-feeriques","status":"publish","type":"post","link":"https:\/\/ulysse.com\/news\/voyage-dans-le-plus-petit-pays-du-continent-un-monde-miniature-aux-paysages-feeriques","title":{"rendered":"Voyage dans le plus petit pays du continent, un monde miniature aux paysages f\u00e9\u00e9riques"},"content":{"rendered":"<p><span style=\"font-weight: 400;\">Blotti entre la France, la Belgique et l\u2019Allemagne, <strong>le Luxembourg<\/strong> semble minuscule sur la carte. Pourtant, derri\u00e8re sa taille modeste, il renferme un d\u00e9cor qui ferait p\u00e2lir les plus beaux contes de f\u00e9es. Ici, chaque vall\u00e9e dissimule un secret, chaque for\u00eat abrite une l\u00e9gende, et chaque village semble tout droit sorti d\u2019une illustration ancienne. Loin de l\u2019agitation des capitales europ\u00e9ennes, ce royaume miniature promet une \u00e9vasion inattendue o\u00f9 la nature reprend ses droits et o\u00f9 l\u2019aventure s\u2019\u00e9crit pas \u00e0 pas. Direction <strong>le M\u00fcllerthal<\/strong>, une r\u00e9gion aussi confidentielle qu\u2019\u00e9poustouflante, surnomm\u00e9e <strong>la Petite Suisse luxembourgeoise<\/strong>, pour une parenth\u00e8se enchant\u00e9e que m\u00eame certains locaux ne connaissent pas.<\/span><\/p>\n<h2><b>Le M\u00fcllerthal : l\u00e0 o\u00f9 la nature se transforme en d\u00e9cor f\u00e9erique<\/b><\/h2>\n<p><span style=\"font-weight: 400;\">Au premier regard, <a href=\"https:\/\/discover.ulysse.com\/france-transports-gratuits-nature-intacte\">le M\u00fcllerthal<\/a> captive. Ses rochers de gr\u00e8s, sculpt\u00e9s par le temps, s\u2019\u00e9l\u00e8vent comme des forteresses oubli\u00e9es, tandis que des sentiers ombrag\u00e9s se faufilent entre cascades chantantes et gorges myst\u00e9rieuses. La c\u00e9l\u00e8bre<strong> cascade de Schiessent\u00fcmpel<\/strong>, avec son vieux pont de pierre et son eau cristalline, semble tout droit sortie d\u2019un film. Plus loin, la <strong>Wolfsschlucht<\/strong> \u2013 litt\u00e9ralement \u201cla gorge du loup\u201d \u2013 d\u00e9voile ses falaises couvertes de mousse o\u00f9 la lumi\u00e8re joue \u00e0 cache-cache entre les branches.<\/span><\/p>\n<p><span style=\"font-weight: 400;\">Au fil de la marche, la biodiversit\u00e9 surprend\u202f: orchid\u00e9es sauvages, foug\u00e8res g\u00e9antes et chevreuils discrets donnent vie \u00e0 cette for\u00eat digne d\u2019un livre d\u2019illustrations. Les randonneurs peuvent parcourir les 112 km du M\u00fcllerthal Trail, mais ceux qui pr\u00e9f\u00e8rent des boucles plus courtes optent pour les <strong>ExtraTours<\/strong>, parfaites pour go\u00fbter \u00e0 l\u2019essence m\u00eame de cette r\u00e9gion magique. Et apr\u00e8s une journ\u00e9e \u00e0 crapahuter, on s\u2019offre une pause gourmande dans une auberge locale pour d\u00e9guster un jambon fum\u00e9 ou un verre de vin blanc de Moselle. La vie ici a ce charme simple et apaisant qui fait oublier le monde ext\u00e9rieur.<\/span><\/p>\n<blockquote class=\"instagram-media\" style=\"background: #FFF; border: 0; border-radius: 3px; margin: 1px; max-width: 540px; min-width: 326px; padding: 0; width: calc(100% - 2px);\" data-instgrm-captioned=\"\" data-instgrm-permalink=\"https:\/\/www.instagram.com\/p\/DKeyEyyIgb2\/?utm_source=ig_embed&amp;utm_campaign=loading\" data-instgrm-version=\"14\">\n<div style=\"padding: 16px;\">\n<p>&nbsp;<\/p>\n<div style=\"flex-direction: row; align-items: center;\">\n<div style=\"background-color: #f4f4f4; border-radius: 50%; flex-grow: 0; height: 40px; margin-right: 14px; width: 40px;\"><\/div>\n<div style=\"flex-direction: column; flex-grow: 1; justify-content: center;\">\n<div style=\"background-color: #f4f4f4; border-radius: 4px; flex-grow: 0; height: 14px; margin-bottom: 6px; width: 100px;\"><\/div>\n<div style=\"background-color: #f4f4f4; border-radius: 4px; flex-grow: 0; height: 14px; width: 60px;\"><\/div>\n<\/div>\n<\/div>\n<div style=\"padding: 19% 0;\"><\/div>\n<div style=\"height: 50px; margin: 0 auto 12px; width: 50px;\"><\/div>\n<div style=\"padding-top: 8px;\">\n<div style=\"color: #3897f0; font-family: Arial,sans-serif; font-size: 14px; font-style: normal; font-weight: 550; line-height: 18px;\">Voir cette publication sur Instagram<\/div>\n<\/div>\n<div style=\"padding: 12.5% 0;\"><\/div>\n<div style=\"flex-direction: row; margin-bottom: 14px; align-items: center;\">\n<div>\n<div style=\"background-color: #f4f4f4; border-radius: 50%; height: 12.5px; width: 12.5px;\"><\/div>\n<div style=\"background-color: #f4f4f4; height: 12.5px; width: 12.5px; flex-grow: 0; margin-right: 14px; margin-left: 2px;\"><\/div>\n<div style=\"background-color: #f4f4f4; border-radius: 50%; height: 12.5px; width: 12.5px;\"><\/div>\n<\/div>\n<div style=\"margin-left: 8px;\">\n<div style=\"background-color: #f4f4f4; border-radius: 50%; flex-grow: 0; height: 20px; width: 20px;\"><\/div>\n<div style=\"width: 0; height: 0; border-top: 2px solid transparent; border-left: 6px solid #f4f4f4; border-bottom: 2px solid transparent;\"><\/div>\n<\/div>\n<div style=\"margin-left: auto;\">\n<div style=\"width: 0px; border-top: 8px solid #F4F4F4; border-right: 8px solid transparent;\"><\/div>\n<div style=\"background-color: #f4f4f4; flex-grow: 0; height: 12px; width: 16px;\"><\/div>\n<div style=\"width: 0; height: 0; border-top: 8px solid #F4F4F4; border-left: 8px solid transparent;\"><\/div>\n<\/div>\n<\/div>\n<div style=\"flex-direction: column; flex-grow: 1; justify-content: center; margin-bottom: 24px;\">\n<div style=\"background-color: #f4f4f4; border-radius: 4px; flex-grow: 0; height: 14px; margin-bottom: 6px; width: 224px;\"><\/div>\n<div style=\"background-color: #f4f4f4; border-radius: 4px; flex-grow: 0; height: 14px; width: 144px;\"><\/div>\n<\/div>\n<p>&nbsp;<\/p>\n<p style=\"color: #c9c8cd; font-family: Arial,sans-serif; font-size: 14px; line-height: 17px; margin-bottom: 0; margin-top: 8px; overflow: hidden; padding: 8px 0 7px; text-align: center;\"><a style=\"color: #c9c8cd; font-family: Arial,sans-serif; font-size: 14px; font-style: normal; font-weight: normal; line-height: 17px; text-decoration: none;\" href=\"https:\/\/www.instagram.com\/p\/DKeyEyyIgb2\/?utm_source=ig_embed&amp;utm_campaign=loading\" target=\"_blank\" rel=\"noopener\">Une publication partag\u00e9e par L\u00ebtzebuerg Vakanz (@letzebuerg_vakanz)<\/a><\/p>\n<\/div>\n<\/blockquote>\n<h2><b>Echternach : le village qui ouvre les portes du royaume miniature<\/b><\/h2>\n<p><span style=\"font-weight: 400;\">Pour plonger dans cet univers,<strong> Echternach<\/strong> est le passage oblig\u00e9. Cette petite ville, install\u00e9e au bord de <strong>la S\u00fbre<\/strong>, s\u00e9duit imm\u00e9diatement par son ambiance m\u00e9di\u00e9vale. Ses ruelles pav\u00e9es, son abbaye mill\u00e9naire et sa place centrale anim\u00e9e composent un d\u00e9cor vibrant o\u00f9 l\u2019histoire et la douceur de vivre s\u2019entrelacent. C\u2019est aussi d\u2019ici que partent la plupart des itin\u00e9raires de randonn\u00e9e vers le M\u00fcllerthal.<\/span><\/p>\n<p><span style=\"font-weight: 400;\">Le co\u00fbt de la vie reste tout \u00e0 fait accessible\u202f: une nuit dans une charmante chambre d\u2019h\u00f4tes co\u00fbte en moyenne entre 80 et 120 euros, un investissement raisonnable pour savourer l\u2019authenticit\u00e9 du lieu. Et pour s\u2019y rendre, rien de plus simple. Depuis Paris, Strasbourg ou Lyon, le train m\u00e8ne directement \u00e0 Luxembourg-Ville (d\u00e8s 45 \u20ac si l\u2019on r\u00e9serve \u00e0 l\u2019avance), puis un bus local vous d\u00e9pose \u00e0 Echternach en moins de 40 minutes. Plus besoin de voiture\u202f: ici, tout est pens\u00e9 pour voyager sans stress et profiter pleinement du d\u00e9cor.<\/span><\/p>\n<blockquote class=\"instagram-media\" style=\"background: #FFF; border: 0; border-radius: 3px; margin: 1px; max-width: 540px; min-width: 326px; padding: 0; width: calc(100% - 2px);\" data-instgrm-captioned=\"\" data-instgrm-permalink=\"https:\/\/www.instagram.com\/p\/DLrapnYB1oT\/?utm_source=ig_embed&amp;utm_campaign=loading\" data-instgrm-version=\"14\">\n<div style=\"padding: 16px;\">\n<p>&nbsp;<\/p>\n<div style=\"flex-direction: row; align-items: center;\">\n<div style=\"background-color: #f4f4f4; border-radius: 50%; flex-grow: 0; height: 40px; margin-right: 14px; width: 40px;\"><\/div>\n<div style=\"flex-direction: column; flex-grow: 1; justify-content: center;\">\n<div style=\"background-color: #f4f4f4; border-radius: 4px; flex-grow: 0; height: 14px; margin-bottom: 6px; width: 100px;\"><\/div>\n<div style=\"background-color: #f4f4f4; border-radius: 4px; flex-grow: 0; height: 14px; width: 60px;\"><\/div>\n<\/div>\n<\/div>\n<div style=\"padding: 19% 0;\"><\/div>\n<div style=\"height: 50px; margin: 0 auto 12px; width: 50px;\"><\/div>\n<div style=\"padding-top: 8px;\">\n<div style=\"color: #3897f0; font-family: Arial,sans-serif; font-size: 14px; font-style: normal; font-weight: 550; line-height: 18px;\">Voir cette publication sur Instagram<\/div>\n<\/div>\n<div style=\"padding: 12.5% 0;\"><\/div>\n<div style=\"flex-direction: row; margin-bottom: 14px; align-items: center;\">\n<div>\n<div style=\"background-color: #f4f4f4; border-radius: 50%; height: 12.5px; width: 12.5px;\"><\/div>\n<div style=\"background-color: #f4f4f4; height: 12.5px; width: 12.5px; flex-grow: 0; margin-right: 14px; margin-left: 2px;\"><\/div>\n<div style=\"background-color: #f4f4f4; border-radius: 50%; height: 12.5px; width: 12.5px;\"><\/div>\n<\/div>\n<div style=\"margin-left: 8px;\">\n<div style=\"background-color: #f4f4f4; border-radius: 50%; flex-grow: 0; height: 20px; width: 20px;\"><\/div>\n<div style=\"width: 0; height: 0; border-top: 2px solid transparent; border-left: 6px solid #f4f4f4; border-bottom: 2px solid transparent;\"><\/div>\n<\/div>\n<div style=\"margin-left: auto;\">\n<div style=\"width: 0px; border-top: 8px solid #F4F4F4; border-right: 8px solid transparent;\"><\/div>\n<div style=\"background-color: #f4f4f4; flex-grow: 0; height: 12px; width: 16px;\"><\/div>\n<div style=\"width: 0; height: 0; border-top: 8px solid #F4F4F4; border-left: 8px solid transparent;\"><\/div>\n<\/div>\n<\/div>\n<div style=\"flex-direction: column; flex-grow: 1; justify-content: center; margin-bottom: 24px;\">\n<div style=\"background-color: #f4f4f4; border-radius: 4px; flex-grow: 0; height: 14px; margin-bottom: 6px; width: 224px;\"><\/div>\n<div style=\"background-color: #f4f4f4; border-radius: 4px; flex-grow: 0; height: 14px; width: 144px;\"><\/div>\n<\/div>\n<p>&nbsp;<\/p>\n<p style=\"color: #c9c8cd; font-family: Arial,sans-serif; font-size: 14px; line-height: 17px; margin-bottom: 0; margin-top: 8px; overflow: hidden; padding: 8px 0 7px; text-align: center;\"><a style=\"color: #c9c8cd; font-family: Arial,sans-serif; font-size: 14px; font-style: normal; font-weight: normal; line-height: 17px; text-decoration: none;\" href=\"https:\/\/www.instagram.com\/p\/DLrapnYB1oT\/?utm_source=ig_embed&amp;utm_campaign=loading\" target=\"_blank\" rel=\"noopener\">Une publication partag\u00e9e par Mullerthal Region (@visitmullerthal)<\/a><\/p>\n<\/div>\n<\/blockquote>\n<h2><b>Des randonn\u00e9es comme une \u00e9pop\u00e9e en pleine nature<\/b><\/h2>\n<p><span style=\"font-weight: 400;\">Marcher sur les sentiers du M\u00fcllerthal, c\u2019est un peu comme se glisser dans un conte en plusieurs chapitres. La Route 1 vous entra\u00eene au c\u0153ur de vall\u00e9es tranquilles bord\u00e9es de for\u00eats anciennes. La Route 2 plonge dans les entrailles de paysages rocheux spectaculaires o\u00f9 chaque d\u00e9tour r\u00e9serve une surprise. Quant \u00e0 la Route 3, elle m\u00e8ne vers les majestueux<strong> ch\u00e2teaux de Beaufort et de Larochette<\/strong>, sentinelles d\u2019un pass\u00e9 m\u00e9di\u00e9val qui n\u2019a rien perdu de sa grandeur.<\/span><\/p>\n<p><span style=\"font-weight: 400;\">L\u2019atmosph\u00e8re qui r\u00e8gne ici est singuli\u00e8re\u202f: un silence ponctu\u00e9 du chant des oiseaux, quelques hameaux pittoresques o\u00f9 le temps semble suspendu, et cette sensation d\u00e9licieuse d\u2019\u00eatre loin de tout sans l\u2019\u00eatre vraiment. Le M\u00fcllerthal est accessible \u00e0 tous\u202f: familles, randonneurs occasionnels ou marcheurs chevronn\u00e9s y trouvent leur bonheur. M\u00eame le rythme lent se savoure, tant chaque recoin invite \u00e0 lever les yeux, \u00e0 respirer profond\u00e9ment et \u00e0 se laisser porter.<\/span><\/p>\n<blockquote class=\"instagram-media\" style=\"background: #FFF; border: 0; border-radius: 3px; margin: 1px; max-width: 540px; min-width: 326px; padding: 0; width: calc(100% - 2px);\" data-instgrm-captioned=\"\" data-instgrm-permalink=\"https:\/\/www.instagram.com\/p\/DGKwntOpSZ_\/?utm_source=ig_embed&amp;utm_campaign=loading\" data-instgrm-version=\"14\">\n<div style=\"padding: 16px;\">\n<p>&nbsp;<\/p>\n<div style=\"flex-direction: row; align-items: center;\">\n<div style=\"background-color: #f4f4f4; border-radius: 50%; flex-grow: 0; height: 40px; margin-right: 14px; width: 40px;\"><\/div>\n<div style=\"flex-direction: column; flex-grow: 1; justify-content: center;\">\n<div style=\"background-color: #f4f4f4; border-radius: 4px; flex-grow: 0; height: 14px; margin-bottom: 6px; width: 100px;\"><\/div>\n<div style=\"background-color: #f4f4f4; border-radius: 4px; flex-grow: 0; height: 14px; width: 60px;\"><\/div>\n<\/div>\n<\/div>\n<div style=\"padding: 19% 0;\"><\/div>\n<div style=\"height: 50px; margin: 0 auto 12px; width: 50px;\"><\/div>\n<div style=\"padding-top: 8px;\">\n<div style=\"color: #3897f0; font-family: Arial,sans-serif; font-size: 14px; font-style: normal; font-weight: 550; line-height: 18px;\">Voir cette publication sur Instagram<\/div>\n<\/div>\n<div style=\"padding: 12.5% 0;\"><\/div>\n<div style=\"flex-direction: row; margin-bottom: 14px; align-items: center;\">\n<div>\n<div style=\"background-color: #f4f4f4; border-radius: 50%; height: 12.5px; width: 12.5px;\"><\/div>\n<div style=\"background-color: #f4f4f4; height: 12.5px; width: 12.5px; flex-grow: 0; margin-right: 14px; margin-left: 2px;\"><\/div>\n<div style=\"background-color: #f4f4f4; border-radius: 50%; height: 12.5px; width: 12.5px;\"><\/div>\n<\/div>\n<div style=\"margin-left: 8px;\">\n<div style=\"background-color: #f4f4f4; border-radius: 50%; flex-grow: 0; height: 20px; width: 20px;\"><\/div>\n<div style=\"width: 0; height: 0; border-top: 2px solid transparent; border-left: 6px solid #f4f4f4; border-bottom: 2px solid transparent;\"><\/div>\n<\/div>\n<div style=\"margin-left: auto;\">\n<div style=\"width: 0px; border-top: 8px solid #F4F4F4; border-right: 8px solid transparent;\"><\/div>\n<div style=\"background-color: #f4f4f4; flex-grow: 0; height: 12px; width: 16px;\"><\/div>\n<div style=\"width: 0; height: 0; border-top: 8px solid #F4F4F4; border-left: 8px solid transparent;\"><\/div>\n<\/div>\n<\/div>\n<div style=\"flex-direction: column; flex-grow: 1; justify-content: center; margin-bottom: 24px;\">\n<div style=\"background-color: #f4f4f4; border-radius: 4px; flex-grow: 0; height: 14px; margin-bottom: 6px; width: 224px;\"><\/div>\n<div style=\"background-color: #f4f4f4; border-radius: 4px; flex-grow: 0; height: 14px; width: 144px;\"><\/div>\n<\/div>\n<p>&nbsp;<\/p>\n<p style=\"color: #c9c8cd; font-family: Arial,sans-serif; font-size: 14px; line-height: 17px; margin-bottom: 0; margin-top: 8px; overflow: hidden; padding: 8px 0 7px; text-align: center;\"><a style=\"color: #c9c8cd; font-family: Arial,sans-serif; font-size: 14px; font-style: normal; font-weight: normal; line-height: 17px; text-decoration: none;\" href=\"https:\/\/www.instagram.com\/p\/DGKwntOpSZ_\/?utm_source=ig_embed&amp;utm_campaign=loading\" target=\"_blank\" rel=\"noopener\">Une publication partag\u00e9e par Mullerthal Region (@visitmullerthal)<\/a><\/p>\n<\/div>\n<\/blockquote>\n<h2><b>Le secret le mieux gard\u00e9 du Luxembourg<\/b><\/h2>\n<p><span style=\"font-weight: 400;\">Ce qui rend le M\u00fcllerthal si irr\u00e9sistible, c\u2019est qu\u2019il reste encore pr\u00e9serv\u00e9 des foules. Ici, pas de tourisme tapageur\u202f: juste des sentiers intimistes, des villages o\u00f9 l\u2019on salue encore son voisin, et des paysages d\u2019une beaut\u00e9 brute qui se suffisent \u00e0 eux-m\u00eames. On se surprend \u00e0 marcher plus lentement, comme pour prolonger l\u2019instant, en se promettant de revenir d\u00e8s que possible.<\/span><\/p>\n<blockquote class=\"instagram-media\" style=\"background: #FFF; border: 0; border-radius: 3px; margin: 1px; max-width: 540px; min-width: 326px; padding: 0; width: calc(100% - 2px);\" data-instgrm-captioned=\"\" data-instgrm-permalink=\"https:\/\/www.instagram.com\/p\/DMzg5I2s2R2\/?utm_source=ig_embed&amp;utm_campaign=loading\" data-instgrm-version=\"14\">\n<div style=\"padding: 16px;\">\n<p>&nbsp;<\/p>\n<div style=\"flex-direction: row; align-items: center;\">\n<div style=\"background-color: #f4f4f4; border-radius: 50%; flex-grow: 0; height: 40px; margin-right: 14px; width: 40px;\"><\/div>\n<div style=\"flex-direction: column; flex-grow: 1; justify-content: center;\">\n<div style=\"background-color: #f4f4f4; border-radius: 4px; flex-grow: 0; height: 14px; margin-bottom: 6px; width: 100px;\"><\/div>\n<div style=\"background-color: #f4f4f4; border-radius: 4px; flex-grow: 0; height: 14px; width: 60px;\"><\/div>\n<\/div>\n<\/div>\n<div style=\"padding: 19% 0;\"><\/div>\n<div style=\"height: 50px; margin: 0 auto 12px; width: 50px;\"><\/div>\n<div style=\"padding-top: 8px;\">\n<div style=\"color: #3897f0; font-family: Arial,sans-serif; font-size: 14px; font-style: normal; font-weight: 550; line-height: 18px;\">Voir cette publication sur Instagram<\/div>\n<\/div>\n<div style=\"padding: 12.5% 0;\"><\/div>\n<div style=\"flex-direction: row; margin-bottom: 14px; align-items: center;\">\n<div>\n<div style=\"background-color: #f4f4f4; border-radius: 50%; height: 12.5px; width: 12.5px;\"><\/div>\n<div style=\"background-color: #f4f4f4; height: 12.5px; width: 12.5px; flex-grow: 0; margin-right: 14px; margin-left: 2px;\"><\/div>\n<div style=\"background-color: #f4f4f4; border-radius: 50%; height: 12.5px; width: 12.5px;\"><\/div>\n<\/div>\n<div style=\"margin-left: 8px;\">\n<div style=\"background-color: #f4f4f4; border-radius: 50%; flex-grow: 0; height: 20px; width: 20px;\"><\/div>\n<div style=\"width: 0; height: 0; border-top: 2px solid transparent; border-left: 6px solid #f4f4f4; border-bottom: 2px solid transparent;\"><\/div>\n<\/div>\n<div style=\"margin-left: auto;\">\n<div style=\"width: 0px; border-top: 8px solid #F4F4F4; border-right: 8px solid transparent;\"><\/div>\n<div style=\"background-color: #f4f4f4; flex-grow: 0; height: 12px; width: 16px;\"><\/div>\n<div style=\"width: 0; height: 0; border-top: 8px solid #F4F4F4; border-left: 8px solid transparent;\"><\/div>\n<\/div>\n<\/div>\n<div style=\"flex-direction: column; flex-grow: 1; justify-content: center; margin-bottom: 24px;\">\n<div style=\"background-color: #f4f4f4; border-radius: 4px; flex-grow: 0; height: 14px; margin-bottom: 6px; width: 224px;\"><\/div>\n<div style=\"background-color: #f4f4f4; border-radius: 4px; flex-grow: 0; height: 14px; width: 144px;\"><\/div>\n<\/div>\n<p>&nbsp;<\/p>\n<p style=\"color: #c9c8cd; font-family: Arial,sans-serif; font-size: 14px; line-height: 17px; margin-bottom: 0; margin-top: 8px; overflow: hidden; padding: 8px 0 7px; text-align: center;\"><a style=\"color: #c9c8cd; font-family: Arial,sans-serif; font-size: 14px; font-style: normal; font-weight: normal; line-height: 17px; text-decoration: none;\" href=\"https:\/\/www.instagram.com\/p\/DMzg5I2s2R2\/?utm_source=ig_embed&amp;utm_campaign=loading\" target=\"_blank\" rel=\"noopener\">Une publication partag\u00e9e par Mullerthal Region (@visitmullerthal)<\/a><\/p>\n<\/div>\n<\/blockquote>\n<p><span style=\"font-weight: 400;\">Et c\u2019est peut-\u00eatre \u00e7a, la v\u00e9ritable magie du <a href=\"https:\/\/discover.ulysse.com\/week-end-sans-foule-vacances-printemps-evasion\">Luxembourg\u202f<\/a>: ce pays minuscule r\u00e9ussit \u00e0 offrir un monde immense \u00e0 explorer. Entre for\u00eats profondes, vall\u00e9es silencieuses et patrimoine historique, ce royaume miniature n\u2019a rien \u00e0 envier aux destinations plus connues. Il suffit de s\u2019y aventurer pour comprendre pourquoi ce coin d\u2019Europe est une invitation permanente \u00e0 l\u2019\u00e9merveillement.<\/span><\/p>\n","protected":false},"excerpt":{"rendered":"<p>Blotti entre la France, la Belgique et l\u2019Allemagne, le Luxembourg semble minuscule sur la carte. Pourtant, derri\u00e8re sa taille modeste, [&hellip;]<\/p>\n","protected":false},"author":3,"featured_media":33179,"comment_status":"open","ping_status":"closed","sticky":false,"template":"","format":"standard","meta":{"_acf_changed":false,"_sitemap_exclude":false,"_sitemap_priority":"","_sitemap_frequency":"","footnotes":"","rank_math_title":"","rank_math_description":"Dans ce royaume miniature, chaque sentier cache une aventure\u2026 et le plus beau, c\u2019est que tout reste encore \u00e0 d\u00e9couvrir.\n","rank_math_canonical_url":"","rank_math_focus_keyword":"pays"},"categories":[3],"tags":[],"class_list":["post-33178","post","type-post","status-publish","format-standard","has-post-thumbnail","hentry","category-voyage"],"acf":[],"_links":{"self":[{"href":"https:\/\/ulysse.com\/news\/wp-json\/wp\/v2\/posts\/33178","targetHints":{"allow":["GET"]}}],"collection":[{"href":"https:\/\/ulysse.com\/news\/wp-json\/wp\/v2\/posts"}],"about":[{"href":"https:\/\/ulysse.com\/news\/wp-json\/wp\/v2\/types\/post"}],"author":[{"embeddable":true,"href":"https:\/\/ulysse.com\/news\/wp-json\/wp\/v2\/users\/3"}],"replies":[{"embeddable":true,"href":"https:\/\/ulysse.com\/news\/wp-json\/wp\/v2\/comments?post=33178"}],"version-history":[{"count":2,"href":"https:\/\/ulysse.com\/news\/wp-json\/wp\/v2\/posts\/33178\/revisions"}],"predecessor-version":[{"id":33187,"href":"https:\/\/ulysse.com\/news\/wp-json\/wp\/v2\/posts\/33178\/revisions\/33187"}],"wp:featuredmedia":[{"embeddable":true,"href":"https:\/\/ulysse.com\/news\/wp-json\/wp\/v2\/media\/33179"}],"wp:attachment":[{"href":"https:\/\/ulysse.com\/news\/wp-json\/wp\/v2\/media?parent=33178"}],"wp:term":[{"taxonomy":"category","embeddable":true,"href":"https:\/\/ulysse.com\/news\/wp-json\/wp\/v2\/categories?post=33178"},{"taxonomy":"post_tag","embeddable":true,"href":"https:\/\/ulysse.com\/news\/wp-json\/wp\/v2\/tags?post=33178"}],"curies":[{"name":"wp","href":"https:\/\/api.w.org\/{rel}","templated":true}]}}