{"id":33208,"date":"2025-08-06T19:00:12","date_gmt":"2025-08-06T18:00:12","guid":{"rendered":"https:\/\/discover.ulysse.com\/?p=33208"},"modified":"2025-08-06T12:29:40","modified_gmt":"2025-08-06T11:29:40","slug":"les-dolomites-se-rebellent-et-les-touristes-sont-les-grandes-victimes","status":"publish","type":"post","link":"https:\/\/ulysse.com\/news\/les-dolomites-se-rebellent-et-les-touristes-sont-les-grandes-victimes","title":{"rendered":"Les Dolomites se rebellent et les touristes sont les grandes victimes"},"content":{"rendered":"<p data-start=\"70\" data-end=\"758\">Dans les Dolomites, en Italie, la beaut\u00e9 naturelle des montagnes, des prairies verdoyantes et des lacs cristallins est aujourd\u2019hui la victime de son propre succ\u00e8s. Les influenceurs, en qu\u00eate de vues parfaites pour leurs r\u00e9seaux sociaux, ont catapult\u00e9 cette r\u00e9gion pittoresque au sommet des destinations touristiques les plus tendance. Et ce n\u2019est pas sans cons\u00e9quences. En 2025, les Dolomites se retrouvent submerg\u00e9es par un flot incessant de touristes, attir\u00e9s par des spots devenus incontournables gr\u00e2ce \u00e0 des vid\u00e9os et photos partag\u00e9es massivement sur TikTok et Instagram. Un engouement qui met \u00e0 mal \u00e0 la fois le paysage naturel et la vie des habitants locaux.<\/p>\n<h2 data-start=\"760\" data-end=\"828\">La beaut\u00e9 sacrifi\u00e9e sur l\u2019autel du clic ?<\/h2>\n<p data-start=\"830\" data-end=\"1709\">Il suffit de quelques minutes de scroll pour tomber sur des images parfaites des Dolomites. Ce sont des lieux qui ne sont d\u00e9sormais plus seulement des refuges naturels, mais des spots commerciaux o\u00f9 chaque m\u00e8tre carr\u00e9 de terrain semble \u00eatre transform\u00e9 en d\u00e9cor pour influencer. Mais sous cette apparente convivialit\u00e9 se cache une r\u00e9alit\u00e9 bien moins glamour. Le tourisme de masse g\u00e9n\u00e9r\u00e9 par ces images id\u00e9alis\u00e9es a plong\u00e9 les <a href=\"https:\/\/discover.ulysse.com\/alpes-francaises-eclipsees-par-perle-dolomites\">Dolomites<\/a> dans une spirale infernale de surtourisme, o\u00f9 les paysages idylliques sont \u00e9cras\u00e9s par la foule. Les chemins autrefois paisibles sont d\u00e9sormais envahis par des groupes de visiteurs qui cherchent \u00e0 capturer l&#8217;instant parfait, souvent au d\u00e9triment du respect de la nature. Les d\u00e9chets, laiss\u00e9s par des milliers de visiteurs chaque jour, sont devenus une plaie pour les agriculteurs et propri\u00e9taires locaux.<\/p>\n<blockquote class=\"tiktok-embed\" style=\"max-width: 605px; min-width: 325px;\" cite=\"https:\/\/www.tiktok.com\/@kelseyinlondon\/video\/7488767170374274306\" data-video-id=\"7488767170374274306\">\n<section><a title=\"@kelseyinlondon\" href=\"https:\/\/www.tiktok.com\/@kelseyinlondon?refer=embed\" target=\"_blank\" rel=\"noopener\">@kelseyinlondon<\/a>\ud83c\uddee\ud83c\uddf9 Dolomites 7 day itinerary \u2b07\ufe0f\u2063 \u2063 DAY 1:\u2063 \u2708\ufe0f Fly to Venice Marco Polo Airport (VCE), \ud83d\ude97 pick up your rental car and drive 3 hours to the Dolomites \ud83c\udfd4\ufe0f Stay in the town Ortisei for first 3 nights.\u2063 \u2063 DAY 2:\u2063 \ud83d\udea0 From Ortisei, take a cable car to Alpe di Siusi (spend half a day here). Then take a cable car to Seceda (spend 2nd half of day here). You can buy a daily cable car pass to access both places.\u2063 \u2063 DAY 3:\u2063 \ud83d\ude97 Drive 30 mins to Val di Funes. Visit San\u00a0Giovanni\u00a0Church first, then do the Geiser Alm hike \u2013 allow 5 hours, 3 hour hike + 2 hours for lunch at the Rufigio (mountain hut). End the day watching sunset at Santa Maddalena Church. \u2063 \u2063 DAY 4:\u2063 \ud83e\uddd6\u200d\u2640\ufe0f Spa day! Time to relax with a spa session and swim at your hotel \u2013 check out my free Dolomites guide for all my hotel recommendations. Then, drive 2 hours east and base yourself in Cortina d&#8217;Ampezzo for the rest of this trip or you can even stay at on hotel on Lago di Braies, the most beautiful lake in Italy.\u2063 \u2063 DAY 5: \u2063 \u26f5\ufe0f Rent a wooden boat at Lago di Braies and don\u2019t skip the 1 hour walk around the lake where you can find adorable cows chilling by the shore.\u2063 \u2063 DAY 6:\u2063 \ud83e\udd7e Combine two popular hikes in one day &#8211; start with Cadini di Misurina (1.5 hour out &amp; back hike) in the morning and if you\u2019re up for the challenge, add on the Tre Cime di Lavaredo 11km loop (4-5 hours).\u2063 \u2063 DAY 7:\u2063 \ud83d\ude97 Drive 2 hours back to Venice. If you have time before your flight home, check out all the amazing things to do in Venice in my free Venice guide (link in bio)\u2063 \u2063 \ud83c\uddee\ud83c\uddf9 Check out my free Dolomites Travel Guide which includes:\u2063\u2063\u2063 \ud83d\udccdPlaces to visit \ud83c\udf32 Beautiful lakes \ud83e\udd7e Popular hiking trails \ud83c\udf7d\ufe0f Where to eat \ud83c\udfe9 Hotel recommendations \ud83d\udcc6 When time to visit \u2708\ufe0f How to get there \ud83d\ude97 How to get around\u2063\u2063 + a saveable Google Map with all locations pinned \ud83d\uddfa\ufe0f\u2063\u2063 \u2063 Get my free guide on my blog: kelseyinlondon.com (link in bio)\u2063 \u2063 \ud83c\uddee\ud83c\uddf9\u2063 Best things to do in the Dolomites, Italy. Best places to visit in the Dolomites. How to get to the dolomites. Dolomites road trip. Dolomites itinerary. Hiking in the Dolomites. Dolomites Best Hikes. One week in the dolomites. Dolomites itinerary. Where to go Dolomites<\/p>\n<p><a title=\"\u266c original sound - Kelsey\ud83d\udc97London Travel Creator\" href=\"https:\/\/www.tiktok.com\/music\/original-sound-7488767256059546390?refer=embed\" target=\"_blank\" rel=\"noopener\">\u266c original sound &#8211; Kelsey\ud83d\udc97London Travel Creator<\/a><\/p>\n<\/section>\n<\/blockquote>\n<p><script async src=\"https:\/\/www.tiktok.com\/embed.js\"><\/script><\/p>\n<h2 data-start=\"1711\" data-end=\"1771\">La r\u00e9volte des locaux se fait ressentir\u2026<\/h2>\n<p data-start=\"1773\" data-end=\"2492\">Face \u00e0 cet afflux incontr\u00f4l\u00e9 de touristes, les locaux ont d\u00e9cid\u00e9 de prendre les choses en main, mais de mani\u00e8re radicale. \u00c0 Seceda et dans d\u2019autres zones pris\u00e9es, des tourniquets payants ont \u00e9t\u00e9 install\u00e9s pour tenter de r\u00e9guler l&#8217;acc\u00e8s \u00e0 ces lieux satur\u00e9s. 5 euros pour voir les panoramas que tout le monde s\u2019arrache sur Instagram : c\u2019est la solution qu\u2019ont trouv\u00e9 les propri\u00e9taires pour dissuader l\u2019acc\u00e8s \u00e0 leurs terrains priv\u00e9s. Ces tourniquets payants sont une r\u00e9ponse directe au ph\u00e9nom\u00e8ne du surtourisme, permettant au moins de contr\u00f4ler un peu l&#8217;afflux de visiteurs sur ces spots &#8220;Instagrammables&#8221; et d&#8217;encaisser une compensation pour l&#8217;usure que ces foules causent aux terrains priv\u00e9s.<\/p>\n<p data-start=\"2494\" data-end=\"2907\">Mais la r\u00e9alit\u00e9, c\u2019est que ces mesures sont symptomatiques d\u2019une crise bien plus profonde, o\u00f9 les autorit\u00e9s semblent sourdes \u00e0 l\u2019appel. Pas de r\u00e9ponse des autorit\u00e9s provinciales, et les habitants continuent d\u2019\u00eatre les principaux responsables d\u2019un probl\u00e8me qu\u2019ils n\u2019ont pas cr\u00e9\u00e9. Il est difficile de croire qu\u2019un simple tarif d\u2019entr\u00e9e suffira \u00e0 enrayer cette machine \u00e0 d\u00e9truire que sont devenus ces lieux.<\/p>\n<h2 data-start=\"2909\" data-end=\"2972\">L\u2019impact des r\u00e9seaux sociaux sur cet havre de paix<\/h2>\n<p data-start=\"2974\" data-end=\"4016\">Les r\u00e9seaux sociaux ont cr\u00e9\u00e9 une monstruosit\u00e9 : l\u2019influenceur-touriste. Celui qui se rend dans des lieux sacr\u00e9s pour simplement y prendre la photo parfaite. Bien s\u00fbr, ces influenceurs ne sont pas les seuls responsables. Mais comment ignorer l&#8217;impact que leur promotion excessive a eu sur la r\u00e9gion ? Le ph\u00e9nom\u00e8ne de l\u2019Instagrammable a transform\u00e9 des endroits naturels en simples fonds d\u2019\u00e9cran pour ceux qui ne cherchent qu\u2019\u00e0 capter l&#8217;attention. Ce ph\u00e9nom\u00e8ne ne touche pas uniquement les Dolomites. De nombreuses r\u00e9gions touristiques se retrouvent prises dans le m\u00eame pi\u00e8ge. Les communaut\u00e9s locales sont les premi\u00e8res \u00e0 en souffrir, tout en \u00e9tant d\u00e9poss\u00e9d\u00e9es des paysages qui \u00e9taient jadis les leurs. Et pourtant, face \u00e0 la lente agonie de ces sites sous la pression de milliers de visiteurs, l\u2019inaction des autorit\u00e9s semble inacceptable. Le surtourisme n\u2019est plus un ph\u00e9nom\u00e8ne passager : c\u2019est une v\u00e9ritable catastrophe \u00e9cologique et sociale qui continue de se d\u00e9velopper \u00e0 l\u2019ombre des hashtags populaires.<\/p>\n","protected":false},"excerpt":{"rendered":"<p>Dans les Dolomites, en Italie, la beaut\u00e9 naturelle des montagnes, des prairies verdoyantes et des lacs cristallins est aujourd\u2019hui la [&hellip;]<\/p>\n","protected":false},"author":4,"featured_media":33258,"comment_status":"open","ping_status":"closed","sticky":false,"template":"","format":"standard","meta":{"_acf_changed":false,"_sitemap_exclude":false,"_sitemap_priority":"","_sitemap_frequency":"","footnotes":"","rank_math_title":"","rank_math_description":"","rank_math_canonical_url":"","rank_math_focus_keyword":"dolomites"},"categories":[3],"tags":[],"class_list":["post-33208","post","type-post","status-publish","format-standard","has-post-thumbnail","hentry","category-voyage"],"acf":[],"_links":{"self":[{"href":"https:\/\/ulysse.com\/news\/wp-json\/wp\/v2\/posts\/33208","targetHints":{"allow":["GET"]}}],"collection":[{"href":"https:\/\/ulysse.com\/news\/wp-json\/wp\/v2\/posts"}],"about":[{"href":"https:\/\/ulysse.com\/news\/wp-json\/wp\/v2\/types\/post"}],"author":[{"embeddable":true,"href":"https:\/\/ulysse.com\/news\/wp-json\/wp\/v2\/users\/4"}],"replies":[{"embeddable":true,"href":"https:\/\/ulysse.com\/news\/wp-json\/wp\/v2\/comments?post=33208"}],"version-history":[{"count":2,"href":"https:\/\/ulysse.com\/news\/wp-json\/wp\/v2\/posts\/33208\/revisions"}],"predecessor-version":[{"id":33259,"href":"https:\/\/ulysse.com\/news\/wp-json\/wp\/v2\/posts\/33208\/revisions\/33259"}],"wp:featuredmedia":[{"embeddable":true,"href":"https:\/\/ulysse.com\/news\/wp-json\/wp\/v2\/media\/33258"}],"wp:attachment":[{"href":"https:\/\/ulysse.com\/news\/wp-json\/wp\/v2\/media?parent=33208"}],"wp:term":[{"taxonomy":"category","embeddable":true,"href":"https:\/\/ulysse.com\/news\/wp-json\/wp\/v2\/categories?post=33208"},{"taxonomy":"post_tag","embeddable":true,"href":"https:\/\/ulysse.com\/news\/wp-json\/wp\/v2\/tags?post=33208"}],"curies":[{"name":"wp","href":"https:\/\/api.w.org\/{rel}","templated":true}]}}