{"id":33242,"date":"2025-08-08T13:00:25","date_gmt":"2025-08-08T12:00:25","guid":{"rendered":"https:\/\/discover.ulysse.com\/?p=33242"},"modified":"2025-08-07T11:06:46","modified_gmt":"2025-08-07T10:06:46","slug":"ce-jardin-secret-a-marrakech-est-un-paradis-cache-que-seuls-quelques-privilegies-connaissent","status":"publish","type":"post","link":"https:\/\/ulysse.com\/news\/ce-jardin-secret-a-marrakech-est-un-paradis-cache-que-seuls-quelques-privilegies-connaissent","title":{"rendered":"Ce jardin secret \u00e0 Marrakech est un paradis cach\u00e9 que seuls quelques privil\u00e9gi\u00e9s connaissent"},"content":{"rendered":"<p><span style=\"font-weight: 400;\">Aux portes de<strong> Marrakech<\/strong> au Maroc, loin de l\u2019agitation de la m\u00e9dina et de ses \u00e9choppes vibrantes, un lieu inattendu se cache, presque jalousement gard\u00e9 par le d\u00e9sert et les <strong>montagnes de l\u2019Atlas<\/strong>. Ici, tout semble suspendu : les couleurs flamboyantes, les sculptures \u00e9nigmatiques et les all\u00e9es verdoyantes se m\u00ealent pour cr\u00e9er une parenth\u00e8se hors du monde. Plus qu\u2019un simple jardin, c\u2019est un v\u00e9ritable labyrinthe d\u2019art et de nature, pens\u00e9 par un artiste visionnaire qui a su transformer la terre ocre en un sanctuaire po\u00e9tique. En franchissant ses portes, on ne visite pas seulement un lieu\u2026 on entre dans une \u0153uvre vivante.<\/span><\/p>\n<h2><b>Marrakech et ses environs : quand la magie commence avant m\u00eame le jardin<\/b><\/h2>\n<p><span style=\"font-weight: 400;\"><a href=\"https:\/\/discover.ulysse.com\/ville-secrete-havre-de-paix-ideal-pour-retraite\">Marrakech<\/a> n\u2019a pas son pareil pour captiver d\u00e8s le premier instant. Entre les palais somptueux, les souks parfum\u00e9s et les terrasses anim\u00e9es o\u00f9 r\u00e9sonnent les rires, la ville rouge s\u00e9duit par son \u00e9nergie d\u00e9bordante. Mais il suffit de s\u2019en \u00e9loigner de quelques kilom\u00e8tres, direction la Route de <strong>l\u2019Ourika<\/strong>, pour sentir l\u2019atmosph\u00e8re changer. Les paysages se parent alors d\u2019ocres profonds, les palmeraies s\u2019\u00e9tirent et, au loin, les sommets enneig\u00e9s de<strong> l\u2019Atlas<\/strong> s\u2019imposent comme un d\u00e9cor de carte postale.<\/span><\/p>\n<p><span style=\"font-weight: 400;\">C\u2019est ici, \u00e0 une trentaine de minutes du centre, que le <strong>Jardin Anima<\/strong> d\u00e9ploie ses 2 hectares de verdure luxuriante. Cr\u00e9\u00e9 par l\u2019artiste autrichien <strong>Andr\u00e9 Heller<\/strong>, ce joyau m\u00eale botanique et art contemporain dans une harmonie presque irr\u00e9elle. Le co\u00fbt de la vie autour de Marrakech reste doux pour les voyageurs fran\u00e7ais : des vols depuis Paris, Lyon ou Marseille oscillent souvent autour de 150 \u00e0 200\u202f\u20ac, et une fois sur place, entre les riads \u00e9l\u00e9gants \u00e0 prix abordables et la cuisine g\u00e9n\u00e9reuse servie dans les petits restaurants, chaque instant devient un plaisir sans contrainte.<\/span><\/p>\n<blockquote class=\"instagram-media\" style=\"background: #FFF; border: 0; border-radius: 3px; margin: 1px; max-width: 540px; min-width: 326px; padding: 0; width: calc(100% - 2px);\" data-instgrm-captioned=\"\" data-instgrm-permalink=\"https:\/\/www.instagram.com\/reel\/DMFXQXgNSIG\/?utm_source=ig_embed&amp;utm_campaign=loading\" data-instgrm-version=\"14\">\n<div style=\"padding: 16px;\">\n<p>&nbsp;<\/p>\n<div style=\"flex-direction: row; align-items: center;\">\n<div style=\"background-color: #f4f4f4; border-radius: 50%; flex-grow: 0; height: 40px; margin-right: 14px; width: 40px;\"><\/div>\n<div style=\"flex-direction: column; flex-grow: 1; justify-content: center;\">\n<div style=\"background-color: #f4f4f4; border-radius: 4px; flex-grow: 0; height: 14px; margin-bottom: 6px; width: 100px;\"><\/div>\n<div style=\"background-color: #f4f4f4; border-radius: 4px; flex-grow: 0; height: 14px; width: 60px;\"><\/div>\n<\/div>\n<\/div>\n<div style=\"padding: 19% 0;\"><\/div>\n<div style=\"height: 50px; margin: 0 auto 12px; width: 50px;\"><\/div>\n<div style=\"padding-top: 8px;\">\n<div style=\"color: #3897f0; font-family: Arial,sans-serif; font-size: 14px; font-style: normal; font-weight: 550; line-height: 18px;\">Voir cette publication sur Instagram<\/div>\n<\/div>\n<div style=\"padding: 12.5% 0;\"><\/div>\n<div style=\"flex-direction: row; margin-bottom: 14px; align-items: center;\">\n<div>\n<div style=\"background-color: #f4f4f4; border-radius: 50%; height: 12.5px; width: 12.5px;\"><\/div>\n<div style=\"background-color: #f4f4f4; height: 12.5px; width: 12.5px; flex-grow: 0; margin-right: 14px; margin-left: 2px;\"><\/div>\n<div style=\"background-color: #f4f4f4; border-radius: 50%; height: 12.5px; width: 12.5px;\"><\/div>\n<\/div>\n<div style=\"margin-left: 8px;\">\n<div style=\"background-color: #f4f4f4; border-radius: 50%; flex-grow: 0; height: 20px; width: 20px;\"><\/div>\n<div style=\"width: 0; height: 0; border-top: 2px solid transparent; border-left: 6px solid #f4f4f4; border-bottom: 2px solid transparent;\"><\/div>\n<\/div>\n<div style=\"margin-left: auto;\">\n<div style=\"width: 0px; border-top: 8px solid #F4F4F4; border-right: 8px solid transparent;\"><\/div>\n<div style=\"background-color: #f4f4f4; flex-grow: 0; height: 12px; width: 16px;\"><\/div>\n<div style=\"width: 0; height: 0; border-top: 8px solid #F4F4F4; border-left: 8px solid transparent;\"><\/div>\n<\/div>\n<\/div>\n<div style=\"flex-direction: column; flex-grow: 1; justify-content: center; margin-bottom: 24px;\">\n<div style=\"background-color: #f4f4f4; border-radius: 4px; flex-grow: 0; height: 14px; margin-bottom: 6px; width: 224px;\"><\/div>\n<div style=\"background-color: #f4f4f4; border-radius: 4px; flex-grow: 0; height: 14px; width: 144px;\"><\/div>\n<\/div>\n<p>&nbsp;<\/p>\n<p style=\"color: #c9c8cd; font-family: Arial,sans-serif; font-size: 14px; line-height: 17px; margin-bottom: 0; margin-top: 8px; overflow: hidden; padding: 8px 0 7px; text-align: center;\"><a style=\"color: #c9c8cd; font-family: Arial,sans-serif; font-size: 14px; font-style: normal; font-weight: normal; line-height: 17px; text-decoration: none;\" href=\"https:\/\/www.instagram.com\/reel\/DMFXQXgNSIG\/?utm_source=ig_embed&amp;utm_campaign=loading\" target=\"_blank\" rel=\"noopener\">Une publication partag\u00e9e par A N I M A (@animagardenofficial)<\/a><\/p>\n<\/div>\n<\/blockquote>\n<h2><b>Un labyrinthe de p\u00e9tales et de statues mystiques<\/b><\/h2>\n<p><span style=\"font-weight: 400;\">D\u00e8s l\u2019entr\u00e9e, le Jardin Anima d\u00e9voile son univers singulier. On y d\u00e9ambule comme dans un r\u00eave \u00e9veill\u00e9, entre les bougainvill\u00e9es \u00e9clatants, les palmiers immenses et les cactus aux formes improbables. Puis, au d\u00e9tour d\u2019un sentier ombrag\u00e9, surgit une<strong> sculpture monumentale<\/strong>, suivie d\u2019un totem color\u00e9 ou d\u2019un visage sculpt\u00e9 semblant veiller sur les visiteurs. Chaque recoin r\u00e9serve une surprise, chaque d\u00e9tour raconte une histoire o\u00f9 l\u2019art et la nature dansent ensemble.<\/span><\/p>\n<p><span style=\"font-weight: 400;\">Ici, le temps ralentit. Le parfum enivrant du jasmin se m\u00eale au chant des oiseaux, et les jeux de lumi\u00e8re des miroirs install\u00e9s dans le jardin cr\u00e9ent des reflets presque magiques. Tout est pens\u00e9 pour \u00e9veiller les sens : marcher dans ce jardin, c\u2019est passer de l\u2019\u00e9merveillement \u00e0 la contemplation, avec cette impression d\u00e9licieuse de se perdre dans une \u0153uvre vivante. Pour parfaire l\u2019exp\u00e9rience, <strong>le caf\u00e9 Paul Bowles<\/strong>, nich\u00e9 au c\u0153ur du site, offre une vue spectaculaire sur les montagnes de l\u2019Atlas. Th\u00e9 \u00e0 la menthe, p\u00e2tisseries marocaines et horizon infini : le d\u00e9cor parfait pour prolonger la parenth\u00e8se enchant\u00e9e.<\/span><\/p>\n<blockquote class=\"instagram-media\" style=\"background: #FFF; border: 0; border-radius: 3px; margin: 1px; max-width: 540px; min-width: 326px; padding: 0; width: calc(100% - 2px);\" data-instgrm-captioned=\"\" data-instgrm-permalink=\"https:\/\/www.instagram.com\/reel\/DMPpxTTN5lH\/?utm_source=ig_embed&amp;utm_campaign=loading\" data-instgrm-version=\"14\">\n<div style=\"padding: 16px;\">\n<p>&nbsp;<\/p>\n<div style=\"flex-direction: row; align-items: center;\">\n<div style=\"background-color: #f4f4f4; border-radius: 50%; flex-grow: 0; height: 40px; margin-right: 14px; width: 40px;\"><\/div>\n<div style=\"flex-direction: column; flex-grow: 1; justify-content: center;\">\n<div style=\"background-color: #f4f4f4; border-radius: 4px; flex-grow: 0; height: 14px; margin-bottom: 6px; width: 100px;\"><\/div>\n<div style=\"background-color: #f4f4f4; border-radius: 4px; flex-grow: 0; height: 14px; width: 60px;\"><\/div>\n<\/div>\n<\/div>\n<div style=\"padding: 19% 0;\"><\/div>\n<div style=\"height: 50px; margin: 0 auto 12px; width: 50px;\"><\/div>\n<div style=\"padding-top: 8px;\">\n<div style=\"color: #3897f0; font-family: Arial,sans-serif; font-size: 14px; font-style: normal; font-weight: 550; line-height: 18px;\">Voir cette publication sur Instagram<\/div>\n<\/div>\n<div style=\"padding: 12.5% 0;\"><\/div>\n<div style=\"flex-direction: row; margin-bottom: 14px; align-items: center;\">\n<div>\n<div style=\"background-color: #f4f4f4; border-radius: 50%; height: 12.5px; width: 12.5px;\"><\/div>\n<div style=\"background-color: #f4f4f4; height: 12.5px; width: 12.5px; flex-grow: 0; margin-right: 14px; margin-left: 2px;\"><\/div>\n<div style=\"background-color: #f4f4f4; border-radius: 50%; height: 12.5px; width: 12.5px;\"><\/div>\n<\/div>\n<div style=\"margin-left: 8px;\">\n<div style=\"background-color: #f4f4f4; border-radius: 50%; flex-grow: 0; height: 20px; width: 20px;\"><\/div>\n<div style=\"width: 0; height: 0; border-top: 2px solid transparent; border-left: 6px solid #f4f4f4; border-bottom: 2px solid transparent;\"><\/div>\n<\/div>\n<div style=\"margin-left: auto;\">\n<div style=\"width: 0px; border-top: 8px solid #F4F4F4; border-right: 8px solid transparent;\"><\/div>\n<div style=\"background-color: #f4f4f4; flex-grow: 0; height: 12px; width: 16px;\"><\/div>\n<div style=\"width: 0; height: 0; border-top: 8px solid #F4F4F4; border-left: 8px solid transparent;\"><\/div>\n<\/div>\n<\/div>\n<div style=\"flex-direction: column; flex-grow: 1; justify-content: center; margin-bottom: 24px;\">\n<div style=\"background-color: #f4f4f4; border-radius: 4px; flex-grow: 0; height: 14px; margin-bottom: 6px; width: 224px;\"><\/div>\n<div style=\"background-color: #f4f4f4; border-radius: 4px; flex-grow: 0; height: 14px; width: 144px;\"><\/div>\n<\/div>\n<p>&nbsp;<\/p>\n<p style=\"color: #c9c8cd; font-family: Arial,sans-serif; font-size: 14px; line-height: 17px; margin-bottom: 0; margin-top: 8px; overflow: hidden; padding: 8px 0 7px; text-align: center;\"><a style=\"color: #c9c8cd; font-family: Arial,sans-serif; font-size: 14px; font-style: normal; font-weight: normal; line-height: 17px; text-decoration: none;\" href=\"https:\/\/www.instagram.com\/reel\/DMPpxTTN5lH\/?utm_source=ig_embed&amp;utm_campaign=loading\" target=\"_blank\" rel=\"noopener\">Une publication partag\u00e9e par A N I M A (@animagardenofficial)<\/a><\/p>\n<\/div>\n<\/blockquote>\n<h2><b>Comment s\u2019y perdre\u2026 sans jamais vouloir en sortir<\/b><\/h2>\n<p><span style=\"font-weight: 400;\">Pour rejoindre ce havre d\u2019art et de verdure depuis la France, <strong>Marrakech<\/strong> reste l\u2019\u00e9tape incontournable. Des vols directs depuis Paris, Lyon, Strasbourg ou Marseille vous y d\u00e9posent en moins de trois heures pour un prix souvent inf\u00e9rieur \u00e0 200\u202f\u20ac. Une fois sur place, il suffit de suivre la<strong> Route de l\u2019Ourika<\/strong> en voiture, en taxi ou gr\u00e2ce \u00e0 la navette gratuite mise en place par le Jardin Anima pour rejoindre ce petit paradis en une trentaine de minutes.<\/span><\/p>\n<p><span style=\"font-weight: 400;\">Le voyage ne s\u2019arr\u00eate pas l\u00e0. Autour de Marrakech, on peut prolonger l\u2019\u00e9merveillement en partant \u00e0 la d\u00e9couverte des villages berb\u00e8res, des march\u00e9s authentiques ou encore des vall\u00e9es fertiles du Haut Atlas. Le tout \u00e0 des tarifs largement accessibles, qui rendent ce s\u00e9jour aussi magique que raisonnable.<\/span><\/p>\n<blockquote class=\"instagram-media\" style=\"background: #FFF; border: 0; border-radius: 3px; margin: 1px; max-width: 540px; min-width: 326px; padding: 0; width: calc(100% - 2px);\" data-instgrm-captioned=\"\" data-instgrm-permalink=\"https:\/\/www.instagram.com\/p\/DLDD6tnNich\/?utm_source=ig_embed&amp;utm_campaign=loading\" data-instgrm-version=\"14\">\n<div style=\"padding: 16px;\">\n<p>&nbsp;<\/p>\n<div style=\"flex-direction: row; align-items: center;\">\n<div style=\"background-color: #f4f4f4; border-radius: 50%; flex-grow: 0; height: 40px; margin-right: 14px; width: 40px;\"><\/div>\n<div style=\"flex-direction: column; flex-grow: 1; justify-content: center;\">\n<div style=\"background-color: #f4f4f4; border-radius: 4px; flex-grow: 0; height: 14px; margin-bottom: 6px; width: 100px;\"><\/div>\n<div style=\"background-color: #f4f4f4; border-radius: 4px; flex-grow: 0; height: 14px; width: 60px;\"><\/div>\n<\/div>\n<\/div>\n<div style=\"padding: 19% 0;\"><\/div>\n<div style=\"height: 50px; margin: 0 auto 12px; width: 50px;\"><\/div>\n<div style=\"padding-top: 8px;\">\n<div style=\"color: #3897f0; font-family: Arial,sans-serif; font-size: 14px; font-style: normal; font-weight: 550; line-height: 18px;\">Voir cette publication sur Instagram<\/div>\n<\/div>\n<div style=\"padding: 12.5% 0;\"><\/div>\n<div style=\"flex-direction: row; margin-bottom: 14px; align-items: center;\">\n<div>\n<div style=\"background-color: #f4f4f4; border-radius: 50%; height: 12.5px; width: 12.5px;\"><\/div>\n<div style=\"background-color: #f4f4f4; height: 12.5px; width: 12.5px; flex-grow: 0; margin-right: 14px; margin-left: 2px;\"><\/div>\n<div style=\"background-color: #f4f4f4; border-radius: 50%; height: 12.5px; width: 12.5px;\"><\/div>\n<\/div>\n<div style=\"margin-left: 8px;\">\n<div style=\"background-color: #f4f4f4; border-radius: 50%; flex-grow: 0; height: 20px; width: 20px;\"><\/div>\n<div style=\"width: 0; height: 0; border-top: 2px solid transparent; border-left: 6px solid #f4f4f4; border-bottom: 2px solid transparent;\"><\/div>\n<\/div>\n<div style=\"margin-left: auto;\">\n<div style=\"width: 0px; border-top: 8px solid #F4F4F4; border-right: 8px solid transparent;\"><\/div>\n<div style=\"background-color: #f4f4f4; flex-grow: 0; height: 12px; width: 16px;\"><\/div>\n<div style=\"width: 0; height: 0; border-top: 8px solid #F4F4F4; border-left: 8px solid transparent;\"><\/div>\n<\/div>\n<\/div>\n<div style=\"flex-direction: column; flex-grow: 1; justify-content: center; margin-bottom: 24px;\">\n<div style=\"background-color: #f4f4f4; border-radius: 4px; flex-grow: 0; height: 14px; margin-bottom: 6px; width: 224px;\"><\/div>\n<div style=\"background-color: #f4f4f4; border-radius: 4px; flex-grow: 0; height: 14px; width: 144px;\"><\/div>\n<\/div>\n<p>&nbsp;<\/p>\n<p style=\"color: #c9c8cd; font-family: Arial,sans-serif; font-size: 14px; line-height: 17px; margin-bottom: 0; margin-top: 8px; overflow: hidden; padding: 8px 0 7px; text-align: center;\"><a style=\"color: #c9c8cd; font-family: Arial,sans-serif; font-size: 14px; font-style: normal; font-weight: normal; line-height: 17px; text-decoration: none;\" href=\"https:\/\/www.instagram.com\/p\/DLDD6tnNich\/?utm_source=ig_embed&amp;utm_campaign=loading\" target=\"_blank\" rel=\"noopener\">Une publication partag\u00e9e par A N I M A (@animagardenofficial)<\/a><\/p>\n<\/div>\n<\/blockquote>\n<h2><b>Un \u00e9den qui marque \u00e0 jamais<\/b><\/h2>\n<p><span style=\"font-weight: 400;\">Plus qu\u2019une simple visite, le Jardin Anima est une immersion. On ne se contente pas de le parcourir : on s\u2019y perd volontairement, happ\u00e9 par cette symphonie de fleurs, de sculptures et de silence. C\u2019est un lieu qui reste en m\u00e9moire bien apr\u00e8s le retour, comme un souvenir lumineux qu\u2019on garde pr\u00e9cieusement, entre r\u00eave et r\u00e9alit\u00e9.<\/span><\/p>\n<blockquote class=\"instagram-media\" style=\"background: #FFF; border: 0; border-radius: 3px; margin: 1px; max-width: 540px; min-width: 326px; padding: 0; width: calc(100% - 2px);\" data-instgrm-captioned=\"\" data-instgrm-permalink=\"https:\/\/www.instagram.com\/reel\/DJ_UUQNtpC8\/?utm_source=ig_embed&amp;utm_campaign=loading\" data-instgrm-version=\"14\">\n<div style=\"padding: 16px;\">\n<p>&nbsp;<\/p>\n<div style=\"flex-direction: row; align-items: center;\">\n<div style=\"background-color: #f4f4f4; border-radius: 50%; flex-grow: 0; height: 40px; margin-right: 14px; width: 40px;\"><\/div>\n<div style=\"flex-direction: column; flex-grow: 1; justify-content: center;\">\n<div style=\"background-color: #f4f4f4; border-radius: 4px; flex-grow: 0; height: 14px; margin-bottom: 6px; width: 100px;\"><\/div>\n<div style=\"background-color: #f4f4f4; border-radius: 4px; flex-grow: 0; height: 14px; width: 60px;\"><\/div>\n<\/div>\n<\/div>\n<div style=\"padding: 19% 0;\"><\/div>\n<div style=\"height: 50px; margin: 0 auto 12px; width: 50px;\"><\/div>\n<div style=\"padding-top: 8px;\">\n<div style=\"color: #3897f0; font-family: Arial,sans-serif; font-size: 14px; font-style: normal; font-weight: 550; line-height: 18px;\">Voir cette publication sur Instagram<\/div>\n<\/div>\n<div style=\"padding: 12.5% 0;\"><\/div>\n<div style=\"flex-direction: row; margin-bottom: 14px; align-items: center;\">\n<div>\n<div style=\"background-color: #f4f4f4; border-radius: 50%; height: 12.5px; width: 12.5px;\"><\/div>\n<div style=\"background-color: #f4f4f4; height: 12.5px; width: 12.5px; flex-grow: 0; margin-right: 14px; margin-left: 2px;\"><\/div>\n<div style=\"background-color: #f4f4f4; border-radius: 50%; height: 12.5px; width: 12.5px;\"><\/div>\n<\/div>\n<div style=\"margin-left: 8px;\">\n<div style=\"background-color: #f4f4f4; border-radius: 50%; flex-grow: 0; height: 20px; width: 20px;\"><\/div>\n<div style=\"width: 0; height: 0; border-top: 2px solid transparent; border-left: 6px solid #f4f4f4; border-bottom: 2px solid transparent;\"><\/div>\n<\/div>\n<div style=\"margin-left: auto;\">\n<div style=\"width: 0px; border-top: 8px solid #F4F4F4; border-right: 8px solid transparent;\"><\/div>\n<div style=\"background-color: #f4f4f4; flex-grow: 0; height: 12px; width: 16px;\"><\/div>\n<div style=\"width: 0; height: 0; border-top: 8px solid #F4F4F4; border-left: 8px solid transparent;\"><\/div>\n<\/div>\n<\/div>\n<div style=\"flex-direction: column; flex-grow: 1; justify-content: center; margin-bottom: 24px;\">\n<div style=\"background-color: #f4f4f4; border-radius: 4px; flex-grow: 0; height: 14px; margin-bottom: 6px; width: 224px;\"><\/div>\n<div style=\"background-color: #f4f4f4; border-radius: 4px; flex-grow: 0; height: 14px; width: 144px;\"><\/div>\n<\/div>\n<p>&nbsp;<\/p>\n<p style=\"color: #c9c8cd; font-family: Arial,sans-serif; font-size: 14px; line-height: 17px; margin-bottom: 0; margin-top: 8px; overflow: hidden; padding: 8px 0 7px; text-align: center;\"><a style=\"color: #c9c8cd; font-family: Arial,sans-serif; font-size: 14px; font-style: normal; font-weight: normal; line-height: 17px; text-decoration: none;\" href=\"https:\/\/www.instagram.com\/reel\/DJ_UUQNtpC8\/?utm_source=ig_embed&amp;utm_campaign=loading\" target=\"_blank\" rel=\"noopener\">Une publication partag\u00e9e par A N I M A (@animagardenofficial)<\/a><\/p>\n<\/div>\n<\/blockquote>\n<p><span style=\"font-weight: 400;\">Dans cet \u00e9den cach\u00e9, le<a href=\"https:\/\/discover.ulysse.com\/le-maroc-un-leadership-touristique-qui-ne-cesse-de-croitre-mais-pour-combien-de-temps\"> Maroc<\/a> r\u00e9v\u00e8le une facette inattendue de sa beaut\u00e9, faite de po\u00e9sie et de cr\u00e9ativit\u00e9 pure. Un secret qu\u2019il faut accepter de d\u00e9couvrir\u2026 avant d\u2019en tomber irr\u00e9m\u00e9diablement amoureux.<\/span><\/p>\n","protected":false},"excerpt":{"rendered":"<p>Aux portes de Marrakech au Maroc, loin de l\u2019agitation de la m\u00e9dina et de ses \u00e9choppes vibrantes, un lieu inattendu [&hellip;]<\/p>\n","protected":false},"author":3,"featured_media":33246,"comment_status":"open","ping_status":"closed","sticky":false,"template":"","format":"standard","meta":{"_acf_changed":false,"_sitemap_exclude":false,"_sitemap_priority":"","_sitemap_frequency":"","footnotes":"","rank_math_title":"","rank_math_description":"Un jardin d\u2019art et de nature au Maroc o\u00f9 chaque d\u00e9tour vous r\u00e9serve une nouvelle surprise\u2026 oserez-vous franchir le portail\u202f?","rank_math_canonical_url":"","rank_math_focus_keyword":"Marrakech"},"categories":[3],"tags":[],"class_list":["post-33242","post","type-post","status-publish","format-standard","has-post-thumbnail","hentry","category-voyage"],"acf":[],"_links":{"self":[{"href":"https:\/\/ulysse.com\/news\/wp-json\/wp\/v2\/posts\/33242","targetHints":{"allow":["GET"]}}],"collection":[{"href":"https:\/\/ulysse.com\/news\/wp-json\/wp\/v2\/posts"}],"about":[{"href":"https:\/\/ulysse.com\/news\/wp-json\/wp\/v2\/types\/post"}],"author":[{"embeddable":true,"href":"https:\/\/ulysse.com\/news\/wp-json\/wp\/v2\/users\/3"}],"replies":[{"embeddable":true,"href":"https:\/\/ulysse.com\/news\/wp-json\/wp\/v2\/comments?post=33242"}],"version-history":[{"count":3,"href":"https:\/\/ulysse.com\/news\/wp-json\/wp\/v2\/posts\/33242\/revisions"}],"predecessor-version":[{"id":33318,"href":"https:\/\/ulysse.com\/news\/wp-json\/wp\/v2\/posts\/33242\/revisions\/33318"}],"wp:featuredmedia":[{"embeddable":true,"href":"https:\/\/ulysse.com\/news\/wp-json\/wp\/v2\/media\/33246"}],"wp:attachment":[{"href":"https:\/\/ulysse.com\/news\/wp-json\/wp\/v2\/media?parent=33242"}],"wp:term":[{"taxonomy":"category","embeddable":true,"href":"https:\/\/ulysse.com\/news\/wp-json\/wp\/v2\/categories?post=33242"},{"taxonomy":"post_tag","embeddable":true,"href":"https:\/\/ulysse.com\/news\/wp-json\/wp\/v2\/tags?post=33242"}],"curies":[{"name":"wp","href":"https:\/\/api.w.org\/{rel}","templated":true}]}}