{"id":33248,"date":"2025-08-07T08:00:18","date_gmt":"2025-08-07T07:00:18","guid":{"rendered":"https:\/\/discover.ulysse.com\/?p=33248"},"modified":"2025-08-06T15:41:28","modified_gmt":"2025-08-06T14:41:28","slug":"secret-italien-toscanes-voyage-village-medieval","status":"publish","type":"post","link":"https:\/\/ulysse.com\/news\/secret-italien-toscanes-voyage-village-medieval","title":{"rendered":"Un secret italien taill\u00e9 dans le gr\u00e8s : au sommet des collines toscanes, un voyage au c\u0153ur d\u2019un village m\u00e9di\u00e9val hors du temps"},"content":{"rendered":"<p><span style=\"font-weight: 400;\">Perch\u00e9e sur ses hauteurs,<strong> Volterra<\/strong> semble flotter au-dessus des <strong>vall\u00e9es toscanes<\/strong> comme un d\u00e9cor \u00e9chapp\u00e9 d\u2019un r\u00eave. Ici, le temps n\u2019a plus la m\u00eame cadence\u202f: il s\u2019\u00e9tire entre les remparts \u00e9trusques, s\u2019attarde sur les fa\u00e7ades de pierre dor\u00e9e et se glisse dans les ruelles pav\u00e9es o\u00f9 r\u00e9sonnent encore les histoires d\u2019antan. Cette cit\u00e9, discr\u00e8te mais fascinante, d\u00e9ploie son charme sans artifice. Entre ses palais aust\u00e8res, ses panoramas \u00e0 couper le souffle et ses secrets bien gard\u00e9s, Volterra ne se visite pas seulement\u202f: elle se savoure, lentement, comme un verre de vin toscan partag\u00e9 au coucher du soleil.<\/span><\/p>\n<h2><b>Volterra, une carte postale m\u00e9di\u00e9vale perch\u00e9e sur les collines<\/b><\/h2>\n<p><span style=\"font-weight: 400;\">D\u00e8s qu\u2019on franchit ses remparts, <strong>Volterra<\/strong> offre une plong\u00e9e directe dans le <strong>Moyen \u00c2ge<\/strong>. <strong>La Porta all\u2019Arco,<\/strong> vestige \u00e9trusque vieux de plus de 2\u202f000 ans, sert de porte d\u2019entr\u00e9e \u00e0 ce d\u00e9cor unique. Derri\u00e8re, la <strong>Piazza dei Priori<\/strong> s\u2019impose comme le c\u0153ur battant de la ville. Encadr\u00e9e par des palais gothiques et domin\u00e9e par le Palazzo dei Priori, le plus ancien palais communal de<a href=\"https:\/\/discover.ulysse.com\/air-de-toscane-village-ardechois-escapade-ete\"> Toscane<\/a>, elle incarne toute l\u2019\u00e9l\u00e9gance brute de la cit\u00e9. Les terrasses s\u2019y animent, les conversations s\u2019y m\u00ealent aux chants des cloches, et il suffit de lever les yeux pour se laisser happer par la beaut\u00e9 des fa\u00e7ades en pierre.<\/span><\/p>\n<p><span style=\"font-weight: 400;\">Un peu plus loin, la cath\u00e9drale <strong>Santa Maria Assunta e<\/strong>t son baptist\u00e8re octogonal invitent \u00e0 la contemplation, tandis que les ruelles \u00e9troites m\u00e8nent vers des panoramas spectaculaires sur les collines environnantes. Ces paysages vallonn\u00e9s, ponctu\u00e9s de cypr\u00e8s et de champs d\u2019oliviers, enveloppent Volterra dans un \u00e9crin de nature qui change de couleur au fil des heures. C\u00f4t\u00e9 budget, la ville reste \u00e9tonnamment douce\u202f: entre un caf\u00e9 pour deux euros et un plat de pappardelle al cinghiale autour de quinze euros, se r\u00e9galer sans se ruiner devient presque une \u00e9vidence.<\/span><\/p>\n<blockquote class=\"instagram-media\" style=\"background: #FFF; border: 0; border-radius: 3px; margin: 1px; max-width: 540px; min-width: 326px; padding: 0; width: calc(100% - 2px);\" data-instgrm-captioned=\"\" data-instgrm-permalink=\"https:\/\/www.instagram.com\/p\/DL7yVFAI8UX\/?utm_source=ig_embed&amp;utm_campaign=loading\" data-instgrm-version=\"14\">\n<div style=\"padding: 16px;\">\n<p>&nbsp;<\/p>\n<div style=\"flex-direction: row; align-items: center;\">\n<div style=\"background-color: #f4f4f4; border-radius: 50%; flex-grow: 0; height: 40px; margin-right: 14px; width: 40px;\"><\/div>\n<div style=\"flex-direction: column; flex-grow: 1; justify-content: center;\">\n<div style=\"background-color: #f4f4f4; border-radius: 4px; flex-grow: 0; height: 14px; margin-bottom: 6px; width: 100px;\"><\/div>\n<div style=\"background-color: #f4f4f4; border-radius: 4px; flex-grow: 0; height: 14px; width: 60px;\"><\/div>\n<\/div>\n<\/div>\n<div style=\"padding: 19% 0;\"><\/div>\n<div style=\"height: 50px; margin: 0 auto 12px; width: 50px;\"><\/div>\n<div style=\"padding-top: 8px;\">\n<div style=\"color: #3897f0; font-family: Arial,sans-serif; font-size: 14px; font-style: normal; font-weight: 550; line-height: 18px;\">Voir cette publication sur Instagram<\/div>\n<\/div>\n<div style=\"padding: 12.5% 0;\"><\/div>\n<div style=\"flex-direction: row; margin-bottom: 14px; align-items: center;\">\n<div>\n<div style=\"background-color: #f4f4f4; border-radius: 50%; height: 12.5px; width: 12.5px;\"><\/div>\n<div style=\"background-color: #f4f4f4; height: 12.5px; width: 12.5px; flex-grow: 0; margin-right: 14px; margin-left: 2px;\"><\/div>\n<div style=\"background-color: #f4f4f4; border-radius: 50%; height: 12.5px; width: 12.5px;\"><\/div>\n<\/div>\n<div style=\"margin-left: 8px;\">\n<div style=\"background-color: #f4f4f4; border-radius: 50%; flex-grow: 0; height: 20px; width: 20px;\"><\/div>\n<div style=\"width: 0; height: 0; border-top: 2px solid transparent; border-left: 6px solid #f4f4f4; border-bottom: 2px solid transparent;\"><\/div>\n<\/div>\n<div style=\"margin-left: auto;\">\n<div style=\"width: 0px; border-top: 8px solid #F4F4F4; border-right: 8px solid transparent;\"><\/div>\n<div style=\"background-color: #f4f4f4; flex-grow: 0; height: 12px; width: 16px;\"><\/div>\n<div style=\"width: 0; height: 0; border-top: 8px solid #F4F4F4; border-left: 8px solid transparent;\"><\/div>\n<\/div>\n<\/div>\n<div style=\"flex-direction: column; flex-grow: 1; justify-content: center; margin-bottom: 24px;\">\n<div style=\"background-color: #f4f4f4; border-radius: 4px; flex-grow: 0; height: 14px; margin-bottom: 6px; width: 224px;\"><\/div>\n<div style=\"background-color: #f4f4f4; border-radius: 4px; flex-grow: 0; height: 14px; width: 144px;\"><\/div>\n<\/div>\n<p>&nbsp;<\/p>\n<p style=\"color: #c9c8cd; font-family: Arial,sans-serif; font-size: 14px; line-height: 17px; margin-bottom: 0; margin-top: 8px; overflow: hidden; padding: 8px 0 7px; text-align: center;\"><a style=\"color: #c9c8cd; font-family: Arial,sans-serif; font-size: 14px; font-style: normal; font-weight: normal; line-height: 17px; text-decoration: none;\" href=\"https:\/\/www.instagram.com\/p\/DL7yVFAI8UX\/?utm_source=ig_embed&amp;utm_campaign=loading\" target=\"_blank\" rel=\"noopener\">Une publication partag\u00e9e par Fabio Longaron (@fabio_longaron)<\/a><\/p>\n<\/div>\n<\/blockquote>\n<h2><b>L\u2019empreinte \u00e9ternelle des \u00c9trusques et des Romains<\/b><\/h2>\n<p><span style=\"font-weight: 400;\">Sous ses airs m\u00e9di\u00e9vaux, Volterra garde une \u00e2me bien plus ancienne. Ses racines \u00e9trusques sont partout\u202f: dans les imposants murs d\u2019enceinte qui serpentent encore sur plusieurs kilom\u00e8tres, dans les myst\u00e9rieuses n\u00e9cropoles aux portes de la ville et surtout au<strong> Mus\u00e9e Guarnacci.<\/strong> Ce lieu fascinant abrite plus de 600 urnes fun\u00e9raires en alb\u00e2tre, t\u00e9moins silencieux d\u2019une civilisation disparue, ainsi que la c\u00e9l\u00e8bre statuette de<strong> l\u2019\u201cOmbra della Sera\u201d<\/strong>, cette silhouette \u00e9lanc\u00e9e qui semble presque d\u00e9fier le temps.<\/span><\/p>\n<p><span style=\"font-weight: 400;\">Mais Volterra, c\u2019est aussi la grandeur romaine. Le<strong> parc arch\u00e9ologique de Vallebuona<\/strong> d\u00e9voile un th\u00e9\u00e2tre du Ier si\u00e8cle avant notre \u00e8re, dont les gradins parfaitement conserv\u00e9s offrent aujourd\u2019hui encore une vue saisissante sur la ville. \u00c0 quelques pas, les anciens thermes rappellent le raffinement de l\u2019\u00e9poque imp\u00e9riale. Cette superposition d\u2019\u00e9poques, o\u00f9 l\u2019Antiquit\u00e9 se m\u00eale au Moyen \u00c2ge, donne \u00e0 Volterra un caract\u00e8re singulier\u202f: ici, chaque pierre raconte un chapitre diff\u00e9rent, et il suffit de se promener pour voyager dans plusieurs si\u00e8cles d\u2019histoire.<\/span><\/p>\n<blockquote class=\"instagram-media\" style=\"background: #FFF; border: 0; border-radius: 3px; margin: 1px; max-width: 540px; min-width: 326px; padding: 0; width: calc(100% - 2px);\" data-instgrm-captioned=\"\" data-instgrm-permalink=\"https:\/\/www.instagram.com\/p\/DMk7ZYJNYwp\/?utm_source=ig_embed&amp;utm_campaign=loading\" data-instgrm-version=\"14\">\n<div style=\"padding: 16px;\">\n<p>&nbsp;<\/p>\n<div style=\"flex-direction: row; align-items: center;\">\n<div style=\"background-color: #f4f4f4; border-radius: 50%; flex-grow: 0; height: 40px; margin-right: 14px; width: 40px;\"><\/div>\n<div style=\"flex-direction: column; flex-grow: 1; justify-content: center;\">\n<div style=\"background-color: #f4f4f4; border-radius: 4px; flex-grow: 0; height: 14px; margin-bottom: 6px; width: 100px;\"><\/div>\n<div style=\"background-color: #f4f4f4; border-radius: 4px; flex-grow: 0; height: 14px; width: 60px;\"><\/div>\n<\/div>\n<\/div>\n<div style=\"padding: 19% 0;\"><\/div>\n<div style=\"height: 50px; margin: 0 auto 12px; width: 50px;\"><\/div>\n<div style=\"padding-top: 8px;\">\n<div style=\"color: #3897f0; font-family: Arial,sans-serif; font-size: 14px; font-style: normal; font-weight: 550; line-height: 18px;\">Voir cette publication sur Instagram<\/div>\n<\/div>\n<div style=\"padding: 12.5% 0;\"><\/div>\n<div style=\"flex-direction: row; margin-bottom: 14px; align-items: center;\">\n<div>\n<div style=\"background-color: #f4f4f4; border-radius: 50%; height: 12.5px; width: 12.5px;\"><\/div>\n<div style=\"background-color: #f4f4f4; height: 12.5px; width: 12.5px; flex-grow: 0; margin-right: 14px; margin-left: 2px;\"><\/div>\n<div style=\"background-color: #f4f4f4; border-radius: 50%; height: 12.5px; width: 12.5px;\"><\/div>\n<\/div>\n<div style=\"margin-left: 8px;\">\n<div style=\"background-color: #f4f4f4; border-radius: 50%; flex-grow: 0; height: 20px; width: 20px;\"><\/div>\n<div style=\"width: 0; height: 0; border-top: 2px solid transparent; border-left: 6px solid #f4f4f4; border-bottom: 2px solid transparent;\"><\/div>\n<\/div>\n<div style=\"margin-left: auto;\">\n<div style=\"width: 0px; border-top: 8px solid #F4F4F4; border-right: 8px solid transparent;\"><\/div>\n<div style=\"background-color: #f4f4f4; flex-grow: 0; height: 12px; width: 16px;\"><\/div>\n<div style=\"width: 0; height: 0; border-top: 8px solid #F4F4F4; border-left: 8px solid transparent;\"><\/div>\n<\/div>\n<\/div>\n<div style=\"flex-direction: column; flex-grow: 1; justify-content: center; margin-bottom: 24px;\">\n<div style=\"background-color: #f4f4f4; border-radius: 4px; flex-grow: 0; height: 14px; margin-bottom: 6px; width: 224px;\"><\/div>\n<div style=\"background-color: #f4f4f4; border-radius: 4px; flex-grow: 0; height: 14px; width: 144px;\"><\/div>\n<\/div>\n<p>&nbsp;<\/p>\n<p style=\"color: #c9c8cd; font-family: Arial,sans-serif; font-size: 14px; line-height: 17px; margin-bottom: 0; margin-top: 8px; overflow: hidden; padding: 8px 0 7px; text-align: center;\"><a style=\"color: #c9c8cd; font-family: Arial,sans-serif; font-size: 14px; font-style: normal; font-weight: normal; line-height: 17px; text-decoration: none;\" href=\"https:\/\/www.instagram.com\/p\/DMk7ZYJNYwp\/?utm_source=ig_embed&amp;utm_campaign=loading\" target=\"_blank\" rel=\"noopener\">Une publication partag\u00e9e par Chadamas Thuammee (@fc_samui)<\/a><\/p>\n<\/div>\n<\/blockquote>\n<h2><b>Une Toscane authentique et savoureuse<\/b><\/h2>\n<p><span style=\"font-weight: 400;\">Au-del\u00e0 de son patrimoine, Volterra s\u00e9duit par son art de vivre. Les ateliers d\u2019alb\u00e2tre, h\u00e9ritage mill\u00e9naire, ouvrent leurs portes pour d\u00e9voiler un savoir-faire rare. Dans les trattorias, on s\u2019attable autour de plats g\u00e9n\u00e9reux, accompagn\u00e9s d\u2019un verre de vin rouge cors\u00e9 qui r\u00e9chauffe le c\u0153ur. Le march\u00e9 hebdomadaire, install\u00e9 sur la<strong> Piazza dei Priori,<\/strong> d\u00e9borde de fromages cr\u00e9meux, de charcuteries parfum\u00e9es et de produits locaux qui sentent bon la campagne toscane.<\/span><\/p>\n<p><span style=\"font-weight: 400;\">Et puis, il y a ces moments suspendus\u202f: un coucher de soleil sur les collines qui embrasent le ciel, un festival m\u00e9di\u00e9val o\u00f9 chevaliers et troubadours font rena\u00eetre l\u2019histoire, ou encore une promenade nocturne dans les ruelles, quand les lampadaires diffusent une lumi\u00e8re douce sur les fa\u00e7ades de pierre. Ici, on ralentit, on respire, et on se laisse emporter par une atmosph\u00e8re hors du temps. Volterra n\u2019est pas une simple \u00e9tape\u202f: c\u2019est une escale o\u00f9 l\u2019Italie se fait intime, chaleureuse et profond\u00e9ment vivante.<\/span><\/p>\n<blockquote class=\"instagram-media\" style=\"background: #FFF; border: 0; border-radius: 3px; margin: 1px; max-width: 540px; min-width: 326px; padding: 0; width: calc(100% - 2px);\" data-instgrm-captioned=\"\" data-instgrm-permalink=\"https:\/\/www.instagram.com\/p\/DL1m9r3sUgo\/?utm_source=ig_embed&amp;utm_campaign=loading\" data-instgrm-version=\"14\">\n<div style=\"padding: 16px;\">\n<p>&nbsp;<\/p>\n<div style=\"flex-direction: row; align-items: center;\">\n<div style=\"background-color: #f4f4f4; border-radius: 50%; flex-grow: 0; height: 40px; margin-right: 14px; width: 40px;\"><\/div>\n<div style=\"flex-direction: column; flex-grow: 1; justify-content: center;\">\n<div style=\"background-color: #f4f4f4; border-radius: 4px; flex-grow: 0; height: 14px; margin-bottom: 6px; width: 100px;\"><\/div>\n<div style=\"background-color: #f4f4f4; border-radius: 4px; flex-grow: 0; height: 14px; width: 60px;\"><\/div>\n<\/div>\n<\/div>\n<div style=\"padding: 19% 0;\"><\/div>\n<div style=\"height: 50px; margin: 0 auto 12px; width: 50px;\"><\/div>\n<div style=\"padding-top: 8px;\">\n<div style=\"color: #3897f0; font-family: Arial,sans-serif; font-size: 14px; font-style: normal; font-weight: 550; line-height: 18px;\">Voir cette publication sur Instagram<\/div>\n<\/div>\n<div style=\"padding: 12.5% 0;\"><\/div>\n<div style=\"flex-direction: row; margin-bottom: 14px; align-items: center;\">\n<div>\n<div style=\"background-color: #f4f4f4; border-radius: 50%; height: 12.5px; width: 12.5px;\"><\/div>\n<div style=\"background-color: #f4f4f4; height: 12.5px; width: 12.5px; flex-grow: 0; margin-right: 14px; margin-left: 2px;\"><\/div>\n<div style=\"background-color: #f4f4f4; border-radius: 50%; height: 12.5px; width: 12.5px;\"><\/div>\n<\/div>\n<div style=\"margin-left: 8px;\">\n<div style=\"background-color: #f4f4f4; border-radius: 50%; flex-grow: 0; height: 20px; width: 20px;\"><\/div>\n<div style=\"width: 0; height: 0; border-top: 2px solid transparent; border-left: 6px solid #f4f4f4; border-bottom: 2px solid transparent;\"><\/div>\n<\/div>\n<div style=\"margin-left: auto;\">\n<div style=\"width: 0px; border-top: 8px solid #F4F4F4; border-right: 8px solid transparent;\"><\/div>\n<div style=\"background-color: #f4f4f4; flex-grow: 0; height: 12px; width: 16px;\"><\/div>\n<div style=\"width: 0; height: 0; border-top: 8px solid #F4F4F4; border-left: 8px solid transparent;\"><\/div>\n<\/div>\n<\/div>\n<div style=\"flex-direction: column; flex-grow: 1; justify-content: center; margin-bottom: 24px;\">\n<div style=\"background-color: #f4f4f4; border-radius: 4px; flex-grow: 0; height: 14px; margin-bottom: 6px; width: 224px;\"><\/div>\n<div style=\"background-color: #f4f4f4; border-radius: 4px; flex-grow: 0; height: 14px; width: 144px;\"><\/div>\n<\/div>\n<p>&nbsp;<\/p>\n<p style=\"color: #c9c8cd; font-family: Arial,sans-serif; font-size: 14px; line-height: 17px; margin-bottom: 0; margin-top: 8px; overflow: hidden; padding: 8px 0 7px; text-align: center;\"><a style=\"color: #c9c8cd; font-family: Arial,sans-serif; font-size: 14px; font-style: normal; font-weight: normal; line-height: 17px; text-decoration: none;\" href=\"https:\/\/www.instagram.com\/p\/DL1m9r3sUgo\/?utm_source=ig_embed&amp;utm_campaign=loading\" target=\"_blank\" rel=\"noopener\">Une publication partag\u00e9e par Cebrina By\u00f8-Boisen (@cebrinabyoe)<\/a><\/p>\n<\/div>\n<\/blockquote>\n<h2><b>Comment rejoindre ce joyau perch\u00e9<\/b><\/h2>\n<p><span style=\"font-weight: 400;\">Pour rejoindre Volterra depuis la France, rien de plus simple. Depuis Paris, Lyon ou Strasbourg, on file en train jusqu\u2019\u00e0<a href=\"https:\/\/discover.ulysse.com\/florence-meilleure-ville-europe-voyage\"> Florence<\/a> ou <strong>Pise<\/strong> (\u00e0 partir de 70\u202f\u20ac depuis Paris avec une correspondance \u00e0 Milan). De l\u00e0, un bus r\u00e9gional vous emm\u00e8ne directement \u00e0 Volterra en deux heures environ. Le voyage lui-m\u00eame, \u00e0 travers les collines toscanes, vaut d\u00e9j\u00e0 le d\u00e9tour. Pour plus de libert\u00e9, louer une voiture reste aussi une excellente option, surtout si l\u2019on veut explorer les villages alentours.Volterra, c\u2019est une invitation \u00e0 ralentir et \u00e0 s\u2019\u00e9merveiller. Une ville perch\u00e9e, sculpt\u00e9e par le temps, o\u00f9 l\u2019histoire se m\u00eale \u00e0 l\u2019art de vivre toscan pour offrir une exp\u00e9rience inoubliable.<\/span><\/p>\n","protected":false},"excerpt":{"rendered":"<p>Perch\u00e9e sur ses hauteurs, Volterra semble flotter au-dessus des vall\u00e9es toscanes comme un d\u00e9cor \u00e9chapp\u00e9 d\u2019un r\u00eave. Ici, le temps [&hellip;]<\/p>\n","protected":false},"author":3,"featured_media":33262,"comment_status":"open","ping_status":"closed","sticky":false,"template":"","format":"standard","meta":{"_acf_changed":false,"_sitemap_exclude":false,"_sitemap_priority":"","_sitemap_frequency":"","footnotes":"","rank_math_title":"","rank_math_description":"Au sommet des collines toscanes, Volterra vous r\u00e9v\u00e8le un secret d\u2019Italie o\u00f9 chaque pierre semble murmurer l\u2019\u00e9ternit\u00e9.\n","rank_math_canonical_url":"","rank_math_focus_keyword":"toscan,village"},"categories":[3],"tags":[],"class_list":["post-33248","post","type-post","status-publish","format-standard","has-post-thumbnail","hentry","category-voyage"],"acf":[],"_links":{"self":[{"href":"https:\/\/ulysse.com\/news\/wp-json\/wp\/v2\/posts\/33248","targetHints":{"allow":["GET"]}}],"collection":[{"href":"https:\/\/ulysse.com\/news\/wp-json\/wp\/v2\/posts"}],"about":[{"href":"https:\/\/ulysse.com\/news\/wp-json\/wp\/v2\/types\/post"}],"author":[{"embeddable":true,"href":"https:\/\/ulysse.com\/news\/wp-json\/wp\/v2\/users\/3"}],"replies":[{"embeddable":true,"href":"https:\/\/ulysse.com\/news\/wp-json\/wp\/v2\/comments?post=33248"}],"version-history":[{"count":2,"href":"https:\/\/ulysse.com\/news\/wp-json\/wp\/v2\/posts\/33248\/revisions"}],"predecessor-version":[{"id":33289,"href":"https:\/\/ulysse.com\/news\/wp-json\/wp\/v2\/posts\/33248\/revisions\/33289"}],"wp:featuredmedia":[{"embeddable":true,"href":"https:\/\/ulysse.com\/news\/wp-json\/wp\/v2\/media\/33262"}],"wp:attachment":[{"href":"https:\/\/ulysse.com\/news\/wp-json\/wp\/v2\/media?parent=33248"}],"wp:term":[{"taxonomy":"category","embeddable":true,"href":"https:\/\/ulysse.com\/news\/wp-json\/wp\/v2\/categories?post=33248"},{"taxonomy":"post_tag","embeddable":true,"href":"https:\/\/ulysse.com\/news\/wp-json\/wp\/v2\/tags?post=33248"}],"curies":[{"name":"wp","href":"https:\/\/api.w.org\/{rel}","templated":true}]}}