{"id":33256,"date":"2025-08-08T07:00:13","date_gmt":"2025-08-08T06:00:13","guid":{"rendered":"https:\/\/discover.ulysse.com\/?p=33256"},"modified":"2025-08-07T09:02:34","modified_gmt":"2025-08-07T08:02:34","slug":"il-ne-reste-plus-beaucoup-de-temps-avant-que-le-lac-dannecy-ne-disparaisse-a-jamais","status":"publish","type":"post","link":"https:\/\/ulysse.com\/news\/il-ne-reste-plus-beaucoup-de-temps-avant-que-le-lac-dannecy-ne-disparaisse-a-jamais","title":{"rendered":"Il ne reste plus beaucoup de temps avant que le lac d&#8217;Annecy ne disparaisse \u00e0 jamais"},"content":{"rendered":"<p data-start=\"82\" data-end=\"498\">Le lac d\u2019Annecy, joyau de la Haute-Savoie, est vou\u00e9 \u00e0 dispara\u00eetre. Un ph\u00e9nom\u00e8ne naturel de <strong data-start=\"173\" data-end=\"190\">s\u00e9dimentation<\/strong> inexorable transforme peu \u00e0 peu ce lieu paradisiaque en un mar\u00e9cage. Selon les experts, le lac sera compl\u00e8tement combl\u00e9 dans <strong data-start=\"316\" data-end=\"330\">14 000 ans<\/strong>, mais cette disparition pourrait intervenir bien plus t\u00f4t si aucune action n&#8217;est prise. La science met en lumi\u00e8re cette \u00e9volution tragique, que personne n&#8217;a vue venir.<\/p>\n<h2 data-start=\"500\" data-end=\"571\">La s\u00e9dimentation : une menace invisible mais imparable pour le lac<\/h2>\n<p data-start=\"573\" data-end=\"1287\">La <strong data-start=\"576\" data-end=\"593\">s\u00e9dimentation<\/strong> est le processus responsable de la lente disparition du lac d\u2019Annecy. Chaque ann\u00e9e, des milliers de tonnes de s\u00e9diments \u2013 des roches, des pierres et des d\u00e9bris organiques \u2013 se d\u00e9posent au fond du lac. Selon Fran\u00e7ois Panchaud, responsable des animations pour Asters, ce ph\u00e9nom\u00e8ne naturel mais d\u00e9vastateur pourrait mener \u00e0 la disparition totale du lac dans environ <strong data-start=\"957\" data-end=\"971\">14 000 ans<\/strong>. La profondeur moyenne du lac, actuellement de <strong data-start=\"1019\" data-end=\"1032\">42 m\u00e8tres<\/strong>, est constamment r\u00e9duite par cette accumulation. Le pire, c\u2019est que cette s\u00e9dimentation s\u2019acc\u00e9l\u00e8re avec le r\u00e9chauffement climatique et l\u2019urbanisation croissante de la r\u00e9gion. Ce n\u2019est plus un avenir lointain, mais une trag\u00e9die qui se pr\u00e9pare \u00e0 petit feu.<\/p>\n<h2 data-start=\"1289\" data-end=\"1373\">Une disparition annonc\u00e9e mais ignor\u00e9e : les autorit\u00e9s doivent r\u00e9agir maintenant<\/h2>\n<p data-start=\"1375\" data-end=\"2192\">Les autorit\u00e9s semblent sous-estimer l\u2019ampleur de cette catastrophe \u00e9cologique imminente. Il est choquant de constater que le lac d\u2019Annecy, l\u2019un des plus beaux de France, est peu \u00e0 peu condamn\u00e9 par un ph\u00e9nom\u00e8ne qu\u2019on n\u00e9glige souvent : la s\u00e9dimentation. Les experts avertissent que si aucune action radicale n\u2019est prise, la <strong data-start=\"1697\" data-end=\"1717\">qualit\u00e9 de l\u2019eau<\/strong> et la biodiversit\u00e9 de ce lac seront irr\u00e9m\u00e9diablement affect\u00e9es. Les bateaux, les plages, les rives autrefois pris\u00e9es par les touristes, pourraient bient\u00f4t devenir inutilisables. L\u2019impact \u00e9cologique serait <strong data-start=\"1923\" data-end=\"1938\">d\u00e9vastateur<\/strong>, affectant les esp\u00e8ces aquatiques et engendrant des dommages irr\u00e9versibles \u00e0 l\u2019environnement local. Le temps est compt\u00e9, et les mesures de pr\u00e9servation semblent insuffisantes face \u00e0 cette menace. Les autorit\u00e9s doivent agir avant qu\u2019il ne soit trop tard.<\/p>\n<h2 data-start=\"2194\" data-end=\"2273\">Un avenir sombre pour les habitants et les touristes : la fin d\u2019un symbole<\/h2>\n<p data-start=\"2275\" data-end=\"3104\">Le <a href=\"https:\/\/discover.ulysse.com\/village-1h-annecy-petite-venise-savoie-charme-touristes\">lac d&#8217;Annecy<\/a> n&#8217;est pas seulement un lieu de beaut\u00e9 naturelle, il est aussi un centre \u00e9conomique et touristique vital pour la r\u00e9gion. La disparition progressive du lac aurait des cons\u00e9quences dramatiques sur l\u2019\u00e9conomie locale, surtout dans un secteur aussi d\u00e9pendant du tourisme. L\u2019impact serait d\u00e9sastreux pour <strong data-start=\"2589\" data-end=\"2605\">l&#8217;h\u00f4tellerie<\/strong>, <strong data-start=\"2607\" data-end=\"2626\">la restauration<\/strong> et toutes les entreprises locales qui prosp\u00e8rent gr\u00e2ce \u00e0 l\u2019attractivit\u00e9 de ce site embl\u00e9matique. La diminution de la qualit\u00e9 de l\u2019eau entra\u00eenerait la disparition des activit\u00e9s nautiques, plongeant toute la r\u00e9gion dans une crise sans pr\u00e9c\u00e9dent. En perdant son principal atout touristique, <strong data-start=\"2915\" data-end=\"2925\">Annecy<\/strong> risquerait de devenir une ville fantomatique, autrefois vivante, aujourd\u2019hui marqu\u00e9e par la disparition de son joyau naturel. Les cons\u00e9quences \u00e9conomiques seraient irr\u00e9m\u00e9diables.<\/p>\n<blockquote class=\"tiktok-embed\" style=\"max-width: 605px; min-width: 325px;\" cite=\"https:\/\/www.tiktok.com\/@neo.media\/video\/7431600758908341536\" data-video-id=\"7431600758908341536\">\n<section><a title=\"@neo.media\" href=\"https:\/\/www.tiktok.com\/@neo.media?refer=embed\" target=\"_blank\" rel=\"noopener\">@neo.media<\/a> Saviez-vous que le lac d\u2019Annecy est le plus pur d\u2019Europe ? Les robinets des habitants de la ville y sont m\u00eame directement aliment\u00e9s ! On vous explique ! \ud83d\udca7\u2728 <a title=\"nature\" href=\"https:\/\/www.tiktok.com\/tag\/nature?refer=embed\" target=\"_blank\" rel=\"noopener\">#nature<\/a> <a title=\"annecy\" href=\"https:\/\/www.tiktok.com\/tag\/annecy?refer=embed\" target=\"_blank\" rel=\"noopener\">#annecy<\/a> <a title=\"patrimoine\" href=\"https:\/\/www.tiktok.com\/tag\/patrimoine?refer=embed\" target=\"_blank\" rel=\"noopener\">#patrimoine<\/a> <a title=\"pourtoi\" href=\"https:\/\/www.tiktok.com\/tag\/pourtoi?refer=embed\" target=\"_blank\" rel=\"noopener\">#pourtoi<\/a> <a title=\"\u266c son original - neo\" href=\"https:\/\/www.tiktok.com\/music\/son-original-neo-7431600846746094369?refer=embed\" target=\"_blank\" rel=\"noopener\">\u266c son original &#8211; neo<\/a><\/section>\n<\/blockquote>\n<p><script async src=\"https:\/\/www.tiktok.com\/embed.js\"><\/script><\/p>\n<h2 data-start=\"3106\" data-end=\"3183\">Des solutions existent, mais sont-elles suffisantes pour sauver le lac ?<\/h2>\n<p data-start=\"3185\" data-end=\"3971\" data-is-last-node=\"\" data-is-only-node=\"\">Bien que les scientifiques aient conscience de l\u2019imminence de cette catastrophe \u00e9cologique, la <strong data-start=\"3280\" data-end=\"3297\">s\u00e9dimentation<\/strong> continue de progresser sans frein. Certaines solutions, comme le dragage du fond du lac ou la r\u00e9duction de l\u2019apport des s\u00e9diments, sont envisag\u00e9es, mais ces mesures ne sont qu\u2019une solution temporaire et <strong data-start=\"3501\" data-end=\"3513\">co\u00fbteuse<\/strong>. De plus, ces initiatives risquent d\u2019\u00eatre insuffisantes face \u00e0 l&#8217;ampleur de la menace. Le <strong data-start=\"3604\" data-end=\"3629\">changement climatique<\/strong> et l\u2019intensification des activit\u00e9s humaines compliquent davantage la t\u00e2che. L\u2019urgence d\u2019une action mondiale et coordonn\u00e9e n\u2019a jamais \u00e9t\u00e9 aussi claire. Si nous ne r\u00e9agissons pas imm\u00e9diatement, la disparition du lac d\u2019Annecy pourrait ne pas \u00eatre une question de milliers d\u2019ann\u00e9es, mais de <strong data-start=\"3917\" data-end=\"3949\">quelques d\u00e9cennies seulement<\/strong>. Le temps est compt\u00e9.<\/p>\n","protected":false},"excerpt":{"rendered":"<p>Le lac d\u2019Annecy, joyau de la Haute-Savoie, est vou\u00e9 \u00e0 dispara\u00eetre. Un ph\u00e9nom\u00e8ne naturel de s\u00e9dimentation inexorable transforme peu \u00e0 [&hellip;]<\/p>\n","protected":false},"author":4,"featured_media":33295,"comment_status":"open","ping_status":"closed","sticky":false,"template":"","format":"standard","meta":{"_acf_changed":false,"_sitemap_exclude":false,"_sitemap_priority":"","_sitemap_frequency":"","footnotes":"","rank_math_title":"","rank_math_description":"","rank_math_canonical_url":"","rank_math_focus_keyword":"lac d'Annecy"},"categories":[3],"tags":[],"class_list":["post-33256","post","type-post","status-publish","format-standard","has-post-thumbnail","hentry","category-voyage"],"acf":[],"_links":{"self":[{"href":"https:\/\/ulysse.com\/news\/wp-json\/wp\/v2\/posts\/33256","targetHints":{"allow":["GET"]}}],"collection":[{"href":"https:\/\/ulysse.com\/news\/wp-json\/wp\/v2\/posts"}],"about":[{"href":"https:\/\/ulysse.com\/news\/wp-json\/wp\/v2\/types\/post"}],"author":[{"embeddable":true,"href":"https:\/\/ulysse.com\/news\/wp-json\/wp\/v2\/users\/4"}],"replies":[{"embeddable":true,"href":"https:\/\/ulysse.com\/news\/wp-json\/wp\/v2\/comments?post=33256"}],"version-history":[{"count":3,"href":"https:\/\/ulysse.com\/news\/wp-json\/wp\/v2\/posts\/33256\/revisions"}],"predecessor-version":[{"id":33297,"href":"https:\/\/ulysse.com\/news\/wp-json\/wp\/v2\/posts\/33256\/revisions\/33297"}],"wp:featuredmedia":[{"embeddable":true,"href":"https:\/\/ulysse.com\/news\/wp-json\/wp\/v2\/media\/33295"}],"wp:attachment":[{"href":"https:\/\/ulysse.com\/news\/wp-json\/wp\/v2\/media?parent=33256"}],"wp:term":[{"taxonomy":"category","embeddable":true,"href":"https:\/\/ulysse.com\/news\/wp-json\/wp\/v2\/categories?post=33256"},{"taxonomy":"post_tag","embeddable":true,"href":"https:\/\/ulysse.com\/news\/wp-json\/wp\/v2\/tags?post=33256"}],"curies":[{"name":"wp","href":"https:\/\/api.w.org\/{rel}","templated":true}]}}