{"id":33311,"date":"2025-08-08T08:00:49","date_gmt":"2025-08-08T07:00:49","guid":{"rendered":"https:\/\/discover.ulysse.com\/?p=33311"},"modified":"2025-08-07T10:57:34","modified_gmt":"2025-08-07T09:57:34","slug":"alerte-canicule-16-departements-francais-frappes-par-une-vague-de-chaleur-record","status":"publish","type":"post","link":"https:\/\/ulysse.com\/news\/alerte-canicule-16-departements-francais-frappes-par-une-vague-de-chaleur-record","title":{"rendered":"Alerte canicule : 16 d\u00e9partements fran\u00e7ais frapp\u00e9s par une vague de chaleur record"},"content":{"rendered":"<p data-start=\"82\" data-end=\"725\">La France se pr\u00e9pare \u00e0 affronter une vague de chaleur exceptionnelle. M\u00e9t\u00e9o-France a plac\u00e9 16 d\u00e9partements en vigilance jaune, mais les temp\u00e9ratures attendues dans les jours \u00e0 venir risquent de monter bien au-del\u00e0 des seuils habituels. \u00c0 partir de demain, les temp\u00e9ratures pourraient atteindre des niveaux proches de 40\u00b0C, particuli\u00e8rement dans le sud du pays, et continuer \u00e0 grimper jusqu&#8217;en d\u00e9but de semaine prochaine. Cette canicule, venant directement d&#8217;Espagne et du Portugal, inqui\u00e8te tant par son intensit\u00e9 que sa dur\u00e9e. Les autorit\u00e9s appellent \u00e0 la vigilance et \u00e0 la protection des populations vuln\u00e9rables face \u00e0 cette chaleur extr\u00eame.<\/p>\n<h2 data-start=\"727\" data-end=\"789\">Des temp\u00e9ratures record en approche : la France surchauffe<\/h2>\n<p data-start=\"791\" data-end=\"1591\">La chaleur arrive \u00e0 grands pas. D&#8217;ici demain, des d\u00e9partements comme le <a href=\"https:\/\/discover.ulysse.com\/angers-se-fait-voler-la-vedette-decouvrez-la-ville-du-sud-qui-prend-la-premiere-place\">Gers<\/a>, la Haute-Garonne, ou encore l&#8217;Ari\u00e8ge verront les temp\u00e9ratures grimper de 5 \u00e0 10\u00b0C en seulement 24 heures. La douceur printani\u00e8re observ\u00e9e aujourd&#8217;hui, avec des temp\u00e9ratures variant entre 28 et 30\u00b0C, fera place \u00e0 un \u00e9touffant 38\u00b0C \u00e0 Toulouse, et jusqu&#8217;\u00e0 40\u00b0C dans d&#8217;autres r\u00e9gions du sud de la France. Ces temp\u00e9ratures records ne sont pas seulement une simple mont\u00e9e de chaleur : elles vont durer et toucher un large territoire. Les sp\u00e9cialistes s&#8217;inqui\u00e8tent d&#8217;une intensification de cette chaleur vendredi, avec des temp\u00e9ratures d\u00e9passant les 40\u00b0C localement. Une chaleur caniculaire telle que celle-ci met une pression \u00e9norme sur les infrastructures, l&#8217;approvisionnement en eau et les syst\u00e8mes de sant\u00e9 d\u00e9j\u00e0 sous tension.<\/p>\n<h2 data-start=\"1593\" data-end=\"1649\">La canicule, un fl\u00e9au qui touche toute la population<\/h2>\n<p data-start=\"1651\" data-end=\"2448\">La canicule ne concerne pas seulement les personnes \u00e2g\u00e9es ou fragiles. Tous les habitants des zones touch\u00e9es doivent se pr\u00e9parer \u00e0 un choc thermique. Une nuit tropicale, avec des temp\u00e9ratures ne descendant pas en dessous de 25\u00b0C, pr\u00e9figure des journ\u00e9es insoutenables. Cette chaleur peut provoquer des d\u00e9shydratations s\u00e9v\u00e8res, des coups de chaleur, et m\u00eame des d\u00e9c\u00e8s pr\u00e9matur\u00e9s si des mesures de pr\u00e9vention ne sont pas prises. Les travailleurs expos\u00e9s \u00e0 ces conditions extr\u00eames sont particuli\u00e8rement vuln\u00e9rables, tout comme les enfants et les personnes souffrant de pathologies cardiaques ou respiratoires. En outre, les conditions de vie en ville, avec la chaleur accumul\u00e9e dans les rues, rendent cette situation encore plus insupportable. La vigilance est donc cruciale pour \u00e9viter les trag\u00e9dies.<\/p>\n<h2 data-start=\"2450\" data-end=\"2502\">Une menace durable : la vague de chaleur s\u2019\u00e9tend<\/h2>\n<p data-start=\"2504\" data-end=\"3403\">La situation risque de s\u2019aggraver encore dans les jours \u00e0 venir. Alors que cette vague de chaleur commence \u00e0 peine, les pr\u00e9visions m\u00e9t\u00e9orologiques signalent une intensification dans toute la France. Si des temp\u00e9ratures caniculaires sont attendues pour vendredi, elles pourraient persister jusqu\u2019au milieu de la semaine prochaine, avec des pics d\u00e9passant les 35\u00b0C, voire les 40\u00b0C dans certaines r\u00e9gions. Les d\u00e9partements actuellement en vigilance jaune pourraient voir leur statut monter en vigilance orange, rendant les risques de sant\u00e9 publique encore plus pressants. De plus, cette chaleur s\u2019accompagne d\u2019un vent sec, favorisant la propagation des incendies, un autre danger suppl\u00e9mentaire. Les autorit\u00e9s locales recommandent une vigilance accrue, notamment pour les personnes les plus vuln\u00e9rables, et appellent \u00e0 limiter les sorties en ext\u00e9rieur pendant les heures les plus chaudes de la journ\u00e9e.<\/p>\n<p data-start=\"3405\" data-end=\"3603\" data-is-last-node=\"\" data-is-only-node=\"\">Face \u00e0 cette situation exceptionnelle, chaque geste compte. Restez inform\u00e9s, buvez r\u00e9guli\u00e8rement de l&#8217;eau, \u00e9vitez les activit\u00e9s physiques et, si possible, restez dans des endroits frais et \u00e0 l&#8217;abri.<\/p>\n","protected":false},"excerpt":{"rendered":"<p>La France se pr\u00e9pare \u00e0 affronter une vague de chaleur exceptionnelle. M\u00e9t\u00e9o-France a plac\u00e9 16 d\u00e9partements en vigilance jaune, mais [&hellip;]<\/p>\n","protected":false},"author":4,"featured_media":31613,"comment_status":"open","ping_status":"closed","sticky":false,"template":"","format":"standard","meta":{"_acf_changed":false,"_sitemap_exclude":false,"_sitemap_priority":"","_sitemap_frequency":"","footnotes":"","rank_math_title":"","rank_math_description":"","rank_math_canonical_url":"","rank_math_focus_keyword":"canicule"},"categories":[3],"tags":[],"class_list":["post-33311","post","type-post","status-publish","format-standard","has-post-thumbnail","hentry","category-voyage"],"acf":[],"_links":{"self":[{"href":"https:\/\/ulysse.com\/news\/wp-json\/wp\/v2\/posts\/33311","targetHints":{"allow":["GET"]}}],"collection":[{"href":"https:\/\/ulysse.com\/news\/wp-json\/wp\/v2\/posts"}],"about":[{"href":"https:\/\/ulysse.com\/news\/wp-json\/wp\/v2\/types\/post"}],"author":[{"embeddable":true,"href":"https:\/\/ulysse.com\/news\/wp-json\/wp\/v2\/users\/4"}],"replies":[{"embeddable":true,"href":"https:\/\/ulysse.com\/news\/wp-json\/wp\/v2\/comments?post=33311"}],"version-history":[{"count":2,"href":"https:\/\/ulysse.com\/news\/wp-json\/wp\/v2\/posts\/33311\/revisions"}],"predecessor-version":[{"id":33313,"href":"https:\/\/ulysse.com\/news\/wp-json\/wp\/v2\/posts\/33311\/revisions\/33313"}],"wp:featuredmedia":[{"embeddable":true,"href":"https:\/\/ulysse.com\/news\/wp-json\/wp\/v2\/media\/31613"}],"wp:attachment":[{"href":"https:\/\/ulysse.com\/news\/wp-json\/wp\/v2\/media?parent=33311"}],"wp:term":[{"taxonomy":"category","embeddable":true,"href":"https:\/\/ulysse.com\/news\/wp-json\/wp\/v2\/categories?post=33311"},{"taxonomy":"post_tag","embeddable":true,"href":"https:\/\/ulysse.com\/news\/wp-json\/wp\/v2\/tags?post=33311"}],"curies":[{"name":"wp","href":"https:\/\/api.w.org\/{rel}","templated":true}]}}