{"id":33329,"date":"2025-08-08T12:00:58","date_gmt":"2025-08-08T11:00:58","guid":{"rendered":"https:\/\/discover.ulysse.com\/?p=33329"},"modified":"2025-08-07T11:38:22","modified_gmt":"2025-08-07T10:38:22","slug":"incendie-dans-laude-la-situation-saggrave-quelles-consequences-pour-le-tourisme-cet-ete","status":"publish","type":"post","link":"https:\/\/ulysse.com\/news\/incendie-dans-laude-la-situation-saggrave-quelles-consequences-pour-le-tourisme-cet-ete","title":{"rendered":"Incendie dans l&#8217;Aude : la situation s\u2019aggrave, quelles cons\u00e9quences pour le tourisme cet \u00e9t\u00e9 ?"},"content":{"rendered":"<p data-start=\"85\" data-end=\"673\">Depuis le 5 ao\u00fbt 2025, l\u2019Aude fait face \u00e0 un incendie majeur, qui a ravag\u00e9 plus de 16 000 hectares de v\u00e9g\u00e9tation dans le massif des Corbi\u00e8res. Cet \u00e9v\u00e9nement, consid\u00e9r\u00e9 comme l&#8217;un des plus importants de l&#8217;ann\u00e9e, a provoqu\u00e9 des \u00e9vacuations massives et des pertes mat\u00e9rielles consid\u00e9rables. Le bilan humain est lourd, avec une victime d\u00e9c\u00e9d\u00e9e et plusieurs bless\u00e9s, dont des pompiers. Alors que le feu reste actif dans certaines zones, l\u2019impact sur le tourisme local se fait sentir. Peut-on y partir en vacances ? Quels sont les risques \u00e0 prendre en compte ? Voici un \u00e9tat des lieux d\u00e9taill\u00e9.<\/p>\n<h2 data-start=\"675\" data-end=\"743\">Un incendie de grande ampleur, un bilan humain et mat\u00e9riel lourd<\/h2>\n<p data-start=\"745\" data-end=\"1531\">L\u2019incendie, qui a d\u00e9but\u00e9 dans la commune de Ribaute, a travers\u00e9 plusieurs communes du d\u00e9partement de l\u2019Aude, d\u00e9vastant plus de 16 000 hectares de for\u00eats. Des milliers de pompiers sont mobilis\u00e9s pour ma\u00eetriser les flammes, mais malgr\u00e9 leurs efforts, l\u2019incendie continue de ravager certaines zones. Le bilan humain s\u2019aggrave avec une victime d\u00e9c\u00e9d\u00e9e, des dizaines de bless\u00e9s, et plusieurs disparus. Le feu a \u00e9galement entra\u00een\u00e9 la destruction de dizaines de maisons et de v\u00e9hicules. Plus de 1 700 personnes ont d\u00fb \u00eatre \u00e9vacu\u00e9es, et des milliers de citoyens ont d\u00fb \u00eatre confin\u00e9s dans des zones \u00e0 risque. Le danger reste bien pr\u00e9sent, et des conditions m\u00e9t\u00e9orologiques d\u00e9favorables, avec des rafales de vent pouvant atteindre 40 km\/h, risquent d\u2019aggraver la situation dans les jours \u00e0 venir.<\/p>\n<p data-start=\"1533\" data-end=\"1995\">En parall\u00e8le, la qualit\u00e9 de l\u2019air a \u00e9t\u00e9 fortement alt\u00e9r\u00e9e dans certaines zones, notamment en raison des panaches de fum\u00e9e visibles jusque sur le littoral m\u00e9diterran\u00e9en. L\u2019impact sur la vie quotidienne des habitants et des vacanciers est consid\u00e9rable, avec des infrastructures touristiques et des activit\u00e9s locales perturb\u00e9es. Les autorit\u00e9s locales ont mis en place des mesures de s\u00e9curit\u00e9 strictes pour prot\u00e9ger la population, mais l\u2019incendie reste impr\u00e9visible.<\/p>\n<blockquote class=\"tiktok-embed\" style=\"max-width: 605px; min-width: 325px;\" cite=\"https:\/\/www.tiktok.com\/@bfmtv\/video\/7535716287268261142\" data-video-id=\"7535716287268261142\">\n<section><a title=\"@bfmtv\" href=\"https:\/\/www.tiktok.com\/@bfmtv?refer=embed\" target=\"_blank\" rel=\"noopener\">@bfmtv<\/a> Les images impressionnantes de l\u2019incendie dans l\u2019Aude qui a parcouru l\u2019\u00e9quivalent de 22.500 terrains de football <a title=\"incendie\" href=\"https:\/\/www.tiktok.com\/tag\/incendie?refer=embed\" target=\"_blank\" rel=\"noopener\">#incendie<\/a> <a title=\"feu\" href=\"https:\/\/www.tiktok.com\/tag\/feu?refer=embed\" target=\"_blank\" rel=\"noopener\">#feu<\/a> <a title=\"aude\" href=\"https:\/\/www.tiktok.com\/tag\/aude?refer=embed\" target=\"_blank\" rel=\"noopener\">#aude<\/a> <a title=\"sinformersurtiktok\" href=\"https:\/\/www.tiktok.com\/tag\/sinformersurtiktok?refer=embed\" target=\"_blank\" rel=\"noopener\">#sinformersurtiktok<\/a> <a title=\"\u266c son original - BFMTV\" href=\"https:\/\/www.tiktok.com\/music\/son-original-7535717838284196630?refer=embed\" target=\"_blank\" rel=\"noopener\">\u266c son original &#8211; BFMTV<\/a><\/section>\n<\/blockquote>\n<p><script async src=\"https:\/\/www.tiktok.com\/embed.js\"><\/script><\/p>\n<h2 data-start=\"1997\" data-end=\"2061\">Impact sur le tourisme : peut-on y aller en toute s\u00e9curit\u00e9 ?<\/h2>\n<p data-start=\"2063\" data-end=\"2636\">La situation varie selon les zones. Si certaines villes comme <a href=\"https:\/\/discover.ulysse.com\/loccitanie-fait-le-plein-de-touristes-cet-ete-malgre-la-chaleur\">Carcassonne<\/a>, Narbonne ou encore Leucate, situ\u00e9es \u00e0 l\u2019\u00e9cart des foyers principaux, restent accessibles aux voyageurs, les communes les plus touch\u00e9es, comme Ribaute, Coustouge, et Saint-Laurent-de-la-Cabrerisse, sont actuellement d\u00e9conseill\u00e9es. Les infrastructures touristiques, telles que les campings et h\u00f4tels dans ces secteurs, sont soit ferm\u00e9es, soit en \u00e9tat de crise. Certaines r\u00e9servations ont \u00e9t\u00e9 annul\u00e9es et des visiteurs ont choisi d&#8217;\u00e9courter leur s\u00e9jour, voyant leurs plans modifi\u00e9s par les \u00e9v\u00e9nements.<\/p>\n<p data-start=\"2638\" data-end=\"3365\">Les routes principales reliant ces grandes villes sont g\u00e9n\u00e9ralement ouvertes, mais des fermetures temporaires peuvent survenir selon l&#8217;\u00e9volution des incendies. Les conditions de circulation peuvent \u00e9galement \u00eatre perturb\u00e9es par la fum\u00e9e et la r\u00e9duction de la visibilit\u00e9. Les vacanciers souhaitant se rendre dans l\u2019Aude devraient donc se renseigner en amont sur l&#8217;\u00e9tat des routes et sur la situation des lieux d&#8217;h\u00e9bergement. De plus, certains sites touristiques, comme les <a href=\"https:\/\/discover.ulysse.com\/au-dessus-des-nuages-ce-sentier-de-randonnee-est-lun-des-plus-spectaculaires-au-monde\">sentiers de randonn\u00e9e<\/a> ou les <a href=\"https:\/\/discover.ulysse.com\/evasion-naturelle-dans-les-plus-beaux-parcs-nationaux-de-thailande\">parcs naturels<\/a>, ont \u00e9t\u00e9 ferm\u00e9s en raison du danger d&#8217;incendie, ce qui limite les activit\u00e9s ext\u00e9rieures. Il est donc crucial de suivre les recommandations des autorit\u00e9s locales et de ne pas se rendre dans des zones sous alerte.<\/p>\n<h2>Faut-il annuler ses vacances dans l\u2019Aude ?<\/h2>\n<p data-start=\"3415\" data-end=\"3951\">Si vous avez pr\u00e9vu de partir dans l\u2019Aude, tout d\u00e9pend de la localisation de votre s\u00e9jour. Les principales villes touristiques, telles que Narbonne, Carcassonne, et m\u00eame le littoral, ne sont pas affect\u00e9es directement par l\u2019incendie. Ces zones restent ouvertes au tourisme et peuvent offrir une exp\u00e9rience agr\u00e9able et s\u00e9curitaire. Toutefois, si vous avez r\u00e9serv\u00e9 dans une zone proche de l\u2019incendie, il est fortement recommand\u00e9 de v\u00e9rifier l\u2019\u00e9tat de votre r\u00e9servation et de contacter votre h\u00e9bergement pour savoir si celui-ci reste ouvert.<\/p>\n<p data-start=\"3953\" data-end=\"4507\">Si vous \u00eates d\u00e9j\u00e0 sur place et que vous r\u00e9sidez dans une zone touch\u00e9e par l\u2019incendie, il est pr\u00e9f\u00e9rable d\u2019envisager une \u00e9vacuation ou de suivre les consignes de s\u00e9curit\u00e9 \u00e9mises par les autorit\u00e9s locales. Les conditions de s\u00e9curit\u00e9 doivent primer, et en cas d&#8217;incertitude, il vaut mieux reporter son voyage ou choisir une destination alternative dans la r\u00e9gion. Il est aussi essentiel de souscrire \u00e0 une assurance voyage couvrant les \u00e9v\u00e9nements impr\u00e9vus, comme les annulations en raison de catastrophes naturelles, pour \u00e9viter les d\u00e9sagr\u00e9ments financiers.<\/p>\n<h2 data-start=\"4509\" data-end=\"4574\">Conseils pratiques pour voyager dans l\u2019Aude en toute s\u00e9curit\u00e9<\/h2>\n<p data-start=\"4576\" data-end=\"5153\">Si vous choisissez de maintenir vos vacances dans l\u2019Aude ou si vous envisagez de vous y rendre prochainement, voici quelques conseils pratiques pour garantir votre s\u00e9curit\u00e9. Premi\u00e8rement, restez inform\u00e9 en consultant r\u00e9guli\u00e8rement les sites web des autorit\u00e9s locales et des pr\u00e9fectures pour conna\u00eetre l\u2019\u00e9volution de la situation. En cas de doute, privil\u00e9giez toujours les zones \u00e9loign\u00e9es des foyers d\u2019incendie. Renseignez-vous aupr\u00e8s de vos h\u00e9bergements pour confirmer leur ouverture et leur accessibilit\u00e9, et gardez toujours un plan B en cas de changement de derni\u00e8re minute.<\/p>\n<p data-start=\"5155\" data-end=\"5804\" data-is-last-node=\"\" data-is-only-node=\"\">Ensuite, suivez scrupuleusement les consignes de s\u00e9curit\u00e9 en place. Les autorit\u00e9s peuvent d\u00e9cr\u00e9ter des interdictions de circulation ou de baignade en fonction de l\u2019\u00e9volution des incendies. Soyez \u00e9galement attentif aux pr\u00e9visions m\u00e9t\u00e9o, car les temp\u00e9ratures \u00e9lev\u00e9es et les vents forts peuvent entra\u00eener une r\u00e9activation des foyers. Enfin, veillez \u00e0 prendre des mesures pour prot\u00e9ger votre sant\u00e9, comme le port d&#8217;un masque contre la fum\u00e9e si vous \u00eates proche des zones touch\u00e9es. En r\u00e9sum\u00e9, tout est une question de prudence : choisissez judicieusement votre destination et consultez les informations locales pour passer des vacances en toute s\u00e9r\u00e9nit\u00e9.<\/p>\n","protected":false},"excerpt":{"rendered":"<p>Depuis le 5 ao\u00fbt 2025, l\u2019Aude fait face \u00e0 un incendie majeur, qui a ravag\u00e9 plus de 16 000 hectares [&hellip;]<\/p>\n","protected":false},"author":4,"featured_media":33330,"comment_status":"open","ping_status":"closed","sticky":false,"template":"","format":"standard","meta":{"_acf_changed":false,"_sitemap_exclude":false,"_sitemap_priority":"","_sitemap_frequency":"","footnotes":"","rank_math_title":"","rank_math_description":"","rank_math_canonical_url":"","rank_math_focus_keyword":"l'Aude"},"categories":[3],"tags":[],"class_list":["post-33329","post","type-post","status-publish","format-standard","has-post-thumbnail","hentry","category-voyage"],"acf":[],"_links":{"self":[{"href":"https:\/\/ulysse.com\/news\/wp-json\/wp\/v2\/posts\/33329","targetHints":{"allow":["GET"]}}],"collection":[{"href":"https:\/\/ulysse.com\/news\/wp-json\/wp\/v2\/posts"}],"about":[{"href":"https:\/\/ulysse.com\/news\/wp-json\/wp\/v2\/types\/post"}],"author":[{"embeddable":true,"href":"https:\/\/ulysse.com\/news\/wp-json\/wp\/v2\/users\/4"}],"replies":[{"embeddable":true,"href":"https:\/\/ulysse.com\/news\/wp-json\/wp\/v2\/comments?post=33329"}],"version-history":[{"count":3,"href":"https:\/\/ulysse.com\/news\/wp-json\/wp\/v2\/posts\/33329\/revisions"}],"predecessor-version":[{"id":33333,"href":"https:\/\/ulysse.com\/news\/wp-json\/wp\/v2\/posts\/33329\/revisions\/33333"}],"wp:featuredmedia":[{"embeddable":true,"href":"https:\/\/ulysse.com\/news\/wp-json\/wp\/v2\/media\/33330"}],"wp:attachment":[{"href":"https:\/\/ulysse.com\/news\/wp-json\/wp\/v2\/media?parent=33329"}],"wp:term":[{"taxonomy":"category","embeddable":true,"href":"https:\/\/ulysse.com\/news\/wp-json\/wp\/v2\/categories?post=33329"},{"taxonomy":"post_tag","embeddable":true,"href":"https:\/\/ulysse.com\/news\/wp-json\/wp\/v2\/tags?post=33329"}],"curies":[{"name":"wp","href":"https:\/\/api.w.org\/{rel}","templated":true}]}}