{"id":33354,"date":"2025-08-09T19:00:49","date_gmt":"2025-08-09T18:00:49","guid":{"rendered":"https:\/\/discover.ulysse.com\/?p=33354"},"modified":"2025-08-09T18:40:11","modified_gmt":"2025-08-09T17:40:11","slug":"rando-inconnu-alpes-paradis-guides","status":"publish","type":"post","link":"https:\/\/ulysse.com\/news\/rando-inconnu-alpes-paradis-guides","title":{"rendered":"Une rando vers l\u2019inconnu : quelque part dans les Alpes, un paradis cach\u00e9 que les guides ne veulent pas trop d\u00e9voiler"},"content":{"rendered":"<p><span style=\"font-weight: 400;\">Certains endroits refusent obstin\u00e9ment de faire la une. Pas de grande banni\u00e8re \u201cspot Instagram \u00e0 ne pas manquer\u201d, pas de boutiques de location de trottinettes \u00e9lectriques \u00e0 tous les coins de sentier. Rien que du brut, du vrai, du sauvage. La<strong> vall\u00e9e du V\u00e9n\u00e9on,<\/strong> nich\u00e9e dans les replis les plus secrets des <strong>Alpes fran\u00e7aises<\/strong>, fait partie de ces rares zones blanches sur les cartes touristiques. Le genre de vall\u00e9e qu\u2019on \u00e9voque \u00e0 voix basse autour d\u2019un feu de camp, entre deux randonneurs complices. Car oui, ici, la nature a gard\u00e9 tous ses droits \u2014 et elle compte bien les faire valoir.<\/span><\/p>\n<h2><b>Des sentiers confidentiels, des vues XXL<\/b><\/h2>\n<p><span style=\"font-weight: 400;\">Oubliez les files indiennes du GR20 ou les foules compactes du<a href=\"https:\/\/discover.ulysse.com\/train-tramway-mont-blanc-nid-aigle\"> Mont-Blanc<\/a>. Dans la<strong> vall\u00e9e du V\u00e9n\u00e9on<\/strong>, la rando, c\u2019est du cousu main. Les sentiers s\u2019enroulent autour des torrents, grimpent vers les cimes, s\u2019\u00e9garent dans les alpages, puis d\u00e9bouchent sur des panoramas dont m\u00eame les cartes postales ne capturent pas la moiti\u00e9.<\/span><\/p>\n<p><span style=\"font-weight: 400;\">Tout commence le long de la<strong> rivi\u00e8re V\u00e9n\u00e9on<\/strong>, ce fil turquoise qui traverse la vall\u00e9e en mode freestyle. En chemin, on croise le<strong> refuge de la Lavey<\/strong> \u2014 petit havre \u00e0 1800 m d\u2019altitude, parfait pour d\u00e9crocher sans devoir transpirer douze heures. Plus haut encore, les amateurs de haute montagne se donnent rendez-vous \u00e0 <strong>la B\u00e9rarde<\/strong>, dernier hameau avant les glaciers. L\u00e0-bas, c\u2019est l\u2019ambiance pur jus\u202f: cailloux, silence et ciel \u00e0 perte de vue.<\/span><\/p>\n<p><span style=\"font-weight: 400;\">Et puis il y a les joyaux planqu\u00e9s\u202f: le lac du Lauvitel, nich\u00e9 comme un secret dans son cirque naturel, ou le <strong>plateau de la Muzelle<\/strong>, qui vous offre un d\u00e9cor d\u2019op\u00e9ra version grand air. Marmottes aux aguets, bouquetins en balcon, cascades qui chantent \u2014 tout est r\u00e9uni pour se croire dans une autre dimension. Ici, les guides n\u2019insistent pas trop. Et on comprend pourquoi\u202f: ce coin, c\u2019est le genre d\u2019endroit qu\u2019on aimerait garder pour soi.<\/span><\/p>\n<blockquote class=\"instagram-media\" style=\"background: #FFF; border: 0; border-radius: 3px; margin: 1px; max-width: 540px; min-width: 326px; padding: 0; width: calc(100% - 2px);\" data-instgrm-captioned=\"\" data-instgrm-permalink=\"https:\/\/www.instagram.com\/p\/CCGvwXSo5ee\/?utm_source=ig_embed&amp;utm_campaign=loading\" data-instgrm-version=\"14\">\n<div style=\"padding: 16px;\">\n<p>&nbsp;<\/p>\n<div style=\"flex-direction: row; align-items: center;\">\n<div style=\"background-color: #f4f4f4; border-radius: 50%; flex-grow: 0; height: 40px; margin-right: 14px; width: 40px;\"><\/div>\n<div style=\"flex-direction: column; flex-grow: 1; justify-content: center;\">\n<div style=\"background-color: #f4f4f4; border-radius: 4px; flex-grow: 0; height: 14px; margin-bottom: 6px; width: 100px;\"><\/div>\n<div style=\"background-color: #f4f4f4; border-radius: 4px; flex-grow: 0; height: 14px; width: 60px;\"><\/div>\n<\/div>\n<\/div>\n<div style=\"padding: 19% 0;\"><\/div>\n<div style=\"height: 50px; margin: 0 auto 12px; width: 50px;\"><\/div>\n<div style=\"padding-top: 8px;\">\n<div style=\"color: #3897f0; font-family: Arial,sans-serif; font-size: 14px; font-style: normal; font-weight: 550; line-height: 18px;\">Voir cette publication sur Instagram<\/div>\n<\/div>\n<div style=\"padding: 12.5% 0;\"><\/div>\n<div style=\"flex-direction: row; margin-bottom: 14px; align-items: center;\">\n<div>\n<div style=\"background-color: #f4f4f4; border-radius: 50%; height: 12.5px; width: 12.5px;\"><\/div>\n<div style=\"background-color: #f4f4f4; height: 12.5px; width: 12.5px; flex-grow: 0; margin-right: 14px; margin-left: 2px;\"><\/div>\n<div style=\"background-color: #f4f4f4; border-radius: 50%; height: 12.5px; width: 12.5px;\"><\/div>\n<\/div>\n<div style=\"margin-left: 8px;\">\n<div style=\"background-color: #f4f4f4; border-radius: 50%; flex-grow: 0; height: 20px; width: 20px;\"><\/div>\n<div style=\"width: 0; height: 0; border-top: 2px solid transparent; border-left: 6px solid #f4f4f4; border-bottom: 2px solid transparent;\"><\/div>\n<\/div>\n<div style=\"margin-left: auto;\">\n<div style=\"width: 0px; border-top: 8px solid #F4F4F4; border-right: 8px solid transparent;\"><\/div>\n<div style=\"background-color: #f4f4f4; flex-grow: 0; height: 12px; width: 16px;\"><\/div>\n<div style=\"width: 0; height: 0; border-top: 8px solid #F4F4F4; border-left: 8px solid transparent;\"><\/div>\n<\/div>\n<\/div>\n<div style=\"flex-direction: column; flex-grow: 1; justify-content: center; margin-bottom: 24px;\">\n<div style=\"background-color: #f4f4f4; border-radius: 4px; flex-grow: 0; height: 14px; margin-bottom: 6px; width: 224px;\"><\/div>\n<div style=\"background-color: #f4f4f4; border-radius: 4px; flex-grow: 0; height: 14px; width: 144px;\"><\/div>\n<\/div>\n<p>&nbsp;<\/p>\n<p style=\"color: #c9c8cd; font-family: Arial,sans-serif; font-size: 14px; line-height: 17px; margin-bottom: 0; margin-top: 8px; overflow: hidden; padding: 8px 0 7px; text-align: center;\"><a style=\"color: #c9c8cd; font-family: Arial,sans-serif; font-size: 14px; font-style: normal; font-weight: normal; line-height: 17px; text-decoration: none;\" href=\"https:\/\/www.instagram.com\/p\/CCGvwXSo5ee\/?utm_source=ig_embed&amp;utm_campaign=loading\" target=\"_blank\" rel=\"noopener\">Une publication partag\u00e9e par Les 2 Alpes (@2alpes)<\/a><\/p>\n<\/div>\n<\/blockquote>\n<h2><b>Villages de montagne\u202f: carte postale 100% non retouch\u00e9e<\/b><\/h2>\n<p><span style=\"font-weight: 400;\">Si la nature se donne \u00e0 fond dans la vall\u00e9e, les villages du coin ne sont pas en reste. Prenez <\/span><b>Venosc<\/b><span style=\"font-weight: 400;\">\u202f: entre ruelles pav\u00e9es, ateliers d\u2019artisans et chalets fleuris, on pourrait croire \u00e0 un d\u00e9cor de film. Mais non, tout est vrai. M\u00eame la tarte myrtille de la petite auberge \u00e0 l\u2019entr\u00e9e du village, qui met tout le monde d\u2019accord.<\/span><\/p>\n<p><span style=\"font-weight: 400;\">Un peu plus loin, <\/span><b>Saint-Christophe-en-Oisans<\/b><span style=\"font-weight: 400;\"> joue la carte du patrimoine sans chichi. Vieilles b\u00e2tisses, mus\u00e9e de l\u2019alpinisme, chapelle perch\u00e9e et habitants qui discutent encore en patois quand ils croisent un ami. Ici, pas de boutique de souvenirs kitsch, mais des g\u00eetes rustiques, des refuges bienveillants et une vraie atmosph\u00e8re de montagne.<\/span><\/p>\n<p><span style=\"font-weight: 400;\">Enfin, <\/span><b>la B\u00e9rarde<\/b><span style=\"font-weight: 400;\">, c\u2019est l\u2019ultime \u00e9tape. La fin de la route. Apr\u00e8s, il n\u2019y a que les cimes et les \u00e9toiles. Le hameau a gard\u00e9 son \u00e2me de camp de base pour alpinistes, avec ses maisons de pierre, ses volets en bois et ses silences habit\u00e9s. Les prix, eux, n\u2019ont pas pris l\u2019altitude : nuit en refuge autour de 20 \u00e0 40 \u20ac, repas chauds et simples, ambiance conviviale garantie. Le tout loin du monde, dans un cocon suspendu.<\/span><\/p>\n<blockquote class=\"instagram-media\" style=\"background: #FFF; border: 0; border-radius: 3px; margin: 1px; max-width: 540px; min-width: 326px; padding: 0; width: calc(100% - 2px);\" data-instgrm-captioned=\"\" data-instgrm-permalink=\"https:\/\/www.instagram.com\/p\/CSZgigWoKZC\/?utm_source=ig_embed&amp;utm_campaign=loading\" data-instgrm-version=\"14\">\n<div style=\"padding: 16px;\">\n<p>&nbsp;<\/p>\n<div style=\"flex-direction: row; align-items: center;\">\n<div style=\"background-color: #f4f4f4; border-radius: 50%; flex-grow: 0; height: 40px; margin-right: 14px; width: 40px;\"><\/div>\n<div style=\"flex-direction: column; flex-grow: 1; justify-content: center;\">\n<div style=\"background-color: #f4f4f4; border-radius: 4px; flex-grow: 0; height: 14px; margin-bottom: 6px; width: 100px;\"><\/div>\n<div style=\"background-color: #f4f4f4; border-radius: 4px; flex-grow: 0; height: 14px; width: 60px;\"><\/div>\n<\/div>\n<\/div>\n<div style=\"padding: 19% 0;\"><\/div>\n<div style=\"height: 50px; margin: 0 auto 12px; width: 50px;\"><\/div>\n<div style=\"padding-top: 8px;\">\n<div style=\"color: #3897f0; font-family: Arial,sans-serif; font-size: 14px; font-style: normal; font-weight: 550; line-height: 18px;\">Voir cette publication sur Instagram<\/div>\n<\/div>\n<div style=\"padding: 12.5% 0;\"><\/div>\n<div style=\"flex-direction: row; margin-bottom: 14px; align-items: center;\">\n<div>\n<div style=\"background-color: #f4f4f4; border-radius: 50%; height: 12.5px; width: 12.5px;\"><\/div>\n<div style=\"background-color: #f4f4f4; height: 12.5px; width: 12.5px; flex-grow: 0; margin-right: 14px; margin-left: 2px;\"><\/div>\n<div style=\"background-color: #f4f4f4; border-radius: 50%; height: 12.5px; width: 12.5px;\"><\/div>\n<\/div>\n<div style=\"margin-left: 8px;\">\n<div style=\"background-color: #f4f4f4; border-radius: 50%; flex-grow: 0; height: 20px; width: 20px;\"><\/div>\n<div style=\"width: 0; height: 0; border-top: 2px solid transparent; border-left: 6px solid #f4f4f4; border-bottom: 2px solid transparent;\"><\/div>\n<\/div>\n<div style=\"margin-left: auto;\">\n<div style=\"width: 0px; border-top: 8px solid #F4F4F4; border-right: 8px solid transparent;\"><\/div>\n<div style=\"background-color: #f4f4f4; flex-grow: 0; height: 12px; width: 16px;\"><\/div>\n<div style=\"width: 0; height: 0; border-top: 8px solid #F4F4F4; border-left: 8px solid transparent;\"><\/div>\n<\/div>\n<\/div>\n<div style=\"flex-direction: column; flex-grow: 1; justify-content: center; margin-bottom: 24px;\">\n<div style=\"background-color: #f4f4f4; border-radius: 4px; flex-grow: 0; height: 14px; margin-bottom: 6px; width: 224px;\"><\/div>\n<div style=\"background-color: #f4f4f4; border-radius: 4px; flex-grow: 0; height: 14px; width: 144px;\"><\/div>\n<\/div>\n<p>&nbsp;<\/p>\n<p style=\"color: #c9c8cd; font-family: Arial,sans-serif; font-size: 14px; line-height: 17px; margin-bottom: 0; margin-top: 8px; overflow: hidden; padding: 8px 0 7px; text-align: center;\"><a style=\"color: #c9c8cd; font-family: Arial,sans-serif; font-size: 14px; font-style: normal; font-weight: normal; line-height: 17px; text-decoration: none;\" href=\"https:\/\/www.instagram.com\/p\/CSZgigWoKZC\/?utm_source=ig_embed&amp;utm_campaign=loading\" target=\"_blank\" rel=\"noopener\">Une publication partag\u00e9e par Grands Reportages (@grandsreportages)<\/a><\/p>\n<\/div>\n<\/blockquote>\n<h2><b>Comment y aller sans se perdre (trop)<\/b><\/h2>\n<p><span style=\"font-weight: 400;\">Le bon plan, c\u2019est de prendre le train. Depuis <\/span><b>Paris<\/b><span style=\"font-weight: 400;\">, un TGV vous emm\u00e8ne \u00e0 <\/span><a href=\"https:\/\/discover.ulysse.com\/dormir-cabanes-experiences-insolites-france-ete\">Grenoble<\/a><span style=\"font-weight: 400;\"> en un peu moins de 3h (\u00e0 partir de 40 \u20ac). Ensuite, on encha\u00eene avec un car jusqu\u2019\u00e0 <\/span><b>Bourg-d\u2019Oisans<\/b><span style=\"font-weight: 400;\"> (environ 1h15), puis une navette vers Venosc ou La B\u00e9rarde \u2014 en saison uniquement, of course.<\/span><\/p>\n<p><span style=\"font-weight: 400;\">Depuis <\/span><b>Lyon<\/b><span style=\"font-weight: 400;\">, c\u2019est carr\u00e9ment rapide : 1h30 de TER et vous \u00eates \u00e0 Grenoble. De <\/span><b>Strasbourg<\/b><span style=\"font-weight: 400;\">, comptez autour de 6 \u00e0 7h avec une correspondance, mais le jeu en vaut clairement la chandelle.<\/span><\/p>\n<blockquote class=\"instagram-media\" style=\"background: #FFF; border: 0; border-radius: 3px; margin: 1px; max-width: 540px; min-width: 326px; padding: 0; width: calc(100% - 2px);\" data-instgrm-captioned=\"\" data-instgrm-permalink=\"https:\/\/www.instagram.com\/p\/CCnk4NvoWKr\/?utm_source=ig_embed&amp;utm_campaign=loading\" data-instgrm-version=\"14\">\n<div style=\"padding: 16px;\">\n<p>&nbsp;<\/p>\n<div style=\"flex-direction: row; align-items: center;\">\n<div style=\"background-color: #f4f4f4; border-radius: 50%; flex-grow: 0; height: 40px; margin-right: 14px; width: 40px;\"><\/div>\n<div style=\"flex-direction: column; flex-grow: 1; justify-content: center;\">\n<div style=\"background-color: #f4f4f4; border-radius: 4px; flex-grow: 0; height: 14px; margin-bottom: 6px; width: 100px;\"><\/div>\n<div style=\"background-color: #f4f4f4; border-radius: 4px; flex-grow: 0; height: 14px; width: 60px;\"><\/div>\n<\/div>\n<\/div>\n<div style=\"padding: 19% 0;\"><\/div>\n<div style=\"height: 50px; margin: 0 auto 12px; width: 50px;\"><\/div>\n<div style=\"padding-top: 8px;\">\n<div style=\"color: #3897f0; font-family: Arial,sans-serif; font-size: 14px; font-style: normal; font-weight: 550; line-height: 18px;\">Voir cette publication sur Instagram<\/div>\n<\/div>\n<div style=\"padding: 12.5% 0;\"><\/div>\n<div style=\"flex-direction: row; margin-bottom: 14px; align-items: center;\">\n<div>\n<div style=\"background-color: #f4f4f4; border-radius: 50%; height: 12.5px; width: 12.5px;\"><\/div>\n<div style=\"background-color: #f4f4f4; height: 12.5px; width: 12.5px; flex-grow: 0; margin-right: 14px; margin-left: 2px;\"><\/div>\n<div style=\"background-color: #f4f4f4; border-radius: 50%; height: 12.5px; width: 12.5px;\"><\/div>\n<\/div>\n<div style=\"margin-left: 8px;\">\n<div style=\"background-color: #f4f4f4; border-radius: 50%; flex-grow: 0; height: 20px; width: 20px;\"><\/div>\n<div style=\"width: 0; height: 0; border-top: 2px solid transparent; border-left: 6px solid #f4f4f4; border-bottom: 2px solid transparent;\"><\/div>\n<\/div>\n<div style=\"margin-left: auto;\">\n<div style=\"width: 0px; border-top: 8px solid #F4F4F4; border-right: 8px solid transparent;\"><\/div>\n<div style=\"background-color: #f4f4f4; flex-grow: 0; height: 12px; width: 16px;\"><\/div>\n<div style=\"width: 0; height: 0; border-top: 8px solid #F4F4F4; border-left: 8px solid transparent;\"><\/div>\n<\/div>\n<\/div>\n<div style=\"flex-direction: column; flex-grow: 1; justify-content: center; margin-bottom: 24px;\">\n<div style=\"background-color: #f4f4f4; border-radius: 4px; flex-grow: 0; height: 14px; margin-bottom: 6px; width: 224px;\"><\/div>\n<div style=\"background-color: #f4f4f4; border-radius: 4px; flex-grow: 0; height: 14px; width: 144px;\"><\/div>\n<\/div>\n<p>&nbsp;<\/p>\n<p style=\"color: #c9c8cd; font-family: Arial,sans-serif; font-size: 14px; line-height: 17px; margin-bottom: 0; margin-top: 8px; overflow: hidden; padding: 8px 0 7px; text-align: center;\"><a style=\"color: #c9c8cd; font-family: Arial,sans-serif; font-size: 14px; font-style: normal; font-weight: normal; line-height: 17px; text-decoration: none;\" href=\"https:\/\/www.instagram.com\/p\/CCnk4NvoWKr\/?utm_source=ig_embed&amp;utm_campaign=loading\" target=\"_blank\" rel=\"noopener\">Une publication partag\u00e9e par Les 2 Alpes (@2alpes)<\/a><\/p>\n<\/div>\n<\/blockquote>\n<p><span style=\"font-weight: 400;\">Sur place, pas besoin de voiture si vous aimez marcher. Tout est pens\u00e9 pour les randonneurs, les vrais. Les chemins d\u00e9marrent au pas des g\u00eetes, les refuges se m\u00e9ritent \u00e0 pied, et le t\u00e9l\u00e9phone\u2026 eh bien, oubliez-le. Il capte rarement, et c\u2019est tant mieux.<\/span><\/p>\n","protected":false},"excerpt":{"rendered":"<p>Certains endroits refusent obstin\u00e9ment de faire la une. Pas de grande banni\u00e8re \u201cspot Instagram \u00e0 ne pas manquer\u201d, pas de [&hellip;]<\/p>\n","protected":false},"author":3,"featured_media":33355,"comment_status":"open","ping_status":"closed","sticky":false,"template":"","format":"standard","meta":{"_acf_changed":false,"_sitemap_exclude":false,"_sitemap_priority":"","_sitemap_frequency":"","footnotes":"","rank_math_title":"","rank_math_description":"Quelque part dans les Alpes,  entre ciel et rochers, une vall\u00e9e chuchote \u00e0 l\u2019oreille des marcheurs : venez, mais n\u2019en parlez pas trop.\n","rank_math_canonical_url":"","rank_math_focus_keyword":"alpe,rando"},"categories":[3],"tags":[],"class_list":["post-33354","post","type-post","status-publish","format-standard","has-post-thumbnail","hentry","category-voyage"],"acf":[],"_links":{"self":[{"href":"https:\/\/ulysse.com\/news\/wp-json\/wp\/v2\/posts\/33354","targetHints":{"allow":["GET"]}}],"collection":[{"href":"https:\/\/ulysse.com\/news\/wp-json\/wp\/v2\/posts"}],"about":[{"href":"https:\/\/ulysse.com\/news\/wp-json\/wp\/v2\/types\/post"}],"author":[{"embeddable":true,"href":"https:\/\/ulysse.com\/news\/wp-json\/wp\/v2\/users\/3"}],"replies":[{"embeddable":true,"href":"https:\/\/ulysse.com\/news\/wp-json\/wp\/v2\/comments?post=33354"}],"version-history":[{"count":2,"href":"https:\/\/ulysse.com\/news\/wp-json\/wp\/v2\/posts\/33354\/revisions"}],"predecessor-version":[{"id":33394,"href":"https:\/\/ulysse.com\/news\/wp-json\/wp\/v2\/posts\/33354\/revisions\/33394"}],"wp:featuredmedia":[{"embeddable":true,"href":"https:\/\/ulysse.com\/news\/wp-json\/wp\/v2\/media\/33355"}],"wp:attachment":[{"href":"https:\/\/ulysse.com\/news\/wp-json\/wp\/v2\/media?parent=33354"}],"wp:term":[{"taxonomy":"category","embeddable":true,"href":"https:\/\/ulysse.com\/news\/wp-json\/wp\/v2\/categories?post=33354"},{"taxonomy":"post_tag","embeddable":true,"href":"https:\/\/ulysse.com\/news\/wp-json\/wp\/v2\/tags?post=33354"}],"curies":[{"name":"wp","href":"https:\/\/api.w.org\/{rel}","templated":true}]}}