{"id":33362,"date":"2025-08-09T16:00:20","date_gmt":"2025-08-09T15:00:20","guid":{"rendered":"https:\/\/discover.ulysse.com\/?p=33362"},"modified":"2025-08-09T08:48:48","modified_gmt":"2025-08-09T07:48:48","slug":"sud-france-alerte-vigilance-renforcee-incendies","status":"publish","type":"post","link":"https:\/\/ulysse.com\/news\/sud-france-alerte-vigilance-renforcee-incendies","title":{"rendered":"Sud de la France en alerte : vigilance renforc\u00e9e face aux incendies, ce qu\u2019il faut savoir avant de partir"},"content":{"rendered":"<p><span style=\"font-weight: 400;\">Le<strong> sud de la France<\/strong> est en pleine p\u00e9riode estivale, mais une ombre plane au-dessus des cigales : les incendies sont de retour, et ils frappent fort. Dans <strong>l\u2019Aude<\/strong>, un feu d\u2019une ampleur exceptionnelle s\u2019est d\u00e9clar\u00e9, for\u00e7ant les autorit\u00e9s \u00e0 placer la r\u00e9gion sous haute surveillance. Ce n\u2019est pas une premi\u00e8re, mais l\u2019intensit\u00e9 du brasier et sa progression \u00e9clair marquent un tournant. Avant de boucler sa valise, mieux vaut faire le point sur la situation pour \u00e9viter les mauvaises surprises sur place.<\/span><\/p>\n<h2><b>Une situation exceptionnelle dans l\u2019Aude : quand les flammes gagnent du terrain<\/b><\/h2>\n<p><span style=\"font-weight: 400;\">Depuis le 6 ao\u00fbt, un important incendie s\u2019est d\u00e9clar\u00e9 aux abords du petit village de <strong>Ribaute<\/strong>, dans l\u2019Aude, non loin de la fronti\u00e8re espagnole. En seulement 24 heures, plus de <\/span><b>10 000 hectares<\/b><span style=\"font-weight: 400;\"> de v\u00e9g\u00e9tation sont partis en fum\u00e9e \u2013 soit l\u2019\u00e9quivalent d\u2019un Paris et demi, selon <a href=\"https:\/\/www.timeout.com\/news\/is-it-safe-to-visit-the-south-of-france-latest-advice-as-wildfire-blazes-080725\" target=\"_blank\" rel=\"noopener\">Time Out<\/a>. Un record qui fait de ce feu <\/span>le plus vaste recens\u00e9 dans l\u2019Hexagone depuis 70 ans<span style=\"font-weight: 400;\">, selon les autorit\u00e9s locales. Autant dire que le sud de la France n\u2019avait pas vu \u00e7a depuis des d\u00e9cennies.<\/span><\/p>\n<p><span style=\"font-weight: 400;\">Les flammes se propagent \u00e0 toute allure, port\u00e9es par un cocktail explosif : <\/span>vent sec, chaleur \u00e9crasante et v\u00e9g\u00e9tation assoiff\u00e9e<span style=\"font-weight: 400;\">. R\u00e9sultat ? Des routes ferm\u00e9es, des hameaux partiellement \u00e9vacu\u00e9s et plus de <\/span><b>800 pompiers<\/b><span style=\"font-weight: 400;\"> mobilis\u00e9s jour et nuit pour contenir l\u2019incendie. Sur place, les moyens a\u00e9riens \u2013 Canadairs et h\u00e9licopt\u00e8res \u2013 se relaient pour freiner l\u2019avanc\u00e9e du feu, mais la t\u00e2che reste titanesque.<\/span><\/p>\n<p><span style=\"font-weight: 400;\">Heureusement, aucun d\u00e9c\u00e8s n\u2019est \u00e0 d\u00e9plorer pour le moment, bien que quelques pompiers aient \u00e9t\u00e9 l\u00e9g\u00e8rement bless\u00e9s. La pr\u00e9fecture de l\u2019Aude appelle les habitants comme les touristes \u00e0 <\/span>\u00e9viter les zones bois\u00e9es, \u00e0 rester connect\u00e9s aux alertes locales, et surtout \u00e0 ne pas jouer les aventuriers en voulant s\u2019approcher du feu.<\/p>\n<p><span style=\"font-weight: 400;\">La <a href=\"https:\/\/discover.ulysse.com\/albanie-a-la-decouverte-des-iles-secretes-veritables-perles-mediterraneennes-aux-airs-de-caraibes\">M\u00e9diterran\u00e9e<\/a> reste belle, les plages accueillantes, mais cet \u00e9pisode rappelle que le sud, aussi solaire soit-il, est aussi vuln\u00e9rable face aux d\u00e9r\u00e8glements climatiques. Et si vous aviez pr\u00e9vu une rando dans la garrigue ou un pique-nique au bord d\u2019une pin\u00e8de, il est peut-\u00eatre temps de revoir un peu l\u2019itin\u00e9raire.<\/span><\/p>\n<h2><b>Voyager dans le sud : rester zen, mais inform\u00e9<\/b><\/h2>\n<p><span style=\"font-weight: 400;\">La grande question qui agite les groupes WhatsApp de famille : <\/span><b>peut-on encore partir dans le sud en vacances ?<\/b><span style=\"font-weight: 400;\"> La r\u00e9ponse est oui\u2026 mais avec discernement. Toutes les zones ne sont pas concern\u00e9es par les incendies, et les principales stations baln\u00e9aires restent accessibles et op\u00e9rationnelles. N\u00e9anmoins, il faut \u00eatre vigilant, car la situation \u00e9volue tr\u00e8s vite.<\/span><\/p>\n<p><span style=\"font-weight: 400;\">D\u2019apr\u00e8s les conseils du <\/span><a href=\"https:\/\/www.gov.uk\/foreign-travel-advice\/france\" target=\"_blank\" rel=\"noopener\">Foreign, Commonwealth &amp; Development Office<\/a><span style=\"font-weight: 400;\"> britannique (oui, eux aussi gardent un \u0153il sur nos \u00e9t\u00e9s), les incendies peuvent surgir un peu partout sur le territoire fran\u00e7ais, notamment le long de la M\u00e9diterran\u00e9e et en<a href=\"https:\/\/discover.ulysse.com\/corse-sauvage-calanques-piana-oeuvre-mineral\"> Corse<\/a>. En clair : ne paniquez pas, mais soyez attentifs.<\/span><\/p>\n<p><span style=\"font-weight: 400;\">Le r\u00e9flexe \u00e0 adopter avant le d\u00e9part ? <\/span><b>Consulter la carte de vigilance feux de for\u00eat<\/b><span style=\"font-weight: 400;\"> mise \u00e0 jour quotidiennement sur le site de M\u00e9t\u00e9o-France. Une zone rouge = haut risque = \u00e0 \u00e9viter absolument. Et une fois sur place, suivez les consignes locales, qu\u2019il s\u2019agisse d\u2019interdictions temporaires d\u2019acc\u00e8s aux massifs forestiers ou de recommandations en cas de fum\u00e9e ou d\u2019\u00e9vacuation.<\/span><\/p>\n<p><span style=\"font-weight: 400;\">En cas de p\u00e9pin, deux num\u00e9ros \u00e0 retenir : <\/span><b>le 18<\/b><span style=\"font-weight: 400;\"> (pompiers) et <\/span><b>le 112<\/b><span style=\"font-weight: 400;\"> (urgences europ\u00e9ennes). On esp\u00e8re \u00e9videmment que vous n\u2019aurez jamais \u00e0 les composer, mais mieux vaut les avoir en t\u00eate que de compter sur un r\u00e9seau capricieux au sommet du Mont Ventoux.<\/span><\/p>\n<p><span style=\"font-weight: 400;\">C\u00f4t\u00e9 pratique, certaines compagnies de voyage permettent de modifier ou d\u2019annuler sans frais, surtout si vous \u00eates dans une zone touch\u00e9e. Si vous avez r\u00e9serv\u00e9 un s\u00e9jour via une agence ou un tour-op\u00e9rateur, jetez un \u0153il \u00e0 vos <\/span>droits en tant que consommateur europ\u00e9en : en cas d\u2019\u00e9vacuation ou de changement de programme non anticip\u00e9, une compensation<span style=\"font-weight: 400;\"> peut \u00eatre envisageable.<\/span><\/p>\n<p><span style=\"font-weight: 400;\">Enfin, le bon sens est votre meilleur alli\u00e9. Si vous voyez de la fum\u00e9e \u00e0 l\u2019horizon, ce n\u2019est pas le moment d\u2019aller prendre des photos pour Instagram. Et si les secours vous demandent de d\u00e9guerpir, faites-le sans h\u00e9siter \u2013 vos vacances peuvent continuer ailleurs, en toute s\u00e9curit\u00e9.<\/span><\/p>\n","protected":false},"excerpt":{"rendered":"<p>Le sud de la France est en pleine p\u00e9riode estivale, mais une ombre plane au-dessus des cigales : les incendies [&hellip;]<\/p>\n","protected":false},"author":3,"featured_media":33363,"comment_status":"open","ping_status":"closed","sticky":false,"template":"","format":"standard","meta":{"_acf_changed":false,"_sitemap_exclude":false,"_sitemap_priority":"","_sitemap_frequency":"","footnotes":"","rank_math_title":"","rank_math_description":"Feu dans l\u2019Aude, zones rouges et recommandations : le sud est en alerte, voici tout ce qu\u2019il faut savoir avant de plonger dans l\u2019\u00e9t\u00e9.\n","rank_math_canonical_url":"","rank_math_focus_keyword":"sud,france"},"categories":[3],"tags":[],"class_list":["post-33362","post","type-post","status-publish","format-standard","has-post-thumbnail","hentry","category-voyage"],"acf":[],"_links":{"self":[{"href":"https:\/\/ulysse.com\/news\/wp-json\/wp\/v2\/posts\/33362","targetHints":{"allow":["GET"]}}],"collection":[{"href":"https:\/\/ulysse.com\/news\/wp-json\/wp\/v2\/posts"}],"about":[{"href":"https:\/\/ulysse.com\/news\/wp-json\/wp\/v2\/types\/post"}],"author":[{"embeddable":true,"href":"https:\/\/ulysse.com\/news\/wp-json\/wp\/v2\/users\/3"}],"replies":[{"embeddable":true,"href":"https:\/\/ulysse.com\/news\/wp-json\/wp\/v2\/comments?post=33362"}],"version-history":[{"count":2,"href":"https:\/\/ulysse.com\/news\/wp-json\/wp\/v2\/posts\/33362\/revisions"}],"predecessor-version":[{"id":33391,"href":"https:\/\/ulysse.com\/news\/wp-json\/wp\/v2\/posts\/33362\/revisions\/33391"}],"wp:featuredmedia":[{"embeddable":true,"href":"https:\/\/ulysse.com\/news\/wp-json\/wp\/v2\/media\/33363"}],"wp:attachment":[{"href":"https:\/\/ulysse.com\/news\/wp-json\/wp\/v2\/media?parent=33362"}],"wp:term":[{"taxonomy":"category","embeddable":true,"href":"https:\/\/ulysse.com\/news\/wp-json\/wp\/v2\/categories?post=33362"},{"taxonomy":"post_tag","embeddable":true,"href":"https:\/\/ulysse.com\/news\/wp-json\/wp\/v2\/tags?post=33362"}],"curies":[{"name":"wp","href":"https:\/\/api.w.org\/{rel}","templated":true}]}}