{"id":33377,"date":"2025-08-09T10:00:56","date_gmt":"2025-08-09T09:00:56","guid":{"rendered":"https:\/\/discover.ulysse.com\/?p=33377"},"modified":"2025-08-09T08:45:23","modified_gmt":"2025-08-09T07:45:23","slug":"plage-qui-bouge-en-bretagne-un-littoral","status":"publish","type":"post","link":"https:\/\/ulysse.com\/news\/plage-qui-bouge-en-bretagne-un-littoral","title":{"rendered":"D\u00e9couvrez la plage qui bouge en Bretagne : un littoral qui change de visage chaque \u00e9t\u00e9, un v\u00e9ritable spectacle des flots"},"content":{"rendered":"<p>Elle avance, recule, s\u2019\u00e9tire, puis se r\u00e9tracte. Et chaque \u00e9t\u00e9, elle change de look. \u00c0<strong> Belle-\u00cele-en-Mer<\/strong>, il existe une plage pas comme les autres, qui semble danser au rythme de l\u2019oc\u00e9an. Sa forme unique, son sable qui migre, son calme presque d\u00e9routant\u2026 tout y est \u00e9tonnant. On croit conna\u00eetre la<strong> Bretagne,<\/strong> et puis paf, un miracle naturel vient nous secouer les id\u00e9es re\u00e7ues. Et si la plus belle curiosit\u00e9 de l\u2019\u00eele n\u2019\u00e9tait pas un monument, mais tout simplement un banc de sable capricieux\u202f?<\/p>\n<h2><b>Une plage cam\u00e9l\u00e9on en plein c\u0153ur de Belle-\u00cele<\/b><\/h2>\n<p><span style=\"font-weight: 400;\">La <\/span><b>plage des Grands Sables<\/b><span style=\"font-weight: 400;\">, \u00e0 l\u2019est de <\/span><b>Belle-\u00cele-en-Mer<\/b><span style=\"font-weight: 400;\">, n\u2019est pas une plage comme les autres. Chaque ann\u00e9e, les flots lui offrent une nouvelle silhouette. Un coup elle s\u2019arrondit, l\u2019\u00e9t\u00e9 d\u2019apr\u00e8s elle s\u2019\u00e9tire comme une langue paresseuse. On l\u2019appelle d\u2019ailleurs la <\/span><b>plage convexe<\/b><span style=\"font-weight: 400;\">, car son trac\u00e9 en forme de banane tourn\u00e9e vers la mer est une raret\u00e9 en Europe. Et ce n\u2019est pas qu\u2019une coquetterie g\u00e9ologique : c\u2019est un vrai <\/span><b>ph\u00e9nom\u00e8ne naturel<\/b><span style=\"font-weight: 400;\">, d\u00fb aux courants marins et aux vents qui sculptent lentement mais s\u00fbrement le sable, saison apr\u00e8s saison.<\/span><\/p>\n<p><span style=\"font-weight: 400;\">L\u00e0-bas, le sable est blanc, presque aveuglant sous le soleil, et l\u2019eau claire comme du verre. Le silence est roi, sauf quand un voilier glisse \u00e0 l\u2019horizon ou qu\u2019un paddle fend l\u2019onde en douceur. La plage est immense, elle d\u00e9passe 1,5\u202fkm de long, et pourtant, elle garde une \u00e2me paisible, loin de l\u2019agitation des grandes stations baln\u00e9aires. Pas de parasols plant\u00e9s \u00e0 la cha\u00eene, pas de bruit, juste le roulis de la mer et les pas dans le sable qui crissent sous les pieds.<\/span><\/p>\n<p><span style=\"font-weight: 400;\">Ce qui rend ce lieu encore plus fou, c\u2019est sa <\/span><b>m\u00e9tamorphose constante<\/b><span style=\"font-weight: 400;\">. Certains locaux racontent que la plage a d\u00e9j\u00e0 recul\u00e9 de plusieurs dizaines de m\u00e8tres en quelques ann\u00e9es. En 2024, elle avait presque fusionn\u00e9 avec la plage de Samzun. En 2025, elle s\u2019est de nouveau recentr\u00e9e. Bref, ici, m\u00eame le sable est vivant. On ne pose jamais sa serviette deux fois au m\u00eame endroit.<\/span><\/p>\n<blockquote class=\"instagram-media\" style=\"background: #FFF; border: 0; border-radius: 3px; margin: 1px; max-width: 540px; min-width: 326px; padding: 0; width: calc(100% - 2px);\" data-instgrm-captioned=\"\" data-instgrm-permalink=\"https:\/\/www.instagram.com\/p\/BGbikz7GAPy\/?utm_source=ig_embed&amp;utm_campaign=loading\" data-instgrm-version=\"14\">\n<div style=\"padding: 16px;\">\n<p>&nbsp;<\/p>\n<div style=\"flex-direction: row; align-items: center;\">\n<div style=\"background-color: #f4f4f4; border-radius: 50%; flex-grow: 0; height: 40px; margin-right: 14px; width: 40px;\"><\/div>\n<div style=\"flex-direction: column; flex-grow: 1; justify-content: center;\">\n<div style=\"background-color: #f4f4f4; border-radius: 4px; flex-grow: 0; height: 14px; margin-bottom: 6px; width: 100px;\"><\/div>\n<div style=\"background-color: #f4f4f4; border-radius: 4px; flex-grow: 0; height: 14px; width: 60px;\"><\/div>\n<\/div>\n<\/div>\n<div style=\"padding: 19% 0;\"><\/div>\n<div style=\"height: 50px; margin: 0 auto 12px; width: 50px;\"><\/div>\n<div style=\"padding-top: 8px;\">\n<div style=\"color: #3897f0; font-family: Arial,sans-serif; font-size: 14px; font-style: normal; font-weight: 550; line-height: 18px;\">Voir cette publication sur Instagram<\/div>\n<\/div>\n<div style=\"padding: 12.5% 0;\"><\/div>\n<div style=\"flex-direction: row; margin-bottom: 14px; align-items: center;\">\n<div>\n<div style=\"background-color: #f4f4f4; border-radius: 50%; height: 12.5px; width: 12.5px;\"><\/div>\n<div style=\"background-color: #f4f4f4; height: 12.5px; width: 12.5px; flex-grow: 0; margin-right: 14px; margin-left: 2px;\"><\/div>\n<div style=\"background-color: #f4f4f4; border-radius: 50%; height: 12.5px; width: 12.5px;\"><\/div>\n<\/div>\n<div style=\"margin-left: 8px;\">\n<div style=\"background-color: #f4f4f4; border-radius: 50%; flex-grow: 0; height: 20px; width: 20px;\"><\/div>\n<div style=\"width: 0; height: 0; border-top: 2px solid transparent; border-left: 6px solid #f4f4f4; border-bottom: 2px solid transparent;\"><\/div>\n<\/div>\n<div style=\"margin-left: auto;\">\n<div style=\"width: 0px; border-top: 8px solid #F4F4F4; border-right: 8px solid transparent;\"><\/div>\n<div style=\"background-color: #f4f4f4; flex-grow: 0; height: 12px; width: 16px;\"><\/div>\n<div style=\"width: 0; height: 0; border-top: 8px solid #F4F4F4; border-left: 8px solid transparent;\"><\/div>\n<\/div>\n<\/div>\n<div style=\"flex-direction: column; flex-grow: 1; justify-content: center; margin-bottom: 24px;\">\n<div style=\"background-color: #f4f4f4; border-radius: 4px; flex-grow: 0; height: 14px; margin-bottom: 6px; width: 224px;\"><\/div>\n<div style=\"background-color: #f4f4f4; border-radius: 4px; flex-grow: 0; height: 14px; width: 144px;\"><\/div>\n<\/div>\n<p>&nbsp;<\/p>\n<p style=\"color: #c9c8cd; font-family: Arial,sans-serif; font-size: 14px; line-height: 17px; margin-bottom: 0; margin-top: 8px; overflow: hidden; padding: 8px 0 7px; text-align: center;\"><a style=\"color: #c9c8cd; font-family: Arial,sans-serif; font-size: 14px; font-style: normal; font-weight: normal; line-height: 17px; text-decoration: none;\" href=\"https:\/\/www.instagram.com\/p\/BGbikz7GAPy\/?utm_source=ig_embed&amp;utm_campaign=loading\" target=\"_blank\" rel=\"noopener\">Une publication partag\u00e9e par Fred Whites (@fredwhit13)<\/a><\/p>\n<\/div>\n<\/blockquote>\n<h2><b>Belle-\u00cele, un th\u00e9\u00e2tre iod\u00e9 grandeur nature<\/b><\/h2>\n<p><span style=\"font-weight: 400;\">Le d\u00e9cor de cette plage mouvante ? Rien de moins que <\/span><b>Belle-\u00cele-en-Mer<\/b><span style=\"font-weight: 400;\">, la star du <a href=\"https:\/\/discover.ulysse.com\/sncf-gite-insolite-bretagne-vintage-jardin\">Morbihan<\/a>. Une \u00eele qui porte bien son nom, avec ses falaises rugueuses, ses petites maisons aux volets bleus, ses sentiers c\u00f4tiers qui n\u2019en finissent plus de serpenter. <\/span><b>Locmaria<\/b><span style=\"font-weight: 400;\">, la commune o\u00f9 se trouve la plage, offre un condens\u00e9 de Bretagne carte postale, mais sans chichis. Juste l\u2019authenticit\u00e9, le granit, les ajoncs, et des panoramas qui d\u00e9crochent la m\u00e2choire.<\/span><\/p>\n<p><span style=\"font-weight: 400;\">Ici, tout invite \u00e0 la d\u00e9connexion : balades sur le sentier c\u00f4tier, couchers de soleil depuis les hauteurs, vir\u00e9es en kayak ou \u00e0 v\u00e9lo\u2026 et baignades \u00e0 gogo quand la mer est d\u2019humeur tendre. La base nautique locale propose paddle, voile, kayak \u2013 de quoi s\u2019amuser entre deux pique-niques face \u00e0 l\u2019infini.<\/span><\/p>\n<p><span style=\"font-weight: 400;\">L\u2019int\u00e9rieur de l\u2019\u00eele est tout aussi g\u00e9n\u00e9reux : des petites routes bord\u00e9es de murets, des march\u00e9s pleins de produits frais, et une ambiance qui oscille entre qui\u00e9tude et chaleur humaine. <\/span><b>Le Palais<\/b><span style=\"font-weight: 400;\">, la ville principale, offre caf\u00e9s, cr\u00eaperies et m\u00eame quelques galeries d\u2019art pour celles et ceux qui aiment fl\u00e2ner. Et contrairement \u00e0 ce qu\u2019on pourrait croire, <\/span><b>le co\u00fbt de la vie y reste accessible<\/b><span style=\"font-weight: 400;\">. En \u00e9t\u00e9, un plat du jour tourne autour de 15 \u00e0 20\u202f\u20ac, les chambres d\u2019h\u00f4tes se trouvent \u00e0 partir de 80\u202f\u20ac la nuit, et l\u2019\u00eele propose aussi campings et g\u00eetes pour les budgets plus serr\u00e9s.<\/span><\/p>\n<blockquote class=\"instagram-media\" style=\"background: #FFF; border: 0; border-radius: 3px; margin: 1px; max-width: 540px; min-width: 326px; padding: 0; width: calc(100% - 2px);\" data-instgrm-captioned=\"\" data-instgrm-permalink=\"https:\/\/www.instagram.com\/p\/DLt21-FJHZR\/?utm_source=ig_embed&amp;utm_campaign=loading\" data-instgrm-version=\"14\">\n<div style=\"padding: 16px;\">\n<p>&nbsp;<\/p>\n<div style=\"flex-direction: row; align-items: center;\">\n<div style=\"background-color: #f4f4f4; border-radius: 50%; flex-grow: 0; height: 40px; margin-right: 14px; width: 40px;\"><\/div>\n<div style=\"flex-direction: column; flex-grow: 1; justify-content: center;\">\n<div style=\"background-color: #f4f4f4; border-radius: 4px; flex-grow: 0; height: 14px; margin-bottom: 6px; width: 100px;\"><\/div>\n<div style=\"background-color: #f4f4f4; border-radius: 4px; flex-grow: 0; height: 14px; width: 60px;\"><\/div>\n<\/div>\n<\/div>\n<div style=\"padding: 19% 0;\"><\/div>\n<div style=\"height: 50px; margin: 0 auto 12px; width: 50px;\"><\/div>\n<div style=\"padding-top: 8px;\">\n<div style=\"color: #3897f0; font-family: Arial,sans-serif; font-size: 14px; font-style: normal; font-weight: 550; line-height: 18px;\">Voir cette publication sur Instagram<\/div>\n<\/div>\n<div style=\"padding: 12.5% 0;\"><\/div>\n<div style=\"flex-direction: row; margin-bottom: 14px; align-items: center;\">\n<div>\n<div style=\"background-color: #f4f4f4; border-radius: 50%; height: 12.5px; width: 12.5px;\"><\/div>\n<div style=\"background-color: #f4f4f4; height: 12.5px; width: 12.5px; flex-grow: 0; margin-right: 14px; margin-left: 2px;\"><\/div>\n<div style=\"background-color: #f4f4f4; border-radius: 50%; height: 12.5px; width: 12.5px;\"><\/div>\n<\/div>\n<div style=\"margin-left: 8px;\">\n<div style=\"background-color: #f4f4f4; border-radius: 50%; flex-grow: 0; height: 20px; width: 20px;\"><\/div>\n<div style=\"width: 0; height: 0; border-top: 2px solid transparent; border-left: 6px solid #f4f4f4; border-bottom: 2px solid transparent;\"><\/div>\n<\/div>\n<div style=\"margin-left: auto;\">\n<div style=\"width: 0px; border-top: 8px solid #F4F4F4; border-right: 8px solid transparent;\"><\/div>\n<div style=\"background-color: #f4f4f4; flex-grow: 0; height: 12px; width: 16px;\"><\/div>\n<div style=\"width: 0; height: 0; border-top: 8px solid #F4F4F4; border-left: 8px solid transparent;\"><\/div>\n<\/div>\n<\/div>\n<div style=\"flex-direction: column; flex-grow: 1; justify-content: center; margin-bottom: 24px;\">\n<div style=\"background-color: #f4f4f4; border-radius: 4px; flex-grow: 0; height: 14px; margin-bottom: 6px; width: 224px;\"><\/div>\n<div style=\"background-color: #f4f4f4; border-radius: 4px; flex-grow: 0; height: 14px; width: 144px;\"><\/div>\n<\/div>\n<p>&nbsp;<\/p>\n<p style=\"color: #c9c8cd; font-family: Arial,sans-serif; font-size: 14px; line-height: 17px; margin-bottom: 0; margin-top: 8px; overflow: hidden; padding: 8px 0 7px; text-align: center;\"><a style=\"color: #c9c8cd; font-family: Arial,sans-serif; font-size: 14px; font-style: normal; font-weight: normal; line-height: 17px; text-decoration: none;\" href=\"https:\/\/www.instagram.com\/p\/DLt21-FJHZR\/?utm_source=ig_embed&amp;utm_campaign=loading\" target=\"_blank\" rel=\"noopener\">Une publication partag\u00e9e par Office de Tourisme Belle Ile (@otbelleile)<\/a><\/p>\n<\/div>\n<\/blockquote>\n<h2><b>Y aller, c\u2019est d\u00e9j\u00e0 plonger dans l\u2019aventure<\/b><\/h2>\n<p><span style=\"font-weight: 400;\">Alors oui, Belle-\u00cele, \u00e7a se m\u00e9rite. Mais quelle r\u00e9compense \u00e0 l\u2019arriv\u00e9e ! Depuis la France continentale, le point d\u2019acc\u00e8s principal reste <\/span><b>Quiberon<\/b><span style=\"font-weight: 400;\">, dans le Morbihan. De l\u00e0, des ferrys relient <\/span><b>Le Palais<\/b><span style=\"font-weight: 400;\"> en <\/span><b>45 minutes de travers\u00e9e<\/b><span style=\"font-weight: 400;\">. Et l\u2019exp\u00e9rience commence d\u00e8s le bateau : le vent, les go\u00e9lands, la mer qui s\u2019ouvre. On sent d\u00e9j\u00e0 que quelque chose de sp\u00e9cial se pr\u00e9pare.<\/span><\/p>\n<p><span style=\"font-weight: 400;\">Depuis <\/span>Paris, comptez environ 4h30 de trajet : un TGV jusqu\u2019\u00e0 Auray, puis un TER ou une navette jusqu\u2019\u00e0 Quiberon, et enfin le bateau. De Lyon ou Strasbourg, il faudra pr\u00e9voir entre 6h et 8h<span style=\"font-weight: 400;\"> de trajet avec une correspondance. Rien d\u2019excessif quand on pense au d\u00e9paysement qui attend \u00e0 l\u2019arriv\u00e9e. L\u2019\u00eele, elle, se parcourt \u00e0 pied, \u00e0 v\u00e9lo, ou en navette. Pour se rendre aux <strong>Grands Sables<\/strong>, il suffit de rouler ou p\u00e9daler environ 7 km depuis Le Palais \u2013 avec en prime quelques points de vue \u00e0 couper le souffle en chemin.<\/span><\/p>\n<p><span style=\"font-weight: 400;\">Et une fois sur place ? Il ne reste qu\u2019\u00e0 choisir sa place sur le sable, garder un \u0153il sur la mer\u2026 et constater que la plage, elle, ne vous attend pas. Elle file, lentement, comme une diva des mar\u00e9es.<\/span><\/p>\n<blockquote class=\"instagram-media\" style=\"background: #FFF; border: 0; border-radius: 3px; margin: 1px; max-width: 540px; min-width: 326px; padding: 0; width: calc(100% - 2px);\" data-instgrm-captioned=\"\" data-instgrm-permalink=\"https:\/\/www.instagram.com\/p\/C_gbRWTiu7i\/?utm_source=ig_embed&amp;utm_campaign=loading\" data-instgrm-version=\"14\">\n<div style=\"padding: 16px;\">\n<p>&nbsp;<\/p>\n<div style=\"flex-direction: row; align-items: center;\">\n<div style=\"background-color: #f4f4f4; border-radius: 50%; flex-grow: 0; height: 40px; margin-right: 14px; width: 40px;\"><\/div>\n<div style=\"flex-direction: column; flex-grow: 1; justify-content: center;\">\n<div style=\"background-color: #f4f4f4; border-radius: 4px; flex-grow: 0; height: 14px; margin-bottom: 6px; width: 100px;\"><\/div>\n<div style=\"background-color: #f4f4f4; border-radius: 4px; flex-grow: 0; height: 14px; width: 60px;\"><\/div>\n<\/div>\n<\/div>\n<div style=\"padding: 19% 0;\"><\/div>\n<div style=\"height: 50px; margin: 0 auto 12px; width: 50px;\"><\/div>\n<div style=\"padding-top: 8px;\">\n<div style=\"color: #3897f0; font-family: Arial,sans-serif; font-size: 14px; font-style: normal; font-weight: 550; line-height: 18px;\">Voir cette publication sur Instagram<\/div>\n<\/div>\n<div style=\"padding: 12.5% 0;\"><\/div>\n<div style=\"flex-direction: row; margin-bottom: 14px; align-items: center;\">\n<div>\n<div style=\"background-color: #f4f4f4; border-radius: 50%; height: 12.5px; width: 12.5px;\"><\/div>\n<div style=\"background-color: #f4f4f4; height: 12.5px; width: 12.5px; flex-grow: 0; margin-right: 14px; margin-left: 2px;\"><\/div>\n<div style=\"background-color: #f4f4f4; border-radius: 50%; height: 12.5px; width: 12.5px;\"><\/div>\n<\/div>\n<div style=\"margin-left: 8px;\">\n<div style=\"background-color: #f4f4f4; border-radius: 50%; flex-grow: 0; height: 20px; width: 20px;\"><\/div>\n<div style=\"width: 0; height: 0; border-top: 2px solid transparent; border-left: 6px solid #f4f4f4; border-bottom: 2px solid transparent;\"><\/div>\n<\/div>\n<div style=\"margin-left: auto;\">\n<div style=\"width: 0px; border-top: 8px solid #F4F4F4; border-right: 8px solid transparent;\"><\/div>\n<div style=\"background-color: #f4f4f4; flex-grow: 0; height: 12px; width: 16px;\"><\/div>\n<div style=\"width: 0; height: 0; border-top: 8px solid #F4F4F4; border-left: 8px solid transparent;\"><\/div>\n<\/div>\n<\/div>\n<div style=\"flex-direction: column; flex-grow: 1; justify-content: center; margin-bottom: 24px;\">\n<div style=\"background-color: #f4f4f4; border-radius: 4px; flex-grow: 0; height: 14px; margin-bottom: 6px; width: 224px;\"><\/div>\n<div style=\"background-color: #f4f4f4; border-radius: 4px; flex-grow: 0; height: 14px; width: 144px;\"><\/div>\n<\/div>\n<p>&nbsp;<\/p>\n<p style=\"color: #c9c8cd; font-family: Arial,sans-serif; font-size: 14px; line-height: 17px; margin-bottom: 0; margin-top: 8px; overflow: hidden; padding: 8px 0 7px; text-align: center;\"><a style=\"color: #c9c8cd; font-family: Arial,sans-serif; font-size: 14px; font-style: normal; font-weight: normal; line-height: 17px; text-decoration: none;\" href=\"https:\/\/www.instagram.com\/p\/C_gbRWTiu7i\/?utm_source=ig_embed&amp;utm_campaign=loading\" target=\"_blank\" rel=\"noopener\">Une publication partag\u00e9e par -` Moni \u2018- \ud83e\udd8b (@monuemo)<\/a><\/p>\n<\/div>\n<\/blockquote>\n<h2><b>Quand le sable d\u00e9cide de faire sa vie<\/b><\/h2>\n<p><span style=\"font-weight: 400;\">La plage des Grands Sables est un spectacle naturel \u00e0 part enti\u00e8re. Chaque \u00e9t\u00e9, les curieux reviennent et comparent : \u00ab Tiens, elle a encore boug\u00e9 \u00bb, \u00ab Regarde, elle est plus large cette ann\u00e9e \u00bb. Certains sortent m\u00eame les photos des ann\u00e9es pr\u00e9c\u00e9dentes, comme on compare un enfant qui grandit trop vite. Et pour cause : <\/span><b>le trait de c\u00f4te recule ou avance selon les vents et les courants<\/b><span style=\"font-weight: 400;\">, dessinant chaque saison un nouveau rivage.<\/span><\/p>\n<p><span style=\"font-weight: 400;\">Ce ph\u00e9nom\u00e8ne fascine autant qu\u2019il inqui\u00e8te. Car s\u2019il enchante les touristes, il pose aussi quelques casse-t\u00eates aux g\u00e9ologues et aux urbanistes de l\u2019\u00eele. Mais pour le visiteur, c\u2019est surtout une surprise permanente. Une invitation \u00e0 revenir. \u00c0 voir, l\u2019ann\u00e9e suivante, ce que la mer aura redessin\u00e9.<\/span><\/p>\n<blockquote class=\"instagram-media\" style=\"background: #FFF; border: 0; border-radius: 3px; margin: 1px; max-width: 540px; min-width: 326px; padding: 0; width: calc(100% - 2px);\" data-instgrm-captioned=\"\" data-instgrm-permalink=\"https:\/\/www.instagram.com\/p\/DKPk8Qdo4ES\/?utm_source=ig_embed&amp;utm_campaign=loading\" data-instgrm-version=\"14\">\n<div style=\"padding: 16px;\">\n<p>&nbsp;<\/p>\n<div style=\"flex-direction: row; align-items: center;\">\n<div style=\"background-color: #f4f4f4; border-radius: 50%; flex-grow: 0; height: 40px; margin-right: 14px; width: 40px;\"><\/div>\n<div style=\"flex-direction: column; flex-grow: 1; justify-content: center;\">\n<div style=\"background-color: #f4f4f4; border-radius: 4px; flex-grow: 0; height: 14px; margin-bottom: 6px; width: 100px;\"><\/div>\n<div style=\"background-color: #f4f4f4; border-radius: 4px; flex-grow: 0; height: 14px; width: 60px;\"><\/div>\n<\/div>\n<\/div>\n<div style=\"padding: 19% 0;\"><\/div>\n<div style=\"height: 50px; margin: 0 auto 12px; width: 50px;\"><\/div>\n<div style=\"padding-top: 8px;\">\n<div style=\"color: #3897f0; font-family: Arial,sans-serif; font-size: 14px; font-style: normal; font-weight: 550; line-height: 18px;\">Voir cette publication sur Instagram<\/div>\n<\/div>\n<div style=\"padding: 12.5% 0;\"><\/div>\n<div style=\"flex-direction: row; margin-bottom: 14px; align-items: center;\">\n<div>\n<div style=\"background-color: #f4f4f4; border-radius: 50%; height: 12.5px; width: 12.5px;\"><\/div>\n<div style=\"background-color: #f4f4f4; height: 12.5px; width: 12.5px; flex-grow: 0; margin-right: 14px; margin-left: 2px;\"><\/div>\n<div style=\"background-color: #f4f4f4; border-radius: 50%; height: 12.5px; width: 12.5px;\"><\/div>\n<\/div>\n<div style=\"margin-left: 8px;\">\n<div style=\"background-color: #f4f4f4; border-radius: 50%; flex-grow: 0; height: 20px; width: 20px;\"><\/div>\n<div style=\"width: 0; height: 0; border-top: 2px solid transparent; border-left: 6px solid #f4f4f4; border-bottom: 2px solid transparent;\"><\/div>\n<\/div>\n<div style=\"margin-left: auto;\">\n<div style=\"width: 0px; border-top: 8px solid #F4F4F4; border-right: 8px solid transparent;\"><\/div>\n<div style=\"background-color: #f4f4f4; flex-grow: 0; height: 12px; width: 16px;\"><\/div>\n<div style=\"width: 0; height: 0; border-top: 8px solid #F4F4F4; border-left: 8px solid transparent;\"><\/div>\n<\/div>\n<\/div>\n<div style=\"flex-direction: column; flex-grow: 1; justify-content: center; margin-bottom: 24px;\">\n<div style=\"background-color: #f4f4f4; border-radius: 4px; flex-grow: 0; height: 14px; margin-bottom: 6px; width: 224px;\"><\/div>\n<div style=\"background-color: #f4f4f4; border-radius: 4px; flex-grow: 0; height: 14px; width: 144px;\"><\/div>\n<\/div>\n<p>&nbsp;<\/p>\n<p style=\"color: #c9c8cd; font-family: Arial,sans-serif; font-size: 14px; line-height: 17px; margin-bottom: 0; margin-top: 8px; overflow: hidden; padding: 8px 0 7px; text-align: center;\"><a style=\"color: #c9c8cd; font-family: Arial,sans-serif; font-size: 14px; font-style: normal; font-weight: normal; line-height: 17px; text-decoration: none;\" href=\"https:\/\/www.instagram.com\/p\/DKPk8Qdo4ES\/?utm_source=ig_embed&amp;utm_campaign=loading\" target=\"_blank\" rel=\"noopener\">Une publication partag\u00e9e par Office de Tourisme Belle Ile (@otbelleile)<\/a><\/p>\n<\/div>\n<\/blockquote>\n<p><span style=\"font-weight: 400;\">\u00c0 mar\u00e9e basse, les promeneurs peuvent marcher sur des centaines de m\u00e8tres de sable dur, presque d\u00e9sertique. \u00c0 mar\u00e9e haute, l\u2019eau vient presque l\u00e9cher les herbes folles, comme si elle voulait regagner du terrain. Et au milieu de tout \u00e7a, quelques serviettes, des enfants qui creusent des tunnels, des paddles qui glissent\u2026 <a href=\"https:\/\/discover.ulysse.com\/la-bretagne-decroche-la-premiere-place-des-plages-paradisiaques\">la Bretagne<\/a>, dans ce qu\u2019elle a de plus doux et de plus surprenant.<\/span><\/p>\n","protected":false},"excerpt":{"rendered":"<p>Elle avance, recule, s\u2019\u00e9tire, puis se r\u00e9tracte. Et chaque \u00e9t\u00e9, elle change de look. \u00c0 Belle-\u00cele-en-Mer, il existe une plage [&hellip;]<\/p>\n","protected":false},"author":3,"featured_media":33378,"comment_status":"open","ping_status":"closed","sticky":false,"template":"","format":"standard","meta":{"_acf_changed":false,"_sitemap_exclude":false,"_sitemap_priority":"","_sitemap_frequency":"","footnotes":"","rank_math_title":"","rank_math_description":"En Bretagne, certaines plages bougent plus que les mar\u00e9es \u2013 et les Grands Sables vous le prouveront, grain apr\u00e8s grain.\n","rank_math_canonical_url":"","rank_math_focus_keyword":"bretagne,plage"},"categories":[3],"tags":[],"class_list":["post-33377","post","type-post","status-publish","format-standard","has-post-thumbnail","hentry","category-voyage"],"acf":[],"_links":{"self":[{"href":"https:\/\/ulysse.com\/news\/wp-json\/wp\/v2\/posts\/33377","targetHints":{"allow":["GET"]}}],"collection":[{"href":"https:\/\/ulysse.com\/news\/wp-json\/wp\/v2\/posts"}],"about":[{"href":"https:\/\/ulysse.com\/news\/wp-json\/wp\/v2\/types\/post"}],"author":[{"embeddable":true,"href":"https:\/\/ulysse.com\/news\/wp-json\/wp\/v2\/users\/3"}],"replies":[{"embeddable":true,"href":"https:\/\/ulysse.com\/news\/wp-json\/wp\/v2\/comments?post=33377"}],"version-history":[{"count":2,"href":"https:\/\/ulysse.com\/news\/wp-json\/wp\/v2\/posts\/33377\/revisions"}],"predecessor-version":[{"id":33387,"href":"https:\/\/ulysse.com\/news\/wp-json\/wp\/v2\/posts\/33377\/revisions\/33387"}],"wp:featuredmedia":[{"embeddable":true,"href":"https:\/\/ulysse.com\/news\/wp-json\/wp\/v2\/media\/33378"}],"wp:attachment":[{"href":"https:\/\/ulysse.com\/news\/wp-json\/wp\/v2\/media?parent=33377"}],"wp:term":[{"taxonomy":"category","embeddable":true,"href":"https:\/\/ulysse.com\/news\/wp-json\/wp\/v2\/categories?post=33377"},{"taxonomy":"post_tag","embeddable":true,"href":"https:\/\/ulysse.com\/news\/wp-json\/wp\/v2\/tags?post=33377"}],"curies":[{"name":"wp","href":"https:\/\/api.w.org\/{rel}","templated":true}]}}