{"id":33380,"date":"2025-08-10T13:00:24","date_gmt":"2025-08-10T12:00:24","guid":{"rendered":"https:\/\/discover.ulysse.com\/?p=33380"},"modified":"2025-08-10T08:49:13","modified_gmt":"2025-08-10T07:49:13","slug":"secrets-urbains-tuk%e2%80%91tuk-velo-angers-ville","status":"publish","type":"post","link":"https:\/\/ulysse.com\/news\/secrets-urbains-tuk%e2%80%91tuk-velo-angers-ville","title":{"rendered":"Cap sur les secrets urbains : en tuk\u2011tuk ou \u00e0 v\u00e9lo \u00e0 Angers, laissez la ville vous parler"},"content":{"rendered":"<p><span style=\"font-weight: 400;\"><strong>Angers<\/strong> ne se contente pas d\u2019\u00eatre belle. Elle a cette petite voix malicieuse qui murmure \u00e0 l\u2019oreille des curieux. Un mot gliss\u00e9 derri\u00e8re une fa\u00e7ade \u00e0 colombages, un clin d\u2019\u0153il inscrit sur un mur de street art, une anecdote souffl\u00e9e au d\u00e9tour d\u2019un jardin\u2026 Mais pour entendre vraiment ce que la ville a \u00e0 dire, encore faut-il lui pr\u00eater l\u2019oreille. Et \u00e7a tombe bien : ici, les balades ne se font pas le nez dans une carte. Elles se vivent. \u00c0 bord d\u2019un <strong>tuk-tuk<\/strong> \u00e9lectrique qui file sans bruit, ou au rythme d\u2019un <strong>v\u00e9lo<\/strong> qui ondule sur les quais, Angers se r\u00e9v\u00e8le autrement. En version plus douce, plus intime\u2026 et sacr\u00e9ment plus fun.<\/span><\/p>\n<h2><b>Tuk-tuk, secrets et anecdotes : la ville se raconte en roulant<\/b><\/h2>\n<p><span style=\"font-weight: 400;\">Dans le ballet discret des rues d\u2019<a href=\"https:\/\/discover.ulysse.com\/angers-se-fait-voler-la-vedette-decouvrez-la-ville-du-sud-qui-prend-la-premiere-place\">Angers<\/a>, une silhouette insolite attire les regards amus\u00e9s. C\u2019est le tuk-tuk \u00e9lectrique de <strong>Tuk Tuk\u2019i\u00e9la<\/strong>, qui se faufile \u00e9l\u00e9gamment entre les vieilles pierres et les arbres centenaires. Oubliez les tours guid\u00e9s trop cadr\u00e9s : ici, on embarque pour une exp\u00e9rience vivante, presque complice, avec la ville comme principale conteuse.<\/span><\/p>\n<p><span style=\"font-weight: 400;\">D\u00e8s que l\u2019on s\u2019installe, les surprises s\u2019encha\u00eenent. Le conducteur, jamais avare en anecdotes croustillantes, vous entra\u00eene dans une fl\u00e2nerie sonore entre les vestiges m\u00e9di\u00e9vaux de la Doutre, les p\u00e9pites de street art bien planqu\u00e9es et les ruelles o\u00f9 le temps semble suspendu. Le tuk-tuk avance \u00e0 son rythme, laissant aux passants le plaisir de sourire et aux voyageurs celui de s\u2019\u00e9merveiller.<\/span><\/p>\n<p><span style=\"font-weight: 400;\">Certaines balades se transforment en v\u00e9ritables parenth\u00e8ses artistiques : le circuit <strong>\u201cAngers en couleurs\u201d<\/strong> offre une plong\u00e9e dans les fresques et pochoirs qui colorent les murs de la ville. D\u2019autres misent sur la po\u00e9sie lig\u00e9rienne, comme \u201c<strong>Tuk Tuk \u00f4 Maine<\/strong>\u201d, o\u00f9 l\u2019on combine vadrouille urbaine et mini-croisi\u00e8re sur la Mayenne \u00e0 bord d\u2019une gabare traditionnelle. Les tarifs varient entre 79 \u20ac pour une vir\u00e9e d\u2019une heure et 167 \u20ac pour les formules plus longues, souvent partag\u00e9es \u00e0 deux ou quatre, histoire de papoter en bonne compagnie.<\/span><\/p>\n<p><span style=\"font-weight: 400;\">Mais au fond, ce n\u2019est pas une question de kilom\u00e8tres. C\u2019est une question de regard. Et \u00e0 bord de ces dr\u00f4les d\u2019engins \u00e9lectriques, le regard change. On l\u00e8ve les yeux, on ralentit, on \u00e9coute. Angers se met \u00e0 parler\u2026 et on l\u2019\u00e9coute, bouche b\u00e9e.<\/span><\/p>\n<blockquote class=\"instagram-media\" style=\"background: #FFF; border: 0; border-radius: 3px; margin: 1px; max-width: 540px; min-width: 326px; padding: 0; width: calc(100% - 2px);\" data-instgrm-captioned=\"\" data-instgrm-permalink=\"https:\/\/www.instagram.com\/reel\/DIJqG3Xt0ce\/?utm_source=ig_embed&amp;utm_campaign=loading\" data-instgrm-version=\"14\">\n<div style=\"padding: 16px;\">\n<p>&nbsp;<\/p>\n<div style=\"flex-direction: row; align-items: center;\">\n<div style=\"background-color: #f4f4f4; border-radius: 50%; flex-grow: 0; height: 40px; margin-right: 14px; width: 40px;\"><\/div>\n<div style=\"flex-direction: column; flex-grow: 1; justify-content: center;\">\n<div style=\"background-color: #f4f4f4; border-radius: 4px; flex-grow: 0; height: 14px; margin-bottom: 6px; width: 100px;\"><\/div>\n<div style=\"background-color: #f4f4f4; border-radius: 4px; flex-grow: 0; height: 14px; width: 60px;\"><\/div>\n<\/div>\n<\/div>\n<div style=\"padding: 19% 0;\"><\/div>\n<div style=\"height: 50px; margin: 0 auto 12px; width: 50px;\"><\/div>\n<div style=\"padding-top: 8px;\">\n<div style=\"color: #3897f0; font-family: Arial,sans-serif; font-size: 14px; font-style: normal; font-weight: 550; line-height: 18px;\">Voir cette publication sur Instagram<\/div>\n<\/div>\n<div style=\"padding: 12.5% 0;\"><\/div>\n<div style=\"flex-direction: row; margin-bottom: 14px; align-items: center;\">\n<div>\n<div style=\"background-color: #f4f4f4; border-radius: 50%; height: 12.5px; width: 12.5px;\"><\/div>\n<div style=\"background-color: #f4f4f4; height: 12.5px; width: 12.5px; flex-grow: 0; margin-right: 14px; margin-left: 2px;\"><\/div>\n<div style=\"background-color: #f4f4f4; border-radius: 50%; height: 12.5px; width: 12.5px;\"><\/div>\n<\/div>\n<div style=\"margin-left: 8px;\">\n<div style=\"background-color: #f4f4f4; border-radius: 50%; flex-grow: 0; height: 20px; width: 20px;\"><\/div>\n<div style=\"width: 0; height: 0; border-top: 2px solid transparent; border-left: 6px solid #f4f4f4; border-bottom: 2px solid transparent;\"><\/div>\n<\/div>\n<div style=\"margin-left: auto;\">\n<div style=\"width: 0px; border-top: 8px solid #F4F4F4; border-right: 8px solid transparent;\"><\/div>\n<div style=\"background-color: #f4f4f4; flex-grow: 0; height: 12px; width: 16px;\"><\/div>\n<div style=\"width: 0; height: 0; border-top: 8px solid #F4F4F4; border-left: 8px solid transparent;\"><\/div>\n<\/div>\n<\/div>\n<div style=\"flex-direction: column; flex-grow: 1; justify-content: center; margin-bottom: 24px;\">\n<div style=\"background-color: #f4f4f4; border-radius: 4px; flex-grow: 0; height: 14px; margin-bottom: 6px; width: 224px;\"><\/div>\n<div style=\"background-color: #f4f4f4; border-radius: 4px; flex-grow: 0; height: 14px; width: 144px;\"><\/div>\n<\/div>\n<p>&nbsp;<\/p>\n<p style=\"color: #c9c8cd; font-family: Arial,sans-serif; font-size: 14px; line-height: 17px; margin-bottom: 0; margin-top: 8px; overflow: hidden; padding: 8px 0 7px; text-align: center;\"><a style=\"color: #c9c8cd; font-family: Arial,sans-serif; font-size: 14px; font-style: normal; font-weight: normal; line-height: 17px; text-decoration: none;\" href=\"https:\/\/www.instagram.com\/reel\/DIJqG3Xt0ce\/?utm_source=ig_embed&amp;utm_campaign=loading\" target=\"_blank\" rel=\"noopener\">Une publication partag\u00e9e par Tuk Tuk\u2019i\u00e9la (@tuktukiela)<\/a><\/p>\n<\/div>\n<\/blockquote>\n<h2><b>Sur deux roues, cap sur l\u2019\u00e2me angevine<\/b><\/h2>\n<p><span style=\"font-weight: 400;\">Pour ceux qui pr\u00e9f\u00e8rent tracer leur propre itin\u00e9raire, les <strong>v\u00e9los sont rois \u00e0 Angers<\/strong>. D\u00e8s la descente du train, on sent que la ville vit \u00e0 un autre tempo. Les pistes cyclables sont larges, continues, invitantes. Les quais de la Maine d\u00e9roulent leur tapis de verdure. Et les clochers jouent les guides silencieux, toujours pr\u00e9sents \u00e0 l\u2019horizon.<\/span><\/p>\n<p><span style=\"font-weight: 400;\">La balade peut commencer tranquillement le long de la rivi\u00e8re, avant de s\u2019\u00e9garer dans le quartier de la Cit\u00e9, puis de remonter vers les hauteurs v\u00e9g\u00e9talis\u00e9es de<strong> Belle-Beille<\/strong> ou de s\u2019aventurer sur les petits ponts qui m\u00e8nent aux \u00eeles d\u2019Angers. Chaque coin de rue d\u00e9voile un autre visage de la ville : tant\u00f4t nature, tant\u00f4t arty, toujours surprenant.<\/span><\/p>\n<p><span style=\"font-weight: 400;\">Envie de pousser l\u2019aventure plus loin\u202f? La v\u00e9loroute V47, dite<strong> \u201cVall\u00e9e du Loir \u00e0 v\u00e9lo\u201d<\/strong>, relie Angers \u00e0 la source du Loir sur plus de 300 kilom\u00e8tres. Sur ce parcours bucolique, on traverse des for\u00eats apaisantes, des villages de carte postale, et m\u00eame quelques guinguettes o\u00f9 le ros\u00e9 coule \u00e0 flots. Une vraie ode au slow travel, id\u00e9ale pour prolonger la connexion avec le territoire.<\/span><\/p>\n<p><span style=\"font-weight: 400;\">C\u00f4t\u00e9 budget, la ville propose le service <strong>V\u00e9loCit\u00e9<\/strong>, avec des pr\u00eats gratuits pour les habitants et des locations \u00e0 prix tout doux pour les visiteurs. Plusieurs loueurs priv\u00e9s proposent aussi des v\u00e9los \u00e9lectriques ou classiques, avec assistance et carte des itin\u00e9raires \u00e0 l\u2019appui. Bref, il suffit de choisir sa monture et de se laisser porter.<\/span><\/p>\n<p><span style=\"font-weight: 400;\">Et entre deux coups de p\u00e9dale, on s\u2019autorise des pauses : caf\u00e9 en terrasse, petit d\u00e9tour par le jardin des Plantes, coucher de soleil sur le pont de Verdun. Le v\u00e9lo devient ici un passeport pour entrer dans l\u2019intimit\u00e9 d\u2019Angers, une fa\u00e7on d\u2019\u00e9couter ses respirations\u2026 et ses secrets.<\/span><\/p>\n<blockquote class=\"instagram-media\" style=\"background: #FFF; border: 0; border-radius: 3px; margin: 1px; max-width: 540px; min-width: 326px; padding: 0; width: calc(100% - 2px);\" data-instgrm-captioned=\"\" data-instgrm-permalink=\"https:\/\/www.instagram.com\/p\/DKPnlQZPbjJ\/?utm_source=ig_embed&amp;utm_campaign=loading\" data-instgrm-version=\"14\">\n<div style=\"padding: 16px;\">\n<p>&nbsp;<\/p>\n<div style=\"flex-direction: row; align-items: center;\">\n<div style=\"background-color: #f4f4f4; border-radius: 50%; flex-grow: 0; height: 40px; margin-right: 14px; width: 40px;\"><\/div>\n<div style=\"flex-direction: column; flex-grow: 1; justify-content: center;\">\n<div style=\"background-color: #f4f4f4; border-radius: 4px; flex-grow: 0; height: 14px; margin-bottom: 6px; width: 100px;\"><\/div>\n<div style=\"background-color: #f4f4f4; border-radius: 4px; flex-grow: 0; height: 14px; width: 60px;\"><\/div>\n<\/div>\n<\/div>\n<div style=\"padding: 19% 0;\"><\/div>\n<div style=\"height: 50px; margin: 0 auto 12px; width: 50px;\"><\/div>\n<div style=\"padding-top: 8px;\">\n<div style=\"color: #3897f0; font-family: Arial,sans-serif; font-size: 14px; font-style: normal; font-weight: 550; line-height: 18px;\">Voir cette publication sur Instagram<\/div>\n<\/div>\n<div style=\"padding: 12.5% 0;\"><\/div>\n<div style=\"flex-direction: row; margin-bottom: 14px; align-items: center;\">\n<div>\n<div style=\"background-color: #f4f4f4; border-radius: 50%; height: 12.5px; width: 12.5px;\"><\/div>\n<div style=\"background-color: #f4f4f4; height: 12.5px; width: 12.5px; flex-grow: 0; margin-right: 14px; margin-left: 2px;\"><\/div>\n<div style=\"background-color: #f4f4f4; border-radius: 50%; height: 12.5px; width: 12.5px;\"><\/div>\n<\/div>\n<div style=\"margin-left: 8px;\">\n<div style=\"background-color: #f4f4f4; border-radius: 50%; flex-grow: 0; height: 20px; width: 20px;\"><\/div>\n<div style=\"width: 0; height: 0; border-top: 2px solid transparent; border-left: 6px solid #f4f4f4; border-bottom: 2px solid transparent;\"><\/div>\n<\/div>\n<div style=\"margin-left: auto;\">\n<div style=\"width: 0px; border-top: 8px solid #F4F4F4; border-right: 8px solid transparent;\"><\/div>\n<div style=\"background-color: #f4f4f4; flex-grow: 0; height: 12px; width: 16px;\"><\/div>\n<div style=\"width: 0; height: 0; border-top: 8px solid #F4F4F4; border-left: 8px solid transparent;\"><\/div>\n<\/div>\n<\/div>\n<div style=\"flex-direction: column; flex-grow: 1; justify-content: center; margin-bottom: 24px;\">\n<div style=\"background-color: #f4f4f4; border-radius: 4px; flex-grow: 0; height: 14px; margin-bottom: 6px; width: 224px;\"><\/div>\n<div style=\"background-color: #f4f4f4; border-radius: 4px; flex-grow: 0; height: 14px; width: 144px;\"><\/div>\n<\/div>\n<p>&nbsp;<\/p>\n<p style=\"color: #c9c8cd; font-family: Arial,sans-serif; font-size: 14px; line-height: 17px; margin-bottom: 0; margin-top: 8px; overflow: hidden; padding: 8px 0 7px; text-align: center;\"><a style=\"color: #c9c8cd; font-family: Arial,sans-serif; font-size: 14px; font-style: normal; font-weight: normal; line-height: 17px; text-decoration: none;\" href=\"https:\/\/www.instagram.com\/p\/DKPnlQZPbjJ\/?utm_source=ig_embed&amp;utm_campaign=loading\" target=\"_blank\" rel=\"noopener\">Une publication partag\u00e9e par La Valle\u0301e du Loir a\u0300 Ve\u0301lo &#8211; Entre Angers et Illiers-Combray (@valleeduloiravelo)<\/a><\/p>\n<\/div>\n<\/blockquote>\n<h2><b>Angers, la belle discr\u00e8te qui ne demande qu\u2019\u00e0 se d\u00e9voiler<\/b><\/h2>\n<p><span style=\"font-weight: 400;\">Angers, c\u2019est l\u2019\u00e9quilibre parfait entre patrimoine, douceur de vivre et p\u00e9pites inattendues. Cette ville \u00e0 taille humaine nich\u00e9e dans les m\u00e9andres de la Maine offre un cadre id\u00e9al pour celles et ceux qui aiment fl\u00e2ner sans courir. Ici, pas de frime, mais de l\u2019\u00e9l\u00e9gance. Pas de tumulte, mais de l\u2019\u00e9nergie douce.<\/span><\/p>\n<p><span style=\"font-weight: 400;\">Le centre-ville, avec son ch\u00e2teau imposant, sa cath\u00e9drale <strong>Saint-Maurice<\/strong> et ses maisons \u00e0 pans de bois, s\u2019explore \u00e0 pied ou en deux roues, dans une ambiance d\u00e9tendue. Les march\u00e9s regorgent de produits locaux \u2013 rillauds, quernons d\u2019ardoise, vins d\u2019Anjou \u2013 et les caf\u00e9s d\u00e9bordent sur les trottoirs d\u00e8s les premiers rayons de soleil.<\/span><\/p>\n<p><span style=\"font-weight: 400;\">Les tarifs, eux aussi, ont ce petit accent angevin : raisonnables. Un d\u00e9jeuner complet dans une brasserie tourne autour de 16 \u00e0 20 \u20ac, une chambre d\u2019h\u00f4tel cosy commence \u00e0 75 \u20ac, et les activit\u00e9s \u2013 mus\u00e9es, visites, <a href=\"https:\/\/discover.ulysse.com\/norvege-croisieres-inedit-communautes-cotieres\">croisi\u00e8res<\/a> \u2013 restent globalement accessibles. Une destination parfaite pour une \u00e9chapp\u00e9e pas trop loin, mais d\u00e9paysante juste comme il faut.<\/span><\/p>\n<p><span style=\"font-weight: 400;\">C\u00f4t\u00e9 transport, Angers est \u00e0 port\u00e9e de train depuis toutes les grandes villes de France. Il faut environ 1h30 depuis Paris en TGV direct. Depuis Lyon, comptez un peu moins de 4h avec un changement rapide \u00e0 Saint-Pierre-des-Corps. Strasbourg est plus \u00e9loign\u00e9e (5h30 \u00e0 6h), mais le voyage se fait confortablement avec une correspondance \u00e0 Paris. Et comme la gare est en plein centre, pas besoin de gal\u00e9rer \u00e0 l\u2019arriv\u00e9e : la ville vous attend juste l\u00e0, \u00e0 deux pas.<\/span><\/p>\n<blockquote class=\"instagram-media\" style=\"background: #FFF; border: 0; border-radius: 3px; margin: 1px; max-width: 540px; min-width: 326px; padding: 0; width: calc(100% - 2px);\" data-instgrm-captioned=\"\" data-instgrm-permalink=\"https:\/\/www.instagram.com\/p\/DJHX6u7t80b\/?utm_source=ig_embed&amp;utm_campaign=loading\" data-instgrm-version=\"14\">\n<div style=\"padding: 16px;\">\n<p>&nbsp;<\/p>\n<div style=\"flex-direction: row; align-items: center;\">\n<div style=\"background-color: #f4f4f4; border-radius: 50%; flex-grow: 0; height: 40px; margin-right: 14px; width: 40px;\"><\/div>\n<div style=\"flex-direction: column; flex-grow: 1; justify-content: center;\">\n<div style=\"background-color: #f4f4f4; border-radius: 4px; flex-grow: 0; height: 14px; margin-bottom: 6px; width: 100px;\"><\/div>\n<div style=\"background-color: #f4f4f4; border-radius: 4px; flex-grow: 0; height: 14px; width: 60px;\"><\/div>\n<\/div>\n<\/div>\n<div style=\"padding: 19% 0;\"><\/div>\n<div style=\"height: 50px; margin: 0 auto 12px; width: 50px;\"><\/div>\n<div style=\"padding-top: 8px;\">\n<div style=\"color: #3897f0; font-family: Arial,sans-serif; font-size: 14px; font-style: normal; font-weight: 550; line-height: 18px;\">Voir cette publication sur Instagram<\/div>\n<\/div>\n<div style=\"padding: 12.5% 0;\"><\/div>\n<div style=\"flex-direction: row; margin-bottom: 14px; align-items: center;\">\n<div>\n<div style=\"background-color: #f4f4f4; border-radius: 50%; height: 12.5px; width: 12.5px;\"><\/div>\n<div style=\"background-color: #f4f4f4; height: 12.5px; width: 12.5px; flex-grow: 0; margin-right: 14px; margin-left: 2px;\"><\/div>\n<div style=\"background-color: #f4f4f4; border-radius: 50%; height: 12.5px; width: 12.5px;\"><\/div>\n<\/div>\n<div style=\"margin-left: 8px;\">\n<div style=\"background-color: #f4f4f4; border-radius: 50%; flex-grow: 0; height: 20px; width: 20px;\"><\/div>\n<div style=\"width: 0; height: 0; border-top: 2px solid transparent; border-left: 6px solid #f4f4f4; border-bottom: 2px solid transparent;\"><\/div>\n<\/div>\n<div style=\"margin-left: auto;\">\n<div style=\"width: 0px; border-top: 8px solid #F4F4F4; border-right: 8px solid transparent;\"><\/div>\n<div style=\"background-color: #f4f4f4; flex-grow: 0; height: 12px; width: 16px;\"><\/div>\n<div style=\"width: 0; height: 0; border-top: 8px solid #F4F4F4; border-left: 8px solid transparent;\"><\/div>\n<\/div>\n<\/div>\n<div style=\"flex-direction: column; flex-grow: 1; justify-content: center; margin-bottom: 24px;\">\n<div style=\"background-color: #f4f4f4; border-radius: 4px; flex-grow: 0; height: 14px; margin-bottom: 6px; width: 224px;\"><\/div>\n<div style=\"background-color: #f4f4f4; border-radius: 4px; flex-grow: 0; height: 14px; width: 144px;\"><\/div>\n<\/div>\n<p>&nbsp;<\/p>\n<p style=\"color: #c9c8cd; font-family: Arial,sans-serif; font-size: 14px; line-height: 17px; margin-bottom: 0; margin-top: 8px; overflow: hidden; padding: 8px 0 7px; text-align: center;\"><a style=\"color: #c9c8cd; font-family: Arial,sans-serif; font-size: 14px; font-style: normal; font-weight: normal; line-height: 17px; text-decoration: none;\" href=\"https:\/\/www.instagram.com\/p\/DJHX6u7t80b\/?utm_source=ig_embed&amp;utm_campaign=loading\" target=\"_blank\" rel=\"noopener\">Une publication partag\u00e9e par La Valle\u0301e du Loir a\u0300 Ve\u0301lo &#8211; Entre Angers et Illiers-Combray (@valleeduloiravelo)<\/a><\/p>\n<\/div>\n<\/blockquote>\n<p><span style=\"font-weight: 400;\">Ce qui fait le charme d\u2019Angers, c\u2019est cette capacit\u00e9 \u00e0 se d\u00e9voiler petit \u00e0 petit, sans jamais tout livrer d\u2019un coup. Il faut prendre le temps, ouvrir l\u2019\u0153il\u2026 et tendre l\u2019oreille. Car ici, la ville parle vraiment \u00e0 ceux qui savent l\u2019\u00e9couter.<\/span><\/p>\n","protected":false},"excerpt":{"rendered":"<p>Angers ne se contente pas d\u2019\u00eatre belle. Elle a cette petite voix malicieuse qui murmure \u00e0 l\u2019oreille des curieux. Un [&hellip;]<\/p>\n","protected":false},"author":3,"featured_media":33381,"comment_status":"open","ping_status":"closed","sticky":false,"template":"","format":"standard","meta":{"_acf_changed":false,"_sitemap_exclude":false,"_sitemap_priority":"","_sitemap_frequency":"","footnotes":"","rank_math_title":"","rank_math_description":"Sous ses airs tranquilles, Angers chuchote mille secrets urbains \u00e0 ceux qui osent ralentir, en tuk-tuk ou \u00e0 v\u00e9lo, le nez en l\u2019air et l\u2019oreille attentive.","rank_math_canonical_url":"","rank_math_focus_keyword":"Tuk"},"categories":[3],"tags":[],"class_list":["post-33380","post","type-post","status-publish","format-standard","has-post-thumbnail","hentry","category-voyage"],"acf":[],"_links":{"self":[{"href":"https:\/\/ulysse.com\/news\/wp-json\/wp\/v2\/posts\/33380","targetHints":{"allow":["GET"]}}],"collection":[{"href":"https:\/\/ulysse.com\/news\/wp-json\/wp\/v2\/posts"}],"about":[{"href":"https:\/\/ulysse.com\/news\/wp-json\/wp\/v2\/types\/post"}],"author":[{"embeddable":true,"href":"https:\/\/ulysse.com\/news\/wp-json\/wp\/v2\/users\/3"}],"replies":[{"embeddable":true,"href":"https:\/\/ulysse.com\/news\/wp-json\/wp\/v2\/comments?post=33380"}],"version-history":[{"count":2,"href":"https:\/\/ulysse.com\/news\/wp-json\/wp\/v2\/posts\/33380\/revisions"}],"predecessor-version":[{"id":33398,"href":"https:\/\/ulysse.com\/news\/wp-json\/wp\/v2\/posts\/33380\/revisions\/33398"}],"wp:featuredmedia":[{"embeddable":true,"href":"https:\/\/ulysse.com\/news\/wp-json\/wp\/v2\/media\/33381"}],"wp:attachment":[{"href":"https:\/\/ulysse.com\/news\/wp-json\/wp\/v2\/media?parent=33380"}],"wp:term":[{"taxonomy":"category","embeddable":true,"href":"https:\/\/ulysse.com\/news\/wp-json\/wp\/v2\/categories?post=33380"},{"taxonomy":"post_tag","embeddable":true,"href":"https:\/\/ulysse.com\/news\/wp-json\/wp\/v2\/tags?post=33380"}],"curies":[{"name":"wp","href":"https:\/\/api.w.org\/{rel}","templated":true}]}}