{"id":33383,"date":"2025-08-09T15:00:13","date_gmt":"2025-08-09T14:00:13","guid":{"rendered":"https:\/\/discover.ulysse.com\/?p=33383"},"modified":"2025-08-09T08:48:05","modified_gmt":"2025-08-09T07:48:05","slug":"visas-prolonges-nomades-numeriques-europe","status":"publish","type":"post","link":"https:\/\/ulysse.com\/news\/visas-prolonges-nomades-numeriques-europe","title":{"rendered":"Visas prolong\u00e9s \u00e0 3 ans : nomades num\u00e9riques, pr\u00e9parez vos carnets, ce coin d\u2019Europe vous laisse poser vos valises"},"content":{"rendered":"<p><span style=\"font-weight: 400;\">Pas besoin d\u2019aller au bout du monde pour changer de d\u00e9cor et bosser avec vue sur mer. Il existe un petit coin d\u2019Europe o\u00f9 les pav\u00e9s chantent, les caf\u00e9s d\u00e9bordent de wifi, et les paysages donnent envie d\u2019\u00e9teindre sa cam\u00e9ra pour profiter en vrai. Et ce pays a d\u00e9cid\u00e9 de jouer les h\u00f4tes parfaits pour les <strong>travailleurs nomades<\/strong>. La nouvelle a de quoi faire lever plus d\u2019un sourcil dans un coworking parisien : <strong>la Croatie<\/strong> offre d\u00e9sormais un visa sp\u00e9cial digital nomad de trois ans. Oui, <\/span><b>trois ans<\/b><span style=\"font-weight: 400;\">. Ordinateur dans le sac, valise l\u00e9g\u00e8re, et c\u0153ur ouvert : il n\u2019y a plus qu\u2019\u00e0 choisir o\u00f9 poser son bureau temporaire, au bord de l\u2019Adriatique.<\/span><\/p>\n<h2><b>Trois ans de slow life, sans lever le pied c\u00f4t\u00e9 boulot<\/b><\/h2>\n<p><span style=\"font-weight: 400;\">Pendant longtemps, <a href=\"https:\/\/discover.ulysse.com\/au-coeur-de-la-croatie-un-parc-naturel-devoile-des-lacs-cristallins-et-des-cascades-spectaculaires-loin-du-tourisme-de-masse\">la Croatie<\/a> s\u2019est faite discr\u00e8te sur le march\u00e9 des visas nomades. Elle proposait un petit an de soleil, prolongeable d\u2019un soup\u00e7on. Sympa, mais pas r\u00e9volutionnaire. Et puis, d\u00e9but 2025, changement de cap : le visa digital nomad passe \u00e0 <\/span><b>18 mois d\u00e8s l\u2019entr\u00e9e<\/b><span style=\"font-weight: 400;\">, avec <\/span><b>une rallonge possible de 18 mois suppl\u00e9mentaires<\/b><span style=\"font-weight: 400;\">. R\u00e9sultat\u202f: trois ans pleins \u00e0 siroter un caf\u00e9 \u00e0 Split en r\u00e9pondant \u00e0 des mails, \u00e0 peaufiner son code dans une ruelle de Rovinj, ou \u00e0 monter sa bo\u00eete entre deux baignades \u00e0 Hvar.<\/span><\/p>\n<p><span style=\"font-weight: 400;\">Mais ce n\u2019est pas juste une question de dur\u00e9e. C\u2019est tout un pays qui se met au diapason. Les villes comme <\/span><b>Zagreb<\/b><span style=\"font-weight: 400;\">, <\/span><b>Pula<\/b><span style=\"font-weight: 400;\"> ou <\/span><b>\u0160ibenik<\/b><span style=\"font-weight: 400;\"> s\u2019adaptent : espaces de coworking, loyers abordables, caf\u00e9s pens\u00e9s pour les ordinateurs portables, et surtout, une douceur de vivre qui a tout pour s\u00e9duire ceux qui veulent ralentir sans freiner leur carri\u00e8re.<\/span><\/p>\n<p><span style=\"font-weight: 400;\">Et comme la Croatie n\u2019aime pas les demi-mesures, elle ouvre aussi les bras aux familles. Enfants, conjoints, partenaires : le visa autorise la <\/span><b>reconstitution familiale<\/b><span style=\"font-weight: 400;\">, histoire de ne pas vivre l\u2019aventure seul. Le tout, sans forc\u00e9ment quitter son job d\u2019origine, tant que celui-ci est bas\u00e9 en dehors du pays. Une aubaine pour les freelances, les salari\u00e9s en t\u00e9l\u00e9travail longue dur\u00e9e ou les entrepreneurs de tous horizons.<\/span><\/p>\n<blockquote class=\"instagram-media\" style=\"background: #FFF; border: 0; border-radius: 3px; margin: 1px; max-width: 540px; min-width: 326px; padding: 0; width: calc(100% - 2px);\" data-instgrm-captioned=\"\" data-instgrm-permalink=\"https:\/\/www.instagram.com\/p\/Cegl1AksRoo\/?utm_source=ig_embed&amp;utm_campaign=loading\" data-instgrm-version=\"14\">\n<div style=\"padding: 16px;\">\n<p>&nbsp;<\/p>\n<div style=\"flex-direction: row; align-items: center;\">\n<div style=\"background-color: #f4f4f4; border-radius: 50%; flex-grow: 0; height: 40px; margin-right: 14px; width: 40px;\"><\/div>\n<div style=\"flex-direction: column; flex-grow: 1; justify-content: center;\">\n<div style=\"background-color: #f4f4f4; border-radius: 4px; flex-grow: 0; height: 14px; margin-bottom: 6px; width: 100px;\"><\/div>\n<div style=\"background-color: #f4f4f4; border-radius: 4px; flex-grow: 0; height: 14px; width: 60px;\"><\/div>\n<\/div>\n<\/div>\n<div style=\"padding: 19% 0;\"><\/div>\n<div style=\"height: 50px; margin: 0 auto 12px; width: 50px;\"><\/div>\n<div style=\"padding-top: 8px;\">\n<div style=\"color: #3897f0; font-family: Arial,sans-serif; font-size: 14px; font-style: normal; font-weight: 550; line-height: 18px;\">Voir cette publication sur Instagram<\/div>\n<\/div>\n<div style=\"padding: 12.5% 0;\"><\/div>\n<div style=\"flex-direction: row; margin-bottom: 14px; align-items: center;\">\n<div>\n<div style=\"background-color: #f4f4f4; border-radius: 50%; height: 12.5px; width: 12.5px;\"><\/div>\n<div style=\"background-color: #f4f4f4; height: 12.5px; width: 12.5px; flex-grow: 0; margin-right: 14px; margin-left: 2px;\"><\/div>\n<div style=\"background-color: #f4f4f4; border-radius: 50%; height: 12.5px; width: 12.5px;\"><\/div>\n<\/div>\n<div style=\"margin-left: 8px;\">\n<div style=\"background-color: #f4f4f4; border-radius: 50%; flex-grow: 0; height: 20px; width: 20px;\"><\/div>\n<div style=\"width: 0; height: 0; border-top: 2px solid transparent; border-left: 6px solid #f4f4f4; border-bottom: 2px solid transparent;\"><\/div>\n<\/div>\n<div style=\"margin-left: auto;\">\n<div style=\"width: 0px; border-top: 8px solid #F4F4F4; border-right: 8px solid transparent;\"><\/div>\n<div style=\"background-color: #f4f4f4; flex-grow: 0; height: 12px; width: 16px;\"><\/div>\n<div style=\"width: 0; height: 0; border-top: 8px solid #F4F4F4; border-left: 8px solid transparent;\"><\/div>\n<\/div>\n<\/div>\n<div style=\"flex-direction: column; flex-grow: 1; justify-content: center; margin-bottom: 24px;\">\n<div style=\"background-color: #f4f4f4; border-radius: 4px; flex-grow: 0; height: 14px; margin-bottom: 6px; width: 224px;\"><\/div>\n<div style=\"background-color: #f4f4f4; border-radius: 4px; flex-grow: 0; height: 14px; width: 144px;\"><\/div>\n<\/div>\n<p>&nbsp;<\/p>\n<p style=\"color: #c9c8cd; font-family: Arial,sans-serif; font-size: 14px; line-height: 17px; margin-bottom: 0; margin-top: 8px; overflow: hidden; padding: 8px 0 7px; text-align: center;\"><a style=\"color: #c9c8cd; font-family: Arial,sans-serif; font-size: 14px; font-style: normal; font-weight: normal; line-height: 17px; text-decoration: none;\" href=\"https:\/\/www.instagram.com\/p\/Cegl1AksRoo\/?utm_source=ig_embed&amp;utm_campaign=loading\" target=\"_blank\" rel=\"noopener\">Une publication partag\u00e9e par CROATIA (@croatia)<\/a><\/p>\n<\/div>\n<\/blockquote>\n<h2><b>Des plages aux caf\u00e9s, la Croatie d\u00e9roule ses cartes postales<\/b><\/h2>\n<p><span style=\"font-weight: 400;\">Choisir la Croatie, ce n\u2019est pas simplement changer d\u2019adresse fiscale. C\u2019est entrer dans un univers aux multiples facettes. D\u2019un c\u00f4t\u00e9, la <\/span><b>c\u00f4te dalmate<\/b><span style=\"font-weight: 400;\"> s\u2019\u00e9tire en collier d\u2019\u00eeles, avec des joyaux comme <\/span><b>Kor\u010dula<\/b><span style=\"font-weight: 400;\">, <\/span><b>Bra\u010d<\/b><span style=\"font-weight: 400;\"> ou <\/span><b>Vis<\/b><span style=\"font-weight: 400;\">, baign\u00e9es d\u2019un bleu hypnotique. Les ruelles pav\u00e9es de <\/span><b>Split<\/b><span style=\"font-weight: 400;\"> d\u00e9bordent de bars o\u00f9 les laptops cohabitent avec les spritz, et <\/span><a href=\"https:\/\/discover.ulysse.com\/dubrovnik-oubliez-la-cette-ville-croate-est-la-nouvelle-star-des-touristes\">Dubrovnik<\/a><span style=\"font-weight: 400;\">, hors saison, redevient un bijou paisible, loin des foules de l\u2019\u00e9t\u00e9.<\/span><\/p>\n<p><span style=\"font-weight: 400;\">\u00c0 l\u2019int\u00e9rieur des terres, <\/span><b>Zagreb<\/b><span style=\"font-weight: 400;\"> affiche un autre visage. Moins baln\u00e9aire, plus urbaine, mais tout aussi charmante. Des parcs, des tramways, une culture du caf\u00e9 bien ancr\u00e9e et un co\u00fbt de la vie encore tr\u00e8s raisonnable : on peut y vivre bien pour <\/span><b>800 \u00e0 1000\u202f\u20ac par mois<\/b><span style=\"font-weight: 400;\">, logement inclus. Et puis il y a l\u2019<\/span><b>Istrie<\/b><span style=\"font-weight: 400;\">, mi-toscane, mi-balkanique, o\u00f9 les vignobles c\u00f4toient les collines verdoyantes et les petits ports tranquilles. Un territoire parfait pour ceux qui veulent respirer \u00e0 pleins poumons, entre deux r\u00e9unions.<\/span><\/p>\n<p><span style=\"font-weight: 400;\">Partout, les paysages invitent \u00e0 la pause : criques secr\u00e8tes, montagnes douces, sentiers de randonn\u00e9e, lacs turquoise\u2026 Et le rythme de vie, plus lent, plus ancr\u00e9, contraste d\u00e9licieusement avec le flux tendu des grandes capitales europ\u00e9ennes.<\/span><\/p>\n<blockquote class=\"instagram-media\" style=\"background: #FFF; border: 0; border-radius: 3px; margin: 1px; max-width: 540px; min-width: 326px; padding: 0; width: calc(100% - 2px);\" data-instgrm-captioned=\"\" data-instgrm-permalink=\"https:\/\/www.instagram.com\/reel\/DM8g-XRsxPB\/?utm_source=ig_embed&amp;utm_campaign=loading\" data-instgrm-version=\"14\">\n<div style=\"padding: 16px;\">\n<p>&nbsp;<\/p>\n<div style=\"flex-direction: row; align-items: center;\">\n<div style=\"background-color: #f4f4f4; border-radius: 50%; flex-grow: 0; height: 40px; margin-right: 14px; width: 40px;\"><\/div>\n<div style=\"flex-direction: column; flex-grow: 1; justify-content: center;\">\n<div style=\"background-color: #f4f4f4; border-radius: 4px; flex-grow: 0; height: 14px; margin-bottom: 6px; width: 100px;\"><\/div>\n<div style=\"background-color: #f4f4f4; border-radius: 4px; flex-grow: 0; height: 14px; width: 60px;\"><\/div>\n<\/div>\n<\/div>\n<div style=\"padding: 19% 0;\"><\/div>\n<div style=\"height: 50px; margin: 0 auto 12px; width: 50px;\"><\/div>\n<div style=\"padding-top: 8px;\">\n<div style=\"color: #3897f0; font-family: Arial,sans-serif; font-size: 14px; font-style: normal; font-weight: 550; line-height: 18px;\">Voir cette publication sur Instagram<\/div>\n<\/div>\n<div style=\"padding: 12.5% 0;\"><\/div>\n<div style=\"flex-direction: row; margin-bottom: 14px; align-items: center;\">\n<div>\n<div style=\"background-color: #f4f4f4; border-radius: 50%; height: 12.5px; width: 12.5px;\"><\/div>\n<div style=\"background-color: #f4f4f4; height: 12.5px; width: 12.5px; flex-grow: 0; margin-right: 14px; margin-left: 2px;\"><\/div>\n<div style=\"background-color: #f4f4f4; border-radius: 50%; height: 12.5px; width: 12.5px;\"><\/div>\n<\/div>\n<div style=\"margin-left: 8px;\">\n<div style=\"background-color: #f4f4f4; border-radius: 50%; flex-grow: 0; height: 20px; width: 20px;\"><\/div>\n<div style=\"width: 0; height: 0; border-top: 2px solid transparent; border-left: 6px solid #f4f4f4; border-bottom: 2px solid transparent;\"><\/div>\n<\/div>\n<div style=\"margin-left: auto;\">\n<div style=\"width: 0px; border-top: 8px solid #F4F4F4; border-right: 8px solid transparent;\"><\/div>\n<div style=\"background-color: #f4f4f4; flex-grow: 0; height: 12px; width: 16px;\"><\/div>\n<div style=\"width: 0; height: 0; border-top: 8px solid #F4F4F4; border-left: 8px solid transparent;\"><\/div>\n<\/div>\n<\/div>\n<div style=\"flex-direction: column; flex-grow: 1; justify-content: center; margin-bottom: 24px;\">\n<div style=\"background-color: #f4f4f4; border-radius: 4px; flex-grow: 0; height: 14px; margin-bottom: 6px; width: 224px;\"><\/div>\n<div style=\"background-color: #f4f4f4; border-radius: 4px; flex-grow: 0; height: 14px; width: 144px;\"><\/div>\n<\/div>\n<p>&nbsp;<\/p>\n<p style=\"color: #c9c8cd; font-family: Arial,sans-serif; font-size: 14px; line-height: 17px; margin-bottom: 0; margin-top: 8px; overflow: hidden; padding: 8px 0 7px; text-align: center;\"><a style=\"color: #c9c8cd; font-family: Arial,sans-serif; font-size: 14px; font-style: normal; font-weight: normal; line-height: 17px; text-decoration: none;\" href=\"https:\/\/www.instagram.com\/reel\/DM8g-XRsxPB\/?utm_source=ig_embed&amp;utm_campaign=loading\" target=\"_blank\" rel=\"noopener\">Une publication partag\u00e9e par Zoran | \ud83d\udcf8 Fotograf prirode i urbanih pejza\u017ea | \ud83c\udf0dRijeka,Hrvatska (@_explorer_bz)<\/a><\/p>\n<\/div>\n<\/blockquote>\n<h2><b>Et c\u00f4t\u00e9 pratique, on s\u2019y installe comment ?<\/b><\/h2>\n<p><span style=\"font-weight: 400;\">C\u00f4t\u00e9 d\u00e9marches, pas de panique. La Croatie n\u2019a pas cherch\u00e9 \u00e0 compliquer les choses. Pour postuler, il suffit de prouver qu\u2019on travaille \u00e0 distance pour une entreprise ou des clients hors Croatie, de disposer d\u2019un <\/span><b>revenu mensuel d\u2019au moins 3295\u202f\u20ac<\/b><span style=\"font-weight: 400;\">, d\u2019avoir un <\/span><b>logement<\/b><span style=\"font-weight: 400;\">, une <\/span><b>assurance sant\u00e9<\/b><span style=\"font-weight: 400;\">, un <\/span><b>casier judiciaire vierge<\/b><span style=\"font-weight: 400;\">, et un <\/span><b>passeport valide<\/b><span style=\"font-weight: 400;\">. Un jeu d\u2019enfant pour les freelances aguerris.<\/span><\/p>\n<p><span style=\"font-weight: 400;\">Et contrairement \u00e0 d\u2019autres destinations exotiques, ici, on reste sur le Vieux Continent. La <\/span><b>barri\u00e8re de la langue<\/b><span style=\"font-weight: 400;\"> ne freine pas vraiment \u2014 beaucoup de Croates parlent anglais \u2014, et l\u2019ambiance reste r\u00e9solument europ\u00e9enne, avec une petite touche m\u00e9diterran\u00e9enne qui change tout. En bonus : pas besoin de tout r\u00e9apprendre niveau alimentation, s\u00e9curit\u00e9 ou normes de vie. Et \u00e7a, quand on reste trois ans, c\u2019est plut\u00f4t pr\u00e9cieux.<\/span><\/p>\n<p><span style=\"font-weight: 400;\">L\u2019int\u00e9gration est douce, la communaut\u00e9 de nomades d\u00e9j\u00e0 bien install\u00e9e, et les infrastructures (Wi-Fi, sant\u00e9, transports) sont solides. Bref, une transition sans heurt pour qui veut changer de d\u00e9cor sans tout bouleverser.<\/span><\/p>\n<blockquote class=\"instagram-media\" style=\"background: #FFF; border: 0; border-radius: 3px; margin: 1px; max-width: 540px; min-width: 326px; padding: 0; width: calc(100% - 2px);\" data-instgrm-captioned=\"\" data-instgrm-permalink=\"https:\/\/www.instagram.com\/reel\/DM5WSMWqbMj\/?utm_source=ig_embed&amp;utm_campaign=loading\" data-instgrm-version=\"14\">\n<div style=\"padding: 16px;\">\n<p>&nbsp;<\/p>\n<div style=\"flex-direction: row; align-items: center;\">\n<div style=\"background-color: #f4f4f4; border-radius: 50%; flex-grow: 0; height: 40px; margin-right: 14px; width: 40px;\"><\/div>\n<div style=\"flex-direction: column; flex-grow: 1; justify-content: center;\">\n<div style=\"background-color: #f4f4f4; border-radius: 4px; flex-grow: 0; height: 14px; margin-bottom: 6px; width: 100px;\"><\/div>\n<div style=\"background-color: #f4f4f4; border-radius: 4px; flex-grow: 0; height: 14px; width: 60px;\"><\/div>\n<\/div>\n<\/div>\n<div style=\"padding: 19% 0;\"><\/div>\n<div style=\"height: 50px; margin: 0 auto 12px; width: 50px;\"><\/div>\n<div style=\"padding-top: 8px;\">\n<div style=\"color: #3897f0; font-family: Arial,sans-serif; font-size: 14px; font-style: normal; font-weight: 550; line-height: 18px;\">Voir cette publication sur Instagram<\/div>\n<\/div>\n<div style=\"padding: 12.5% 0;\"><\/div>\n<div style=\"flex-direction: row; margin-bottom: 14px; align-items: center;\">\n<div>\n<div style=\"background-color: #f4f4f4; border-radius: 50%; height: 12.5px; width: 12.5px;\"><\/div>\n<div style=\"background-color: #f4f4f4; height: 12.5px; width: 12.5px; flex-grow: 0; margin-right: 14px; margin-left: 2px;\"><\/div>\n<div style=\"background-color: #f4f4f4; border-radius: 50%; height: 12.5px; width: 12.5px;\"><\/div>\n<\/div>\n<div style=\"margin-left: 8px;\">\n<div style=\"background-color: #f4f4f4; border-radius: 50%; flex-grow: 0; height: 20px; width: 20px;\"><\/div>\n<div style=\"width: 0; height: 0; border-top: 2px solid transparent; border-left: 6px solid #f4f4f4; border-bottom: 2px solid transparent;\"><\/div>\n<\/div>\n<div style=\"margin-left: auto;\">\n<div style=\"width: 0px; border-top: 8px solid #F4F4F4; border-right: 8px solid transparent;\"><\/div>\n<div style=\"background-color: #f4f4f4; flex-grow: 0; height: 12px; width: 16px;\"><\/div>\n<div style=\"width: 0; height: 0; border-top: 8px solid #F4F4F4; border-left: 8px solid transparent;\"><\/div>\n<\/div>\n<\/div>\n<div style=\"flex-direction: column; flex-grow: 1; justify-content: center; margin-bottom: 24px;\">\n<div style=\"background-color: #f4f4f4; border-radius: 4px; flex-grow: 0; height: 14px; margin-bottom: 6px; width: 224px;\"><\/div>\n<div style=\"background-color: #f4f4f4; border-radius: 4px; flex-grow: 0; height: 14px; width: 144px;\"><\/div>\n<\/div>\n<p>&nbsp;<\/p>\n<p style=\"color: #c9c8cd; font-family: Arial,sans-serif; font-size: 14px; line-height: 17px; margin-bottom: 0; margin-top: 8px; overflow: hidden; padding: 8px 0 7px; text-align: center;\"><a style=\"color: #c9c8cd; font-family: Arial,sans-serif; font-size: 14px; font-style: normal; font-weight: normal; line-height: 17px; text-decoration: none;\" href=\"https:\/\/www.instagram.com\/reel\/DM5WSMWqbMj\/?utm_source=ig_embed&amp;utm_campaign=loading\" target=\"_blank\" rel=\"noopener\">Une publication partag\u00e9e par \ud835\udde6\ud835\uddf2\ud835\uddef\ud835\uddee\ud835\ude00\ud835\ude01\ud835\uddf6\ud835\uddee\ud835\uddee\ud835\uddfb \ud835\ude01\ud835\uddf2\ud835\uddff \ud835\udde5\ud835\uddf2\ud835\uddf9\ud835\uddf2 (@sebastiaanterrele)<\/a><\/p>\n<\/div>\n<\/blockquote>\n<h2><b>Depuis la France, l\u2019Adriatique \u00e0 port\u00e9e de rails (ou d\u2019ailes)<\/b><\/h2>\n<p><span style=\"font-weight: 400;\">On l\u2019admet : la Croatie n\u2019est pas la plus simple \u00e0 rejoindre en train, mais c\u2019est faisable. Depuis <\/span>Paris, comptez entre 16 et 18 heures via Munich, Vienne ou Zurich, avec des liaisons ensuite vers Zagreb ou Split<span style=\"font-weight: 400;\">. La compagnie autrichienne <\/span><b>\u00d6BB<\/b><span style=\"font-weight: 400;\"> propose des trajets en train de nuit confortables, parfaits pour s\u2019installer tranquillement avant de changer de fuseau horaire (ou de rythme de vie). Les tarifs oscillent entre <\/span><b>150 et 250\u202f\u20ac<\/b><span style=\"font-weight: 400;\"> selon la saison.<\/span><\/p>\n<blockquote class=\"instagram-media\" style=\"background: #FFF; border: 0; border-radius: 3px; margin: 1px; max-width: 540px; min-width: 326px; padding: 0; width: calc(100% - 2px);\" data-instgrm-captioned=\"\" data-instgrm-permalink=\"https:\/\/www.instagram.com\/reel\/DMuT2WtMi_F\/?utm_source=ig_embed&amp;utm_campaign=loading\" data-instgrm-version=\"14\">\n<div style=\"padding: 16px;\">\n<p>&nbsp;<\/p>\n<div style=\"flex-direction: row; align-items: center;\">\n<div style=\"background-color: #f4f4f4; border-radius: 50%; flex-grow: 0; height: 40px; margin-right: 14px; width: 40px;\"><\/div>\n<div style=\"flex-direction: column; flex-grow: 1; justify-content: center;\">\n<div style=\"background-color: #f4f4f4; border-radius: 4px; flex-grow: 0; height: 14px; margin-bottom: 6px; width: 100px;\"><\/div>\n<div style=\"background-color: #f4f4f4; border-radius: 4px; flex-grow: 0; height: 14px; width: 60px;\"><\/div>\n<\/div>\n<\/div>\n<div style=\"padding: 19% 0;\"><\/div>\n<div style=\"height: 50px; margin: 0 auto 12px; width: 50px;\"><\/div>\n<div style=\"padding-top: 8px;\">\n<div style=\"color: #3897f0; font-family: Arial,sans-serif; font-size: 14px; font-style: normal; font-weight: 550; line-height: 18px;\">Voir cette publication sur Instagram<\/div>\n<\/div>\n<div style=\"padding: 12.5% 0;\"><\/div>\n<div style=\"flex-direction: row; margin-bottom: 14px; align-items: center;\">\n<div>\n<div style=\"background-color: #f4f4f4; border-radius: 50%; height: 12.5px; width: 12.5px;\"><\/div>\n<div style=\"background-color: #f4f4f4; height: 12.5px; width: 12.5px; flex-grow: 0; margin-right: 14px; margin-left: 2px;\"><\/div>\n<div style=\"background-color: #f4f4f4; border-radius: 50%; height: 12.5px; width: 12.5px;\"><\/div>\n<\/div>\n<div style=\"margin-left: 8px;\">\n<div style=\"background-color: #f4f4f4; border-radius: 50%; flex-grow: 0; height: 20px; width: 20px;\"><\/div>\n<div style=\"width: 0; height: 0; border-top: 2px solid transparent; border-left: 6px solid #f4f4f4; border-bottom: 2px solid transparent;\"><\/div>\n<\/div>\n<div style=\"margin-left: auto;\">\n<div style=\"width: 0px; border-top: 8px solid #F4F4F4; border-right: 8px solid transparent;\"><\/div>\n<div style=\"background-color: #f4f4f4; flex-grow: 0; height: 12px; width: 16px;\"><\/div>\n<div style=\"width: 0; height: 0; border-top: 8px solid #F4F4F4; border-left: 8px solid transparent;\"><\/div>\n<\/div>\n<\/div>\n<div style=\"flex-direction: column; flex-grow: 1; justify-content: center; margin-bottom: 24px;\">\n<div style=\"background-color: #f4f4f4; border-radius: 4px; flex-grow: 0; height: 14px; margin-bottom: 6px; width: 224px;\"><\/div>\n<div style=\"background-color: #f4f4f4; border-radius: 4px; flex-grow: 0; height: 14px; width: 144px;\"><\/div>\n<\/div>\n<p>&nbsp;<\/p>\n<p style=\"color: #c9c8cd; font-family: Arial,sans-serif; font-size: 14px; line-height: 17px; margin-bottom: 0; margin-top: 8px; overflow: hidden; padding: 8px 0 7px; text-align: center;\"><a style=\"color: #c9c8cd; font-family: Arial,sans-serif; font-size: 14px; font-style: normal; font-weight: normal; line-height: 17px; text-decoration: none;\" href=\"https:\/\/www.instagram.com\/reel\/DMuT2WtMi_F\/?utm_source=ig_embed&amp;utm_campaign=loading\" target=\"_blank\" rel=\"noopener\">Une publication partag\u00e9e par Manuel Rey (@matenu.travel)<\/a><\/p>\n<\/div>\n<\/blockquote>\n<p><span style=\"font-weight: 400;\">Depuis <\/span>Strasbourg ou Lyon, les options sont similaires, avec souvent une \u00e9tape par Francfort ou Vienne. Pour les voyageurs press\u00e9s ou ceux qui trimbalent \u00e9cran, micro, tr\u00e9pied et chat, les vols directs depuis Paris, Lyon, Marseille ou Nice vers Zagreb ou Split<span style=\"font-weight: 400;\"> restent la solution la plus rapide, avec une arriv\u00e9e en moins de deux heures. Et pas besoin de visa en amont pour entrer dans le pays, puisqu\u2019il s\u2019obtient depuis la Croatie apr\u00e8s l\u2019arriv\u00e9e.<\/span><\/p>\n","protected":false},"excerpt":{"rendered":"<p>Pas besoin d\u2019aller au bout du monde pour changer de d\u00e9cor et bosser avec vue sur mer. Il existe un [&hellip;]<\/p>\n","protected":false},"author":3,"featured_media":33384,"comment_status":"open","ping_status":"closed","sticky":false,"template":"","format":"standard","meta":{"_acf_changed":false,"_sitemap_exclude":false,"_sitemap_priority":"","_sitemap_frequency":"","footnotes":"","rank_math_title":"","rank_math_description":"Visa prolong\u00e9 \u00e0 3 ans : ce coin d\u2019Europe d\u00e9roule le tapis rouge aux nomades num\u00e9riques pr\u00eats \u00e0 poser leurs valises longtemps.\n","rank_math_canonical_url":"","rank_math_focus_keyword":"visa,europe"},"categories":[3],"tags":[],"class_list":["post-33383","post","type-post","status-publish","format-standard","has-post-thumbnail","hentry","category-voyage"],"acf":[],"_links":{"self":[{"href":"https:\/\/ulysse.com\/news\/wp-json\/wp\/v2\/posts\/33383","targetHints":{"allow":["GET"]}}],"collection":[{"href":"https:\/\/ulysse.com\/news\/wp-json\/wp\/v2\/posts"}],"about":[{"href":"https:\/\/ulysse.com\/news\/wp-json\/wp\/v2\/types\/post"}],"author":[{"embeddable":true,"href":"https:\/\/ulysse.com\/news\/wp-json\/wp\/v2\/users\/3"}],"replies":[{"embeddable":true,"href":"https:\/\/ulysse.com\/news\/wp-json\/wp\/v2\/comments?post=33383"}],"version-history":[{"count":2,"href":"https:\/\/ulysse.com\/news\/wp-json\/wp\/v2\/posts\/33383\/revisions"}],"predecessor-version":[{"id":33386,"href":"https:\/\/ulysse.com\/news\/wp-json\/wp\/v2\/posts\/33383\/revisions\/33386"}],"wp:featuredmedia":[{"embeddable":true,"href":"https:\/\/ulysse.com\/news\/wp-json\/wp\/v2\/media\/33384"}],"wp:attachment":[{"href":"https:\/\/ulysse.com\/news\/wp-json\/wp\/v2\/media?parent=33383"}],"wp:term":[{"taxonomy":"category","embeddable":true,"href":"https:\/\/ulysse.com\/news\/wp-json\/wp\/v2\/categories?post=33383"},{"taxonomy":"post_tag","embeddable":true,"href":"https:\/\/ulysse.com\/news\/wp-json\/wp\/v2\/tags?post=33383"}],"curies":[{"name":"wp","href":"https:\/\/api.w.org\/{rel}","templated":true}]}}