{"id":33406,"date":"2025-08-11T07:00:52","date_gmt":"2025-08-11T06:00:52","guid":{"rendered":"https:\/\/discover.ulysse.com\/?p=33406"},"modified":"2025-08-10T11:41:21","modified_gmt":"2025-08-10T10:41:21","slug":"vacances-sans-enfants-le-gouvernement-veut-etouffer-la-tendance-avant-quelle-nexplose","status":"publish","type":"post","link":"https:\/\/ulysse.com\/news\/vacances-sans-enfants-le-gouvernement-veut-etouffer-la-tendance-avant-quelle-nexplose","title":{"rendered":"Vacances \u00ab sans enfants \u00bb : le gouvernement veut \u00e9touffer la tendance avant qu\u2019elle n\u2019explose"},"content":{"rendered":"<p data-start=\"99\" data-end=\"673\">En France, un nouveau champ de bataille s\u2019ouvre dans le tourisme. Sous des dehors anodins, une offre en pleine expansion ailleurs dans le monde commence \u00e0 pointer le bout de son nez : les s\u00e9jours <strong data-start=\"295\" data-end=\"319\">r\u00e9serv\u00e9s aux adultes<\/strong>. Pour certains, ce n\u2019est qu\u2019un cr\u00e9neau marketing comme un autre. Pour d\u2019autres, c\u2019est le signe inqui\u00e9tant d\u2019une soci\u00e9t\u00e9 qui exclut ses enfants de plus en plus t\u00f4t de l\u2019espace public. Le gouvernement, par la voix de la haute-commissaire \u00e0 l\u2019enfance, a choisi son camp\u2026 et pr\u00e9pare une riposte qui pourrait bien faire tomber la hache sur tout le secteur.<\/p>\n<h2 data-start=\"675\" data-end=\"755\">Le label \u00ab Le choix des familles \u00bb, une riposte assum\u00e9e contre le \u201cno kids\u201d<\/h2>\n<p data-start=\"757\" data-end=\"1855\">Sarah El Ha\u00efry ne m\u00e2che pas ses mots : la mode du <strong data-start=\"807\" data-end=\"820\">\u201cno kids\u201d<\/strong> est une \u00ab violence faite aux enfants \u00bb et elle entend emp\u00eacher que cette tendance ne s\u2019installe en France. Pour ce faire, elle a d\u00e9gain\u00e9 le label <strong data-start=\"967\" data-end=\"996\">\u00ab Le choix des familles \u00bb<\/strong>, destin\u00e9 \u00e0 r\u00e9compenser les \u00e9tablissements qui se distinguent par leur accueil des enfants : tarifs adapt\u00e9s, infrastructures d\u00e9di\u00e9es, animations sp\u00e9cifiques. Lanc\u00e9e le 5 juillet, une plateforme permet d\u00e9j\u00e0 aux familles de recommander leurs adresses pr\u00e9f\u00e9r\u00e9es. En octobre, 50 \u00e9tablissements recevront officiellement le pr\u00e9cieux s\u00e9same, affich\u00e9 via un sticker rouge et orange barr\u00e9 d\u2019une poussette, bien visible sur les fa\u00e7ades. Pour la haute-commissaire, ce n\u2019est pas un simple coup de communication. Elle d\u00e9fend l\u2019id\u00e9e qu\u2019\u00e9carter les enfants de certains lieux fragilise leur <strong data-start=\"1571\" data-end=\"1607\">d\u00e9veloppement physique et mental<\/strong>, et qu\u2019il faut au contraire renforcer leur pr\u00e9sence dans l\u2019espace public. Derri\u00e8re cette initiative se cache une v\u00e9ritable <strong data-start=\"1731\" data-end=\"1762\">volont\u00e9 d\u2019endiguer la vague<\/strong> avant qu\u2019elle ne d\u00e9ferle, quitte \u00e0 imposer des contraintes fortes aux acteurs du tourisme.<\/p>\n<h2 data-start=\"1857\" data-end=\"1921\">Une niche de march\u00e9 que l\u2019ex\u00e9cutif veut \u00e9touffer dans l\u2019\u0153uf<\/h2>\n<p data-start=\"1923\" data-end=\"3007\">\u00c0 l\u2019international, le march\u00e9 des vacances \u201cadult only\u201d est florissant. Chez TUI, leader mondial du secteur, <strong data-start=\"2031\" data-end=\"2052\">48 h\u00f4tels sur 100<\/strong> de la marque TUI Blue sont r\u00e9serv\u00e9s aux adultes de plus de 16 ans. En France, la client\u00e8le existe aussi, notamment chez les couples en qu\u00eate de tranquillit\u00e9. TUI France admet que 16 % de ses clients choisissent ce type d\u2019offre. Mais les voyagistes insistent : cela reste marginal, <strong data-start=\"2334\" data-end=\"2357\">5 \u00e0 10 % des ventes<\/strong>. Selon eux, il est difficile de remplir un \u00e9tablissement toute l\u2019ann\u00e9e en se coupant des familles, ce qui explique la prudence du march\u00e9 fran\u00e7ais. Dans l\u2019h\u00f4tellerie de plein air, la tendance est quasi absente : une vingtaine de campings \u201cno kids\u201d seulement sur plus de 7.000. Pour les d\u00e9fenseurs du secteur, la demande est faible, mais r\u00e9elle. Pour le gouvernement, elle est suffisamment inqui\u00e9tante pour \u00eatre combattue d\u00e8s maintenant. La crainte : qu\u2019en laissant faire, la France se retrouve avec un march\u00e9 aussi segment\u00e9 que celui de l\u2019Espagne ou des Cara\u00efbes\u2026 o\u00f9 les enfants sont <strong data-start=\"2941\" data-end=\"2972\">officiellement ind\u00e9sirables<\/strong> dans de nombreux \u00e9tablissements.<\/p>\n<h2 data-start=\"3009\" data-end=\"3079\">Vers une interdiction frontale des s\u00e9jours r\u00e9serv\u00e9s aux adultes ?<\/h2>\n<p data-start=\"3081\" data-end=\"4092\">Pour l\u2019instant, la loi ne prohibe pas les <a href=\"https:\/\/discover.ulysse.com\/quest-ce-que-hotels-adults-only-la-tendance-qui-divise-en-2025\">s\u00e9jours \u201cadult only\u201d<\/a>. R\u00e9sultat : certains h\u00f4tels et campings adoptent des <strong data-start=\"3197\" data-end=\"3222\">pratiques dissuasives<\/strong> sans afficher une exclusion claire. Facturer les lits b\u00e9b\u00e9 ou les chaises hautes, insister sur le \u00ab calme \u00bb et le \u00ab silence \u00bb dans les descriptifs, cr\u00e9er des piscines r\u00e9serv\u00e9es aux adultes au sein m\u00eame de structures familiales\u2026 Autant de mani\u00e8res d\u2019\u00e9carter les enfants sans prendre le risque d\u2019une plainte pour discrimination. Mais cette zone grise pourrait vite dispara\u00eetre. Sarah El Ha\u00efry n\u2019exclut pas une <strong data-start=\"3631\" data-end=\"3662\">interdiction pure et simple<\/strong> de ces offres en France. Pour les grands groupes, la messe est dite : \u00ab Notre fonds de commerce, c\u2019est la famille. Ce serait du suicide \u00bb, tranche un patron de cha\u00eene de campings. La bataille qui s\u2019annonce ne se joue pas seulement sur le plan \u00e9conomique. Elle touche \u00e0 la vision m\u00eame du tourisme et de la place des enfants dans la soci\u00e9t\u00e9. Un affrontement o\u00f9 <strong data-start=\"4022\" data-end=\"4057\">marketing, valeurs et politique<\/strong> vont se percuter de plein fouet.<\/p>\n","protected":false},"excerpt":{"rendered":"<p>En France, un nouveau champ de bataille s\u2019ouvre dans le tourisme. Sous des dehors anodins, une offre en pleine expansion [&hellip;]<\/p>\n","protected":false},"author":4,"featured_media":33429,"comment_status":"open","ping_status":"closed","sticky":false,"template":"","format":"standard","meta":{"_acf_changed":false,"_sitemap_exclude":false,"_sitemap_priority":"","_sitemap_frequency":"","footnotes":"","rank_math_title":"","rank_math_description":"","rank_math_canonical_url":"","rank_math_focus_keyword":"vacance"},"categories":[3],"tags":[],"class_list":["post-33406","post","type-post","status-publish","format-standard","has-post-thumbnail","hentry","category-voyage"],"acf":[],"_links":{"self":[{"href":"https:\/\/ulysse.com\/news\/wp-json\/wp\/v2\/posts\/33406","targetHints":{"allow":["GET"]}}],"collection":[{"href":"https:\/\/ulysse.com\/news\/wp-json\/wp\/v2\/posts"}],"about":[{"href":"https:\/\/ulysse.com\/news\/wp-json\/wp\/v2\/types\/post"}],"author":[{"embeddable":true,"href":"https:\/\/ulysse.com\/news\/wp-json\/wp\/v2\/users\/4"}],"replies":[{"embeddable":true,"href":"https:\/\/ulysse.com\/news\/wp-json\/wp\/v2\/comments?post=33406"}],"version-history":[{"count":2,"href":"https:\/\/ulysse.com\/news\/wp-json\/wp\/v2\/posts\/33406\/revisions"}],"predecessor-version":[{"id":33430,"href":"https:\/\/ulysse.com\/news\/wp-json\/wp\/v2\/posts\/33406\/revisions\/33430"}],"wp:featuredmedia":[{"embeddable":true,"href":"https:\/\/ulysse.com\/news\/wp-json\/wp\/v2\/media\/33429"}],"wp:attachment":[{"href":"https:\/\/ulysse.com\/news\/wp-json\/wp\/v2\/media?parent=33406"}],"wp:term":[{"taxonomy":"category","embeddable":true,"href":"https:\/\/ulysse.com\/news\/wp-json\/wp\/v2\/categories?post=33406"},{"taxonomy":"post_tag","embeddable":true,"href":"https:\/\/ulysse.com\/news\/wp-json\/wp\/v2\/tags?post=33406"}],"curies":[{"name":"wp","href":"https:\/\/api.w.org\/{rel}","templated":true}]}}