{"id":33408,"date":"2025-08-16T19:00:36","date_gmt":"2025-08-16T18:00:36","guid":{"rendered":"https:\/\/discover.ulysse.com\/?p=33408"},"modified":"2025-08-15T11:20:49","modified_gmt":"2025-08-15T10:20:49","slug":"eaux-turquoise-sable-dore-et-granit-rose-cette-plage-bretonne-est-un-bijou-inattendu","status":"publish","type":"post","link":"https:\/\/ulysse.com\/news\/eaux-turquoise-sable-dore-et-granit-rose-cette-plage-bretonne-est-un-bijou-inattendu","title":{"rendered":"Eaux turquoise, sable dor\u00e9 et granit rose : cette plage bretonne est un bijou inattendu"},"content":{"rendered":"<p data-start=\"80\" data-end=\"691\">Sur la C\u00f4te de Granit Rose, la plage de Trestraou \u00e0 Perros-Guirec s\u2019impose comme l\u2019un des hauts lieux du tourisme breton. \u00c9tendue de sable fin face \u00e0 l\u2019archipel des Sept-\u00celes, elle attire chaque \u00e9t\u00e9 des milliers de visiteurs venus profiter de son panorama et de ses activit\u00e9s nautiques. Entre histoire baln\u00e9aire, fr\u00e9quentation record et infrastructures modernes, Trestraou est \u00e0 la fois un symbole du patrimoine local et un moteur \u00e9conomique pour la ville. Derri\u00e8re la carte postale, la gestion de son affluence et la pr\u00e9servation de son environnement constituent des enjeux majeurs pour l\u2019avenir du littoral.<\/p>\n<h2 data-start=\"693\" data-end=\"749\">Un site historique et anim\u00e9 depuis plus d\u2019un si\u00e8cle<\/h2>\n<p data-start=\"751\" data-end=\"1680\">L\u2019histoire de Trestraou remonte \u00e0 la fin du XIX\u1d49 si\u00e8cle, lorsque le premier h\u00f4tel y ouvre ses portes, pr\u00e9lude \u00e0 l\u2019essor du tourisme baln\u00e9aire. L\u2019arriv\u00e9e du chemin de fer en 1906 marque un tournant, rendant la plage accessible \u00e0 une client\u00e8le plus large. Aujourd\u2019hui, elle conserve cet h\u00e9ritage tout en s\u2019adaptant aux attentes modernes : un centre nautique, des clubs enfants, des restaurants, un casino et des h\u00e9bergements haut de gamme bordent sa promenade. Les \u00e9quipements ont \u00e9t\u00e9 pens\u00e9s pour accueillir un public vari\u00e9, y compris les personnes \u00e0 mobilit\u00e9 r\u00e9duite gr\u00e2ce \u00e0 une promenade accessible.<\/p>\n<p data-start=\"751\" data-end=\"1680\">Les vacanciers peuvent alterner entre farniente sur le sable, sports nautiques, excursions vers les Sept-\u00celes et balades sur le sentier des Douaniers. Cette combinaison d\u2019histoire, de loisirs et de nature en fait un lieu unique, capable de s\u00e9duire \u00e0 la fois les familles, les amateurs de plein air et les curieux de patrimoine.<\/p>\n<h2 data-start=\"1682\" data-end=\"1761\">Une fr\u00e9quentation qui propulse la ville en t\u00eate des destinations bretonnes<\/h2>\n<p data-start=\"1763\" data-end=\"2875\">Chaque ann\u00e9e, le d\u00e9partement des <a href=\"https:\/\/discover.ulysse.com\/ville-bretonne-bord-mer-accessible-moins-20e\">C\u00f4tes-d\u2019Armor<\/a> accueille pr\u00e8s de quatre millions de touristes, g\u00e9n\u00e9rant plus de vingt-cinq millions de nuit\u00e9es. Perros-Guirec concentre une part importante de cette activit\u00e9. En 2023, la ville a enregistr\u00e9 plus de 1,3 million de nuit\u00e9es sur les huit premiers mois de l\u2019ann\u00e9e, en hausse de 15 % par rapport \u00e0 l\u2019ann\u00e9e pr\u00e9c\u00e9dente. En haute saison, la population de la commune est multipli\u00e9e par cinq, et<strong> la plage de Trestraou<\/strong> devient le c\u0153ur battant de cette affluence. On estime que, sur les journ\u00e9es les plus chaudes et anim\u00e9es de l\u2019\u00e9t\u00e9, entre vingt et quarante mille personnes peuvent passer par ce site. Cette popularit\u00e9 contribue directement \u00e0 l\u2019\u00e9conomie locale, soutenant l\u2019h\u00f4tellerie, la restauration, les commerces et les prestataires d\u2019activit\u00e9s. Mais elle soul\u00e8ve aussi des d\u00e9fis : gestion des flux, maintien de la qualit\u00e9 des services et pr\u00e9servation d\u2019un environnement fragile. Entre exigence de rentabilit\u00e9 touristique et volont\u00e9 de conserver l\u2019authenticit\u00e9 des lieux, la municipalit\u00e9 doit trouver un \u00e9quilibre pour que Trestraou reste un atout durable pour la r\u00e9gion.<\/p>\n<blockquote class=\"tiktok-embed\" style=\"max-width: 605px; min-width: 325px;\" cite=\"https:\/\/www.tiktok.com\/@hotel_les_costans\/video\/7515654984394870038\" data-video-id=\"7515654984394870038\">\n<section><a title=\"@hotel_les_costans\" href=\"https:\/\/www.tiktok.com\/@hotel_les_costans?refer=embed\" target=\"_blank\" rel=\"noopener\">@hotel_les_costans<\/a> Petit aper\u00e7u sur la plage de Trestraou le long du GR34 \ud83d\udc40\ud83d\udc99 <a title=\"perrosguirec\" href=\"https:\/\/www.tiktok.com\/tag\/perrosguirec?refer=embed\" target=\"_blank\" rel=\"noopener\">#perrosguirec<\/a> <a title=\"cotedegranitrose\" href=\"https:\/\/www.tiktok.com\/tag\/cotedegranitrose?refer=embed\" target=\"_blank\" rel=\"noopener\">#cotedegranitrose<\/a> <a title=\"hotel\" href=\"https:\/\/www.tiktok.com\/tag\/hotel?refer=embed\" target=\"_blank\" rel=\"noopener\">#hotel<\/a> <a title=\"bretagne\" href=\"https:\/\/www.tiktok.com\/tag\/bretagne?refer=embed\" target=\"_blank\" rel=\"noopener\">#bretagne<\/a> <a title=\"tourisme\" href=\"https:\/\/www.tiktok.com\/tag\/tourisme?refer=embed\" target=\"_blank\" rel=\"noopener\">#tourisme<\/a> <a title=\"perrosguirectourisme\" href=\"https:\/\/www.tiktok.com\/tag\/perrosguirectourisme?refer=embed\" target=\"_blank\" rel=\"noopener\">#perrosguirectourisme<\/a> <a title=\"bretagne22\" href=\"https:\/\/www.tiktok.com\/tag\/bretagne22?refer=embed\" target=\"_blank\" rel=\"noopener\">#bretagne22<\/a> <a title=\"perrosguirec_cotedegranitrose\" href=\"https:\/\/www.tiktok.com\/tag\/perrosguirec_cotedegranitrose?refer=embed\" target=\"_blank\" rel=\"noopener\">#perrosguirec_cotedegranitrose<\/a> <a title=\"bretagnetourisme\" href=\"https:\/\/www.tiktok.com\/tag\/bretagnetourisme?refer=embed\" target=\"_blank\" rel=\"noopener\">#bretagnetourisme<\/a> <a title=\"gr34\" href=\"https:\/\/www.tiktok.com\/tag\/gr34?refer=embed\" target=\"_blank\" rel=\"noopener\">#gr34<\/a> <a title=\"\u266c MIRRACLE mashup Underworld Born Slippy mashup - MIRRACLE\" href=\"https:\/\/www.tiktok.com\/music\/MIRRACLE-mashup-Underworld-Born-Slippy-mashup-7344716357940890401?refer=embed\" target=\"_blank\" rel=\"noopener\">\u266c MIRRACLE mashup Underworld Born Slippy mashup &#8211; MIRRACLE<\/a><\/section>\n<\/blockquote>\n<p><script async src=\"https:\/\/www.tiktok.com\/embed.js\"><\/script><\/p>\n<h2 data-start=\"2877\" data-end=\"2922\">Un atout naturel et culturel \u00e0 pr\u00e9server<\/h2>\n<p data-start=\"2924\" data-end=\"4152\" data-is-last-node=\"\" data-is-only-node=\"\">Trestraou ne doit pas sa r\u00e9putation qu\u2019\u00e0 ses dimensions touristiques. Sa situation privil\u00e9gi\u00e9e face aux Sept-\u00celes et au c\u0153ur de la C\u00f4te de Granit Rose lui conf\u00e8re une valeur paysag\u00e8re exceptionnelle. Le site est \u00e9galement un point de d\u00e9part pour des d\u00e9couvertes culturelles et patrimoniales : croisi\u00e8res vers la r\u00e9serve ornithologique, randonn\u00e9es le long des rochers de granit sculpt\u00e9s par le temps, visites de monuments locaux. Ce double visage, \u00e0 la fois naturel et historique, attire un public soucieux de vivre une exp\u00e9rience compl\u00e8te, au-del\u00e0 de la simple baignade. Cette richesse implique une vigilance accrue face aux menaces environnementales. L\u2019\u00e9rosion c\u00f4ti\u00e8re, la pression touristique et le d\u00e9r\u00e8glement climatique sont autant de facteurs qui peuvent fragiliser l\u2019\u00e9cosyst\u00e8me local.<\/p>\n<p data-start=\"2924\" data-end=\"4152\" data-is-last-node=\"\" data-is-only-node=\"\">Les acteurs du tourisme, de la municipalit\u00e9 aux professionnels priv\u00e9s, sont donc engag\u00e9s dans une r\u00e9flexion sur l\u2019avenir du site. Pr\u00e9server la beaut\u00e9 et l\u2019accessibilit\u00e9 de Trestraou tout en maintenant sa place de moteur \u00e9conomique est un d\u00e9fi permanent. C\u2019est cette alliance entre attractivit\u00e9 et protection qui conditionnera la capacit\u00e9 de la plage \u00e0 continuer d\u2019incarner l\u2019esprit de la C\u00f4te de Granit Rose dans les d\u00e9cennies \u00e0 venir.<\/p>\n","protected":false},"excerpt":{"rendered":"<p>Sur la C\u00f4te de Granit Rose, la plage de Trestraou \u00e0 Perros-Guirec s\u2019impose comme l\u2019un des hauts lieux du tourisme [&hellip;]<\/p>\n","protected":false},"author":4,"featured_media":33699,"comment_status":"open","ping_status":"closed","sticky":false,"template":"","format":"standard","meta":{"_acf_changed":false,"_sitemap_exclude":false,"_sitemap_priority":"","_sitemap_frequency":"","footnotes":"","rank_math_title":"","rank_math_description":"","rank_math_canonical_url":"","rank_math_focus_keyword":"plage"},"categories":[3],"tags":[],"class_list":["post-33408","post","type-post","status-publish","format-standard","has-post-thumbnail","hentry","category-voyage"],"acf":[],"_links":{"self":[{"href":"https:\/\/ulysse.com\/news\/wp-json\/wp\/v2\/posts\/33408","targetHints":{"allow":["GET"]}}],"collection":[{"href":"https:\/\/ulysse.com\/news\/wp-json\/wp\/v2\/posts"}],"about":[{"href":"https:\/\/ulysse.com\/news\/wp-json\/wp\/v2\/types\/post"}],"author":[{"embeddable":true,"href":"https:\/\/ulysse.com\/news\/wp-json\/wp\/v2\/users\/4"}],"replies":[{"embeddable":true,"href":"https:\/\/ulysse.com\/news\/wp-json\/wp\/v2\/comments?post=33408"}],"version-history":[{"count":5,"href":"https:\/\/ulysse.com\/news\/wp-json\/wp\/v2\/posts\/33408\/revisions"}],"predecessor-version":[{"id":33702,"href":"https:\/\/ulysse.com\/news\/wp-json\/wp\/v2\/posts\/33408\/revisions\/33702"}],"wp:featuredmedia":[{"embeddable":true,"href":"https:\/\/ulysse.com\/news\/wp-json\/wp\/v2\/media\/33699"}],"wp:attachment":[{"href":"https:\/\/ulysse.com\/news\/wp-json\/wp\/v2\/media?parent=33408"}],"wp:term":[{"taxonomy":"category","embeddable":true,"href":"https:\/\/ulysse.com\/news\/wp-json\/wp\/v2\/categories?post=33408"},{"taxonomy":"post_tag","embeddable":true,"href":"https:\/\/ulysse.com\/news\/wp-json\/wp\/v2\/tags?post=33408"}],"curies":[{"name":"wp","href":"https:\/\/api.w.org\/{rel}","templated":true}]}}