{"id":33413,"date":"2025-08-13T18:00:16","date_gmt":"2025-08-13T17:00:16","guid":{"rendered":"https:\/\/discover.ulysse.com\/?p=33413"},"modified":"2025-08-13T09:18:01","modified_gmt":"2025-08-13T08:18:01","slug":"partir-au-japon-sans-quitter-nantes","status":"publish","type":"post","link":"https:\/\/ulysse.com\/news\/partir-au-japon-sans-quitter-nantes","title":{"rendered":"Partir au Japon sans quitter Nantes"},"content":{"rendered":"<p data-start=\"39\" data-end=\"637\">Au c\u0153ur de Nantes, l&#8217;\u00eele de Versailles vous offre une \u00e9vasion \u00e9tonnante, plongeant les visiteurs dans l\u2019atmosph\u00e8re tranquille d\u2019un jardin japonais. Depuis sa transformation en 1983, cette \u00eele, autrefois occup\u00e9e par des tanneurs et charpentiers, est devenue un lieu unique alliant nature et culture asiatique. Entre rocailles, cascades et b\u00e2timents traditionnels, l&#8217;\u00eele invite \u00e0 un v\u00e9ritable voyage sensoriel. Ce jardin japonais, nich\u00e9 sur l\u2019Erdre, est un havre de paix, o\u00f9 l&#8217;on peut explorer l&#8217;art du jardinage nippon et s&#8217;impr\u00e9gner de l\u2019histoire et des traditions de l\u2019Asie, sans quitter la ville.<\/p>\n<h2 data-start=\"639\" data-end=\"714\">L\u2019histoire fascinante de l&#8217;\u00eele de Versailles : un lieu de transformation<\/h2>\n<p data-start=\"716\" data-end=\"1585\">L&#8217;\u00eele de Versailles est une v\u00e9ritable p\u00e9pite de <a href=\"https:\/\/discover.ulysse.com\/a-deux-pas-de-nantes-decouvrez-la-perle-cachee-de-lestuaire-de-la-loire\">Nantes<\/a>, mais son histoire remonte bien avant sa transformation en jardin japonais. Cr\u00e9\u00e9e en 1831, elle \u00e9tait \u00e0 l\u2019origine occup\u00e9e par des tanneurs et des charpentiers de marine, qui utilisaient l\u2019Erdre pour leurs activit\u00e9s. Ce n\u2019est qu\u2019en 1983 que la ville de Nantes d\u00e9cida de redonner \u00e0 l\u2019\u00eele un aspect plus naturel et esth\u00e9tique en la transformant en jardin japonais. Inspir\u00e9 des jardins traditionnels du Japon, l\u2019am\u00e9nagement de l\u2019\u00eele repose sur l\u2019\u00e9quilibre parfait entre les \u00e9l\u00e9ments naturels : eau, pierre, sable et v\u00e9g\u00e9tation. Ce projet a permis de conserver l\u2019aspect historique du lieu tout en y int\u00e9grant des \u00e9l\u00e9ments culturels asiatiques. Aujourd\u2019hui, l\u2019\u00eele est un lieu incontournable pour les visiteurs de Nantes, offrant \u00e0 la fois une immersion dans l\u2019histoire locale et une d\u00e9couverte des traditions japonaises.<\/p>\n<h2 data-start=\"1587\" data-end=\"1656\">Un voyage sensoriel dans le jardin japonais de l&#8217;\u00eele de Versailles<\/h2>\n<p data-start=\"1658\" data-end=\"2573\">L&#8217;\u00eele de Versailles se distingue par sa structure paysag\u00e8re et son ambiance zen, typique des jardins japonais. D\u2019une superficie de 3 hectares, le jardin est une v\u00e9ritable invitation \u00e0 la m\u00e9ditation. Il se compose de rocailles, de cascades et de plans d&#8217;eau, dont l&#8217;\u00e9l\u00e9ment central est un \u00e9tang o\u00f9 l&#8217;on peut observer des carpes ko\u00ef. Des sentiers sinueux traversent le jardin, menant \u00e0 des points de vue magnifiques sur l&#8217;eau et les \u00e9l\u00e9ments naturels. Trois b\u00e2timents, inspir\u00e9s de l\u2019habitat nippon traditionnel, ponctuent le jardin et lui conf\u00e8rent une atmosph\u00e8re unique. Parmi eux, la <strong data-start=\"2242\" data-end=\"2263\">Maison de l&#8217;Erdre<\/strong> se distingue par son jardin zen, parfait pour une pause contemplative. Ce lieu sert \u00e9galement de cadre \u00e0 des expositions qui permettent de d\u00e9couvrir les \u00e9cosyst\u00e8mes de l\u2019Erdre et des th\u00e9matiques li\u00e9es \u00e0 l\u2019Asie. Ces expositions sont r\u00e9guli\u00e8rement renouvel\u00e9es et enrichissent l\u2019exp\u00e9rience de tous les visiteurs.<\/p>\n<blockquote class=\"tiktok-embed\" style=\"max-width: 605px; min-width: 325px;\" cite=\"https:\/\/www.tiktok.com\/@laeetispam\/video\/7436449838805323064\" data-video-id=\"7436449838805323064\">\n<section><a title=\"@laeetispam\" href=\"https:\/\/www.tiktok.com\/@laeetispam?refer=embed\" target=\"_blank\" rel=\"noopener\">@laeetispam<\/a> \ud83d\udccd\u00cele de Versailles, Nantes <a title=\"fyp\" href=\"https:\/\/www.tiktok.com\/tag\/fyp?refer=embed\" target=\"_blank\" rel=\"noopener\">#fyp<\/a> <a title=\"nantes\" href=\"https:\/\/www.tiktok.com\/tag\/nantes?refer=embed\" target=\"_blank\" rel=\"noopener\">#nantes<\/a> <a title=\"\u266c original sound - The Elder\" href=\"https:\/\/www.tiktok.com\/music\/original-sound-7319961274229213958?refer=embed\" target=\"_blank\" rel=\"noopener\">\u266c original sound &#8211; The Elder<\/a><\/section>\n<\/blockquote>\n<p><script async src=\"https:\/\/www.tiktok.com\/embed.js\"><\/script><\/p>\n<h2 data-start=\"2575\" data-end=\"2664\">Une immersion culturelle \u00e0 travers des \u00e9v\u00e9nements et activit\u00e9s tout au long de l\u2019ann\u00e9e<\/h2>\n<p data-start=\"2666\" data-end=\"3484\" data-is-last-node=\"\" data-is-only-node=\"\">L\u2019\u00eele de Versailles ne se limite pas \u00e0 son aspect paysager. Elle est \u00e9galement un centre culturel vivant, offrant une vari\u00e9t\u00e9 d\u2019activit\u00e9s tout au long de l&#8217;ann\u00e9e. Des expositions d&#8217;art, des ateliers de jardinage zen et des \u00e9v\u00e9nements sur la culture asiatique sont r\u00e9guli\u00e8rement organis\u00e9s \u00e0 la <strong data-start=\"2959\" data-end=\"2980\">Maison de l&#8217;Erdre<\/strong>. Ces \u00e9v\u00e9nements permettent d\u2019approfondir la d\u00e9couverte du Japon et de ses traditions. En \u00e9t\u00e9, le jardin devient un lieu de d\u00e9tente, id\u00e9al pour des pique-niques au bord de l\u2019eau ou des promenades en toute tranquillit\u00e9. L\u2019hiver, le jardin prend une dimension magique, avec les cascades glac\u00e9es et les paysages paisibles. Que ce soit pour se d\u00e9tendre, en apprendre davantage sur le Japon ou simplement profiter de la beaut\u00e9 du jardin, l&#8217;\u00eele de Versailles offre une exp\u00e9rience compl\u00e8te \u00e0 tous les visiteurs.<\/p>\n","protected":false},"excerpt":{"rendered":"<p>Au c\u0153ur de Nantes, l&#8217;\u00eele de Versailles vous offre une \u00e9vasion \u00e9tonnante, plongeant les visiteurs dans l\u2019atmosph\u00e8re tranquille d\u2019un jardin [&hellip;]<\/p>\n","protected":false},"author":4,"featured_media":33581,"comment_status":"open","ping_status":"closed","sticky":false,"template":"","format":"standard","meta":{"_acf_changed":false,"_sitemap_exclude":false,"_sitemap_priority":"","_sitemap_frequency":"","footnotes":"","rank_math_title":"","rank_math_description":"","rank_math_canonical_url":"","rank_math_focus_keyword":"nantes"},"categories":[3],"tags":[],"class_list":["post-33413","post","type-post","status-publish","format-standard","has-post-thumbnail","hentry","category-voyage"],"acf":[],"_links":{"self":[{"href":"https:\/\/ulysse.com\/news\/wp-json\/wp\/v2\/posts\/33413","targetHints":{"allow":["GET"]}}],"collection":[{"href":"https:\/\/ulysse.com\/news\/wp-json\/wp\/v2\/posts"}],"about":[{"href":"https:\/\/ulysse.com\/news\/wp-json\/wp\/v2\/types\/post"}],"author":[{"embeddable":true,"href":"https:\/\/ulysse.com\/news\/wp-json\/wp\/v2\/users\/4"}],"replies":[{"embeddable":true,"href":"https:\/\/ulysse.com\/news\/wp-json\/wp\/v2\/comments?post=33413"}],"version-history":[{"count":2,"href":"https:\/\/ulysse.com\/news\/wp-json\/wp\/v2\/posts\/33413\/revisions"}],"predecessor-version":[{"id":33582,"href":"https:\/\/ulysse.com\/news\/wp-json\/wp\/v2\/posts\/33413\/revisions\/33582"}],"wp:featuredmedia":[{"embeddable":true,"href":"https:\/\/ulysse.com\/news\/wp-json\/wp\/v2\/media\/33581"}],"wp:attachment":[{"href":"https:\/\/ulysse.com\/news\/wp-json\/wp\/v2\/media?parent=33413"}],"wp:term":[{"taxonomy":"category","embeddable":true,"href":"https:\/\/ulysse.com\/news\/wp-json\/wp\/v2\/categories?post=33413"},{"taxonomy":"post_tag","embeddable":true,"href":"https:\/\/ulysse.com\/news\/wp-json\/wp\/v2\/tags?post=33413"}],"curies":[{"name":"wp","href":"https:\/\/api.w.org\/{rel}","templated":true}]}}