{"id":33434,"date":"2025-08-11T14:00:16","date_gmt":"2025-08-11T13:00:16","guid":{"rendered":"https:\/\/discover.ulysse.com\/?p=33434"},"modified":"2025-08-10T22:43:29","modified_gmt":"2025-08-10T21:43:29","slug":"ete-eldorado-americain-sud-europeen-france","status":"publish","type":"post","link":"https:\/\/ulysse.com\/news\/ete-eldorado-americain-sud-europeen-france","title":{"rendered":"Cet \u00e9t\u00e9, l\u2019eldorado am\u00e9ricain est dans le sud europ\u00e9en, mais ailleurs qu\u2019en France"},"content":{"rendered":"<p><span style=\"font-weight: 400;\">Il y a comme un parfum de surprise dans l\u2019air cet \u00e9t\u00e9. Alors que l\u2019on pourrait croire que Paris, la Provence ou la C\u00f4te d\u2019Azur restent les terrains de jeu pr\u00e9f\u00e9r\u00e9s des<strong> Am\u00e9ricains<\/strong>, voil\u00e0 qu\u2019ils pr\u00e9f\u00e8rent faire leurs valises pour d\u2019autres coins du<strong> sud europ\u00e9en.<\/strong> Et pas n\u2019importe lesquels : l\u2019Espagne et la Gr\u00e8ce se partagent la vedette, \u00e9clipsant notre hexagone pourtant riche en cartes postales mythiques. Un vent chaud venu de la M\u00e9diterran\u00e9e souffle sur leurs envies d\u2019ailleurs, et ce souffle les m\u00e8ne directement vers des rivages o\u00f9 les maisons blanchies par le soleil c\u00f4toient des criques turquoise presque secr\u00e8tes. Une tendance qui en dit long sur leurs envies : plus de soleil, plus d\u2019authenticit\u00e9, et moins de clich\u00e9s touristiques.<\/span><\/p>\n<h2><b>Majorque, Cr\u00e8te, Alicante\u2026 l\u00e0 o\u00f9 \u00e7a cr\u00e9pite<\/b><\/h2>\n<p><span style=\"font-weight: 400;\">Ce ne sont plus les m\u00eames noms qui circulent dans les conversations am\u00e9ricaines. Fini le trio Ibiza\u2013Santorin\u2013Mykonos, qui, soyons honn\u00eates, a parfois un go\u00fbt de d\u00e9j\u00e0-vu. Cette ann\u00e9e, ce sont les p\u00e9pites un peu moins tapageuses qui font chavirer les c\u0153urs.<a href=\"https:\/\/discover.ulysse.com\/popularite-majorque-decline-ville-vole-vedette\"> Majorque<\/a>, avec ses falaises sculpt\u00e9es par la mer et ses villages suspendus entre ciel et terre, s\u00e9duit par son charme simple et ses calanques discr\u00e8tes. <strong>La Cr\u00e8te<\/strong>, immense mosa\u00efque de plages dor\u00e9es, de montagnes parfum\u00e9es au thym et de tavernes o\u00f9 l\u2019on sert un raki g\u00e9n\u00e9reux, joue la carte du d\u00e9paysement complet. Quant \u00e0 <strong>Alicante<\/strong>, ses rues pav\u00e9es aux tons chauds et son front de mer anim\u00e9 respirent la dolce vita espagnole.<\/span><span style=\"font-weight: 400;\"><br \/>\n<\/span><span style=\"font-weight: 400;\"> C\u00f4t\u00e9 budget, ces destinations peuvent rester plus accessibles que les spots ultra-branch\u00e9s. En moyenne, une nuit dans un h\u00f4tel trois \u00e9toiles confortable peut tourner autour de 80 \u00e0 120 euros selon la saison, et un repas local copieux ne d\u00e9passe pas souvent les 20 euros par personne. Le co\u00fbt de la vie reste donc doux, surtout en s\u2019\u00e9loignant un peu des zones les plus touristiques. Depuis la France, il faudra \u00e9videmment prendre l\u2019avion, avec des vols directs r\u00e9guliers depuis Paris, Lyon ou Marseille vers Palma, H\u00e9raklion ou Alicante, souvent \u00e0 partir de 60 euros l\u2019aller en r\u00e9servant t\u00f4t.<\/span><\/p>\n<h2><b>Le go\u00fbt des Am\u00e9ricains pour l\u2019authentique\u00a0<\/b><\/h2>\n<p><span style=\"font-weight: 400;\">Ce qui s\u00e9duit vraiment les visiteurs d\u2019outre-Atlantique cette ann\u00e9e, c\u2019est ce c\u00f4t\u00e9 vrai, presque brut, que l\u2019on retrouve dans certaines \u00eeles grecques comme <strong>Naxos, L\u00e9fkada ou Zakynthos.<\/strong> Ici, pas de d\u00e9cor calibr\u00e9 pour Instagram \u00e0 outrance, mais des plages sauvages, des montagnes qui plongent dans la mer, des villages o\u00f9 le temps semble ralentir. Ces coins respirent la vie locale, et c\u2019est exactement ce que recherchent ceux qui veulent \u00e9chapper aux grandes machines touristiques.<\/span><span style=\"font-weight: 400;\"><br \/>\n<\/span><span style=\"font-weight: 400;\"> Les Am\u00e9ricains semblent aussi appr\u00e9cier l\u2019accueil chaleureux et un rythme de vie qui tranche avec l\u2019effervescence permanente chez eux. Le march\u00e9 du samedi matin, le caf\u00e9 frapp\u00e9 sirot\u00e9 \u00e0 l\u2019ombre d\u2019un platane, la baignade improvis\u00e9e dans une crique d\u00e9serte\u2026 ce sont ces petites sc\u00e8nes qui font toute la diff\u00e9rence. Et pour ceux qui veulent varier les plaisirs, rien de plus simple : une randonn\u00e9e le matin dans les sentiers parfum\u00e9s \u00e0 la sauge, une plong\u00e9e l\u2019apr\u00e8s-midi dans une eau cristalline, et le soir, un festin de mezze ou de paella, le tout pour une addition bien plus l\u00e9g\u00e8re que dans certains coins ultra-branch\u00e9s de la <a href=\"https:\/\/discover.ulysse.com\/cote-port-discret-adresse-chic-voyageurs\">C\u00f4te d\u2019Azur<\/a>.<\/span><\/p>\n<h2><b>Et le sud fran\u00e7ais dans tout \u00e7a ?<\/b><\/h2>\n<p><span style=\"font-weight: 400;\">Soyons clairs : la France reste dans le c\u0153ur de nombreux voyageurs am\u00e9ricains, mais cette ann\u00e9e, elle n\u2019est pas en haut de leur liste, selon le site de location de vacances<a href=\"https:\/\/www.hometogo.fr\/\" target=\"_blank\" rel=\"noopener\">\u00a0<em>HomeToGo<\/em><\/a>. Les prix parfois plus \u00e9lev\u00e9s, l\u2019affluence dans les lieux phares et la recherche d\u2019exp\u00e9riences plus intimistes les poussent \u00e0 regarder vers d\u2019autres horizons. Ce n\u2019est pas une fuite, plut\u00f4t une envie de nouveaut\u00e9. Pour nous, Fran\u00e7ais, c\u2019est presque une invitation \u00e0 red\u00e9couvrir notre voisinage m\u00e9diterran\u00e9en autrement. L\u2019Espagne et la Gr\u00e8ce ne sont qu\u2019\u00e0 quelques heures d\u2019avion, mais offrent un d\u00e9paysement total, m\u00eame pour ceux qui connaissent d\u00e9j\u00e0 un peu ces pays. Alors pourquoi ne pas s\u2019inspirer de cette tendance et se laisser tenter, nous aussi, par une balade sur les remparts de<strong> Palma<\/strong> au coucher du soleil, une randonn\u00e9e dans les<strong> gorges de Samaria<\/strong> ou un verre de tinto de verano sur une terrasse face \u00e0 la mer ? Apr\u00e8s tout, suivre la vague peut parfois mener \u00e0 de tr\u00e8s belles surprises.<\/span><\/p>\n","protected":false},"excerpt":{"rendered":"<p>Il y a comme un parfum de surprise dans l\u2019air cet \u00e9t\u00e9. Alors que l\u2019on pourrait croire que Paris, la [&hellip;]<\/p>\n","protected":false},"author":3,"featured_media":33435,"comment_status":"open","ping_status":"closed","sticky":false,"template":"","format":"standard","meta":{"_acf_changed":false,"_sitemap_exclude":false,"_sitemap_priority":"","_sitemap_frequency":"","footnotes":"","rank_math_title":"","rank_math_description":"Cet \u00e9t\u00e9, le sud de l\u2019Europe s\u2019offre sous un nouveau jour aux Am\u00e9ricains, et les meilleures surprises se trouvent souvent l\u00e0 o\u00f9 on ne les attend pas.\n","rank_math_canonical_url":"","rank_math_focus_keyword":"am\u00e9ricain,sud"},"categories":[3],"tags":[],"class_list":["post-33434","post","type-post","status-publish","format-standard","has-post-thumbnail","hentry","category-voyage"],"acf":[],"_links":{"self":[{"href":"https:\/\/ulysse.com\/news\/wp-json\/wp\/v2\/posts\/33434","targetHints":{"allow":["GET"]}}],"collection":[{"href":"https:\/\/ulysse.com\/news\/wp-json\/wp\/v2\/posts"}],"about":[{"href":"https:\/\/ulysse.com\/news\/wp-json\/wp\/v2\/types\/post"}],"author":[{"embeddable":true,"href":"https:\/\/ulysse.com\/news\/wp-json\/wp\/v2\/users\/3"}],"replies":[{"embeddable":true,"href":"https:\/\/ulysse.com\/news\/wp-json\/wp\/v2\/comments?post=33434"}],"version-history":[{"count":2,"href":"https:\/\/ulysse.com\/news\/wp-json\/wp\/v2\/posts\/33434\/revisions"}],"predecessor-version":[{"id":33461,"href":"https:\/\/ulysse.com\/news\/wp-json\/wp\/v2\/posts\/33434\/revisions\/33461"}],"wp:featuredmedia":[{"embeddable":true,"href":"https:\/\/ulysse.com\/news\/wp-json\/wp\/v2\/media\/33435"}],"wp:attachment":[{"href":"https:\/\/ulysse.com\/news\/wp-json\/wp\/v2\/media?parent=33434"}],"wp:term":[{"taxonomy":"category","embeddable":true,"href":"https:\/\/ulysse.com\/news\/wp-json\/wp\/v2\/categories?post=33434"},{"taxonomy":"post_tag","embeddable":true,"href":"https:\/\/ulysse.com\/news\/wp-json\/wp\/v2\/tags?post=33434"}],"curies":[{"name":"wp","href":"https:\/\/api.w.org\/{rel}","templated":true}]}}