{"id":33440,"date":"2025-08-11T13:00:36","date_gmt":"2025-08-11T12:00:36","guid":{"rendered":"https:\/\/discover.ulysse.com\/?p=33440"},"modified":"2025-08-10T22:41:59","modified_gmt":"2025-08-10T21:41:59","slug":"ce-que-vous-ne-voyez-pas-sur-instagram-la-verite-derriere-les-plages-les-plus-surpeuplees-deurope","status":"publish","type":"post","link":"https:\/\/ulysse.com\/news\/ce-que-vous-ne-voyez-pas-sur-instagram-la-verite-derriere-les-plages-les-plus-surpeuplees-deurope","title":{"rendered":"Ce que vous ne voyez pas sur Instagram : la v\u00e9rit\u00e9 derri\u00e8re les plages les plus surpeupl\u00e9es d&#8217;Europe"},"content":{"rendered":"<p data-start=\"336\" data-end=\"950\">Chaque ann\u00e9e, elles attirent des millions de voyageurs en qu\u00eate de sable fin et d\u2019eaux cristallines. Mais derri\u00e8re les clich\u00e9s de r\u00eave post\u00e9s sur Instagram, la r\u00e9alit\u00e9 n\u2019est pas toujours aussi idyllique. Un rapport sign\u00e9 <strong data-start=\"557\" data-end=\"571\">Cloudwards<\/strong>, bas\u00e9 sur plus de 1,3 million de commentaires TripAdvisor, r\u00e9v\u00e8le les coulisses moins glamour de <strong>200 plages<\/strong> parmi les plus visit\u00e9es au monde. Verdict : l\u2019Europe d\u00e9croche la palme des griefs, surtout c\u00f4t\u00e9 surpopulation. Sur huit des dix plages les plus critiqu\u00e9es pour leur affluence, les serviettes s\u2019alignent comme des sardines, et l\u2019espace personnel devient une denr\u00e9e rare.<\/p>\n<h2 data-start=\"957\" data-end=\"1013\"><strong data-start=\"960\" data-end=\"1011\">Bournemouth : reine des plaintes c\u00f4t\u00e9 continent<\/strong><\/h2>\n<p data-start=\"1015\" data-end=\"1509\">Cocorico\u2026 ou plut\u00f4t God Save the Beach ! La plage de <strong data-start=\"1068\" data-end=\"1083\">Bournemouth<\/strong>, au Royaume-Uni, se hisse en t\u00eate des plages les plus critiqu\u00e9es d\u2019Europe et cinqui\u00e8me au niveau mondial. Sur le papier, elle a tout : une vaste \u00e9tendue de sable dor\u00e9, des cabines pastel \u00e0 l\u2019anglaise, une promenade anim\u00e9e, et la mer qui scintille sous le ciel du Dorset. Mais dans la r\u00e9alit\u00e9, les avis s\u2019accumulent sur deux points noirs : une fr\u00e9quentation qui fr\u00f4le parfois la cohue et une propret\u00e9 loin d\u2019\u00eatre impeccable.<\/p>\n<p data-start=\"1511\" data-end=\"1860\">Cela n\u2019emp\u00eache pas la station baln\u00e9aire de s\u00e9duire avec son ambiance festive et familiale, ses caf\u00e9s de bord de mer et ses activit\u00e9s nautiques en pagaille. Mais les vacanciers d\u00e9sireux de plonger dans la qui\u00e9tude devront redoubler de strat\u00e9gie : venir hors saison ou t\u00f4t le matin, avant que les vagues de visiteurs ne s\u2019installent pour la journ\u00e9e.<\/p>\n<blockquote class=\"instagram-media\" style=\"background: #FFF; border: 0; border-radius: 3px; margin: 1px; max-width: 540px; min-width: 326px; padding: 0; width: calc(100% - 2px);\" data-instgrm-captioned=\"\" data-instgrm-permalink=\"https:\/\/www.instagram.com\/p\/DM7nkUGibXf\/?utm_source=ig_embed&amp;utm_campaign=loading\" data-instgrm-version=\"14\">\n<div style=\"padding: 16px;\">\n<p>&nbsp;<\/p>\n<div style=\"flex-direction: row; align-items: center;\">\n<div style=\"background-color: #f4f4f4; border-radius: 50%; flex-grow: 0; height: 40px; margin-right: 14px; width: 40px;\"><\/div>\n<div style=\"flex-direction: column; flex-grow: 1; justify-content: center;\">\n<div style=\"background-color: #f4f4f4; border-radius: 4px; flex-grow: 0; height: 14px; margin-bottom: 6px; width: 100px;\"><\/div>\n<div style=\"background-color: #f4f4f4; border-radius: 4px; flex-grow: 0; height: 14px; width: 60px;\"><\/div>\n<\/div>\n<\/div>\n<div style=\"padding: 19% 0;\"><\/div>\n<div style=\"height: 50px; margin: 0 auto 12px; width: 50px;\"><\/div>\n<div style=\"padding-top: 8px;\">\n<div style=\"color: #3897f0; font-family: Arial,sans-serif; font-size: 14px; font-style: normal; font-weight: 550; line-height: 18px;\">Voir cette publication sur Instagram<\/div>\n<\/div>\n<div style=\"padding: 12.5% 0;\"><\/div>\n<div style=\"flex-direction: row; margin-bottom: 14px; align-items: center;\">\n<div>\n<div style=\"background-color: #f4f4f4; border-radius: 50%; height: 12.5px; width: 12.5px;\"><\/div>\n<div style=\"background-color: #f4f4f4; height: 12.5px; width: 12.5px; flex-grow: 0; margin-right: 14px; margin-left: 2px;\"><\/div>\n<div style=\"background-color: #f4f4f4; border-radius: 50%; height: 12.5px; width: 12.5px;\"><\/div>\n<\/div>\n<div style=\"margin-left: 8px;\">\n<div style=\"background-color: #f4f4f4; border-radius: 50%; flex-grow: 0; height: 20px; width: 20px;\"><\/div>\n<div style=\"width: 0; height: 0; border-top: 2px solid transparent; border-left: 6px solid #f4f4f4; border-bottom: 2px solid transparent;\"><\/div>\n<\/div>\n<div style=\"margin-left: auto;\">\n<div style=\"width: 0px; border-top: 8px solid #F4F4F4; border-right: 8px solid transparent;\"><\/div>\n<div style=\"background-color: #f4f4f4; flex-grow: 0; height: 12px; width: 16px;\"><\/div>\n<div style=\"width: 0; height: 0; border-top: 8px solid #F4F4F4; border-left: 8px solid transparent;\"><\/div>\n<\/div>\n<\/div>\n<div style=\"flex-direction: column; flex-grow: 1; justify-content: center; margin-bottom: 24px;\">\n<div style=\"background-color: #f4f4f4; border-radius: 4px; flex-grow: 0; height: 14px; margin-bottom: 6px; width: 224px;\"><\/div>\n<div style=\"background-color: #f4f4f4; border-radius: 4px; flex-grow: 0; height: 14px; width: 144px;\"><\/div>\n<\/div>\n<p>&nbsp;<\/p>\n<p style=\"color: #c9c8cd; font-family: Arial,sans-serif; font-size: 14px; line-height: 17px; margin-bottom: 0; margin-top: 8px; overflow: hidden; padding: 8px 0 7px; text-align: center;\"><a style=\"color: #c9c8cd; font-family: Arial,sans-serif; font-size: 14px; font-style: normal; font-weight: normal; line-height: 17px; text-decoration: none;\" href=\"https:\/\/www.instagram.com\/p\/DM7nkUGibXf\/?utm_source=ig_embed&amp;utm_campaign=loading\" target=\"_blank\" rel=\"noopener\">Une publication partag\u00e9e par Louise Bullock-Hope (@loushay78)<\/a><\/p>\n<\/div>\n<\/blockquote>\n<h2 data-start=\"1867\" data-end=\"1925\"><strong data-start=\"1870\" data-end=\"1923\">La Pelosa : la perle turquoise sous haute tension<\/strong><\/h2>\n<p data-start=\"1927\" data-end=\"2320\">Carte postale vivante du nord-ouest de la <strong data-start=\"1969\" data-end=\"1982\">Sardaigne<\/strong>, <strong data-start=\"1984\" data-end=\"1997\">La Pelosa<\/strong> est un r\u00eave \u00e9veill\u00e9 : sable blanc \u00e9clatant, mer turquoise \u00e0 perte de vue, et une petite tour aragonaise en sentinelle. Mais cette beaut\u00e9 a un prix : pr\u00e8s de 87 % des critiques n\u00e9gatives parlent de la foule. M\u00eame un matin de semaine en septembre peut donner l\u2019impression d\u2019\u00eatre en plein <a href=\"https:\/\/discover.ulysse.com\/new-york-francais-regrettent-avoir-su-reserver-billets\">Times Square<\/a> le soir du Nouvel An.<\/p>\n<p data-start=\"2322\" data-end=\"2809\">Face \u00e0 ce succ\u00e8s qui d\u00e9borde, les autorit\u00e9s locales ont instaur\u00e9 un quota journalier, une r\u00e9servation obligatoire et m\u00eame l\u2019interdiction des serviettes pour prot\u00e9ger le sable de l\u2019\u00e9rosion. Malgr\u00e9 ces mesures, le site reste l\u2019un des plus pris\u00e9s au monde. Et pour ceux qui parviennent \u00e0 y acc\u00e9der dans de bonnes conditions, l\u2019exp\u00e9rience reste magique : eaux ti\u00e8des, snorkelling riche en poissons et ce sentiment d\u2019\u00eatre dans un d\u00e9cor hors du temps\u2026 tant qu\u2019on ne regarde pas derri\u00e8re soi.<\/p>\n<blockquote class=\"instagram-media\" style=\"background: #FFF; border: 0; border-radius: 3px; margin: 1px; max-width: 540px; min-width: 326px; padding: 0; width: calc(100% - 2px);\" data-instgrm-captioned=\"\" data-instgrm-permalink=\"https:\/\/www.instagram.com\/p\/C54DzoFo_Jq\/?utm_source=ig_embed&amp;utm_campaign=loading\" data-instgrm-version=\"14\">\n<div style=\"padding: 16px;\">\n<p>&nbsp;<\/p>\n<div style=\"flex-direction: row; align-items: center;\">\n<div style=\"background-color: #f4f4f4; border-radius: 50%; flex-grow: 0; height: 40px; margin-right: 14px; width: 40px;\"><\/div>\n<div style=\"flex-direction: column; flex-grow: 1; justify-content: center;\">\n<div style=\"background-color: #f4f4f4; border-radius: 4px; flex-grow: 0; height: 14px; margin-bottom: 6px; width: 100px;\"><\/div>\n<div style=\"background-color: #f4f4f4; border-radius: 4px; flex-grow: 0; height: 14px; width: 60px;\"><\/div>\n<\/div>\n<\/div>\n<div style=\"padding: 19% 0;\"><\/div>\n<div style=\"height: 50px; margin: 0 auto 12px; width: 50px;\"><\/div>\n<div style=\"padding-top: 8px;\">\n<div style=\"color: #3897f0; font-family: Arial,sans-serif; font-size: 14px; font-style: normal; font-weight: 550; line-height: 18px;\">Voir cette publication sur Instagram<\/div>\n<\/div>\n<div style=\"padding: 12.5% 0;\"><\/div>\n<div style=\"flex-direction: row; margin-bottom: 14px; align-items: center;\">\n<div>\n<div style=\"background-color: #f4f4f4; border-radius: 50%; height: 12.5px; width: 12.5px;\"><\/div>\n<div style=\"background-color: #f4f4f4; height: 12.5px; width: 12.5px; flex-grow: 0; margin-right: 14px; margin-left: 2px;\"><\/div>\n<div style=\"background-color: #f4f4f4; border-radius: 50%; height: 12.5px; width: 12.5px;\"><\/div>\n<\/div>\n<div style=\"margin-left: 8px;\">\n<div style=\"background-color: #f4f4f4; border-radius: 50%; flex-grow: 0; height: 20px; width: 20px;\"><\/div>\n<div style=\"width: 0; height: 0; border-top: 2px solid transparent; border-left: 6px solid #f4f4f4; border-bottom: 2px solid transparent;\"><\/div>\n<\/div>\n<div style=\"margin-left: auto;\">\n<div style=\"width: 0px; border-top: 8px solid #F4F4F4; border-right: 8px solid transparent;\"><\/div>\n<div style=\"background-color: #f4f4f4; flex-grow: 0; height: 12px; width: 16px;\"><\/div>\n<div style=\"width: 0; height: 0; border-top: 8px solid #F4F4F4; border-left: 8px solid transparent;\"><\/div>\n<\/div>\n<\/div>\n<div style=\"flex-direction: column; flex-grow: 1; justify-content: center; margin-bottom: 24px;\">\n<div style=\"background-color: #f4f4f4; border-radius: 4px; flex-grow: 0; height: 14px; margin-bottom: 6px; width: 224px;\"><\/div>\n<div style=\"background-color: #f4f4f4; border-radius: 4px; flex-grow: 0; height: 14px; width: 144px;\"><\/div>\n<\/div>\n<p>&nbsp;<\/p>\n<p style=\"color: #c9c8cd; font-family: Arial,sans-serif; font-size: 14px; line-height: 17px; margin-bottom: 0; margin-top: 8px; overflow: hidden; padding: 8px 0 7px; text-align: center;\"><a style=\"color: #c9c8cd; font-family: Arial,sans-serif; font-size: 14px; font-style: normal; font-weight: normal; line-height: 17px; text-decoration: none;\" href=\"https:\/\/www.instagram.com\/p\/C54DzoFo_Jq\/?utm_source=ig_embed&amp;utm_campaign=loading\" target=\"_blank\" rel=\"noopener\">Une publication partag\u00e9e par Tiziana Berardi (@berarditiziana)<\/a><\/p>\n<\/div>\n<\/blockquote>\n<h2 data-start=\"2816\" data-end=\"2896\"><strong data-start=\"2819\" data-end=\"2894\">Spiaggia La Cinta : l\u2019interminable ruban blanc qui attire tout le monde<\/strong><\/h2>\n<p data-start=\"2898\" data-end=\"3323\">Sur la c\u00f4te est de <a href=\"https:\/\/discover.ulysse.com\/la-sardaigne-est-desormais-la-meilleure-destination-culinaire-du-monde-voici-pourquoi-vous-devez-y-aller\">la Sardaigne<\/a>, <strong data-start=\"2931\" data-end=\"2952\">Spiaggia La Cinta<\/strong> aligne cinq kilom\u00e8tres de sable fin, bord\u00e9s de dunes et de gen\u00e9vriers. L\u2019eau est claire, peu profonde, parfaite pour les familles, et les jours de vent, les kitesurfeurs viennent ajouter du spectacle \u00e0 la carte postale. Mais sa g\u00e9n\u00e9rosit\u00e9 en espace n\u2019emp\u00eache pas les foules : en haute saison, m\u00eame en marchant, il faut parfois jouer des coudes pour poser sa serviette.<\/p>\n<p data-start=\"3325\" data-end=\"3568\">La plage reste pourtant splendide, surtout en fin de journ\u00e9e, lorsque le soleil descend et que la lumi\u00e8re dore les dunes. Les avis mitig\u00e9s rappellent que la beaut\u00e9 attire toujours\u2026 et qu\u2019en \u00e9t\u00e9, le mot \u201ctranquillit\u00e9\u201d se n\u00e9gocie au prix fort.<\/p>\n<blockquote class=\"instagram-media\" style=\"background: #FFF; border: 0; border-radius: 3px; margin: 1px; max-width: 540px; min-width: 326px; padding: 0; width: calc(100% - 2px);\" data-instgrm-captioned=\"\" data-instgrm-permalink=\"https:\/\/www.instagram.com\/p\/DLNu6xWN5Iu\/?utm_source=ig_embed&amp;utm_campaign=loading\" data-instgrm-version=\"14\">\n<div style=\"padding: 16px;\">\n<p>&nbsp;<\/p>\n<div style=\"flex-direction: row; align-items: center;\">\n<div style=\"background-color: #f4f4f4; border-radius: 50%; flex-grow: 0; height: 40px; margin-right: 14px; width: 40px;\"><\/div>\n<div style=\"flex-direction: column; flex-grow: 1; justify-content: center;\">\n<div style=\"background-color: #f4f4f4; border-radius: 4px; flex-grow: 0; height: 14px; margin-bottom: 6px; width: 100px;\"><\/div>\n<div style=\"background-color: #f4f4f4; border-radius: 4px; flex-grow: 0; height: 14px; width: 60px;\"><\/div>\n<\/div>\n<\/div>\n<div style=\"padding: 19% 0;\"><\/div>\n<div style=\"height: 50px; margin: 0 auto 12px; width: 50px;\"><\/div>\n<div style=\"padding-top: 8px;\">\n<div style=\"color: #3897f0; font-family: Arial,sans-serif; font-size: 14px; font-style: normal; font-weight: 550; line-height: 18px;\">Voir cette publication sur Instagram<\/div>\n<\/div>\n<div style=\"padding: 12.5% 0;\"><\/div>\n<div style=\"flex-direction: row; margin-bottom: 14px; align-items: center;\">\n<div>\n<div style=\"background-color: #f4f4f4; border-radius: 50%; height: 12.5px; width: 12.5px;\"><\/div>\n<div style=\"background-color: #f4f4f4; height: 12.5px; width: 12.5px; flex-grow: 0; margin-right: 14px; margin-left: 2px;\"><\/div>\n<div style=\"background-color: #f4f4f4; border-radius: 50%; height: 12.5px; width: 12.5px;\"><\/div>\n<\/div>\n<div style=\"margin-left: 8px;\">\n<div style=\"background-color: #f4f4f4; border-radius: 50%; flex-grow: 0; height: 20px; width: 20px;\"><\/div>\n<div style=\"width: 0; height: 0; border-top: 2px solid transparent; border-left: 6px solid #f4f4f4; border-bottom: 2px solid transparent;\"><\/div>\n<\/div>\n<div style=\"margin-left: auto;\">\n<div style=\"width: 0px; border-top: 8px solid #F4F4F4; border-right: 8px solid transparent;\"><\/div>\n<div style=\"background-color: #f4f4f4; flex-grow: 0; height: 12px; width: 16px;\"><\/div>\n<div style=\"width: 0; height: 0; border-top: 8px solid #F4F4F4; border-left: 8px solid transparent;\"><\/div>\n<\/div>\n<\/div>\n<div style=\"flex-direction: column; flex-grow: 1; justify-content: center; margin-bottom: 24px;\">\n<div style=\"background-color: #f4f4f4; border-radius: 4px; flex-grow: 0; height: 14px; margin-bottom: 6px; width: 224px;\"><\/div>\n<div style=\"background-color: #f4f4f4; border-radius: 4px; flex-grow: 0; height: 14px; width: 144px;\"><\/div>\n<\/div>\n<p>&nbsp;<\/p>\n<p style=\"color: #c9c8cd; font-family: Arial,sans-serif; font-size: 14px; line-height: 17px; margin-bottom: 0; margin-top: 8px; overflow: hidden; padding: 8px 0 7px; text-align: center;\"><a style=\"color: #c9c8cd; font-family: Arial,sans-serif; font-size: 14px; font-style: normal; font-weight: normal; line-height: 17px; text-decoration: none;\" href=\"https:\/\/www.instagram.com\/p\/DLNu6xWN5Iu\/?utm_source=ig_embed&amp;utm_campaign=loading\" target=\"_blank\" rel=\"noopener\">Une publication partag\u00e9e par Lucio Fuser (@loufuser_new)<\/a><\/p>\n<\/div>\n<\/blockquote>\n<h2 data-start=\"3575\" data-end=\"3646\"><strong data-start=\"3578\" data-end=\"3644\">De la Cr\u00e8te au Portugal : le glamour\u2026 avec suppl\u00e9ment de foule<\/strong><\/h2>\n<p data-start=\"3648\" data-end=\"4122\">La Sardaigne n\u2019est pas seule dans le viseur. Le rapport pointe aussi <strong data-start=\"3717\" data-end=\"3737\">Praia da Fal\u00e9sia<\/strong> au Portugal, spectaculaire avec son sable dor\u00e9 et ses falaises rouges, mais prise d\u2019assaut d\u00e8s les premi\u00e8res heures. Direction ensuite <strong data-start=\"3873\" data-end=\"3887\">Cala Comte<\/strong>, \u00e0 Ibiza, o\u00f9 l\u2019eau turquoise et la vie nocturne forment un cocktail irr\u00e9sistible \u2013 et bruyant. Plus \u00e0 l\u2019est, la petite baie de <strong data-start=\"4015\" data-end=\"4025\">Konnos<\/strong> \u00e0 Chypre, surnomm\u00e9e \u201cparadis insulaire\u201d, souffre de son exigu\u00eft\u00e9 : sublime, mais vite satur\u00e9e.<\/p>\n<p data-start=\"4124\" data-end=\"4550\">C\u00f4t\u00e9 Gr\u00e8ce, la lagune de <strong data-start=\"4149\" data-end=\"4158\">Balos<\/strong> en Cr\u00e8te se retrouve dans le top mondial pour la salet\u00e9, et <strong data-start=\"4219\" data-end=\"4233\">Elafonissi<\/strong>, c\u00e9l\u00e8bre pour son sable rose, r\u00e9colte plus de 70 % de critiques sur sa surpopulation. Sur l\u2019\u00eele de Lefkada, <strong data-start=\"4342\" data-end=\"4359\">Porto Katsiki<\/strong> est class\u00e9e parmi les pires en mati\u00e8re de bruit. Ces plages restent magnifiques, mais incarnent le d\u00e9calage entre l\u2019id\u00e9al v\u00e9hicul\u00e9 par les r\u00e9seaux sociaux et l\u2019exp\u00e9rience r\u00e9elle sur place.<\/p>\n<h2 data-start=\"4557\" data-end=\"4588\"><strong data-start=\"4560\" data-end=\"4586\">Le revers du r\u00eave bleu<\/strong><\/h2>\n<p data-start=\"4590\" data-end=\"5033\">Ce classement de l&#8217;entreprise <a href=\"https:\/\/www.cloudwards.net\/\" target=\"_blank\" rel=\"noopener\">Cloudwards<\/a> bas\u00e9 sur les commentaires de<a href=\"https:\/\/www.tripadvisor.ca\/\" target=\"_blank\" rel=\"noopener\"> TripAdvisor<\/a> n\u2019est pas qu\u2019un inventaire de coups de soleil et de serviettes trop proches. Il met en lumi\u00e8re les effets d\u2019un tourisme devenu viral, o\u00f9 les infrastructures peinent \u00e0 suivre. Les autorit\u00e9s commencent \u00e0 r\u00e9agir : quotas en Sardaigne, taxes pour les croisi\u00e9ristes en Gr\u00e8ce, interdiction de l\u2019alcool sur certaines plages espagnoles\u2026 Autant de tentatives pour prot\u00e9ger ces joyaux naturels et \u00e9viter que leur r\u00e9putation ne s\u2019effrite.<\/p>\n<p data-start=\"5035\" data-end=\"5260\">Reste que cet \u00e9t\u00e9 encore, la promesse dor\u00e9e d\u2019une plage parfaite se heurte \u00e0 la r\u00e9alit\u00e9 : le bruit, la foule, et ce foss\u00e9 grandissant entre ce que l\u2019on attend et ce que l\u2019on vit. Le paradis existe encore\u2026 mais il se m\u00e9rite.<\/p>\n","protected":false},"excerpt":{"rendered":"<p>Chaque ann\u00e9e, elles attirent des millions de voyageurs en qu\u00eate de sable fin et d\u2019eaux cristallines. Mais derri\u00e8re les clich\u00e9s [&hellip;]<\/p>\n","protected":false},"author":3,"featured_media":33441,"comment_status":"open","ping_status":"closed","sticky":false,"template":"","format":"standard","meta":{"_acf_changed":false,"_sitemap_exclude":false,"_sitemap_priority":"","_sitemap_frequency":"","footnotes":"","rank_math_title":"","rank_math_description":"M\u00eame bond\u00e9es, ces plages c\u00e9l\u00e8bres d\u2019Europe d\u00e9voilent encore leurs charmes \u00e0 qui sait \u00e9viter la mar\u00e9e humaine.\n","rank_math_canonical_url":"","rank_math_focus_keyword":"plage"},"categories":[3],"tags":[],"class_list":["post-33440","post","type-post","status-publish","format-standard","has-post-thumbnail","hentry","category-voyage"],"acf":[],"_links":{"self":[{"href":"https:\/\/ulysse.com\/news\/wp-json\/wp\/v2\/posts\/33440","targetHints":{"allow":["GET"]}}],"collection":[{"href":"https:\/\/ulysse.com\/news\/wp-json\/wp\/v2\/posts"}],"about":[{"href":"https:\/\/ulysse.com\/news\/wp-json\/wp\/v2\/types\/post"}],"author":[{"embeddable":true,"href":"https:\/\/ulysse.com\/news\/wp-json\/wp\/v2\/users\/3"}],"replies":[{"embeddable":true,"href":"https:\/\/ulysse.com\/news\/wp-json\/wp\/v2\/comments?post=33440"}],"version-history":[{"count":3,"href":"https:\/\/ulysse.com\/news\/wp-json\/wp\/v2\/posts\/33440\/revisions"}],"predecessor-version":[{"id":33460,"href":"https:\/\/ulysse.com\/news\/wp-json\/wp\/v2\/posts\/33440\/revisions\/33460"}],"wp:featuredmedia":[{"embeddable":true,"href":"https:\/\/ulysse.com\/news\/wp-json\/wp\/v2\/media\/33441"}],"wp:attachment":[{"href":"https:\/\/ulysse.com\/news\/wp-json\/wp\/v2\/media?parent=33440"}],"wp:term":[{"taxonomy":"category","embeddable":true,"href":"https:\/\/ulysse.com\/news\/wp-json\/wp\/v2\/categories?post=33440"},{"taxonomy":"post_tag","embeddable":true,"href":"https:\/\/ulysse.com\/news\/wp-json\/wp\/v2\/tags?post=33440"}],"curies":[{"name":"wp","href":"https:\/\/api.w.org\/{rel}","templated":true}]}}