{"id":33443,"date":"2025-08-11T15:00:36","date_gmt":"2025-08-11T14:00:36","guid":{"rendered":"https:\/\/discover.ulysse.com\/?p=33443"},"modified":"2025-08-10T22:49:47","modified_gmt":"2025-08-10T21:49:47","slug":"ombres-cubistes-et-marches-animes-decouvrez-laurore-portuaire-la-plus-vibrante-de-lalgarve","status":"publish","type":"post","link":"https:\/\/ulysse.com\/news\/ombres-cubistes-et-marches-animes-decouvrez-laurore-portuaire-la-plus-vibrante-de-lalgarve","title":{"rendered":"Ombres cubistes et march\u00e9s anim\u00e9s : d\u00e9couvrez l\u2019aurore portuaire la plus vibrante de l\u2019Algarve"},"content":{"rendered":"<p><span style=\"font-weight: 400;\">Avant m\u00eame que le soleil ne jaillisse derri\u00e8re l\u2019horizon, <strong>Olh\u00e3o<\/strong> s\u2019active. Dans le port, les silhouettes des bateaux se d\u00e9tachent sur le ciel pastel, pendant que les premi\u00e8res caisses d\u00e9bordantes de poissons scintillent sous la lumi\u00e8re naissante. Les ruelles blanchies \u00e0 la chaux, elles, s\u2019emplissent peu \u00e0 peu d\u2019odeurs iod\u00e9es et de murmures matinaux. Ici, pas de d\u00e9cor fig\u00e9 pour touristes press\u00e9s : Olh\u00e3o vit, respire, vibre. Son architecture cubiste aux fa\u00e7ades blanchies, h\u00e9rit\u00e9e des influences mauresques, capte les premiers rayons du soleil et projette sur les pav\u00e9s un jeu d\u2019ombres graphiques qui ferait p\u00e2lir d\u2019envie un peintre. Entre le cliquetis des amarres, les \u00e9clats de voix des p\u00eacheurs et les voiles qui se gonflent dans la brise, c\u2019est tout un th\u00e9\u00e2tre marin qui se joue chaque matin. L\u2019histoire est simple : \u00e0 Olh\u00e3o, la beaut\u00e9 ne dort jamais, et c\u2019est d\u00e8s l\u2019aube que tout commence.<\/span><\/p>\n<h2><b>Le march\u00e9 rouge, c\u0153ur battant de la ville portuaire<\/b><\/h2>\n<p><span style=\"font-weight: 400;\">D\u00e8s que les<strong> halles rouges<\/strong> s\u2019ouvrent, le tempo s\u2019acc\u00e9l\u00e8re. Deux grands b\u00e2timents en briques, construits au d\u00e9but du XX\u1d49 si\u00e8cle et inspir\u00e9s par le style d\u2019Eiffel, accueillent une foule bigarr\u00e9e. Dans le premier, le royaume des p\u00eacheurs : thons argent\u00e9s, poulpes ventrus, dorades aux \u00e9cailles miroitantes\u2026 tout juste sortis de l\u2019Atlantique. Dans le second, les montagnes de tomates charnues, les bouquets d\u2019herbes fra\u00eeches et les fromages cr\u00e9meux rivalisent de couleurs et de parfums. On y n\u00e9gocie, on y plaisante, on y go\u00fbte : l\u2019atmosph\u00e8re est \u00e9lectrique, mais jamais oppressante.<\/span><span style=\"font-weight: 400;\"><br \/>\n<\/span><span style=\"font-weight: 400;\"> Autour, les terrasses s\u2019\u00e9veillent \u00e0 leur tour. Un caf\u00e9 noir br\u00fblant, un pastel de nata encore ti\u00e8de, et le spectacle continue depuis la chaise en rotin : couples \u00e2g\u00e9s qui se saluent comme chaque jour, gamins qui filent acheter du pain, touristes curieux happ\u00e9s par l\u2019odeur du poisson grill\u00e9. Le tout \u00e0 des prix doux, loin des standards gonfl\u00e9s des stations baln\u00e9aires plus connues. Olh\u00e3o, c\u2019est l\u2019auth<\/span><span style=\"font-weight: 400;\">enticit\u00e9 brute avec un sourire en prime. Et tout \u00e7a, avant m\u00eame que le soleil ne soit haut dans le ciel.<\/span><\/p>\n<blockquote class=\"instagram-media\" style=\"background: #FFF; border: 0; border-radius: 3px; margin: 1px; max-width: 540px; min-width: 326px; padding: 0; width: calc(100% - 2px);\" data-instgrm-captioned=\"\" data-instgrm-permalink=\"https:\/\/www.instagram.com\/p\/DMjUpFcM9u7\/?utm_source=ig_embed&amp;utm_campaign=loading\" data-instgrm-version=\"14\">\n<div style=\"padding: 16px;\">\n<p>&nbsp;<\/p>\n<div style=\"flex-direction: row; align-items: center;\">\n<div style=\"background-color: #f4f4f4; border-radius: 50%; flex-grow: 0; height: 40px; margin-right: 14px; width: 40px;\"><\/div>\n<div style=\"flex-direction: column; flex-grow: 1; justify-content: center;\">\n<div style=\"background-color: #f4f4f4; border-radius: 4px; flex-grow: 0; height: 14px; margin-bottom: 6px; width: 100px;\"><\/div>\n<div style=\"background-color: #f4f4f4; border-radius: 4px; flex-grow: 0; height: 14px; width: 60px;\"><\/div>\n<\/div>\n<\/div>\n<div style=\"padding: 19% 0;\"><\/div>\n<div style=\"height: 50px; margin: 0 auto 12px; width: 50px;\"><\/div>\n<div style=\"padding-top: 8px;\">\n<div style=\"color: #3897f0; font-family: Arial,sans-serif; font-size: 14px; font-style: normal; font-weight: 550; line-height: 18px;\">Voir cette publication sur Instagram<\/div>\n<\/div>\n<div style=\"padding: 12.5% 0;\"><\/div>\n<div style=\"flex-direction: row; margin-bottom: 14px; align-items: center;\">\n<div>\n<div style=\"background-color: #f4f4f4; border-radius: 50%; height: 12.5px; width: 12.5px;\"><\/div>\n<div style=\"background-color: #f4f4f4; height: 12.5px; width: 12.5px; flex-grow: 0; margin-right: 14px; margin-left: 2px;\"><\/div>\n<div style=\"background-color: #f4f4f4; border-radius: 50%; height: 12.5px; width: 12.5px;\"><\/div>\n<\/div>\n<div style=\"margin-left: 8px;\">\n<div style=\"background-color: #f4f4f4; border-radius: 50%; flex-grow: 0; height: 20px; width: 20px;\"><\/div>\n<div style=\"width: 0; height: 0; border-top: 2px solid transparent; border-left: 6px solid #f4f4f4; border-bottom: 2px solid transparent;\"><\/div>\n<\/div>\n<div style=\"margin-left: auto;\">\n<div style=\"width: 0px; border-top: 8px solid #F4F4F4; border-right: 8px solid transparent;\"><\/div>\n<div style=\"background-color: #f4f4f4; flex-grow: 0; height: 12px; width: 16px;\"><\/div>\n<div style=\"width: 0; height: 0; border-top: 8px solid #F4F4F4; border-left: 8px solid transparent;\"><\/div>\n<\/div>\n<\/div>\n<div style=\"flex-direction: column; flex-grow: 1; justify-content: center; margin-bottom: 24px;\">\n<div style=\"background-color: #f4f4f4; border-radius: 4px; flex-grow: 0; height: 14px; margin-bottom: 6px; width: 224px;\"><\/div>\n<div style=\"background-color: #f4f4f4; border-radius: 4px; flex-grow: 0; height: 14px; width: 144px;\"><\/div>\n<\/div>\n<p>&nbsp;<\/p>\n<p style=\"color: #c9c8cd; font-family: Arial,sans-serif; font-size: 14px; line-height: 17px; margin-bottom: 0; margin-top: 8px; overflow: hidden; padding: 8px 0 7px; text-align: center;\"><a style=\"color: #c9c8cd; font-family: Arial,sans-serif; font-size: 14px; font-style: normal; font-weight: normal; line-height: 17px; text-decoration: none;\" href=\"https:\/\/www.instagram.com\/p\/DMjUpFcM9u7\/?utm_source=ig_embed&amp;utm_campaign=loading\" target=\"_blank\" rel=\"noopener\">Une publication partag\u00e9e par Cindy Jo Davis (@cindy_jo_davis1)<\/a><\/p>\n<\/div>\n<\/blockquote>\n<h2><b>Entre lagunes dor\u00e9es et \u00eeles de carte postale<\/b><\/h2>\n<p><span style=\"font-weight: 400;\">Quand le march\u00e9 se calme, il est temps de filer vers la<strong> Ria Formosa<\/strong>, ce parc naturel class\u00e9 qui s\u2019\u00e9tend comme un patchwork de lagunes, de marais salants et de bancs de sable. L\u2019eau y joue avec les reflets dor\u00e9s, les flamants roses piquent leur bec dans la vase, et les bateaux \u00e0 fond plat glissent en silence. Depuis le port, un ferry vous m\u00e8ne en 20 minutes vers <strong>Armona,<\/strong> un ruban de sable fin long\u00e9 de maisons de p\u00eacheurs color\u00e9es. Ici, le temps se dilate : baignades dans une eau claire comme du verre, sieste \u00e0 l\u2019ombre des tamaris, ap\u00e9ritif les pieds dans le sable.<\/span><span style=\"font-weight: 400;\"><br \/>\n<\/span><span style=\"font-weight: 400;\"> \u00c0<a href=\"https:\/\/discover.ulysse.com\/faro-lisbonne-second-plan-village-pecheur\"> Culatra<\/a>, c\u2019est une autre ambiance : celle d\u2019un village de p\u00eacheurs o\u00f9 la vie tourne encore autour de la mer. Les restaurants servent du poisson grill\u00e9 pour quelques euros, les enfants jouent dans les ruelles sablonneuses, et les couchers de soleil semblent toujours un peu plus flamboyants. Le luxe ? C\u2019est cette simplicit\u00e9 rare, loin des foules, o\u00f9 chaque instant para\u00eet taill\u00e9 sur mesure.<\/span><\/p>\n<blockquote class=\"instagram-media\" style=\"background: #FFF; border: 0; border-radius: 3px; margin: 1px; max-width: 540px; min-width: 326px; padding: 0; width: calc(100% - 2px);\" data-instgrm-captioned=\"\" data-instgrm-permalink=\"https:\/\/www.instagram.com\/p\/DIvcFeWsMmn\/?utm_source=ig_embed&amp;utm_campaign=loading\" data-instgrm-version=\"14\">\n<div style=\"padding: 16px;\">\n<p>&nbsp;<\/p>\n<div style=\"flex-direction: row; align-items: center;\">\n<div style=\"background-color: #f4f4f4; border-radius: 50%; flex-grow: 0; height: 40px; margin-right: 14px; width: 40px;\"><\/div>\n<div style=\"flex-direction: column; flex-grow: 1; justify-content: center;\">\n<div style=\"background-color: #f4f4f4; border-radius: 4px; flex-grow: 0; height: 14px; margin-bottom: 6px; width: 100px;\"><\/div>\n<div style=\"background-color: #f4f4f4; border-radius: 4px; flex-grow: 0; height: 14px; width: 60px;\"><\/div>\n<\/div>\n<\/div>\n<div style=\"padding: 19% 0;\"><\/div>\n<div style=\"height: 50px; margin: 0 auto 12px; width: 50px;\"><\/div>\n<div style=\"padding-top: 8px;\">\n<div style=\"color: #3897f0; font-family: Arial,sans-serif; font-size: 14px; font-style: normal; font-weight: 550; line-height: 18px;\">Voir cette publication sur Instagram<\/div>\n<\/div>\n<div style=\"padding: 12.5% 0;\"><\/div>\n<div style=\"flex-direction: row; margin-bottom: 14px; align-items: center;\">\n<div>\n<div style=\"background-color: #f4f4f4; border-radius: 50%; height: 12.5px; width: 12.5px;\"><\/div>\n<div style=\"background-color: #f4f4f4; height: 12.5px; width: 12.5px; flex-grow: 0; margin-right: 14px; margin-left: 2px;\"><\/div>\n<div style=\"background-color: #f4f4f4; border-radius: 50%; height: 12.5px; width: 12.5px;\"><\/div>\n<\/div>\n<div style=\"margin-left: 8px;\">\n<div style=\"background-color: #f4f4f4; border-radius: 50%; flex-grow: 0; height: 20px; width: 20px;\"><\/div>\n<div style=\"width: 0; height: 0; border-top: 2px solid transparent; border-left: 6px solid #f4f4f4; border-bottom: 2px solid transparent;\"><\/div>\n<\/div>\n<div style=\"margin-left: auto;\">\n<div style=\"width: 0px; border-top: 8px solid #F4F4F4; border-right: 8px solid transparent;\"><\/div>\n<div style=\"background-color: #f4f4f4; flex-grow: 0; height: 12px; width: 16px;\"><\/div>\n<div style=\"width: 0; height: 0; border-top: 8px solid #F4F4F4; border-left: 8px solid transparent;\"><\/div>\n<\/div>\n<\/div>\n<div style=\"flex-direction: column; flex-grow: 1; justify-content: center; margin-bottom: 24px;\">\n<div style=\"background-color: #f4f4f4; border-radius: 4px; flex-grow: 0; height: 14px; margin-bottom: 6px; width: 224px;\"><\/div>\n<div style=\"background-color: #f4f4f4; border-radius: 4px; flex-grow: 0; height: 14px; width: 144px;\"><\/div>\n<\/div>\n<p>&nbsp;<\/p>\n<p style=\"color: #c9c8cd; font-family: Arial,sans-serif; font-size: 14px; line-height: 17px; margin-bottom: 0; margin-top: 8px; overflow: hidden; padding: 8px 0 7px; text-align: center;\"><a style=\"color: #c9c8cd; font-family: Arial,sans-serif; font-size: 14px; font-style: normal; font-weight: normal; line-height: 17px; text-decoration: none;\" href=\"https:\/\/www.instagram.com\/p\/DIvcFeWsMmn\/?utm_source=ig_embed&amp;utm_campaign=loading\" target=\"_blank\" rel=\"noopener\">Une publication partag\u00e9e par Matthias Hoensch (@matzecd)<\/a><\/p>\n<\/div>\n<\/blockquote>\n<h2><b>Rejoindre Olh\u00e3o depuis la France<\/b><\/h2>\n<p><span style=\"font-weight: 400;\">Si vous partez de Paris, Lyon ou Strasbourg, le voyage vers Olh\u00e3o se savoure lentement. Le train jusqu\u2019\u00e0 <a href=\"https:\/\/discover.ulysse.com\/vol-ryanair-berlin-lisbonne-annule-passagers-perturbateurs\">Lisbonne<\/a>, puis un bus ou un train r\u00e9gional jusqu\u2019en <strong>Algarve<\/strong>, vous plonge d\u00e9j\u00e0 dans l\u2019ambiance m\u00e9ridionale. Comptez environ 16 \u00e0 18 heures de trajet et des tarifs allant de 100 \u20ac \u00e0 300 \u20ac selon la saison et l\u2019anticipation. Les plus press\u00e9s opteront pour un vol jusqu\u2019\u00e0 Faro, la grande voisine, \u00e0 seulement 10 minutes en train d\u2019Olh\u00e3o pour moins de 2 \u20ac. Ce petit d\u00e9tour ferroviaire, avec vue sur la c\u00f4te, est d\u00e9j\u00e0 une entr\u00e9e en mati\u00e8re parfaite.<\/span><\/p>\n<p>&nbsp;<\/p>\n<blockquote class=\"instagram-media\" style=\"background: #FFF; border: 0; border-radius: 3px; margin: 1px; max-width: 540px; min-width: 326px; padding: 0; width: calc(100% - 2px);\" data-instgrm-captioned=\"\" data-instgrm-permalink=\"https:\/\/www.instagram.com\/p\/DMjUXAYMEjh\/?utm_source=ig_embed&amp;utm_campaign=loading\" data-instgrm-version=\"14\">\n<div style=\"padding: 16px;\">\n<p>&nbsp;<\/p>\n<div style=\"flex-direction: row; align-items: center;\">\n<div style=\"background-color: #f4f4f4; border-radius: 50%; flex-grow: 0; height: 40px; margin-right: 14px; width: 40px;\"><\/div>\n<div style=\"flex-direction: column; flex-grow: 1; justify-content: center;\">\n<div style=\"background-color: #f4f4f4; border-radius: 4px; flex-grow: 0; height: 14px; margin-bottom: 6px; width: 100px;\"><\/div>\n<div style=\"background-color: #f4f4f4; border-radius: 4px; flex-grow: 0; height: 14px; width: 60px;\"><\/div>\n<\/div>\n<\/div>\n<div style=\"padding: 19% 0;\"><\/div>\n<div style=\"height: 50px; margin: 0 auto 12px; width: 50px;\"><\/div>\n<div style=\"padding-top: 8px;\">\n<div style=\"color: #3897f0; font-family: Arial,sans-serif; font-size: 14px; font-style: normal; font-weight: 550; line-height: 18px;\">Voir cette publication sur Instagram<\/div>\n<\/div>\n<div style=\"padding: 12.5% 0;\"><\/div>\n<div style=\"flex-direction: row; margin-bottom: 14px; align-items: center;\">\n<div>\n<div style=\"background-color: #f4f4f4; border-radius: 50%; height: 12.5px; width: 12.5px;\"><\/div>\n<div style=\"background-color: #f4f4f4; height: 12.5px; width: 12.5px; flex-grow: 0; margin-right: 14px; margin-left: 2px;\"><\/div>\n<div style=\"background-color: #f4f4f4; border-radius: 50%; height: 12.5px; width: 12.5px;\"><\/div>\n<\/div>\n<div style=\"margin-left: 8px;\">\n<div style=\"background-color: #f4f4f4; border-radius: 50%; flex-grow: 0; height: 20px; width: 20px;\"><\/div>\n<div style=\"width: 0; height: 0; border-top: 2px solid transparent; border-left: 6px solid #f4f4f4; border-bottom: 2px solid transparent;\"><\/div>\n<\/div>\n<div style=\"margin-left: auto;\">\n<div style=\"width: 0px; border-top: 8px solid #F4F4F4; border-right: 8px solid transparent;\"><\/div>\n<div style=\"background-color: #f4f4f4; flex-grow: 0; height: 12px; width: 16px;\"><\/div>\n<div style=\"width: 0; height: 0; border-top: 8px solid #F4F4F4; border-left: 8px solid transparent;\"><\/div>\n<\/div>\n<\/div>\n<div style=\"flex-direction: column; flex-grow: 1; justify-content: center; margin-bottom: 24px;\">\n<div style=\"background-color: #f4f4f4; border-radius: 4px; flex-grow: 0; height: 14px; margin-bottom: 6px; width: 224px;\"><\/div>\n<div style=\"background-color: #f4f4f4; border-radius: 4px; flex-grow: 0; height: 14px; width: 144px;\"><\/div>\n<\/div>\n<p>&nbsp;<\/p>\n<p style=\"color: #c9c8cd; font-family: Arial,sans-serif; font-size: 14px; line-height: 17px; margin-bottom: 0; margin-top: 8px; overflow: hidden; padding: 8px 0 7px; text-align: center;\"><a style=\"color: #c9c8cd; font-family: Arial,sans-serif; font-size: 14px; font-style: normal; font-weight: normal; line-height: 17px; text-decoration: none;\" href=\"https:\/\/www.instagram.com\/p\/DMjUXAYMEjh\/?utm_source=ig_embed&amp;utm_campaign=loading\" target=\"_blank\" rel=\"noopener\">Une publication partag\u00e9e par Cindy Jo Davis (@cindy_jo_davis1)<\/a><\/p>\n<\/div>\n<\/blockquote>\n<p><span style=\"font-weight: 400;\"> Une fois arriv\u00e9, on d\u00e9couvre une ville o\u00f9 l\u2019on se d\u00e9place \u00e0 pied ou \u00e0 v\u00e9lo, o\u00f9 chaque coin de rue r\u00e9serve une surprise : fresque murale, atelier d\u2019artiste, ou simple fa\u00e7ade patin\u00e9e par le sel et le vent. Tout ici incite \u00e0 ralentir, \u00e0 se lever t\u00f4t pour ne rien rater de cette aurore portuaire qui donne \u00e0 Olh\u00e3o sa personnalit\u00e9 unique.<\/span><\/p>\n","protected":false},"excerpt":{"rendered":"<p>Avant m\u00eame que le soleil ne jaillisse derri\u00e8re l\u2019horizon, Olh\u00e3o s\u2019active. Dans le port, les silhouettes des bateaux se d\u00e9tachent [&hellip;]<\/p>\n","protected":false},"author":3,"featured_media":33444,"comment_status":"open","ping_status":"closed","sticky":false,"template":"","format":"standard","meta":{"_acf_changed":false,"_sitemap_exclude":false,"_sitemap_priority":"","_sitemap_frequency":"","footnotes":"","rank_math_title":"","rank_math_description":"\u00c0 Olh\u00e3o, l\u2019aube n\u2019est pas un moment : c\u2019est un spectacle portuaire \u00e0 guetter comme un tr\u00e9sor, entre ombres cubistes et effervescence sal\u00e9e.\n","rank_math_canonical_url":"","rank_math_focus_keyword":"port,algarve"},"categories":[3],"tags":[],"class_list":["post-33443","post","type-post","status-publish","format-standard","has-post-thumbnail","hentry","category-voyage"],"acf":[],"_links":{"self":[{"href":"https:\/\/ulysse.com\/news\/wp-json\/wp\/v2\/posts\/33443","targetHints":{"allow":["GET"]}}],"collection":[{"href":"https:\/\/ulysse.com\/news\/wp-json\/wp\/v2\/posts"}],"about":[{"href":"https:\/\/ulysse.com\/news\/wp-json\/wp\/v2\/types\/post"}],"author":[{"embeddable":true,"href":"https:\/\/ulysse.com\/news\/wp-json\/wp\/v2\/users\/3"}],"replies":[{"embeddable":true,"href":"https:\/\/ulysse.com\/news\/wp-json\/wp\/v2\/comments?post=33443"}],"version-history":[{"count":3,"href":"https:\/\/ulysse.com\/news\/wp-json\/wp\/v2\/posts\/33443\/revisions"}],"predecessor-version":[{"id":33464,"href":"https:\/\/ulysse.com\/news\/wp-json\/wp\/v2\/posts\/33443\/revisions\/33464"}],"wp:featuredmedia":[{"embeddable":true,"href":"https:\/\/ulysse.com\/news\/wp-json\/wp\/v2\/media\/33444"}],"wp:attachment":[{"href":"https:\/\/ulysse.com\/news\/wp-json\/wp\/v2\/media?parent=33443"}],"wp:term":[{"taxonomy":"category","embeddable":true,"href":"https:\/\/ulysse.com\/news\/wp-json\/wp\/v2\/categories?post=33443"},{"taxonomy":"post_tag","embeddable":true,"href":"https:\/\/ulysse.com\/news\/wp-json\/wp\/v2\/tags?post=33443"}],"curies":[{"name":"wp","href":"https:\/\/api.w.org\/{rel}","templated":true}]}}