{"id":33492,"date":"2025-08-12T14:00:33","date_gmt":"2025-08-12T13:00:33","guid":{"rendered":"https:\/\/discover.ulysse.com\/?p=33492"},"modified":"2025-08-12T08:22:00","modified_gmt":"2025-08-12T07:22:00","slug":"pourquoi-ce-departement-francais-refuse-de-rejoindre-le-21eme-siecle-ni-autoroute-ni-gare-ni-aeroport","status":"publish","type":"post","link":"https:\/\/ulysse.com\/news\/pourquoi-ce-departement-francais-refuse-de-rejoindre-le-21eme-siecle-ni-autoroute-ni-gare-ni-aeroport","title":{"rendered":"Pourquoi ce d\u00e9partement fran\u00e7ais refuse de rejoindre le 21\u00e8me si\u00e8cle ? Ni autoroute, ni gare, ni a\u00e9roport&#8230;"},"content":{"rendered":"<p data-start=\"57\" data-end=\"590\">Au sud-est de la France, se cache un d\u00e9partement myst\u00e9rieux, presque oubli\u00e9 par les grandes infrastructures de transport. \u00c0 la crois\u00e9e des chemins entre Rh\u00f4ne et montagnes, l\u2019Ard\u00e8che semble suspendue dans le temps. 328 000 habitants y vivent au quotidien, souvent contraints \u00e0 un isolement que peu connaissent, et que peu imaginent. Si vous pensiez qu&#8217;il \u00e9tait facile de traverser la France, pensez encore. Mais que se cache-t-il derri\u00e8re cette fa\u00e7ade tranquille, en apparence si \u00e9loign\u00e9e du tumulte des grandes villes ?<\/p>\n<h2 data-start=\"592\" data-end=\"631\">L&#8217;isolement qui fa\u00e7onne une r\u00e9alit\u00e9<\/h2>\n<p data-start=\"633\" data-end=\"1130\">Ce que beaucoup ignorent, c&#8217;est que <a href=\"https:\/\/discover.ulysse.com\/loin-foules-grcques-ardeche-vestiges-antiques\">l&#8217;Ard\u00e8che<\/a> est le seul d\u00e9partement de France m\u00e9tropolitaine \u00e0 ne pas disposer de connexion directe aux autoroutes, aux lignes ferroviaires pour voyageurs, et sans a\u00e9roport commercial. Un d\u00e9tail qui pourrait para\u00eetre insignifiant pour certains, mais qui, au quotidien, change tout pour ceux qui y vivent. Imaginez devoir parcourir 80 kilom\u00e8tres pour rejoindre la gare la plus proche, ou devoir traverser deux d\u00e9partements pour prendre un vol.<\/p>\n<p data-start=\"1132\" data-end=\"1505\">En r\u00e9alit\u00e9, l\u2019Ard\u00e8che est un territoire suspendu, o\u00f9 l\u2019on voit passer des vacanciers et des camions, mais o\u00f9 l\u2019acc\u00e8s aux infrastructures modernes se fait par des d\u00e9tours interminables. L&#8217;autoroute A7, colonne vert\u00e9brale de l\u2019Europe, longe le d\u00e9partement mais ne s\u2019y connecte jamais. Elle reste \u00e0 port\u00e9e de vue mais inaccessible, un peu comme une promesse non tenue.<\/p>\n<h2 data-start=\"1507\" data-end=\"1566\">Une route, des embouteillages et des r\u00eaves de connexion<\/h2>\n<p data-start=\"1568\" data-end=\"2137\">L&#8217;absence d&#8217;autoroute, loin d\u2019\u00eatre un d\u00e9tail, s\u2019incarne dans le r\u00e9seau routier du d\u00e9partement. Un enchev\u00eatrement de 11 431 kilom\u00e8tres de routes qui, en p\u00e9riode de forte affluence, se transforme en un v\u00e9ritable chaos. La D86, principale route longeant le Rh\u00f4ne, se retrouve rapidement satur\u00e9e, engorg\u00e9e par un flux incessant de voitures, poids lourds et touristes. En \u00e9t\u00e9, l\u2019afflux massif de vacanciers vers les c\u00e9l\u00e8bres Gorges de l&#8217;Ard\u00e8che et la Grotte Chauvet transforme cette autoroute d\u00e9vou\u00e9e au quotidien en un goulot d\u2019\u00e9tranglement.<\/p>\n<p data-start=\"2139\" data-end=\"2606\">Alors que les voitures sont pouss\u00e9es \u00e0 faire du surplace, les autocars r\u00e9gionaux tentent de compenser cette absence avec des liaisons vers les gares voisines, mais la connexion ferroviaire reste une utopie. Bien que des liaisons express existent, elles sont souvent synonymes de longs trajets avec correspondances multiples, un casse-t\u00eate logistique pour ceux qui r\u00eavent de rejoindre Lyon en moins de 50 minutes, comme le permettrait le train.<\/p>\n<h2 data-start=\"2608\" data-end=\"2659\">Les trains de marchandises, et l\u2019ironie du sort<\/h2>\n<p data-start=\"2661\" data-end=\"3266\">Mais l&#8217;ironie du sort r\u00e9side dans le contraste saisissant entre le quotidien des habitants et l\u2019activit\u00e9 fret qui traverse le d\u00e9partement. Chaque jour, entre 70 et 80 trains de marchandises passent sur la ligne de la rive droite du Rh\u00f4ne, apportant mati\u00e8res dangereuses et conteneurs. C\u2019est l\u2019une des lignes ferroviaires les plus actives de France, mais\u2026 pour du fret uniquement. Aucune place pour les voyageurs, qui sont contraints de regarder ces trains passer sans pouvoir en prendre place. Un symbole absurde : des rails pleins, mais aucun pour ceux qui en ont vraiment besoin.<\/p>\n<p data-start=\"3268\" data-end=\"3674\">En fait, les autorit\u00e9s continuent de promettre la r\u00e9ouverture de la gare du Teil, o\u00f9 un train ayant quitt\u00e9 la r\u00e9gion Occitanie tourne \u00e0 vide sur le territoire ard\u00e9chois depuis 2022, parcourant 80 kilom\u00e8tres sans aucun passager. D\u2019une certaine mani\u00e8re, ces trains coupent encore plus le territoire, incarnant un d\u00e9s\u00e9quilibre absurde entre les infrastructures et les besoins des citoyens.<\/p>\n<h2 data-start=\"3676\" data-end=\"3727\">Des promesses d\u2019avenir, mais un futur incertain<\/h2>\n<p data-start=\"3729\" data-end=\"4157\">Les projets de r\u00e9ouverture des lignes semblent prometteurs mais, chaque ann\u00e9e, ils se voient repouss\u00e9s. 2024, 2026, 2027 : \u00e0 chaque fois, des \u00e9tudes d&#8217;impact retardent une r\u00e9ouverture pourtant n\u00e9cessaire pour des milliers de personnes. Ce qui est encore plus insultant, c\u2019est la vitesse avec laquelle les autoroutes ferroviaires pour le fret se sont d\u00e9velopp\u00e9es, mais \u00e0 quel prix pour les habitants ?<\/p>\n<p data-start=\"4159\" data-end=\"4838\">Pendant ce temps, les \u00e9lus locaux continuent de plaider pour plus de connectivit\u00e9, pour reconnecter l\u2019Ard\u00e8che au monde. Car le d\u00e9fi n\u2019est pas seulement de cr\u00e9er des infrastructures modernes, mais de redonner une dignit\u00e9 \u00e0 un d\u00e9partement mis \u00e0 l\u2019\u00e9cart des grands investissements. La question centrale est donc : comment justifier l\u2019isolement de l\u2019Ard\u00e8che dans une France qui se veut connect\u00e9e et \u00e9cologique ? Le train, en particulier, devrait \u00eatre la solution, mais il reste une promesse sans fin. La transition \u00e9cologique, avec son report modal vers le train, est un paradoxe cruel : l&#8217;Ard\u00e8che reste le territoire oubli\u00e9 de cette ambition.<\/p>\n<h2 data-start=\"4840\" data-end=\"4889\">L&#8217;Ard\u00e8che, miroir de l&#8217;in\u00e9galit\u00e9 territoriale<\/h2>\n<p data-start=\"4891\" data-end=\"5485\">Ce n\u2019est pas seulement une question de mobilit\u00e9, mais de justice sociale. Comment accepter qu\u2019un territoire soit condamn\u00e9 \u00e0 rester dans l&#8217;ombre alors que des milliards sont investis ailleurs ? Les Ard\u00e9chois vivent cette situation comme une injustice g\u00e9ographique, un d\u00e9ni de leur droit \u00e0 l\u2019acc\u00e8s aux services modernes. L&#8217;isolement de l&#8217;Ard\u00e8che refl\u00e8te la fracture qui divise le pays : les territoires p\u00e9riph\u00e9riques sont condamn\u00e9s \u00e0 se d\u00e9brouiller, avec des moyens limit\u00e9s, tandis que les grandes infrastructures continuent de se concentrer autour des m\u00e9tropoles.<\/p>\n<p data-start=\"5487\" data-end=\"5785\" data-is-last-node=\"\" data-is-only-node=\"\">Les Ard\u00e9chois r\u00eavent d\u2019une autre r\u00e9alit\u00e9 : celle o\u00f9 les promesses de r\u00e9ouverture de lignes et de connectivit\u00e9 ne resteraient pas lettre morte. Mais \u00e0 ce rythme, l\u2019Ard\u00e8che risque de rester un territoire suspendu, hors du temps, et d\u00e9finitivement oubli\u00e9 par les grandes lignes du progr\u00e8s.<\/p>\n","protected":false},"excerpt":{"rendered":"<p>Au sud-est de la France, se cache un d\u00e9partement myst\u00e9rieux, presque oubli\u00e9 par les grandes infrastructures de transport. \u00c0 la [&hellip;]<\/p>\n","protected":false},"author":4,"featured_media":33514,"comment_status":"open","ping_status":"closed","sticky":false,"template":"","format":"standard","meta":{"_acf_changed":false,"_sitemap_exclude":false,"_sitemap_priority":"","_sitemap_frequency":"","footnotes":"","rank_math_title":"","rank_math_description":"","rank_math_canonical_url":"","rank_math_focus_keyword":"departement"},"categories":[3],"tags":[],"class_list":["post-33492","post","type-post","status-publish","format-standard","has-post-thumbnail","hentry","category-voyage"],"acf":[],"_links":{"self":[{"href":"https:\/\/ulysse.com\/news\/wp-json\/wp\/v2\/posts\/33492","targetHints":{"allow":["GET"]}}],"collection":[{"href":"https:\/\/ulysse.com\/news\/wp-json\/wp\/v2\/posts"}],"about":[{"href":"https:\/\/ulysse.com\/news\/wp-json\/wp\/v2\/types\/post"}],"author":[{"embeddable":true,"href":"https:\/\/ulysse.com\/news\/wp-json\/wp\/v2\/users\/4"}],"replies":[{"embeddable":true,"href":"https:\/\/ulysse.com\/news\/wp-json\/wp\/v2\/comments?post=33492"}],"version-history":[{"count":3,"href":"https:\/\/ulysse.com\/news\/wp-json\/wp\/v2\/posts\/33492\/revisions"}],"predecessor-version":[{"id":33516,"href":"https:\/\/ulysse.com\/news\/wp-json\/wp\/v2\/posts\/33492\/revisions\/33516"}],"wp:featuredmedia":[{"embeddable":true,"href":"https:\/\/ulysse.com\/news\/wp-json\/wp\/v2\/media\/33514"}],"wp:attachment":[{"href":"https:\/\/ulysse.com\/news\/wp-json\/wp\/v2\/media?parent=33492"}],"wp:term":[{"taxonomy":"category","embeddable":true,"href":"https:\/\/ulysse.com\/news\/wp-json\/wp\/v2\/categories?post=33492"},{"taxonomy":"post_tag","embeddable":true,"href":"https:\/\/ulysse.com\/news\/wp-json\/wp\/v2\/tags?post=33492"}],"curies":[{"name":"wp","href":"https:\/\/api.w.org\/{rel}","templated":true}]}}