{"id":33532,"date":"2025-08-15T18:00:43","date_gmt":"2025-08-15T17:00:43","guid":{"rendered":"https:\/\/discover.ulysse.com\/?p=33532"},"modified":"2025-08-15T10:34:47","modified_gmt":"2025-08-15T09:34:47","slug":"ce-que-le-climat-est-en-train-de-faire-a-nos-monuments-et-pourquoi-il-est-presque-trop-tard","status":"publish","type":"post","link":"https:\/\/ulysse.com\/news\/ce-que-le-climat-est-en-train-de-faire-a-nos-monuments-et-pourquoi-il-est-presque-trop-tard","title":{"rendered":"Ce que le climat est en train de faire \u00e0 nos monuments\u2026 et pourquoi il est (presque) trop tard"},"content":{"rendered":"<p>Ce n\u2019est ni une invasion, ni une guerre, ni un acte de vandalisme. C\u2019est plus insidieux que \u00e7a. Et plus implacable aussi. Car cette menace, elle vient du ciel, du sol, de la mer et du vent. Elle s\u2019infiltre dans les pierres, elle ronge les charpentes, elle fissure les murs. Elle s\u2019appelle d\u00e9r\u00e8glement climatique, et elle met aujourd\u2019hui en danger le patrimoine fran\u00e7ais comme jamais auparavant. Quand les pierres mill\u00e9naires se fragilisent \u00e0 cause des s\u00e9cheresses, des temp\u00eates ou de l\u2019\u00e9rosion, c\u2019est toute une m\u00e9moire collective qui tremble. Et une question s\u2019impose : va-t-on regarder nos monuments tomber avant de r\u00e9agir ?<\/p>\n<h2 data-start=\"722\" data-end=\"783\">Quand la beaut\u00e9 des pierres ne suffit plus \u00e0 les prot\u00e9ger<\/h2>\n<p data-start=\"785\" data-end=\"1894\">Fort Boyard, le ch\u00e2teau de Chambord, l\u2019abbaye du Mont-Saint-Michel\u2026 autant de symboles qui font la fiert\u00e9 du pays. Pourtant, ces g\u00e9ants de pierre ne sont pas infaillibles. Chenonceaux voit ses fondations rong\u00e9es par la rivi\u00e8re, Chambord perd sa for\u00eat au fil des s\u00e9cheresses, et Fort Boyard, frapp\u00e9 par les temp\u00eates, se d\u00e9sagr\u00e8ge lentement. Ce ne sont pas de simples effets secondaires. Ce sont des signaux d\u2019alerte majeurs. Les monuments, pens\u00e9s pour durer des si\u00e8cles, n\u2019avaient pas \u00e9t\u00e9 con\u00e7us pour affronter un climat devenu aussi brutal, impr\u00e9visible et rapide dans ses exc\u00e8s. Le gel succ\u00e8de \u00e0 la chaleur, l\u2019humidit\u00e9 s\u2019installe l\u00e0 o\u00f9 le sol craque, les infiltrations gangr\u00e8nent les murs et les plafonds. R\u00e9sultat : le b\u00e9ton fissure, les pierres se d\u00e9sagr\u00e8gent, les toitures s\u2019effondrent. Et face \u00e0 cette r\u00e9alit\u00e9, le simple entretien ne suffit plus. Il faut repousser les limites de la restauration, penser adaptation, penser long terme, penser climat. Car ce n\u2019est pas une temp\u00eate ponctuelle qui menace, mais une transformation profonde, permanente, du milieu dans lequel ces monuments se dressent.<\/p>\n<blockquote class=\"tiktok-embed\" style=\"max-width: 605px; min-width: 325px;\" cite=\"https:\/\/www.tiktok.com\/@best_french_video\/video\/7450551323356941590\" data-video-id=\"7450551323356941590\">\n<section><a title=\"@best_french_video\" href=\"https:\/\/www.tiktok.com\/@best_french_video?refer=embed\" target=\"_blank\" rel=\"noopener\">@best_french_video<\/a> Effondrement du fort boyard <a title=\"france\" href=\"https:\/\/www.tiktok.com\/tag\/france?refer=embed\" target=\"_blank\" rel=\"noopener\">#france<\/a> <a title=\"patrimoniocultural\" href=\"https:\/\/www.tiktok.com\/tag\/patrimoniocultural?refer=embed\" target=\"_blank\" rel=\"noopener\">#patrimoniocultural<\/a> <a title=\"monument\" href=\"https:\/\/www.tiktok.com\/tag\/monument?refer=embed\" target=\"_blank\" rel=\"noopener\">#monument<\/a> <a title=\"catastrophe\" href=\"https:\/\/www.tiktok.com\/tag\/catastrophe?refer=embed\" target=\"_blank\" rel=\"noopener\">#catastrophe<\/a> <a title=\"effondrement\" href=\"https:\/\/www.tiktok.com\/tag\/effondrement?refer=embed\" target=\"_blank\" rel=\"noopener\">#effondrement<\/a> <a title=\"fortboyard\" href=\"https:\/\/www.tiktok.com\/tag\/fortboyard?refer=embed\" target=\"_blank\" rel=\"noopener\">#fortboyard<\/a> <a title=\"television\" href=\"https:\/\/www.tiktok.com\/tag\/television?refer=embed\" target=\"_blank\" rel=\"noopener\">#television<\/a> <a title=\"tf1\" href=\"https:\/\/www.tiktok.com\/tag\/tf1?refer=embed\" target=\"_blank\" rel=\"noopener\">#tf1<\/a> <a title=\"m6\" href=\"https:\/\/www.tiktok.com\/tag\/m6?refer=embed\" target=\"_blank\" rel=\"noopener\">#m6<\/a> <a title=\"\u266c son original - best_french_video\" href=\"https:\/\/www.tiktok.com\/music\/son-original-7450551327048207126?refer=embed\" target=\"_blank\" rel=\"noopener\">\u266c son original &#8211; best_french_video<\/a><\/section>\n<\/blockquote>\n<p><script async src=\"https:\/\/www.tiktok.com\/embed.js\"><\/script><\/p>\n<h2 data-start=\"1896\" data-end=\"1974\">Quand les grands noms de la culture s\u2019en m\u00ealent, l\u2019urgence devient audible<\/h2>\n<p data-start=\"1976\" data-end=\"3014\">Le sujet restait discret, presque technique. Puis St\u00e9phane Bern a mis les pieds dans le plat. En s\u2019attaquant publiquement \u00e0 cette menace climatique sur le patrimoine, il a d\u00e9clench\u00e9 une onde de choc. Et pour une fois, les m\u00e9c\u00e8nes, les grandes fortunes, les d\u00e9cideurs politiques n\u2019ont pas d\u00e9tourn\u00e9 le regard. L\u2019exemple de Notre-Dame de Paris en est l\u2019illustration \u00e9clatante : un milliard d\u2019euros collect\u00e9s en quelques mois, dont la moiti\u00e9 vers\u00e9e par les plus grandes fortunes fran\u00e7aises. Preuve que quand le patrimoine est en danger, m\u00eame les plus \u00e9loign\u00e9s des d\u00e9bats \u00e9cologiques r\u00e9agissent. Ce pouvoir \u00e9motionnel, presque sacr\u00e9, que poss\u00e8dent certains monuments peut \u2014 enfin \u2014 servir de levier pour une mobilisation plus large contre le changement climatique. Car si sauver une cath\u00e9drale \u00e9branl\u00e9e par les flammes mobilise les masses, pourquoi ne pas imaginer que la protection du patrimoine devienne une passerelle vers la conscience \u00e9cologique ? Ces vieilles pierres ont encore une voix. \u00c0 condition qu\u2019on sache les \u00e9couter.<\/p>\n<h2 data-start=\"3016\" data-end=\"3093\">S\u2019adapter, r\u00e9nover, cartographier : la France tente une riposte technique<\/h2>\n<p data-start=\"3095\" data-end=\"4094\">Le gouvernement a fini par reconna\u00eetre l\u2019urgence. Le Plan national d\u2019adaptation au changement climatique (PNACC-3) pr\u00e9voit une s\u00e9rie d\u2019actions cibl\u00e9es : croiser les donn\u00e9es climatiques avec les sites patrimoniaux, anticiper les risques de submersion, de canicule, d\u2019infiltration, de s\u00e9cheresse. Des diagnostics \u00e9nerg\u00e9tiques sont en cours sur les b\u00e2timents les plus anciens. Les mus\u00e9es et les archives doivent \u00eatre repens\u00e9s non seulement pour conserver les objets, mais aussi pour r\u00e9sister eux-m\u00eames au climat. Des travaux d\u2019isolation, de drainage, d\u2019a\u00e9ration sont \u00e0 l\u2019\u00e9tude. La formation des architectes, des restaurateurs, des paysagistes est en train d\u2019int\u00e9grer une dimension climatique. L\u2019objectif : ne plus restaurer \u00e0 l\u2019identique, mais adapter avec intelligence, sans trahir l\u2019\u00e2me des lieux. D\u2019ici 2026, les normes de conservation devront elles aussi \u00e9voluer, tenant compte des r\u00e9alit\u00e9s physiques du XXIe si\u00e8cle. Le d\u00e9fi ? Faire de la modernisation un alli\u00e9, pas un ennemi du pass\u00e9.<\/p>\n<h2 data-start=\"4096\" data-end=\"4176\">Entre m\u00e9moire et avenir : sauver les pierres, c\u2019est sauver plus que des murs<\/h2>\n<p data-start=\"4178\" data-end=\"4907\" data-is-last-node=\"\" data-is-only-node=\"\">\u00c0 chaque coup de vent qui tord un clocher, \u00e0 chaque s\u00e9cheresse qui fend une fa\u00e7ade, \u00e0 chaque inondation qui ruine un plancher, ce n\u2019est pas seulement une architecture qui s\u2019efface. C\u2019est un chapitre de notre histoire qui se d\u00e9robe. Le patrimoine n\u2019est pas un d\u00e9cor de carte postale. Il est l\u2019empreinte vivante d\u2019un pays, de ses luttes, de ses croyances, de ses savoir-faire. Si l\u2019on accepte qu\u2019il tombe, on accepte aussi d\u2019oublier une partie de ce que nous sommes. La solution ne viendra pas d\u2019un seul geste, mais d\u2019une prise de conscience collective. Il est temps que l\u2019amour du patrimoine se transforme en \u00e9nergie pour le climat. Sauver nos monuments, ce n\u2019est pas r\u00e9sister \u00e0 la modernit\u00e9. C\u2019est lui donner du sens.<\/p>\n","protected":false},"excerpt":{"rendered":"<p>Ce n\u2019est ni une invasion, ni une guerre, ni un acte de vandalisme. C\u2019est plus insidieux que \u00e7a. Et plus [&hellip;]<\/p>\n","protected":false},"author":4,"featured_media":33669,"comment_status":"open","ping_status":"closed","sticky":false,"template":"","format":"standard","meta":{"_acf_changed":false,"_sitemap_exclude":false,"_sitemap_priority":"","_sitemap_frequency":"","footnotes":"","rank_math_title":"","rank_math_description":"","rank_math_canonical_url":"","rank_math_focus_keyword":"monument"},"categories":[3],"tags":[],"class_list":["post-33532","post","type-post","status-publish","format-standard","has-post-thumbnail","hentry","category-voyage"],"acf":[],"_links":{"self":[{"href":"https:\/\/ulysse.com\/news\/wp-json\/wp\/v2\/posts\/33532","targetHints":{"allow":["GET"]}}],"collection":[{"href":"https:\/\/ulysse.com\/news\/wp-json\/wp\/v2\/posts"}],"about":[{"href":"https:\/\/ulysse.com\/news\/wp-json\/wp\/v2\/types\/post"}],"author":[{"embeddable":true,"href":"https:\/\/ulysse.com\/news\/wp-json\/wp\/v2\/users\/4"}],"replies":[{"embeddable":true,"href":"https:\/\/ulysse.com\/news\/wp-json\/wp\/v2\/comments?post=33532"}],"version-history":[{"count":4,"href":"https:\/\/ulysse.com\/news\/wp-json\/wp\/v2\/posts\/33532\/revisions"}],"predecessor-version":[{"id":33671,"href":"https:\/\/ulysse.com\/news\/wp-json\/wp\/v2\/posts\/33532\/revisions\/33671"}],"wp:featuredmedia":[{"embeddable":true,"href":"https:\/\/ulysse.com\/news\/wp-json\/wp\/v2\/media\/33669"}],"wp:attachment":[{"href":"https:\/\/ulysse.com\/news\/wp-json\/wp\/v2\/media?parent=33532"}],"wp:term":[{"taxonomy":"category","embeddable":true,"href":"https:\/\/ulysse.com\/news\/wp-json\/wp\/v2\/categories?post=33532"},{"taxonomy":"post_tag","embeddable":true,"href":"https:\/\/ulysse.com\/news\/wp-json\/wp\/v2\/tags?post=33532"}],"curies":[{"name":"wp","href":"https:\/\/api.w.org\/{rel}","templated":true}]}}