{"id":33535,"date":"2025-08-15T17:00:54","date_gmt":"2025-08-15T16:00:54","guid":{"rendered":"https:\/\/discover.ulysse.com\/?p=33535"},"modified":"2025-08-15T10:29:37","modified_gmt":"2025-08-15T09:29:37","slug":"ce-gr-meconnu-en-bretagne-offre-475-km-de-paysages-sublimes-sans-la-foule","status":"publish","type":"post","link":"https:\/\/ulysse.com\/news\/ce-gr-meconnu-en-bretagne-offre-475-km-de-paysages-sublimes-sans-la-foule","title":{"rendered":"Ce GR m\u00e9connu en Bretagne offre 475 km de paysages sublimes\u2026 sans la foule"},"content":{"rendered":"<p data-start=\"97\" data-end=\"692\">Le <strong data-start=\"197\" data-end=\"232\">GR\u00ae de Pays Scorff-Blavet-Oc\u00e9an<\/strong>, dans l\u2019ouest du Morbihan, n\u2019a rien d\u2019un simple chemin de randonn\u00e9e : c\u2019est une immersion totale dans un territoire oubli\u00e9 des foules, mais riche en surprises. Entre vall\u00e9es, m\u00e9galithes, plages sauvages et ruelles m\u00e9di\u00e9vales, il trace sa route. Peu connu, il n\u2019en est pas moins fascinant. Et quand on apprend qu\u2019il est accessible en train, bien balis\u00e9, et bourr\u00e9 de charme local, difficile de ne pas vouloir l\u2019enfiler comme une paire de chaussures de rando.<\/p>\n<h2 data-start=\"694\" data-end=\"777\">Entre l\u2019Atlantique et les terres bretonnes : un itin\u00e9raire aux mille ambiances<\/h2>\n<p data-start=\"778\" data-end=\"1701\">Ce GR \u00e9tonne par sa vari\u00e9t\u00e9. La boucle 1 traverse les vall\u00e9es du Scorff et du Blavet, au fil de rivi\u00e8res paisibles et de manoirs cach\u00e9s, dans une ambiance rurale et bucolique. Puis vient la boucle 2, 100 % terroir, avec un d\u00e9tour par Gu\u00e9men\u00e9-sur-Scorff, ses maisons \u00e0 pans de bois et\u2026 sa c\u00e9l\u00e8bre andouille. Les for\u00eats, les chapelles, les petits villages traditionnels donnent une vraie \u00e9paisseur culturelle \u00e0 la marche. Sur la boucle 3, place au patrimoine pur : ch\u00e2teau des Rohan, sanctuaires oubli\u00e9s, anciennes forges\u2026 Un r\u00eave pour les amoureux d\u2019histoire. Et si vous r\u00eavez d\u2019embruns et de sable, les boucles 4 et 5 vous m\u00e8nent au bord de l\u2019oc\u00e9an, entre la ria d\u2019\u00c9tel et les criques autour de Lorient. Dunes, ports, plages tranquilles\u2026 et m\u00eame une vue imprenable sur l\u2019\u00eele de Groix. Chaque boucle a sa couleur, sa texture, sa personnalit\u00e9. On peut les encha\u00eener ou les savourer une \u00e0 une. L\u2019essentiel, c\u2019est de marcher.<\/p>\n<blockquote class=\"tiktok-embed\" style=\"max-width: 605px; min-width: 325px;\" cite=\"https:\/\/www.tiktok.com\/@fansdebretagne\/video\/7269819098287197472\" data-video-id=\"7269819098287197472\">\n<section><a title=\"@fansdebretagne\" href=\"https:\/\/www.tiktok.com\/@fansdebretagne?refer=embed\" target=\"_blank\" rel=\"noopener\">@fansdebretagne<\/a> Avez-vous d\u00e9j\u00e0 emprunt\u00e9 le GR\u00ae34 ? \ud83e\udd29 \ud83c\udfa5 thibaultporiel \/ asdventure_photography \/ ngin_m \/ Tristan.noret \/ cyril_lm \/ @OC\u00c9ANE | PHOTOS &amp; VOYAGES \/ memepaskite <a title=\"fansdebretagne\" href=\"https:\/\/www.tiktok.com\/tag\/fansdebretagne?refer=embed\" target=\"_blank\" rel=\"noopener\">#fansdebretagne<\/a> <a title=\"gr34\" href=\"https:\/\/www.tiktok.com\/tag\/gr34?refer=embed\" target=\"_blank\" rel=\"noopener\">#gr34<\/a> <a title=\"bretagne\" href=\"https:\/\/www.tiktok.com\/tag\/bretagne?refer=embed\" target=\"_blank\" rel=\"noopener\">#Bretagne<\/a> <a title=\"bzh\" href=\"https:\/\/www.tiktok.com\/tag\/bzh?refer=embed\" target=\"_blank\" rel=\"noopener\">#bzh<\/a> <a title=\"breizh\" href=\"https:\/\/www.tiktok.com\/tag\/breizh?refer=embed\" target=\"_blank\" rel=\"noopener\">#breizh<\/a> <a title=\"\u266c Intro (From &quot;Person of Interest&quot;) - D.J. Mash Up\" href=\"https:\/\/www.tiktok.com\/music\/Intro-From-Person-of-Interest-6732219505621075970?refer=embed\" target=\"_blank\" rel=\"noopener\">\u266c Intro (From &#8220;Person of Interest&#8221;) &#8211; D.J. Mash Up<\/a><\/section>\n<\/blockquote>\n<p><script async src=\"https:\/\/www.tiktok.com\/embed.js\"><\/script><\/p>\n<h2 data-start=\"1703\" data-end=\"1780\">Un GR pens\u00e9 pour le plaisir, et pas uniquement pour les mollets aguerris<\/h2>\n<p data-start=\"1781\" data-end=\"2536\">Pas besoin d\u2019\u00eatre un trailer ultra-\u00e9quip\u00e9 pour se lancer sur le GR\u00ae de Pays Scorff-Blavet-Oc\u00e9an. Le sentier est balis\u00e9 rouge et jaune, bien entretenu, et surtout connect\u00e9 au r\u00e9seau ferroviaire. Lorient, Plouay, Pontivy\u2026 plusieurs d\u00e9parts sont possibles. Les boucles font entre 64 et 119 km, ce qui permet des formats week-end ou semaine, selon son rythme. Les itin\u00e9raires longent des cours d\u2019eau, traversent des for\u00eats, flirtent avec la c\u00f4te\u2026 tout \u00e7a en restant loin de la foule. Des g\u00eetes, des campings, des chambres d\u2019h\u00f4tes pars\u00e8ment le parcours, et l\u2019appli MaRando\u00ae facilite la navigation. C\u2019est l\u2019id\u00e9al pour une randonn\u00e9e douce, lente, contemplative, o\u00f9 l\u2019on prend le temps de sentir l\u2019air sal\u00e9 ou l\u2019odeur des bois. Un luxe, dans un monde qui court.<\/p>\n<h2 data-start=\"2538\" data-end=\"2622\">Une rando pour renouer avec la Bretagne profonde, loin des clich\u00e9s touristiques<\/h2>\n<p data-start=\"2623\" data-end=\"3271\">Le GR\u00ae de Pays Scorff-Blavet-Oc\u00e9an n\u2019est pas une vitrine. Il ne cherche pas \u00e0 \u00e9pater, ni \u00e0 faire Instagrammer \u00e0 tout prix. Il propose autre chose : un retour \u00e0 la <a href=\"https:\/\/discover.ulysse.com\/ce-coin-de-bretagne-est-un-tresor-cache-avec-vue-imprenable-sur-locean\">Bretagne<\/a> des villages, des chapelles isol\u00e9es, des lavandi\u00e8res, des vieux chemins creux et des p\u00eacheurs \u00e0 pied. Ce n\u2019est pas le GR20 ni le Mont-Blanc. C\u2019est une Bretagne intime, simple, mais puissante. Un territoire o\u00f9 l\u2019on passe d\u2019une plage vide \u00e0 un ch\u00e2teau oubli\u00e9, d\u2019un marais salant \u00e0 un menhir mill\u00e9naire. Loin des stations baln\u00e9aires satur\u00e9es, cette itin\u00e9rance redonne du sens \u00e0 la marche. Elle reconnecte. Elle respire. Et surtout, elle invite \u00e0 marcher loin\u2026 sans partir loin.<\/p>\n","protected":false},"excerpt":{"rendered":"<p>Le GR\u00ae de Pays Scorff-Blavet-Oc\u00e9an, dans l\u2019ouest du Morbihan, n\u2019a rien d\u2019un simple chemin de randonn\u00e9e : c\u2019est une immersion [&hellip;]<\/p>\n","protected":false},"author":4,"featured_media":33666,"comment_status":"open","ping_status":"closed","sticky":false,"template":"","format":"standard","meta":{"_acf_changed":false,"_sitemap_exclude":false,"_sitemap_priority":"","_sitemap_frequency":"","footnotes":"","rank_math_title":"","rank_math_description":"","rank_math_canonical_url":"","rank_math_focus_keyword":"bretagne"},"categories":[3],"tags":[],"class_list":["post-33535","post","type-post","status-publish","format-standard","has-post-thumbnail","hentry","category-voyage"],"acf":[],"_links":{"self":[{"href":"https:\/\/ulysse.com\/news\/wp-json\/wp\/v2\/posts\/33535","targetHints":{"allow":["GET"]}}],"collection":[{"href":"https:\/\/ulysse.com\/news\/wp-json\/wp\/v2\/posts"}],"about":[{"href":"https:\/\/ulysse.com\/news\/wp-json\/wp\/v2\/types\/post"}],"author":[{"embeddable":true,"href":"https:\/\/ulysse.com\/news\/wp-json\/wp\/v2\/users\/4"}],"replies":[{"embeddable":true,"href":"https:\/\/ulysse.com\/news\/wp-json\/wp\/v2\/comments?post=33535"}],"version-history":[{"count":3,"href":"https:\/\/ulysse.com\/news\/wp-json\/wp\/v2\/posts\/33535\/revisions"}],"predecessor-version":[{"id":33668,"href":"https:\/\/ulysse.com\/news\/wp-json\/wp\/v2\/posts\/33535\/revisions\/33668"}],"wp:featuredmedia":[{"embeddable":true,"href":"https:\/\/ulysse.com\/news\/wp-json\/wp\/v2\/media\/33666"}],"wp:attachment":[{"href":"https:\/\/ulysse.com\/news\/wp-json\/wp\/v2\/media?parent=33535"}],"wp:term":[{"taxonomy":"category","embeddable":true,"href":"https:\/\/ulysse.com\/news\/wp-json\/wp\/v2\/categories?post=33535"},{"taxonomy":"post_tag","embeddable":true,"href":"https:\/\/ulysse.com\/news\/wp-json\/wp\/v2\/tags?post=33535"}],"curies":[{"name":"wp","href":"https:\/\/api.w.org\/{rel}","templated":true}]}}