{"id":33540,"date":"2025-08-13T07:00:27","date_gmt":"2025-08-13T06:00:27","guid":{"rendered":"https:\/\/discover.ulysse.com\/?p=33540"},"modified":"2025-08-12T20:45:58","modified_gmt":"2025-08-12T19:45:58","slug":"conges-francais-boudent-lete-juillet-et-aout","status":"publish","type":"post","link":"https:\/\/ulysse.com\/news\/conges-francais-boudent-lete-juillet-et-aout","title":{"rendered":"Cong\u00e9s en recul : les Fran\u00e7ais boudent l\u2019\u00e9t\u00e9, juillet et ao\u00fbt dans le m\u00eame tempo"},"content":{"rendered":"<p>Cong\u00e9 ou pas cong\u00e9, les chiffres viennent de tomber et ils n\u2019ont rien d\u2019un soleil \u00e9clatant pour le <strong>tourisme fran\u00e7ais<\/strong>. Cet \u00e9t\u00e9, les r\u00e9servations pour <strong>juillet et ao\u00fbt<\/strong> sont en recul, et ce, presque au m\u00eame rythme. Entre budget serr\u00e9, m\u00e9t\u00e9o impr\u00e9visible, inflation qui persiste et envies d\u2019\u00e9vasion qui tardent \u00e0 se concr\u00e9tiser, les Fran\u00e7ais semblent jouer la carte de l\u2019attente. Reste \u00e0 savoir qui tire son \u00e9pingle du jeu dans ce paysage estival en demi-teinte mais plein de rebondissements.<\/p>\n<h2><b>Un \u00e9t\u00e9 en mode pause : juillet et ao\u00fbt sur le m\u00eame tempo<\/b><\/h2>\n<p><span style=\"font-weight: 400;\">L\u2019\u00e9t\u00e9 2025 a d\u00e9marr\u00e9 sans la ferveur habituelle. Selon le barom\u00e8tre <a href=\"https:\/\/www.lechotouristique.com\/wp-content\/uploads\/2025\/08\/observatoireorchestraedvete2025.pdf\" target=\"_blank\" rel=\"noopener\">Orchestra pour les Entreprises du Voyage<\/a>, les d\u00e9parts en juillet enregistrent un recul de <\/span><b>\u20135,2 %<\/b><span style=\"font-weight: 400;\"> par rapport \u00e0 l\u2019an dernier. Ao\u00fbt, de son c\u00f4t\u00e9, n\u2019\u00e9chappe pas \u00e0 la tendance, avec <\/span><b>\u20137,8 %<\/b><span style=\"font-weight: 400;\"> de r\u00e9servations. Ce ralentissement ne concerne pas seulement le nombre de voyageurs, mais aussi le volume d\u2019affaires global, en baisse de <\/span><b>\u20134 %<\/b><span style=\"font-weight: 400;\"> sur la p\u00e9riode juillet-ao\u00fbt. Autre signe r\u00e9v\u00e9lateur : le nombre de dossiers chute de <\/span><b>\u20135,7 %<\/b><span style=\"font-weight: 400;\">, tandis que le panier moyen, lui, grimpe l\u00e9g\u00e8rement \u00e0 <\/span><b>2 453 \u20ac<\/b><span style=\"font-weight: 400;\">, soit <\/span><b>+1,7 %<\/b><span style=\"font-weight: 400;\">. En clair, ceux qui partent d\u00e9pensent un peu plus\u2026 mais ils sont moins nombreux.<\/span><\/p>\n<p><span style=\"font-weight: 400;\">Le d\u00e9calage est aussi visible entre les deux mois : juillet limite la casse avec seulement <\/span><b>\u20132 %<\/b><span style=\"font-weight: 400;\"> de dossiers en moins, quand ao\u00fbt plonge davantage, surtout autour du 15 ao\u00fbt, avec <\/span><b>\u201312 %<\/b><span style=\"font-weight: 400;\"> sur les semaines phares 33-34. Plusieurs raisons se croisent : inflation persistante, m\u00e9t\u00e9o qui joue les divas, et surtout, une envie de garder une marge de man\u0153uvre pour <a href=\"https:\/\/discover.ulysse.com\/evasion-derniere-minute-ces-iles-secretes\">r\u00e9server \u00e0 la derni\u00e8re minute<\/a>. Apr\u00e8s tout, pourquoi bloquer ses cong\u00e9s trop t\u00f4t quand on peut surveiller les offres et scruter le ciel ?<\/span><\/p>\n<h2><b>La France et quelques privil\u00e9gi\u00e9s : les valeurs s\u00fbres qui tiennent bon<\/b><\/h2>\n<p><span style=\"font-weight: 400;\">Heureusement, tout n\u2019est pas gris dans ce tableau. La <\/span><b>France<\/b><span style=\"font-weight: 400;\"> reste la destination reine, et pas seulement par chauvinisme. Les r\u00e9servations vers l\u2019Hexagone progressent de <\/span><b>+2,5 %<\/b><span style=\"font-weight: 400;\"> \u00e0 fin mai, alors que le moyen-courrier recule de <\/span><b>\u20134 %<\/b><span style=\"font-weight: 400;\"> et le long-courrier de <\/span><b>\u201310 %<\/b><span style=\"font-weight: 400;\">. Les atouts ? Des paysages vari\u00e9s, des trajets plus courts, et une ma\u00eetrise du budget plus facile. L\u2019effet post-Jeux olympiques joue aussi son r\u00f4le : Paris attire <\/span><b>30 %<\/b><span style=\"font-weight: 400;\"> des Fran\u00e7ais cet \u00e9t\u00e9, et pr\u00e8s de la moiti\u00e9 des voyageurs disent privil\u00e9gier la France.<\/span><\/p>\n<p><span style=\"font-weight: 400;\">\u00c0 l\u2019international, certaines destinations tirent brillamment leur \u00e9pingle du jeu.<a href=\"https:\/\/discover.ulysse.com\/ete-destinations-palmares-voyageurs-orchestra\"> L\u2019<\/a><\/span><a href=\"https:\/\/discover.ulysse.com\/ete-destinations-palmares-voyageurs-orchestra\">\u00c9gypte<\/a><span style=\"font-weight: 400;\"> s\u00e9duit toujours, la <\/span><b>Tunisie<\/b><span style=\"font-weight: 400;\"> regagne des points, et l\u2019<\/span><b>Inde<\/b><span style=\"font-weight: 400;\"> conna\u00eet un v\u00e9ritable boom avec une hausse spectaculaire de <\/span><b>+440 %<\/b><span style=\"font-weight: 400;\"> des dossiers \u00e0 fin mai. Les agences physiques, elles, profitent de ce climat h\u00e9sitant : <\/span><b>+4,5 %<\/b><span style=\"font-weight: 400;\"> de ventes, alors que le digital d\u00e9croche de <\/span><b>\u201311,6 %<\/b><span style=\"font-weight: 400;\">. R\u00e9sultat : les discussions en face-\u00e0-face et les conseils personnalis\u00e9s semblent rassurer les voyageurs dans un contexte incertain.<\/span><\/p>\n<p><span style=\"font-weight: 400;\">Autre tendance forte : la derni\u00e8re minute. <\/span><b>28 %<\/b><span style=\"font-weight: 400;\"> des destinations misent sur une hausse en juillet, <\/span><b>25 %<\/b><span style=\"font-weight: 400;\"> pr\u00e9voient la stabilit\u00e9, et pour ao\u00fbt, <\/span><b>31 %<\/b><span style=\"font-weight: 400;\"> tablent sur un rythme inchang\u00e9 tandis que <\/span><b>25 %<\/b><span style=\"font-weight: 400;\"> esp\u00e8rent un coup de boost. Car si les Fran\u00e7ais boudent un peu leurs cong\u00e9s \u00e0 l\u2019avance, ils savent aussi d\u00e9gainer la carte bancaire quand une belle promo se pr\u00e9sente.<\/span><\/p>\n","protected":false},"excerpt":{"rendered":"<p>Cong\u00e9 ou pas cong\u00e9, les chiffres viennent de tomber et ils n\u2019ont rien d\u2019un soleil \u00e9clatant pour le tourisme fran\u00e7ais. [&hellip;]<\/p>\n","protected":false},"author":3,"featured_media":33541,"comment_status":"open","ping_status":"closed","sticky":false,"template":"","format":"standard","meta":{"_acf_changed":false,"_sitemap_exclude":false,"_sitemap_priority":"","_sitemap_frequency":"","footnotes":"","rank_math_title":"","rank_math_description":"Cong\u00e9s en recul cet \u00e9t\u00e9 : juillet et ao\u00fbt perdent des voyageurs, mais la France et la derni\u00e8re minute sauvent la saison.","rank_math_canonical_url":"","rank_math_focus_keyword":"cong\u00e9,france"},"categories":[3],"tags":[],"class_list":["post-33540","post","type-post","status-publish","format-standard","has-post-thumbnail","hentry","category-voyage"],"acf":[],"_links":{"self":[{"href":"https:\/\/ulysse.com\/news\/wp-json\/wp\/v2\/posts\/33540","targetHints":{"allow":["GET"]}}],"collection":[{"href":"https:\/\/ulysse.com\/news\/wp-json\/wp\/v2\/posts"}],"about":[{"href":"https:\/\/ulysse.com\/news\/wp-json\/wp\/v2\/types\/post"}],"author":[{"embeddable":true,"href":"https:\/\/ulysse.com\/news\/wp-json\/wp\/v2\/users\/3"}],"replies":[{"embeddable":true,"href":"https:\/\/ulysse.com\/news\/wp-json\/wp\/v2\/comments?post=33540"}],"version-history":[{"count":3,"href":"https:\/\/ulysse.com\/news\/wp-json\/wp\/v2\/posts\/33540\/revisions"}],"predecessor-version":[{"id":33559,"href":"https:\/\/ulysse.com\/news\/wp-json\/wp\/v2\/posts\/33540\/revisions\/33559"}],"wp:featuredmedia":[{"embeddable":true,"href":"https:\/\/ulysse.com\/news\/wp-json\/wp\/v2\/media\/33541"}],"wp:attachment":[{"href":"https:\/\/ulysse.com\/news\/wp-json\/wp\/v2\/media?parent=33540"}],"wp:term":[{"taxonomy":"category","embeddable":true,"href":"https:\/\/ulysse.com\/news\/wp-json\/wp\/v2\/categories?post=33540"},{"taxonomy":"post_tag","embeddable":true,"href":"https:\/\/ulysse.com\/news\/wp-json\/wp\/v2\/tags?post=33540"}],"curies":[{"name":"wp","href":"https:\/\/api.w.org\/{rel}","templated":true}]}}