{"id":33543,"date":"2025-08-13T16:00:21","date_gmt":"2025-08-13T15:00:21","guid":{"rendered":"https:\/\/discover.ulysse.com\/?p=33543"},"modified":"2025-08-13T09:14:29","modified_gmt":"2025-08-13T08:14:29","slug":"deux-siecles-cabines-sables-dolonne","status":"publish","type":"post","link":"https:\/\/ulysse.com\/news\/deux-siecles-cabines-sables-dolonne","title":{"rendered":"Deux si\u00e8cles sur le sable : la fabuleuse \u00e9pop\u00e9e des cabines embl\u00e9matiques des Sables-d\u2019Olonne"},"content":{"rendered":"<p><span style=\"font-weight: 400;\">Elles sont align\u00e9es, fi\u00e8res, \u00e9l\u00e9gantes\u2026 et ont vu passer bien plus de maillots ray\u00e9s que vous ne pouvez l\u2019imaginer. Aux <strong>Sables-d\u2019Olonne<\/strong>, les c<strong>abines de plage<\/strong> ne sont pas de simples abris pour se changer : ce sont des ic\u00f4nes qui ont travers\u00e9 deux si\u00e8cles, port\u00e9 les modes baln\u00e9aires, et servi de d\u00e9cor \u00e0 d\u2019innombrables \u00e9t\u00e9s vend\u00e9ens. Derri\u00e8re leurs fa\u00e7ades sages se cache une \u00e9pop\u00e9e pleine de charme, de modernit\u00e9 et de petits coups de folie. Entre tradition et renouveau, elles racontent \u00e0 elles seules l\u2019histoire d\u2019une station qui n\u2019a jamais perdu le go\u00fbt du sable fin. Alors, pr\u00eat \u00e0 plonger dans leur fabuleuse saga ?<\/span><\/p>\n<h2><b>Les premi\u00e8res reines de la plage \u2013 Quand la pudeur roulait jusqu\u2019aux vagues<\/b><\/h2>\n<p><span style=\"font-weight: 400;\">Retour au<strong> d\u00e9but du XIX\u1d49 si\u00e8cle<\/strong>. En 1825, un n\u00e9gociant visionnaire, P\u00eetre Raguet, installe huit cabanes roulantes sur la plage sablaise. Mont\u00e9es sur de solides roues et tract\u00e9es par des chevaux, elles avan\u00e7aient jusqu\u2019au bord de l\u2019eau, offrant aux baigneurs la possibilit\u00e9 de se glisser dans la mer\u2026 sans \u00eatre vus. \u00c0 l\u2019\u00e9poque, se baigner relevait plus du soin de sant\u00e9 que du farniente, et la pudeur \u00e9tait de rigueur. Ces petites<strong> \u201cmaisons de plage\u201d<\/strong> devinrent rapidement la coqueluche de l\u2019aristocratie et de la bourgeoisie en vill\u00e9giature.<\/span><\/p>\n<p><span style=\"font-weight: 400;\">Avec l\u2019arriv\u00e9e du train en 1866 depuis <a href=\"https:\/\/discover.ulysse.com\/fort-boyard-experience-catamaran-vendee\">La Roche-sur-Yon<\/a>, puis depuis Paris en 1868, la station baln\u00e9aire change de dimension.<strong> Les Sables-d\u2019Olonne<\/strong> deviennent un rendez-vous chic, o\u00f9 l\u2019on vient respirer l\u2019air marin et se montrer sur le Remblai. Les cabines s\u2019adaptent : moins mobiles, plus confortables, elles se parent de bois peint, d\u2019auvents, de d\u00e9tails soign\u00e9s\u2026 et d\u2019un style qui commence \u00e0 leur donner cette allure qu\u2019on conna\u00eet aujourd\u2019hui. Elles ne sont plus seulement pratiques : elles deviennent partie int\u00e9grante du d\u00e9cor estival.<\/span><\/p>\n<blockquote class=\"instagram-media\" style=\"background: #FFF; border: 0; border-radius: 3px; margin: 1px; max-width: 540px; min-width: 326px; padding: 0; width: calc(100% - 2px);\" data-instgrm-captioned=\"\" data-instgrm-permalink=\"https:\/\/www.instagram.com\/p\/DMXrHbyotvz\/?utm_source=ig_embed&amp;utm_campaign=loading\" data-instgrm-version=\"14\">\n<div style=\"padding: 16px;\">\n<p>&nbsp;<\/p>\n<div style=\"flex-direction: row; align-items: center;\">\n<div style=\"background-color: #f4f4f4; border-radius: 50%; flex-grow: 0; height: 40px; margin-right: 14px; width: 40px;\"><\/div>\n<div style=\"flex-direction: column; flex-grow: 1; justify-content: center;\">\n<div style=\"background-color: #f4f4f4; border-radius: 4px; flex-grow: 0; height: 14px; margin-bottom: 6px; width: 100px;\"><\/div>\n<div style=\"background-color: #f4f4f4; border-radius: 4px; flex-grow: 0; height: 14px; width: 60px;\"><\/div>\n<\/div>\n<\/div>\n<div style=\"padding: 19% 0;\"><\/div>\n<div style=\"height: 50px; margin: 0 auto 12px; width: 50px;\"><\/div>\n<div style=\"padding-top: 8px;\">\n<div style=\"color: #3897f0; font-family: Arial,sans-serif; font-size: 14px; font-style: normal; font-weight: 550; line-height: 18px;\">Voir cette publication sur Instagram<\/div>\n<\/div>\n<div style=\"padding: 12.5% 0;\"><\/div>\n<div style=\"flex-direction: row; margin-bottom: 14px; align-items: center;\">\n<div>\n<div style=\"background-color: #f4f4f4; border-radius: 50%; height: 12.5px; width: 12.5px;\"><\/div>\n<div style=\"background-color: #f4f4f4; height: 12.5px; width: 12.5px; flex-grow: 0; margin-right: 14px; margin-left: 2px;\"><\/div>\n<div style=\"background-color: #f4f4f4; border-radius: 50%; height: 12.5px; width: 12.5px;\"><\/div>\n<\/div>\n<div style=\"margin-left: 8px;\">\n<div style=\"background-color: #f4f4f4; border-radius: 50%; flex-grow: 0; height: 20px; width: 20px;\"><\/div>\n<div style=\"width: 0; height: 0; border-top: 2px solid transparent; border-left: 6px solid #f4f4f4; border-bottom: 2px solid transparent;\"><\/div>\n<\/div>\n<div style=\"margin-left: auto;\">\n<div style=\"width: 0px; border-top: 8px solid #F4F4F4; border-right: 8px solid transparent;\"><\/div>\n<div style=\"background-color: #f4f4f4; flex-grow: 0; height: 12px; width: 16px;\"><\/div>\n<div style=\"width: 0; height: 0; border-top: 8px solid #F4F4F4; border-left: 8px solid transparent;\"><\/div>\n<\/div>\n<\/div>\n<div style=\"flex-direction: column; flex-grow: 1; justify-content: center; margin-bottom: 24px;\">\n<div style=\"background-color: #f4f4f4; border-radius: 4px; flex-grow: 0; height: 14px; margin-bottom: 6px; width: 224px;\"><\/div>\n<div style=\"background-color: #f4f4f4; border-radius: 4px; flex-grow: 0; height: 14px; width: 144px;\"><\/div>\n<\/div>\n<p>&nbsp;<\/p>\n<p style=\"color: #c9c8cd; font-family: Arial,sans-serif; font-size: 14px; line-height: 17px; margin-bottom: 0; margin-top: 8px; overflow: hidden; padding: 8px 0 7px; text-align: center;\"><a style=\"color: #c9c8cd; font-family: Arial,sans-serif; font-size: 14px; font-style: normal; font-weight: normal; line-height: 17px; text-decoration: none;\" href=\"https:\/\/www.instagram.com\/p\/DMXrHbyotvz\/?utm_source=ig_embed&amp;utm_campaign=loading\" target=\"_blank\" rel=\"noopener\">Une publication partag\u00e9e par Les Sables d&#8217;Olonne (@lessablesdolonne)<\/a><\/p>\n<\/div>\n<\/blockquote>\n<h2><b>La Grande Plage et ses ambassadrices \u2013 Les cabines au c\u0153ur du d\u00e9cor sablais<\/b><\/h2>\n<p><span style=\"font-weight: 400;\">Difficile d\u2019\u00e9voquer les Sables-d\u2019Olonne sans parler de la <\/span><b>Grande Plage<\/b><span style=\"font-weight: 400;\">. Orient\u00e9e plein sud, elle d\u00e9roule un sable dor\u00e9 \u00e0 perte de vue, baign\u00e9 d\u2019une lumi\u00e8re qui flatte aussi bien les vacanciers que les photographes. C\u2019est ici que les cabines se sont ancr\u00e9es pour de bon, align\u00e9es comme des gardiennes du rivage. Le matin, elles accueillent les familles venues se pr\u00e9parer pour la baignade. L\u2019apr\u00e8s-midi, elles offrent un peu d\u2019ombre entre deux plongeons. Et le soir, elles se teintent de reflets roses et orang\u00e9s au coucher du soleil, cr\u00e9ant un tableau digne des plus belles cartes postales.<\/span><\/p>\n<p><span style=\"font-weight: 400;\">Autour, la ville vit au rythme du littoral : le Remblai regorge de caf\u00e9s et de restaurants o\u00f9 l\u2019on d\u00e9guste hu\u00eetres, sardines grill\u00e9es et glaces artisanales. Le co\u00fbt de la vie reste accessible pour une station de cette renomm\u00e9e : en haute saison, comptez une trentaine d\u2019euros pour un bon repas au bord de l\u2019eau et moins de cinq euros pour un caf\u00e9 ou une boisson fra\u00eeche en terrasse. Les rues pi\u00e9tonnes m\u00e8nent vers le port Olona, point de d\u00e9part du mythique <strong>Vend\u00e9e Globe<\/strong>, et vers le quartier pittoresque de<strong> La Chaume<\/strong>, o\u00f9 ruelles pav\u00e9es et fa\u00e7ades color\u00e9es rappellent l\u2019\u00e2me maritime d\u2019antan.<\/span><\/p>\n<blockquote class=\"instagram-media\" style=\"background: #FFF; border: 0; border-radius: 3px; margin: 1px; max-width: 540px; min-width: 326px; padding: 0; width: calc(100% - 2px);\" data-instgrm-captioned=\"\" data-instgrm-permalink=\"https:\/\/www.instagram.com\/p\/DM8BX_UoAeD\/?utm_source=ig_embed&amp;utm_campaign=loading\" data-instgrm-version=\"14\">\n<div style=\"padding: 16px;\">\n<p>&nbsp;<\/p>\n<div style=\"flex-direction: row; align-items: center;\">\n<div style=\"background-color: #f4f4f4; border-radius: 50%; flex-grow: 0; height: 40px; margin-right: 14px; width: 40px;\"><\/div>\n<div style=\"flex-direction: column; flex-grow: 1; justify-content: center;\">\n<div style=\"background-color: #f4f4f4; border-radius: 4px; flex-grow: 0; height: 14px; margin-bottom: 6px; width: 100px;\"><\/div>\n<div style=\"background-color: #f4f4f4; border-radius: 4px; flex-grow: 0; height: 14px; width: 60px;\"><\/div>\n<\/div>\n<\/div>\n<div style=\"padding: 19% 0;\"><\/div>\n<div style=\"height: 50px; margin: 0 auto 12px; width: 50px;\"><\/div>\n<div style=\"padding-top: 8px;\">\n<div style=\"color: #3897f0; font-family: Arial,sans-serif; font-size: 14px; font-style: normal; font-weight: 550; line-height: 18px;\">Voir cette publication sur Instagram<\/div>\n<\/div>\n<div style=\"padding: 12.5% 0;\"><\/div>\n<div style=\"flex-direction: row; margin-bottom: 14px; align-items: center;\">\n<div>\n<div style=\"background-color: #f4f4f4; border-radius: 50%; height: 12.5px; width: 12.5px;\"><\/div>\n<div style=\"background-color: #f4f4f4; height: 12.5px; width: 12.5px; flex-grow: 0; margin-right: 14px; margin-left: 2px;\"><\/div>\n<div style=\"background-color: #f4f4f4; border-radius: 50%; height: 12.5px; width: 12.5px;\"><\/div>\n<\/div>\n<div style=\"margin-left: 8px;\">\n<div style=\"background-color: #f4f4f4; border-radius: 50%; flex-grow: 0; height: 20px; width: 20px;\"><\/div>\n<div style=\"width: 0; height: 0; border-top: 2px solid transparent; border-left: 6px solid #f4f4f4; border-bottom: 2px solid transparent;\"><\/div>\n<\/div>\n<div style=\"margin-left: auto;\">\n<div style=\"width: 0px; border-top: 8px solid #F4F4F4; border-right: 8px solid transparent;\"><\/div>\n<div style=\"background-color: #f4f4f4; flex-grow: 0; height: 12px; width: 16px;\"><\/div>\n<div style=\"width: 0; height: 0; border-top: 8px solid #F4F4F4; border-left: 8px solid transparent;\"><\/div>\n<\/div>\n<\/div>\n<div style=\"flex-direction: column; flex-grow: 1; justify-content: center; margin-bottom: 24px;\">\n<div style=\"background-color: #f4f4f4; border-radius: 4px; flex-grow: 0; height: 14px; margin-bottom: 6px; width: 224px;\"><\/div>\n<div style=\"background-color: #f4f4f4; border-radius: 4px; flex-grow: 0; height: 14px; width: 144px;\"><\/div>\n<\/div>\n<p>&nbsp;<\/p>\n<p style=\"color: #c9c8cd; font-family: Arial,sans-serif; font-size: 14px; line-height: 17px; margin-bottom: 0; margin-top: 8px; overflow: hidden; padding: 8px 0 7px; text-align: center;\"><a style=\"color: #c9c8cd; font-family: Arial,sans-serif; font-size: 14px; font-style: normal; font-weight: normal; line-height: 17px; text-decoration: none;\" href=\"https:\/\/www.instagram.com\/p\/DM8BX_UoAeD\/?utm_source=ig_embed&amp;utm_campaign=loading\" target=\"_blank\" rel=\"noopener\">Une publication partag\u00e9e par Les Sables d&#8217;Olonne (@lessablesdolonne)<\/a><\/p>\n<\/div>\n<\/blockquote>\n<h2><b>Deux si\u00e8cles et pas une ride \u2013 Les cabines comme symbole d\u2019un art de vivre<\/b><\/h2>\n<p><span style=\"font-weight: 400;\">Si elles ont vu d\u00e9filer les \u00e9poques, les cabines des<a href=\"https:\/\/discover.ulysse.com\/stations-balneaires-francaises-lhiver\"> Sables-d\u2019Olonne<\/a> ont su garder un charme ind\u00e9modable. Elles sont devenues un symbole de la station, au m\u00eame titre que le<strong> phare de l\u2019Armand\u00e8che<\/strong> ou la longue promenade du <strong>Remblai<\/strong>. Elles parlent de bains de mer victoriens, de parasols ray\u00e9s des ann\u00e9es 50, mais aussi des vacances d\u2019aujourd\u2019hui, o\u00f9 l\u2019on alterne paddle, sieste au soleil et ap\u00e9ro face \u00e0 l\u2019oc\u00e9an.<\/span><\/p>\n<p><span style=\"font-weight: 400;\">Leur esth\u00e9tique fait d\u00e9sormais partie int\u00e9grante de l\u2019exp\u00e9rience sablaise : impossible de passer quelques jours ici sans les photographier ou s\u2019y changer au moins une fois. C\u2019est ce m\u00e9lange de tradition et de plaisir simple qui s\u00e9duit autant. On y retrouve l\u2019esprit des \u00e9t\u00e9s \u00e0 la fran\u00e7aise : du temps qui s\u2019\u00e9tire, le parfum de la cr\u00e8me solaire, et ce petit suppl\u00e9ment d\u2019\u00e2me qui donne envie de revenir.<\/span><\/p>\n<blockquote class=\"instagram-media\" style=\"background: #FFF; border: 0; border-radius: 3px; margin: 1px; max-width: 540px; min-width: 326px; padding: 0; width: calc(100% - 2px);\" data-instgrm-captioned=\"\" data-instgrm-permalink=\"https:\/\/www.instagram.com\/p\/DNFd_7DoWk8\/?utm_source=ig_embed&amp;utm_campaign=loading\" data-instgrm-version=\"14\">\n<div style=\"padding: 16px;\">\n<p>&nbsp;<\/p>\n<div style=\"flex-direction: row; align-items: center;\">\n<div style=\"background-color: #f4f4f4; border-radius: 50%; flex-grow: 0; height: 40px; margin-right: 14px; width: 40px;\"><\/div>\n<div style=\"flex-direction: column; flex-grow: 1; justify-content: center;\">\n<div style=\"background-color: #f4f4f4; border-radius: 4px; flex-grow: 0; height: 14px; margin-bottom: 6px; width: 100px;\"><\/div>\n<div style=\"background-color: #f4f4f4; border-radius: 4px; flex-grow: 0; height: 14px; width: 60px;\"><\/div>\n<\/div>\n<\/div>\n<div style=\"padding: 19% 0;\"><\/div>\n<div style=\"height: 50px; margin: 0 auto 12px; width: 50px;\"><\/div>\n<div style=\"padding-top: 8px;\">\n<div style=\"color: #3897f0; font-family: Arial,sans-serif; font-size: 14px; font-style: normal; font-weight: 550; line-height: 18px;\">Voir cette publication sur Instagram<\/div>\n<\/div>\n<div style=\"padding: 12.5% 0;\"><\/div>\n<div style=\"flex-direction: row; margin-bottom: 14px; align-items: center;\">\n<div>\n<div style=\"background-color: #f4f4f4; border-radius: 50%; height: 12.5px; width: 12.5px;\"><\/div>\n<div style=\"background-color: #f4f4f4; height: 12.5px; width: 12.5px; flex-grow: 0; margin-right: 14px; margin-left: 2px;\"><\/div>\n<div style=\"background-color: #f4f4f4; border-radius: 50%; height: 12.5px; width: 12.5px;\"><\/div>\n<\/div>\n<div style=\"margin-left: 8px;\">\n<div style=\"background-color: #f4f4f4; border-radius: 50%; flex-grow: 0; height: 20px; width: 20px;\"><\/div>\n<div style=\"width: 0; height: 0; border-top: 2px solid transparent; border-left: 6px solid #f4f4f4; border-bottom: 2px solid transparent;\"><\/div>\n<\/div>\n<div style=\"margin-left: auto;\">\n<div style=\"width: 0px; border-top: 8px solid #F4F4F4; border-right: 8px solid transparent;\"><\/div>\n<div style=\"background-color: #f4f4f4; flex-grow: 0; height: 12px; width: 16px;\"><\/div>\n<div style=\"width: 0; height: 0; border-top: 8px solid #F4F4F4; border-left: 8px solid transparent;\"><\/div>\n<\/div>\n<\/div>\n<div style=\"flex-direction: column; flex-grow: 1; justify-content: center; margin-bottom: 24px;\">\n<div style=\"background-color: #f4f4f4; border-radius: 4px; flex-grow: 0; height: 14px; margin-bottom: 6px; width: 224px;\"><\/div>\n<div style=\"background-color: #f4f4f4; border-radius: 4px; flex-grow: 0; height: 14px; width: 144px;\"><\/div>\n<\/div>\n<p>&nbsp;<\/p>\n<p style=\"color: #c9c8cd; font-family: Arial,sans-serif; font-size: 14px; line-height: 17px; margin-bottom: 0; margin-top: 8px; overflow: hidden; padding: 8px 0 7px; text-align: center;\"><a style=\"color: #c9c8cd; font-family: Arial,sans-serif; font-size: 14px; font-style: normal; font-weight: normal; line-height: 17px; text-decoration: none;\" href=\"https:\/\/www.instagram.com\/p\/DNFd_7DoWk8\/?utm_source=ig_embed&amp;utm_campaign=loading\" target=\"_blank\" rel=\"noopener\">Une publication partag\u00e9e par Les Sables d&#8217;Olonne (@lessablesdolonne)<\/a><\/p>\n<\/div>\n<\/blockquote>\n<h2><b>S\u2019\u00e9vader facilement \u2013 Le train pour respirer l\u2019Atlantique<\/b><\/h2>\n<p><span style=\"font-weight: 400;\">Depuis <\/span><b>Paris<\/b><span style=\"font-weight: 400;\">, le TGV vous emm\u00e8ne \u00e0 Nantes, puis un TER file directement vers Les Sables-d\u2019Olonne : environ 3h30 de voyage, le temps d\u2019un bon livre et d\u2019un caf\u00e9. Depuis <\/span><b>Lyon<\/b><span style=\"font-weight: 400;\"> ou <\/span><b>Strasbourg<\/b><span style=\"font-weight: 400;\">, un TGV vers Nantes, puis une correspondance, permet de rejoindre la c\u00f4te en moins de six heures. M\u00eame depuis <\/span><b>Bordeaux<\/b><span style=\"font-weight: 400;\">, on y arrive confortablement avec une seule correspondance. En \u00e9t\u00e9, le \u201ctrain des plages\u201d relie directement Saumur et les Sables, parfait pour une escapade improvis\u00e9e.<\/span><\/p>\n<blockquote class=\"instagram-media\" style=\"background: #FFF; border: 0; border-radius: 3px; margin: 1px; max-width: 540px; min-width: 326px; padding: 0; width: calc(100% - 2px);\" data-instgrm-captioned=\"\" data-instgrm-permalink=\"https:\/\/www.instagram.com\/p\/DMxXit6o62M\/?utm_source=ig_embed&amp;utm_campaign=loading\" data-instgrm-version=\"14\">\n<div style=\"padding: 16px;\">\n<p>&nbsp;<\/p>\n<div style=\"flex-direction: row; align-items: center;\">\n<div style=\"background-color: #f4f4f4; border-radius: 50%; flex-grow: 0; height: 40px; margin-right: 14px; width: 40px;\"><\/div>\n<div style=\"flex-direction: column; flex-grow: 1; justify-content: center;\">\n<div style=\"background-color: #f4f4f4; border-radius: 4px; flex-grow: 0; height: 14px; margin-bottom: 6px; width: 100px;\"><\/div>\n<div style=\"background-color: #f4f4f4; border-radius: 4px; flex-grow: 0; height: 14px; width: 60px;\"><\/div>\n<\/div>\n<\/div>\n<div style=\"padding: 19% 0;\"><\/div>\n<div style=\"height: 50px; margin: 0 auto 12px; width: 50px;\"><\/div>\n<div style=\"padding-top: 8px;\">\n<div style=\"color: #3897f0; font-family: Arial,sans-serif; font-size: 14px; font-style: normal; font-weight: 550; line-height: 18px;\">Voir cette publication sur Instagram<\/div>\n<\/div>\n<div style=\"padding: 12.5% 0;\"><\/div>\n<div style=\"flex-direction: row; margin-bottom: 14px; align-items: center;\">\n<div>\n<div style=\"background-color: #f4f4f4; border-radius: 50%; height: 12.5px; width: 12.5px;\"><\/div>\n<div style=\"background-color: #f4f4f4; height: 12.5px; width: 12.5px; flex-grow: 0; margin-right: 14px; margin-left: 2px;\"><\/div>\n<div style=\"background-color: #f4f4f4; border-radius: 50%; height: 12.5px; width: 12.5px;\"><\/div>\n<\/div>\n<div style=\"margin-left: 8px;\">\n<div style=\"background-color: #f4f4f4; border-radius: 50%; flex-grow: 0; height: 20px; width: 20px;\"><\/div>\n<div style=\"width: 0; height: 0; border-top: 2px solid transparent; border-left: 6px solid #f4f4f4; border-bottom: 2px solid transparent;\"><\/div>\n<\/div>\n<div style=\"margin-left: auto;\">\n<div style=\"width: 0px; border-top: 8px solid #F4F4F4; border-right: 8px solid transparent;\"><\/div>\n<div style=\"background-color: #f4f4f4; flex-grow: 0; height: 12px; width: 16px;\"><\/div>\n<div style=\"width: 0; height: 0; border-top: 8px solid #F4F4F4; border-left: 8px solid transparent;\"><\/div>\n<\/div>\n<\/div>\n<div style=\"flex-direction: column; flex-grow: 1; justify-content: center; margin-bottom: 24px;\">\n<div style=\"background-color: #f4f4f4; border-radius: 4px; flex-grow: 0; height: 14px; margin-bottom: 6px; width: 224px;\"><\/div>\n<div style=\"background-color: #f4f4f4; border-radius: 4px; flex-grow: 0; height: 14px; width: 144px;\"><\/div>\n<\/div>\n<p>&nbsp;<\/p>\n<p style=\"color: #c9c8cd; font-family: Arial,sans-serif; font-size: 14px; line-height: 17px; margin-bottom: 0; margin-top: 8px; overflow: hidden; padding: 8px 0 7px; text-align: center;\"><a style=\"color: #c9c8cd; font-family: Arial,sans-serif; font-size: 14px; font-style: normal; font-weight: normal; line-height: 17px; text-decoration: none;\" href=\"https:\/\/www.instagram.com\/p\/DMxXit6o62M\/?utm_source=ig_embed&amp;utm_campaign=loading\" target=\"_blank\" rel=\"noopener\">Une publication partag\u00e9e par Les Sables d&#8217;Olonne (@lessablesdolonne)<\/a><\/p>\n<\/div>\n<\/blockquote>\n<p><span style=\"font-weight: 400;\">Une fois sur place, tout se fait \u00e0 pied ou \u00e0 v\u00e9lo : la ville a conserv\u00e9 un centre compact et agr\u00e9able, avec des pistes cyclables qui longent la mer et des bus \u00e0 petits prix. C\u2019est l\u2019escapade id\u00e9ale pour troquer le bruit des grandes villes contre le roulis apaisant de l\u2019Atlantique.<\/span><\/p>\n","protected":false},"excerpt":{"rendered":"<p>Elles sont align\u00e9es, fi\u00e8res, \u00e9l\u00e9gantes\u2026 et ont vu passer bien plus de maillots ray\u00e9s que vous ne pouvez l\u2019imaginer. Aux [&hellip;]<\/p>\n","protected":false},"author":3,"featured_media":33544,"comment_status":"open","ping_status":"closed","sticky":false,"template":"","format":"standard","meta":{"_acf_changed":false,"_sitemap_exclude":false,"_sitemap_priority":"","_sitemap_frequency":"","footnotes":"","rank_math_title":"","rank_math_description":"Sous le soleil sablais, deux si\u00e8cles d\u2019histoire continuent de se raconter\u2026 et la suite promet encore de belles pages.\n","rank_math_canonical_url":"","rank_math_focus_keyword":"siecle,sable"},"categories":[3],"tags":[],"class_list":["post-33543","post","type-post","status-publish","format-standard","has-post-thumbnail","hentry","category-voyage"],"acf":[],"_links":{"self":[{"href":"https:\/\/ulysse.com\/news\/wp-json\/wp\/v2\/posts\/33543","targetHints":{"allow":["GET"]}}],"collection":[{"href":"https:\/\/ulysse.com\/news\/wp-json\/wp\/v2\/posts"}],"about":[{"href":"https:\/\/ulysse.com\/news\/wp-json\/wp\/v2\/types\/post"}],"author":[{"embeddable":true,"href":"https:\/\/ulysse.com\/news\/wp-json\/wp\/v2\/users\/3"}],"replies":[{"embeddable":true,"href":"https:\/\/ulysse.com\/news\/wp-json\/wp\/v2\/comments?post=33543"}],"version-history":[{"count":3,"href":"https:\/\/ulysse.com\/news\/wp-json\/wp\/v2\/posts\/33543\/revisions"}],"predecessor-version":[{"id":33578,"href":"https:\/\/ulysse.com\/news\/wp-json\/wp\/v2\/posts\/33543\/revisions\/33578"}],"wp:featuredmedia":[{"embeddable":true,"href":"https:\/\/ulysse.com\/news\/wp-json\/wp\/v2\/media\/33544"}],"wp:attachment":[{"href":"https:\/\/ulysse.com\/news\/wp-json\/wp\/v2\/media?parent=33543"}],"wp:term":[{"taxonomy":"category","embeddable":true,"href":"https:\/\/ulysse.com\/news\/wp-json\/wp\/v2\/categories?post=33543"},{"taxonomy":"post_tag","embeddable":true,"href":"https:\/\/ulysse.com\/news\/wp-json\/wp\/v2\/tags?post=33543"}],"curies":[{"name":"wp","href":"https:\/\/api.w.org\/{rel}","templated":true}]}}