{"id":33555,"date":"2025-08-13T13:00:56","date_gmt":"2025-08-13T12:00:56","guid":{"rendered":"https:\/\/discover.ulysse.com\/?p=33555"},"modified":"2025-08-13T08:18:40","modified_gmt":"2025-08-13T07:18:40","slug":"venise-provencale-randonnee-lacustres-var","status":"publish","type":"post","link":"https:\/\/ulysse.com\/news\/venise-provencale-randonnee-lacustres-var","title":{"rendered":"Venise proven\u00e7ale : randonn\u00e9e entre vignes et ruelles lacustres dans le charme discret du Var"},"content":{"rendered":"<p><span style=\"font-weight: 400;\">Sous le soleil g\u00e9n\u00e9reux du <strong>Var<\/strong>, il existe un endroit o\u00f9 l\u2019eau du lac et la pierre dialoguent dans une harmonie presque cin\u00e9matographique. Des fa\u00e7ades pastel qui se refl\u00e8tent dans des canaux tranquilles, des vignes qui ondulent au gr\u00e9 du mistral, des ruelles o\u00f9 flottent des parfums de jasmin et de romarin\u2026 Ici, on d\u00e9ambule entre \u00e9clats de lumi\u00e8re et instants suspendus. Loin du tumulte trop voyant de la C\u00f4te d\u2019Azur, cette <strong>&#8220;Venise proven\u00e7ale&#8221;<\/strong> d\u00e9voile son charme pas \u00e0 pas, au rythme d\u2019une randonn\u00e9e douce qui relie deux \u00e2mes jumelles : le village m\u00e9di\u00e9val perch\u00e9 de Grimaud et la cit\u00e9 lacustre de <strong>Port Grimaud.<\/strong> Entre les deux, une Provence authentique, gourmande et vibrante.<\/span><\/p>\n<h2><b>Des vignes au clapotis des canaux : un d\u00e9cor qui change \u00e0 chaque pas<\/b><\/h2>\n<p><span style=\"font-weight: 400;\">Tout commence sur les hauteurs, dans<a href=\"https:\/\/discover.ulysse.com\/village-varois-fait-ombre-saint-tropez-canaux\"> Grimaud<\/a>, ce village de carte postale perch\u00e9 sur une colline. Les maisons aux pierres blondes se serrent autour d\u2019un ch\u00e2teau en ruine, et les ruelles pav\u00e9es racontent des si\u00e8cles d\u2019histoires \u00e0 voix basse. Depuis les terrasses, le regard se perd sur des rang\u00e9es de vignes, des oliveraies et le bleu profond du <strong>Golfe de Saint-Tropez e<\/strong>n toile de fond. Le march\u00e9 local, lui, distille des senteurs de miel, d\u2019herbes aromatiques et de pain chaud, comme un avant-go\u00fbt de l\u2019escapade.<\/span><\/p>\n<p><span style=\"font-weight: 400;\">La randonn\u00e9e qui relie Grimaud \u00e0 Port Grimaud est un petit bonheur pour les sens : environ 6 km \u00e0 travers un patchwork de paysages proven\u00e7aux. On descend doucement des collines vers la mer, en traversant des chemins bord\u00e9s de murets de pierre s\u00e8che et de pins parasols. Puis, peu \u00e0 peu, le parfum de la garrigue laisse place \u00e0 une brise marine. L\u2019arriv\u00e9e \u00e0 Port Grimaud est toujours un petit frisson : d\u2019un coup, on passe des vignes \u00e0 un labyrinthe de canaux bord\u00e9s de fa\u00e7ades color\u00e9es, avec des petites barques amarr\u00e9es comme si elles attendaient leur prochaine balade. Ici, on ralentit, on s\u2019attarde sur les d\u00e9tails : les volets bleus qui s\u2019ouvrent sur l\u2019eau, les reflets qui dansent, les ponts qui se franchissent d\u2019un pas l\u00e9ger.<\/span><\/p>\n<blockquote class=\"instagram-media\" style=\"background: #FFF; border: 0; border-radius: 3px; margin: 1px; max-width: 540px; min-width: 326px; padding: 0; width: calc(100% - 2px);\" data-instgrm-captioned=\"\" data-instgrm-permalink=\"https:\/\/www.instagram.com\/p\/DK9141Nt9xk\/?utm_source=ig_embed&amp;utm_campaign=loading\" data-instgrm-version=\"14\">\n<div style=\"padding: 16px;\">\n<p>&nbsp;<\/p>\n<div style=\"flex-direction: row; align-items: center;\">\n<div style=\"background-color: #f4f4f4; border-radius: 50%; flex-grow: 0; height: 40px; margin-right: 14px; width: 40px;\"><\/div>\n<div style=\"flex-direction: column; flex-grow: 1; justify-content: center;\">\n<div style=\"background-color: #f4f4f4; border-radius: 4px; flex-grow: 0; height: 14px; margin-bottom: 6px; width: 100px;\"><\/div>\n<div style=\"background-color: #f4f4f4; border-radius: 4px; flex-grow: 0; height: 14px; width: 60px;\"><\/div>\n<\/div>\n<\/div>\n<div style=\"padding: 19% 0;\"><\/div>\n<div style=\"height: 50px; margin: 0 auto 12px; width: 50px;\"><\/div>\n<div style=\"padding-top: 8px;\">\n<div style=\"color: #3897f0; font-family: Arial,sans-serif; font-size: 14px; font-style: normal; font-weight: 550; line-height: 18px;\">Voir cette publication sur Instagram<\/div>\n<\/div>\n<div style=\"padding: 12.5% 0;\"><\/div>\n<div style=\"flex-direction: row; margin-bottom: 14px; align-items: center;\">\n<div>\n<div style=\"background-color: #f4f4f4; border-radius: 50%; height: 12.5px; width: 12.5px;\"><\/div>\n<div style=\"background-color: #f4f4f4; height: 12.5px; width: 12.5px; flex-grow: 0; margin-right: 14px; margin-left: 2px;\"><\/div>\n<div style=\"background-color: #f4f4f4; border-radius: 50%; height: 12.5px; width: 12.5px;\"><\/div>\n<\/div>\n<div style=\"margin-left: 8px;\">\n<div style=\"background-color: #f4f4f4; border-radius: 50%; flex-grow: 0; height: 20px; width: 20px;\"><\/div>\n<div style=\"width: 0; height: 0; border-top: 2px solid transparent; border-left: 6px solid #f4f4f4; border-bottom: 2px solid transparent;\"><\/div>\n<\/div>\n<div style=\"margin-left: auto;\">\n<div style=\"width: 0px; border-top: 8px solid #F4F4F4; border-right: 8px solid transparent;\"><\/div>\n<div style=\"background-color: #f4f4f4; flex-grow: 0; height: 12px; width: 16px;\"><\/div>\n<div style=\"width: 0; height: 0; border-top: 8px solid #F4F4F4; border-left: 8px solid transparent;\"><\/div>\n<\/div>\n<\/div>\n<div style=\"flex-direction: column; flex-grow: 1; justify-content: center; margin-bottom: 24px;\">\n<div style=\"background-color: #f4f4f4; border-radius: 4px; flex-grow: 0; height: 14px; margin-bottom: 6px; width: 224px;\"><\/div>\n<div style=\"background-color: #f4f4f4; border-radius: 4px; flex-grow: 0; height: 14px; width: 144px;\"><\/div>\n<\/div>\n<p>&nbsp;<\/p>\n<p style=\"color: #c9c8cd; font-family: Arial,sans-serif; font-size: 14px; line-height: 17px; margin-bottom: 0; margin-top: 8px; overflow: hidden; padding: 8px 0 7px; text-align: center;\"><a style=\"color: #c9c8cd; font-family: Arial,sans-serif; font-size: 14px; font-style: normal; font-weight: normal; line-height: 17px; text-decoration: none;\" href=\"https:\/\/www.instagram.com\/p\/DK9141Nt9xk\/?utm_source=ig_embed&amp;utm_campaign=loading\" target=\"_blank\" rel=\"noopener\">Une publication partag\u00e9e par Lydie Chamiot Clerc (@vos_ongles_o_naturel_megeve)<\/a><\/p>\n<\/div>\n<\/blockquote>\n<h2><b>Port Grimaud, la Venise proven\u00e7ale qui vit au fil de l\u2019eau<\/b><\/h2>\n<p><span style=\"font-weight: 400;\">N\u00e9e de l\u2019imagination de l\u2019architecte<strong> Fran\u00e7ois Spoerry<\/strong> dans les ann\u00e9es 1960, Port Grimaud n\u2019a rien d\u2019un d\u00e9cor fig\u00e9 : c\u2019est un vrai village o\u00f9 l\u2019eau est une rue comme une autre. Chaque maison a son embarcad\u00e8re priv\u00e9, et l\u2019on croise plus souvent des bateaux que des voitures. Les couleurs sont chaudes, la lumi\u00e8re joue avec les fa\u00e7ades, et les caf\u00e9s en bord de canal invitent \u00e0 s\u2019installer juste pour voir passer le temps. En terrasse, un caf\u00e9 co\u00fbte \u00e0 peine plus qu\u2019\u00e0 <a href=\"https:\/\/discover.ulysse.com\/saint-tropez-ville-ideale-retraite-soleil\">Saint-Tropez<\/a>, mais ici, on le savoure sans la foule press\u00e9e.<\/span><\/p>\n<p><span style=\"font-weight: 400;\">Le charme op\u00e8re \u00e0 toute heure : au petit matin, quand les voiles se l\u00e8vent et que l\u2019eau est encore lisse ; en fin d\u2019apr\u00e8s-midi, quand les ombres s\u2019allongent et que l\u2019air se charge de senteurs iod\u00e9es. Port Grimaud, c\u2019est aussi une ambiance de village de bord de mer : march\u00e9 artisanal, petites galeries d\u2019art, plages accessibles en quelques minutes \u00e0 pied. L\u2019endroit a ce rare talent de combiner l\u2019\u00e9l\u00e9gance m\u00e9diterran\u00e9enne avec une douceur de vivre tr\u00e8s simple, presque confidentielle.<\/span><\/p>\n<blockquote class=\"instagram-media\" style=\"background: #FFF; border: 0; border-radius: 3px; margin: 1px; max-width: 540px; min-width: 326px; padding: 0; width: calc(100% - 2px);\" data-instgrm-captioned=\"\" data-instgrm-permalink=\"https:\/\/www.instagram.com\/p\/Bz6GYFaFU8P\/?utm_source=ig_embed&amp;utm_campaign=loading\" data-instgrm-version=\"14\">\n<div style=\"padding: 16px;\">\n<p>&nbsp;<\/p>\n<div style=\"flex-direction: row; align-items: center;\">\n<div style=\"background-color: #f4f4f4; border-radius: 50%; flex-grow: 0; height: 40px; margin-right: 14px; width: 40px;\"><\/div>\n<div style=\"flex-direction: column; flex-grow: 1; justify-content: center;\">\n<div style=\"background-color: #f4f4f4; border-radius: 4px; flex-grow: 0; height: 14px; margin-bottom: 6px; width: 100px;\"><\/div>\n<div style=\"background-color: #f4f4f4; border-radius: 4px; flex-grow: 0; height: 14px; width: 60px;\"><\/div>\n<\/div>\n<\/div>\n<div style=\"padding: 19% 0;\"><\/div>\n<div style=\"height: 50px; margin: 0 auto 12px; width: 50px;\"><\/div>\n<div style=\"padding-top: 8px;\">\n<div style=\"color: #3897f0; font-family: Arial,sans-serif; font-size: 14px; font-style: normal; font-weight: 550; line-height: 18px;\">Voir cette publication sur Instagram<\/div>\n<\/div>\n<div style=\"padding: 12.5% 0;\"><\/div>\n<div style=\"flex-direction: row; margin-bottom: 14px; align-items: center;\">\n<div>\n<div style=\"background-color: #f4f4f4; border-radius: 50%; height: 12.5px; width: 12.5px;\"><\/div>\n<div style=\"background-color: #f4f4f4; height: 12.5px; width: 12.5px; flex-grow: 0; margin-right: 14px; margin-left: 2px;\"><\/div>\n<div style=\"background-color: #f4f4f4; border-radius: 50%; height: 12.5px; width: 12.5px;\"><\/div>\n<\/div>\n<div style=\"margin-left: 8px;\">\n<div style=\"background-color: #f4f4f4; border-radius: 50%; flex-grow: 0; height: 20px; width: 20px;\"><\/div>\n<div style=\"width: 0; height: 0; border-top: 2px solid transparent; border-left: 6px solid #f4f4f4; border-bottom: 2px solid transparent;\"><\/div>\n<\/div>\n<div style=\"margin-left: auto;\">\n<div style=\"width: 0px; border-top: 8px solid #F4F4F4; border-right: 8px solid transparent;\"><\/div>\n<div style=\"background-color: #f4f4f4; flex-grow: 0; height: 12px; width: 16px;\"><\/div>\n<div style=\"width: 0; height: 0; border-top: 8px solid #F4F4F4; border-left: 8px solid transparent;\"><\/div>\n<\/div>\n<\/div>\n<div style=\"flex-direction: column; flex-grow: 1; justify-content: center; margin-bottom: 24px;\">\n<div style=\"background-color: #f4f4f4; border-radius: 4px; flex-grow: 0; height: 14px; margin-bottom: 6px; width: 224px;\"><\/div>\n<div style=\"background-color: #f4f4f4; border-radius: 4px; flex-grow: 0; height: 14px; width: 144px;\"><\/div>\n<\/div>\n<p>&nbsp;<\/p>\n<p style=\"color: #c9c8cd; font-family: Arial,sans-serif; font-size: 14px; line-height: 17px; margin-bottom: 0; margin-top: 8px; overflow: hidden; padding: 8px 0 7px; text-align: center;\"><a style=\"color: #c9c8cd; font-family: Arial,sans-serif; font-size: 14px; font-style: normal; font-weight: normal; line-height: 17px; text-decoration: none;\" href=\"https:\/\/www.instagram.com\/p\/Bz6GYFaFU8P\/?utm_source=ig_embed&amp;utm_campaign=loading\" target=\"_blank\" rel=\"noopener\">Une publication partag\u00e9e par Port Grimaud (@portgrimaudofficiel)<\/a><\/p>\n<\/div>\n<\/blockquote>\n<h2><b>Venir savourer la Provence\u2026 d\u00e8s le trajet<\/b><\/h2>\n<p><span style=\"font-weight: 400;\">Pour rejoindre ce petit paradis, le train reste une option confortable et douce. Depuis Paris, un TGV direct vers<strong> Saint-Rapha\u00ebl-Valescure<\/strong> ou <strong>Les Arcs\u2013Draguignan<\/strong> permet d\u2019arriver en environ 4 h 30. De l\u00e0, un bus r\u00e9gional \u00e0 petit prix (autour de 2 \u20ac) m\u00e8ne \u00e0 Grimaud, et l\u2019on peut soit commencer la randonn\u00e9e jusqu\u2019\u00e0 Port Grimaud, soit emprunter le petit train touristique pour un trajet plein de charme. Depuis Lyon, comptez environ 4 h en TGV, avec des tarifs variant entre 150 \u20ac et 230 \u20ac. M\u00eame Strasbourg, malgr\u00e9 la distance, se relie en moins de 10 h, laissant<\/span><span style=\"font-weight: 400;\"> le temps d\u2019admirer les paysages qui se m\u00e9tamorphosent \u00e0 mesure que l\u2019on descend vers le Midi.<\/span><\/p>\n<blockquote class=\"instagram-media\" style=\"background: #FFF; border: 0; border-radius: 3px; margin: 1px; max-width: 540px; min-width: 326px; padding: 0; width: calc(100% - 2px);\" data-instgrm-captioned=\"\" data-instgrm-permalink=\"https:\/\/www.instagram.com\/reel\/DKFmCSissCs\/?utm_source=ig_embed&amp;utm_campaign=loading\" data-instgrm-version=\"14\">\n<div style=\"padding: 16px;\">\n<p>&nbsp;<\/p>\n<div style=\"flex-direction: row; align-items: center;\">\n<div style=\"background-color: #f4f4f4; border-radius: 50%; flex-grow: 0; height: 40px; margin-right: 14px; width: 40px;\"><\/div>\n<div style=\"flex-direction: column; flex-grow: 1; justify-content: center;\">\n<div style=\"background-color: #f4f4f4; border-radius: 4px; flex-grow: 0; height: 14px; margin-bottom: 6px; width: 100px;\"><\/div>\n<div style=\"background-color: #f4f4f4; border-radius: 4px; flex-grow: 0; height: 14px; width: 60px;\"><\/div>\n<\/div>\n<\/div>\n<div style=\"padding: 19% 0;\"><\/div>\n<div style=\"height: 50px; margin: 0 auto 12px; width: 50px;\"><\/div>\n<div style=\"padding-top: 8px;\">\n<div style=\"color: #3897f0; font-family: Arial,sans-serif; font-size: 14px; font-style: normal; font-weight: 550; line-height: 18px;\">Voir cette publication sur Instagram<\/div>\n<\/div>\n<div style=\"padding: 12.5% 0;\"><\/div>\n<div style=\"flex-direction: row; margin-bottom: 14px; align-items: center;\">\n<div>\n<div style=\"background-color: #f4f4f4; border-radius: 50%; height: 12.5px; width: 12.5px;\"><\/div>\n<div style=\"background-color: #f4f4f4; height: 12.5px; width: 12.5px; flex-grow: 0; margin-right: 14px; margin-left: 2px;\"><\/div>\n<div style=\"background-color: #f4f4f4; border-radius: 50%; height: 12.5px; width: 12.5px;\"><\/div>\n<\/div>\n<div style=\"margin-left: 8px;\">\n<div style=\"background-color: #f4f4f4; border-radius: 50%; flex-grow: 0; height: 20px; width: 20px;\"><\/div>\n<div style=\"width: 0; height: 0; border-top: 2px solid transparent; border-left: 6px solid #f4f4f4; border-bottom: 2px solid transparent;\"><\/div>\n<\/div>\n<div style=\"margin-left: auto;\">\n<div style=\"width: 0px; border-top: 8px solid #F4F4F4; border-right: 8px solid transparent;\"><\/div>\n<div style=\"background-color: #f4f4f4; flex-grow: 0; height: 12px; width: 16px;\"><\/div>\n<div style=\"width: 0; height: 0; border-top: 8px solid #F4F4F4; border-left: 8px solid transparent;\"><\/div>\n<\/div>\n<\/div>\n<div style=\"flex-direction: column; flex-grow: 1; justify-content: center; margin-bottom: 24px;\">\n<div style=\"background-color: #f4f4f4; border-radius: 4px; flex-grow: 0; height: 14px; margin-bottom: 6px; width: 224px;\"><\/div>\n<div style=\"background-color: #f4f4f4; border-radius: 4px; flex-grow: 0; height: 14px; width: 144px;\"><\/div>\n<\/div>\n<p>&nbsp;<\/p>\n<p style=\"color: #c9c8cd; font-family: Arial,sans-serif; font-size: 14px; line-height: 17px; margin-bottom: 0; margin-top: 8px; overflow: hidden; padding: 8px 0 7px; text-align: center;\"><a style=\"color: #c9c8cd; font-family: Arial,sans-serif; font-size: 14px; font-style: normal; font-weight: normal; line-height: 17px; text-decoration: none;\" href=\"https:\/\/www.instagram.com\/reel\/DKFmCSissCs\/?utm_source=ig_embed&amp;utm_campaign=loading\" target=\"_blank\" rel=\"noopener\">Une publication partag\u00e9e par Rebecca McVeigh (@becksmcveigh)<\/a><\/p>\n<\/div>\n<\/blockquote>\n<p><span style=\"font-weight: 400;\">Arriver par le rail, c\u2019est d\u00e9j\u00e0 entrer dans le rythme de la Provence : plus on avance, plus la lumi\u00e8re s\u2019adoucit, plus l\u2019air se charge de cette promesse de vacances qu\u2019aucune voiture press\u00e9e ne saura offrir. Un itin\u00e9raire o\u00f9 l\u2019on glisse des collines parfum\u00e9es aux canaux lumineux, comme un passage secret entre deux univers. Le reste ? Il faut y aller pour le vivre\u2026<\/span><\/p>\n","protected":false},"excerpt":{"rendered":"<p>Sous le soleil g\u00e9n\u00e9reux du Var, il existe un endroit o\u00f9 l\u2019eau du lac et la pierre dialoguent dans une [&hellip;]<\/p>\n","protected":false},"author":3,"featured_media":33556,"comment_status":"open","ping_status":"closed","sticky":false,"template":"","format":"standard","meta":{"_acf_changed":false,"_sitemap_exclude":false,"_sitemap_priority":"","_sitemap_frequency":"","footnotes":"","rank_math_title":"","rank_math_description":"Entre collines parfum\u00e9es et canaux color\u00e9s, la Venise proven\u00e7ale d\u00e9voile un Var lacustre discret o\u00f9 chaque pas respire la douceur du Sud.\n","rank_math_canonical_url":"","rank_math_focus_keyword":"lac,var,venise,provencale"},"categories":[3],"tags":[],"class_list":["post-33555","post","type-post","status-publish","format-standard","has-post-thumbnail","hentry","category-voyage"],"acf":[],"_links":{"self":[{"href":"https:\/\/ulysse.com\/news\/wp-json\/wp\/v2\/posts\/33555","targetHints":{"allow":["GET"]}}],"collection":[{"href":"https:\/\/ulysse.com\/news\/wp-json\/wp\/v2\/posts"}],"about":[{"href":"https:\/\/ulysse.com\/news\/wp-json\/wp\/v2\/types\/post"}],"author":[{"embeddable":true,"href":"https:\/\/ulysse.com\/news\/wp-json\/wp\/v2\/users\/3"}],"replies":[{"embeddable":true,"href":"https:\/\/ulysse.com\/news\/wp-json\/wp\/v2\/comments?post=33555"}],"version-history":[{"count":2,"href":"https:\/\/ulysse.com\/news\/wp-json\/wp\/v2\/posts\/33555\/revisions"}],"predecessor-version":[{"id":33563,"href":"https:\/\/ulysse.com\/news\/wp-json\/wp\/v2\/posts\/33555\/revisions\/33563"}],"wp:featuredmedia":[{"embeddable":true,"href":"https:\/\/ulysse.com\/news\/wp-json\/wp\/v2\/media\/33556"}],"wp:attachment":[{"href":"https:\/\/ulysse.com\/news\/wp-json\/wp\/v2\/media?parent=33555"}],"wp:term":[{"taxonomy":"category","embeddable":true,"href":"https:\/\/ulysse.com\/news\/wp-json\/wp\/v2\/categories?post=33555"},{"taxonomy":"post_tag","embeddable":true,"href":"https:\/\/ulysse.com\/news\/wp-json\/wp\/v2\/tags?post=33555"}],"curies":[{"name":"wp","href":"https:\/\/api.w.org\/{rel}","templated":true}]}}