{"id":33573,"date":"2025-08-16T09:00:39","date_gmt":"2025-08-16T08:00:39","guid":{"rendered":"https:\/\/discover.ulysse.com\/?p=33573"},"modified":"2025-08-15T10:50:45","modified_gmt":"2025-08-15T09:50:45","slug":"provence-ce-coin-deau-cache-fait-de-lombre-aux-spots-touristiques-les-plus-connus","status":"publish","type":"post","link":"https:\/\/ulysse.com\/news\/provence-ce-coin-deau-cache-fait-de-lombre-aux-spots-touristiques-les-plus-connus","title":{"rendered":"Provence : ce coin d\u2019eau cach\u00e9 fait de l\u2019ombre aux spots touristiques les plus connus"},"content":{"rendered":"<p data-start=\"76\" data-end=\"693\">\u00c0 quelques minutes du <strong data-start=\"98\" data-end=\"120\">village de Barjols<\/strong>, c\u00e9l\u00e8bre pour ses fontaines et son histoire li\u00e9e au cuir, se cache un coin de nature pr\u00e9serv\u00e9 o\u00f9 l\u2019eau, la roche et la verdure s\u2019unissent dans un d\u00e9cor idyllique. <strong data-start=\"284\" data-end=\"308\">Le Vallon des Carmes<\/strong> attire les curieux en qu\u00eate de fra\u00eecheur et les amoureux de paysages authentiques. Un sentier accessible \u00e0 tous m\u00e8ne jusqu\u2019\u00e0 une grotte autrefois habit\u00e9e par des moines carmes, avant de d\u00e9boucher sur une cascade vertigineuse plongeant dans un bassin aux reflets turquoise. Un lieu confidentiel, id\u00e9al pour \u00e9chapper \u00e0 la chaleur estivale et go\u00fbter \u00e0 la s\u00e9r\u00e9nit\u00e9 de la Provence sauvage.<\/p>\n<h2 data-start=\"695\" data-end=\"751\">Un sentier court qui m\u00e8ne \u00e0 un d\u00e9cor de carte postale<\/h2>\n<p data-start=\"752\" data-end=\"1575\">Le d\u00e9part du chemin se situe \u00e0 l\u2019entr\u00e9e de Barjols. Apr\u00e8s quelques minutes de marche \u00e0 l\u2019ombre des arbres, on traverse la grotte des anciens moines carmes, vestige d\u2019un pass\u00e9 spirituel qui conf\u00e8re au lieu une atmosph\u00e8re particuli\u00e8re. Tr\u00e8s vite, le bruit sourd de l\u2019eau annonce l\u2019arriv\u00e9e : devant vous, <strong data-start=\"1054\" data-end=\"1082\">une cascade de 25 m\u00e8tres<\/strong> se jette dans un bassin naturel d\u2019un bleu \u00e9clatant. En \u00e9t\u00e9, la baignade est tol\u00e9r\u00e9e \u2014 bien que non surveill\u00e9e \u2014 et l\u2019eau fra\u00eeche, souvent en dessous de 18\u00b0C, offre un contraste saisissant avec la chaleur ambiante. Autour, la for\u00eat forme un cocon de verdure qui invite \u00e0 s\u2019asseoir, respirer et simplement observer la beaut\u00e9 du paysage. C\u2019est un endroit qui se d\u00e9couvre sans pr\u00e9cipitation, o\u00f9 chaque d\u00e9tail, du jeu de lumi\u00e8re sur l\u2019eau aux odeurs de v\u00e9g\u00e9tation humide, participe \u00e0 l\u2019exp\u00e9rience.<\/p>\n<h2 data-start=\"1577\" data-end=\"1623\">L\u00e0 o\u00f9 l\u2019histoire et la nature s\u2019entrelacent<\/h2>\n<p data-start=\"1624\" data-end=\"2485\">Le Vallon doit son nom aux moines carmes qui, plusieurs si\u00e8cles plus t\u00f4t, avaient trouv\u00e9 ici un refuge propice au recueillement. La grotte, aujourd\u2019hui libre d\u2019acc\u00e8s, reste un t\u00e9moignage silencieux de leur pr\u00e9sence. Le site, entretenu mais sans am\u00e9nagement touristique excessif, a su conserver une <strong data-start=\"1922\" data-end=\"1943\">authenticit\u00e9 rare<\/strong>. L\u2019acc\u00e8s, d\u2019une quinzaine de minutes depuis le centre du village, est \u00e0 la port\u00e9e de tous, y compris des familles avec enfants. Hors saison ou en semaine, il est possible de profiter de la cascade dans un calme presque total, ce qui renforce l\u2019impression d\u2019entrer dans un lieu pr\u00e9serv\u00e9. L\u2019\u00e9t\u00e9, la fr\u00e9quentation augmente mais reste mod\u00e9r\u00e9e compar\u00e9e aux spots proven\u00e7aux les plus connus. Le Vallon des Carmes n\u2019est pas seulement une pause nature : c\u2019est une immersion dans une Provence plus intime, o\u00f9 l\u2019on sent encore battre le c\u0153ur du pass\u00e9.<\/p>\n<blockquote class=\"tiktok-embed\" style=\"max-width: 605px; min-width: 325px;\" cite=\"https:\/\/www.tiktok.com\/@ladolcemicka3\/video\/7521283614475078934\" data-video-id=\"7521283614475078934\">\n<section><a title=\"@ladolcemicka3\" href=\"https:\/\/www.tiktok.com\/@ladolcemicka3?refer=embed\" target=\"_blank\" rel=\"noopener\">@ladolcemicka3<\/a> \ud83c\udf0a Tu pensais avoir fait le tour des spots de baignade dans le Sud ? Attends de voir LE spot que je te montre aujourd\u2019hui \ud83d\ude0d\ud83d\udc47 \ud83d\udccd Le Vallon de Sourn \u2013 Ch\u00e2teauvert (83) \ud83c\udd7f\ufe0f Astuce : Arrive t\u00f4t pour choper une place (coordonn\u00e9es GPS : 43.4968217, 6.0395243) \ud83e\udd7e D\u00e9part rando : En face du parking \ud83d\udc49 Je t\u2019ai mis le point GPS exact dans mon canal Insta ! \ud83d\udd52 Temps de marche : \u2022 15 min jusqu\u2019\u00e0 la Grotte des F\u00e9es \u2022 5 min de plus pour la plage du Vallon \u267f\ufe0f Accessibilit\u00e9 : Poussettes &amp; fauteuils roulants \u2705 \ud83d\udc36 Animaux autoris\u00e9s \u2705 \ud83d\udca1 \u00c0 savoir : 1\ufe0f\u20e3 Kayak possible sur la rivi\u00e8re 2\ufe0f\u20e3 Spot d\u2019escalade r\u00e9put\u00e9 sur place 3\ufe0f\u20e3 Respecte ce coin magique \ud83d\ude4f Pas de feu, pas de bivouac, et surtout, pas de d\u00e9chets ! \ud83d\udcf2 Toutes les infos pratiques sont dans mon canal Instagram \ud83d\udd17 \ud83d\udccc <a title=\"ladolcemicka\" href=\"https:\/\/www.tiktok.com\/tag\/ladolcemicka?refer=embed\" target=\"_blank\" rel=\"noopener\">#ladolcemicka<\/a> <a title=\"reelsinstagram\" href=\"https:\/\/www.tiktok.com\/tag\/reelsinstagram?refer=embed\" target=\"_blank\" rel=\"noopener\">#reelsinstagram<\/a> <a title=\"spotsecret\" href=\"https:\/\/www.tiktok.com\/tag\/spotsecret?refer=embed\" target=\"_blank\" rel=\"noopener\">#spotsecret<\/a> <a title=\"suddelafrance\" href=\"https:\/\/www.tiktok.com\/tag\/suddelafrance?refer=embed\" target=\"_blank\" rel=\"noopener\">#suddelafrance<\/a> <a title=\"var\" href=\"https:\/\/www.tiktok.com\/tag\/var?refer=embed\" target=\"_blank\" rel=\"noopener\">#var<\/a> <a title=\"lieuinsolite\" href=\"https:\/\/www.tiktok.com\/tag\/lieuinsolite?refer=embed\" target=\"_blank\" rel=\"noopener\">#lieuinsolite<\/a> <a title=\"riviere\" href=\"https:\/\/www.tiktok.com\/tag\/riviere?refer=embed\" target=\"_blank\" rel=\"noopener\">#riviere<\/a> <a title=\"grotte\" href=\"https:\/\/www.tiktok.com\/tag\/grotte?refer=embed\" target=\"_blank\" rel=\"noopener\">#grotte<\/a> <a title=\"kayak\" href=\"https:\/\/www.tiktok.com\/tag\/kayak?refer=embed\" target=\"_blank\" rel=\"noopener\">#kayak<\/a> <a title=\"escalade\" href=\"https:\/\/www.tiktok.com\/tag\/escalade?refer=embed\" target=\"_blank\" rel=\"noopener\">#escalade<\/a> <a title=\"famille\" href=\"https:\/\/www.tiktok.com\/tag\/famille?refer=embed\" target=\"_blank\" rel=\"noopener\">#famille<\/a> <a title=\"balade\" href=\"https:\/\/www.tiktok.com\/tag\/balade?refer=embed\" target=\"_blank\" rel=\"noopener\">#balade<\/a> <a title=\"tourisme\" href=\"https:\/\/www.tiktok.com\/tag\/tourisme?refer=embed\" target=\"_blank\" rel=\"noopener\">#tourisme<\/a> <a title=\"\u00e9t\u00e9\" href=\"https:\/\/www.tiktok.com\/tag\/%C3%A9t%C3%A9?refer=embed\" target=\"_blank\" rel=\"noopener\">#\u00e9t\u00e9<\/a> <a title=\"naturelovers\" href=\"https:\/\/www.tiktok.com\/tag\/naturelovers?refer=embed\" target=\"_blank\" rel=\"noopener\">#naturelovers<\/a> <a title=\"vallonsourn\" href=\"https:\/\/www.tiktok.com\/tag\/vallonsourn?refer=embed\" target=\"_blank\" rel=\"noopener\">#vallonsourn<\/a> <a title=\"cascade\" href=\"https:\/\/www.tiktok.com\/tag\/cascade?refer=embed\" target=\"_blank\" rel=\"noopener\">#cascade<\/a> <a title=\"randonn\u00e9e\" href=\"https:\/\/www.tiktok.com\/tag\/randonn%C3%A9e?refer=embed\" target=\"_blank\" rel=\"noopener\">#randonn\u00e9e<\/a> <a title=\"\u266c Home - Edith Whiskers\" href=\"https:\/\/www.tiktok.com\/music\/Home-6773436955838401285?refer=embed\" target=\"_blank\" rel=\"noopener\">\u266c Home &#8211; Edith Whiskers<\/a><\/section>\n<\/blockquote>\n<p><script async src=\"https:\/\/www.tiktok.com\/embed.js\"><\/script><\/p>\n<h2 data-start=\"2487\" data-end=\"2537\">Conseils pour vivre l\u2019exp\u00e9rience comme un local<\/h2>\n<p data-start=\"2538\" data-end=\"3330\" data-is-last-node=\"\" data-is-only-node=\"\">L\u2019acc\u00e8s au Vallon est <strong data-start=\"2560\" data-end=\"2571\">gratuit<\/strong> et ouvert toute l\u2019ann\u00e9e, mais l\u2019\u00e9t\u00e9 attire davantage de visiteurs, surtout le week-end. Pour une exp\u00e9rience plus paisible, privil\u00e9giez le matin ou la fin d\u2019apr\u00e8s-midi. Pr\u00e9voyez <strong data-start=\"2749\" data-end=\"2780\">des chaussures confortables<\/strong> et antid\u00e9rapantes, car le sentier peut \u00eatre glissant par endroits. Apportez \u00e9galement de l\u2019eau, un encas, et repartez avec vos d\u00e9chets : le charme du site tient \u00e0 son aspect sauvage et pr\u00e9serv\u00e9. Aucun service n\u2019est disponible sur place, donc mieux vaut anticiper. Pour les plus courageux, un plongeon dans l\u2019eau froide du bassin est un souvenir inoubliable. Le reste du temps, laissez-vous simplement envelopper par le son de la cascade et le parfum de la for\u00eat. Le Vallon des Carmes n\u2019est pas un lieu qu\u2019on traverse : c\u2019est un lieu qu\u2019on savoure.<\/p>\n","protected":false},"excerpt":{"rendered":"<p>\u00c0 quelques minutes du village de Barjols, c\u00e9l\u00e8bre pour ses fontaines et son histoire li\u00e9e au cuir, se cache un [&hellip;]<\/p>\n","protected":false},"author":4,"featured_media":33682,"comment_status":"open","ping_status":"closed","sticky":false,"template":"","format":"standard","meta":{"_acf_changed":false,"_sitemap_exclude":false,"_sitemap_priority":"","_sitemap_frequency":"","footnotes":"","rank_math_title":"","rank_math_description":"","rank_math_canonical_url":"","rank_math_focus_keyword":"provence"},"categories":[3],"tags":[],"class_list":["post-33573","post","type-post","status-publish","format-standard","has-post-thumbnail","hentry","category-voyage"],"acf":[],"_links":{"self":[{"href":"https:\/\/ulysse.com\/news\/wp-json\/wp\/v2\/posts\/33573","targetHints":{"allow":["GET"]}}],"collection":[{"href":"https:\/\/ulysse.com\/news\/wp-json\/wp\/v2\/posts"}],"about":[{"href":"https:\/\/ulysse.com\/news\/wp-json\/wp\/v2\/types\/post"}],"author":[{"embeddable":true,"href":"https:\/\/ulysse.com\/news\/wp-json\/wp\/v2\/users\/4"}],"replies":[{"embeddable":true,"href":"https:\/\/ulysse.com\/news\/wp-json\/wp\/v2\/comments?post=33573"}],"version-history":[{"count":2,"href":"https:\/\/ulysse.com\/news\/wp-json\/wp\/v2\/posts\/33573\/revisions"}],"predecessor-version":[{"id":33683,"href":"https:\/\/ulysse.com\/news\/wp-json\/wp\/v2\/posts\/33573\/revisions\/33683"}],"wp:featuredmedia":[{"embeddable":true,"href":"https:\/\/ulysse.com\/news\/wp-json\/wp\/v2\/media\/33682"}],"wp:attachment":[{"href":"https:\/\/ulysse.com\/news\/wp-json\/wp\/v2\/media?parent=33573"}],"wp:term":[{"taxonomy":"category","embeddable":true,"href":"https:\/\/ulysse.com\/news\/wp-json\/wp\/v2\/categories?post=33573"},{"taxonomy":"post_tag","embeddable":true,"href":"https:\/\/ulysse.com\/news\/wp-json\/wp\/v2\/tags?post=33573"}],"curies":[{"name":"wp","href":"https:\/\/api.w.org\/{rel}","templated":true}]}}