{"id":33630,"date":"2025-08-15T15:00:18","date_gmt":"2025-08-15T14:00:18","guid":{"rendered":"https:\/\/discover.ulysse.com\/?p=33630"},"modified":"2025-08-15T10:13:02","modified_gmt":"2025-08-15T09:13:02","slug":"leur-secret-pour-une-retraite-heureuse-un-village-oublie-en-plein-coeur-de-la-provence","status":"publish","type":"post","link":"https:\/\/ulysse.com\/news\/leur-secret-pour-une-retraite-heureuse-un-village-oublie-en-plein-coeur-de-la-provence","title":{"rendered":"Leur secret pour une retraite heureuse ? Un village oubli\u00e9 en plein c\u0153ur de la Provence"},"content":{"rendered":"<p><span style=\"font-weight: 400;\">Il existe un petit coin de<strong> Provence<\/strong> o\u00f9 les jours s\u2019\u00e9tirent au rythme du chant des cigales et o\u00f9 le soleil joue \u00e0 cache-cache avec les collines parfum\u00e9es. Loin des plages bond\u00e9es et des villes satur\u00e9es, cette bourgade discr\u00e8te d\u00e9roule ses charmes en toute simplicit\u00e9. Ici, les fa\u00e7ades en pierre dor\u00e9e racontent des histoires d\u2019antan, les march\u00e9s sentent bon le miel et les olives, et les habitants ont ce sourire qui donne envie de s\u2019attarder. C\u2019est un endroit o\u00f9 le temps prend le temps, o\u00f9 l\u2019on peut savourer chaque saison sans courir apr\u00e8s la suivante. Un refuge id\u00e9al pour <strong>r\u00e9inventer sa retraite<\/strong>, avec une dose de douceur proven\u00e7ale en prime.<\/span><\/p>\n<h2><b>Dieulefit, la perle qui se savoure sans pr\u00e9cipitation<\/b><\/h2>\n<p><span style=\"font-weight: 400;\">Au c\u0153ur de la <a href=\"https:\/\/discover.ulysse.com\/escalade-sports-montagne-top-spots-drome\">Dr\u00f4me proven\u00e7ale<\/a>, Dieulefit ne joue pas les divas. Elle pr\u00e9f\u00e8re chuchoter ses atouts \u00e0 ceux qui savent \u00e9couter. Cette petite ville, \u00e0 taille humaine, s\u00e9duit d\u2019abord par son d\u00e9cor : collines drap\u00e9es de lavande, for\u00eats de pins aux senteurs r\u00e9sineuses, champs d\u2019oliviers argent\u00e9s et ciel d\u2019un bleu \u00e9clatant. L\u2019air y est sec, pur, et r\u00e9put\u00e9 bon pour la sant\u00e9 \u2014 un vrai plus pour profiter pleinement de chaque journ\u00e9e.<\/span><\/p>\n<p><span style=\"font-weight: 400;\">Les ruelles pav\u00e9es d\u00e9voilent un patrimoine riche : fa\u00e7ades Renaissance, vieilles portes en bois patin\u00e9, \u00e9glises romanes et beffroi veillant sur la ville. Mais <strong>Dieulefit<\/strong>, c\u2019est aussi un art de vivre. Son march\u00e9 hebdomadaire, haut en couleurs, aligne fromages de ch\u00e8vre, fruits gorg\u00e9s de soleil et bouquets de lavande fra\u00eechement cueillie. Les terrasses de caf\u00e9 sont le th\u00e9\u00e2tre d\u2019\u00e9changes chaleureux, o\u00f9 le temps d\u2019un verre, on se sent d\u00e9j\u00e0 un peu d\u2019ici.<\/span><\/p>\n<p><span style=\"font-weight: 400;\">Et pour occuper ses journ\u00e9es ? Randonn\u00e9es au d\u00e9part du village, balades \u00e0 v\u00e9lo dans la campagne, vir\u00e9es vers<strong> Mont\u00e9limar ou Vaison-la-Romaine<\/strong>\u2026 La r\u00e9gion regorge de d\u00e9couvertes \u00e0 moins d\u2019une heure de route. Le co\u00fbt de la vie, plus doux que dans bien d\u2019autres coins du Sud, rend l\u2019id\u00e9e d\u2019une installation d\u2019autant plus s\u00e9duisante.<\/span><\/p>\n<blockquote class=\"instagram-media\" style=\"background: #FFF; border: 0; border-radius: 3px; margin: 1px; max-width: 540px; min-width: 326px; padding: 0; width: calc(100% - 2px);\" data-instgrm-captioned=\"\" data-instgrm-permalink=\"https:\/\/www.instagram.com\/p\/DGQ3__YtAxb\/?utm_source=ig_embed&amp;utm_campaign=loading\" data-instgrm-version=\"14\">\n<div style=\"padding: 16px;\">\n<p>&nbsp;<\/p>\n<div style=\"flex-direction: row; align-items: center;\">\n<div style=\"background-color: #f4f4f4; border-radius: 50%; flex-grow: 0; height: 40px; margin-right: 14px; width: 40px;\"><\/div>\n<div style=\"flex-direction: column; flex-grow: 1; justify-content: center;\">\n<div style=\"background-color: #f4f4f4; border-radius: 4px; flex-grow: 0; height: 14px; margin-bottom: 6px; width: 100px;\"><\/div>\n<div style=\"background-color: #f4f4f4; border-radius: 4px; flex-grow: 0; height: 14px; width: 60px;\"><\/div>\n<\/div>\n<\/div>\n<div style=\"padding: 19% 0;\"><\/div>\n<div style=\"height: 50px; margin: 0 auto 12px; width: 50px;\"><\/div>\n<div style=\"padding-top: 8px;\">\n<div style=\"color: #3897f0; font-family: Arial,sans-serif; font-size: 14px; font-style: normal; font-weight: 550; line-height: 18px;\">Voir cette publication sur Instagram<\/div>\n<\/div>\n<div style=\"padding: 12.5% 0;\"><\/div>\n<div style=\"flex-direction: row; margin-bottom: 14px; align-items: center;\">\n<div>\n<div style=\"background-color: #f4f4f4; border-radius: 50%; height: 12.5px; width: 12.5px;\"><\/div>\n<div style=\"background-color: #f4f4f4; height: 12.5px; width: 12.5px; flex-grow: 0; margin-right: 14px; margin-left: 2px;\"><\/div>\n<div style=\"background-color: #f4f4f4; border-radius: 50%; height: 12.5px; width: 12.5px;\"><\/div>\n<\/div>\n<div style=\"margin-left: 8px;\">\n<div style=\"background-color: #f4f4f4; border-radius: 50%; flex-grow: 0; height: 20px; width: 20px;\"><\/div>\n<div style=\"width: 0; height: 0; border-top: 2px solid transparent; border-left: 6px solid #f4f4f4; border-bottom: 2px solid transparent;\"><\/div>\n<\/div>\n<div style=\"margin-left: auto;\">\n<div style=\"width: 0px; border-top: 8px solid #F4F4F4; border-right: 8px solid transparent;\"><\/div>\n<div style=\"background-color: #f4f4f4; flex-grow: 0; height: 12px; width: 16px;\"><\/div>\n<div style=\"width: 0; height: 0; border-top: 8px solid #F4F4F4; border-left: 8px solid transparent;\"><\/div>\n<\/div>\n<\/div>\n<div style=\"flex-direction: column; flex-grow: 1; justify-content: center; margin-bottom: 24px;\">\n<div style=\"background-color: #f4f4f4; border-radius: 4px; flex-grow: 0; height: 14px; margin-bottom: 6px; width: 224px;\"><\/div>\n<div style=\"background-color: #f4f4f4; border-radius: 4px; flex-grow: 0; height: 14px; width: 144px;\"><\/div>\n<\/div>\n<p>&nbsp;<\/p>\n<p style=\"color: #c9c8cd; font-family: Arial,sans-serif; font-size: 14px; line-height: 17px; margin-bottom: 0; margin-top: 8px; overflow: hidden; padding: 8px 0 7px; text-align: center;\"><a style=\"color: #c9c8cd; font-family: Arial,sans-serif; font-size: 14px; font-style: normal; font-weight: normal; line-height: 17px; text-decoration: none;\" href=\"https:\/\/www.instagram.com\/p\/DGQ3__YtAxb\/?utm_source=ig_embed&amp;utm_campaign=loading\" target=\"_blank\" rel=\"noopener\">Une publication partag\u00e9e par Dieulefit-Bourdeaux Tourisme (@dieulefitbourdeauxtourisme)<\/a><\/p>\n<\/div>\n<\/blockquote>\n<h2><b>Un voyage simple pour rejoindre la tranquillit\u00e9<\/b><\/h2>\n<p><span style=\"font-weight: 400;\">Rejoindre Dieulefit, c\u2019est d\u00e9j\u00e0 commencer \u00e0 ralentir. Depuis Paris, le TGV file jusqu\u2019\u00e0 <strong>Mont\u00e9limar<\/strong> en un peu moins de trois heures, avant un court trajet en bus ou en voiture pour atteindre le village. Depuis Lyon, le voyage se fait en TER en environ 1h40 jusqu\u2019\u00e0 Mont\u00e9limar, puis la<strong> Dr\u00f4me proven\u00e7ale<\/strong> d\u00e9roule ses paysages jusqu\u2019\u00e0 Dieulefit. M\u00eame Strasbourg, bien que plus \u00e9loign\u00e9e, reste connect\u00e9e via TGV et correspondance : un long trajet, certes, mais adouci par la perspective d\u2019un havre ensoleill\u00e9 \u00e0 l\u2019arriv\u00e9e.<\/span><\/p>\n<p><span style=\"font-weight: 400;\">Une fois sur place, tout est \u00e0 port\u00e9e de pas ou de p\u00e9dale. Les petites routes serpentent entre champs et collines, id\u00e9ales pour fl\u00e2ner. Le centre regroupe commerces, march\u00e9s, caf\u00e9s et restaurants, permettant de vivre confortablement sans d\u00e9pendre de la voiture au quotidien. Pour les amoureux du train, Mont\u00e9limar reste une porte d\u2019entr\u00e9e vers les grandes lignes, parfait pour rendre visite \u00e0 la famille ou organiser des escapades ailleurs en France.<\/span><\/p>\n<blockquote class=\"instagram-media\" style=\"background: #FFF; border: 0; border-radius: 3px; margin: 1px; max-width: 540px; min-width: 326px; padding: 0; width: calc(100% - 2px);\" data-instgrm-captioned=\"\" data-instgrm-permalink=\"https:\/\/www.instagram.com\/p\/DMvVGFHKh6a\/?utm_source=ig_embed&amp;utm_campaign=loading\" data-instgrm-version=\"14\">\n<div style=\"padding: 16px;\">\n<p>&nbsp;<\/p>\n<div style=\"flex-direction: row; align-items: center;\">\n<div style=\"background-color: #f4f4f4; border-radius: 50%; flex-grow: 0; height: 40px; margin-right: 14px; width: 40px;\"><\/div>\n<div style=\"flex-direction: column; flex-grow: 1; justify-content: center;\">\n<div style=\"background-color: #f4f4f4; border-radius: 4px; flex-grow: 0; height: 14px; margin-bottom: 6px; width: 100px;\"><\/div>\n<div style=\"background-color: #f4f4f4; border-radius: 4px; flex-grow: 0; height: 14px; width: 60px;\"><\/div>\n<\/div>\n<\/div>\n<div style=\"padding: 19% 0;\"><\/div>\n<div style=\"height: 50px; margin: 0 auto 12px; width: 50px;\"><\/div>\n<div style=\"padding-top: 8px;\">\n<div style=\"color: #3897f0; font-family: Arial,sans-serif; font-size: 14px; font-style: normal; font-weight: 550; line-height: 18px;\">Voir cette publication sur Instagram<\/div>\n<\/div>\n<div style=\"padding: 12.5% 0;\"><\/div>\n<div style=\"flex-direction: row; margin-bottom: 14px; align-items: center;\">\n<div>\n<div style=\"background-color: #f4f4f4; border-radius: 50%; height: 12.5px; width: 12.5px;\"><\/div>\n<div style=\"background-color: #f4f4f4; height: 12.5px; width: 12.5px; flex-grow: 0; margin-right: 14px; margin-left: 2px;\"><\/div>\n<div style=\"background-color: #f4f4f4; border-radius: 50%; height: 12.5px; width: 12.5px;\"><\/div>\n<\/div>\n<div style=\"margin-left: 8px;\">\n<div style=\"background-color: #f4f4f4; border-radius: 50%; flex-grow: 0; height: 20px; width: 20px;\"><\/div>\n<div style=\"width: 0; height: 0; border-top: 2px solid transparent; border-left: 6px solid #f4f4f4; border-bottom: 2px solid transparent;\"><\/div>\n<\/div>\n<div style=\"margin-left: auto;\">\n<div style=\"width: 0px; border-top: 8px solid #F4F4F4; border-right: 8px solid transparent;\"><\/div>\n<div style=\"background-color: #f4f4f4; flex-grow: 0; height: 12px; width: 16px;\"><\/div>\n<div style=\"width: 0; height: 0; border-top: 8px solid #F4F4F4; border-left: 8px solid transparent;\"><\/div>\n<\/div>\n<\/div>\n<div style=\"flex-direction: column; flex-grow: 1; justify-content: center; margin-bottom: 24px;\">\n<div style=\"background-color: #f4f4f4; border-radius: 4px; flex-grow: 0; height: 14px; margin-bottom: 6px; width: 224px;\"><\/div>\n<div style=\"background-color: #f4f4f4; border-radius: 4px; flex-grow: 0; height: 14px; width: 144px;\"><\/div>\n<\/div>\n<p>&nbsp;<\/p>\n<p style=\"color: #c9c8cd; font-family: Arial,sans-serif; font-size: 14px; line-height: 17px; margin-bottom: 0; margin-top: 8px; overflow: hidden; padding: 8px 0 7px; text-align: center;\"><a style=\"color: #c9c8cd; font-family: Arial,sans-serif; font-size: 14px; font-style: normal; font-weight: normal; line-height: 17px; text-decoration: none;\" href=\"https:\/\/www.instagram.com\/p\/DMvVGFHKh6a\/?utm_source=ig_embed&amp;utm_campaign=loading\" target=\"_blank\" rel=\"noopener\">Une publication partag\u00e9e par Dieulefit-Bourdeaux Tourisme (@dieulefitbourdeauxtourisme)<\/a><\/p>\n<\/div>\n<\/blockquote>\n<h2><b>Le quotidien en version proven\u00e7ale pour une retraite calme<\/b><\/h2>\n<p><span style=\"font-weight: 400;\">S\u2019installer \u00e0 Dieulefit pour sa retraite, c\u2019est embrasser un rythme plus doux, mais pas monotone. Entre les activit\u00e9s culturelles, les expositions de c\u00e9ramique \u2014 sp\u00e9cialit\u00e9 locale depuis des si\u00e8cles \u2014 et les nombreuses f\u00eates de village, les journ\u00e9es sont ponctu\u00e9es d\u2019\u00e9v\u00e9nements qui nourrissent la curiosit\u00e9. Les saisons dictent le menu : huile d\u2019olive en automne, truffes en hiver, fruits parfum\u00e9s au printemps, lavande en \u00e9t\u00e9.<\/span><\/p>\n<p><span style=\"font-weight: 400;\">\u00c0 quelques minutes, la <a href=\"https:\/\/discover.ulysse.com\/provence-piscine-naturelle-cachee\">for\u00eat de Sao\u00fb<\/a> offre un terrain de jeu naturel pour les randonneurs, tandis que les villages voisins comme<strong> Nyons, Le Po\u00ebt-Laval ou Mirmande<\/strong> d\u00e9voilent chacun un pan du patrimoine dr\u00f4mois. Les soir\u00e9es se passent souvent en terrasse, un verre de vin local \u00e0 la main, sous un ciel qui s\u2019illumine d\u2019\u00e9toiles \u2014 loin des n\u00e9ons et du brouhaha urbain.<\/span><\/p>\n<blockquote class=\"instagram-media\" style=\"background: #FFF; border: 0; border-radius: 3px; margin: 1px; max-width: 540px; min-width: 326px; padding: 0; width: calc(100% - 2px);\" data-instgrm-captioned=\"\" data-instgrm-permalink=\"https:\/\/www.instagram.com\/p\/DLFwkRKK75Y\/?utm_source=ig_embed&amp;utm_campaign=loading\" data-instgrm-version=\"14\">\n<div style=\"padding: 16px;\">\n<p>&nbsp;<\/p>\n<div style=\"flex-direction: row; align-items: center;\">\n<div style=\"background-color: #f4f4f4; border-radius: 50%; flex-grow: 0; height: 40px; margin-right: 14px; width: 40px;\"><\/div>\n<div style=\"flex-direction: column; flex-grow: 1; justify-content: center;\">\n<div style=\"background-color: #f4f4f4; border-radius: 4px; flex-grow: 0; height: 14px; margin-bottom: 6px; width: 100px;\"><\/div>\n<div style=\"background-color: #f4f4f4; border-radius: 4px; flex-grow: 0; height: 14px; width: 60px;\"><\/div>\n<\/div>\n<\/div>\n<div style=\"padding: 19% 0;\"><\/div>\n<div style=\"height: 50px; margin: 0 auto 12px; width: 50px;\"><\/div>\n<div style=\"padding-top: 8px;\">\n<div style=\"color: #3897f0; font-family: Arial,sans-serif; font-size: 14px; font-style: normal; font-weight: 550; line-height: 18px;\">Voir cette publication sur Instagram<\/div>\n<\/div>\n<div style=\"padding: 12.5% 0;\"><\/div>\n<div style=\"flex-direction: row; margin-bottom: 14px; align-items: center;\">\n<div>\n<div style=\"background-color: #f4f4f4; border-radius: 50%; height: 12.5px; width: 12.5px;\"><\/div>\n<div style=\"background-color: #f4f4f4; height: 12.5px; width: 12.5px; flex-grow: 0; margin-right: 14px; margin-left: 2px;\"><\/div>\n<div style=\"background-color: #f4f4f4; border-radius: 50%; height: 12.5px; width: 12.5px;\"><\/div>\n<\/div>\n<div style=\"margin-left: 8px;\">\n<div style=\"background-color: #f4f4f4; border-radius: 50%; flex-grow: 0; height: 20px; width: 20px;\"><\/div>\n<div style=\"width: 0; height: 0; border-top: 2px solid transparent; border-left: 6px solid #f4f4f4; border-bottom: 2px solid transparent;\"><\/div>\n<\/div>\n<div style=\"margin-left: auto;\">\n<div style=\"width: 0px; border-top: 8px solid #F4F4F4; border-right: 8px solid transparent;\"><\/div>\n<div style=\"background-color: #f4f4f4; flex-grow: 0; height: 12px; width: 16px;\"><\/div>\n<div style=\"width: 0; height: 0; border-top: 8px solid #F4F4F4; border-left: 8px solid transparent;\"><\/div>\n<\/div>\n<\/div>\n<div style=\"flex-direction: column; flex-grow: 1; justify-content: center; margin-bottom: 24px;\">\n<div style=\"background-color: #f4f4f4; border-radius: 4px; flex-grow: 0; height: 14px; margin-bottom: 6px; width: 224px;\"><\/div>\n<div style=\"background-color: #f4f4f4; border-radius: 4px; flex-grow: 0; height: 14px; width: 144px;\"><\/div>\n<\/div>\n<p>&nbsp;<\/p>\n<p style=\"color: #c9c8cd; font-family: Arial,sans-serif; font-size: 14px; line-height: 17px; margin-bottom: 0; margin-top: 8px; overflow: hidden; padding: 8px 0 7px; text-align: center;\"><a style=\"color: #c9c8cd; font-family: Arial,sans-serif; font-size: 14px; font-style: normal; font-weight: normal; line-height: 17px; text-decoration: none;\" href=\"https:\/\/www.instagram.com\/p\/DLFwkRKK75Y\/?utm_source=ig_embed&amp;utm_campaign=loading\" target=\"_blank\" rel=\"noopener\">Une publication partag\u00e9e par Dieulefit-Bourdeaux Tourisme (@dieulefitbourdeauxtourisme)<\/a><\/p>\n<\/div>\n<\/blockquote>\n<p><span style=\"font-weight: 400;\">Le co\u00fbt de la vie permet d\u2019y vivre confortablement, sans les exc\u00e8s tarifaires des zones touristiques satur\u00e9es. L\u2019immobilier reste accessible, m\u00eame si la r\u00e9putation grandissante du lieu attire d\u00e9sormais de nouveaux venus. Mais rassurez-vous : l\u2019\u00e2me authentique de Dieulefit, elle, ne se brade pas.<\/span><\/p>\n","protected":false},"excerpt":{"rendered":"<p>Il existe un petit coin de Provence o\u00f9 les jours s\u2019\u00e9tirent au rythme du chant des cigales et o\u00f9 le [&hellip;]<\/p>\n","protected":false},"author":3,"featured_media":33642,"comment_status":"open","ping_status":"closed","sticky":false,"template":"","format":"standard","meta":{"_acf_changed":false,"_sitemap_exclude":false,"_sitemap_priority":"","_sitemap_frequency":"","footnotes":"","rank_math_title":"","rank_math_description":"Retraite rime ici avec s\u00e9r\u00e9nit\u00e9, soleil et march\u00e9s parfum\u00e9s : Dieulefit, l\u2019adresse secr\u00e8te pour vivre ses plus beaux jours autrement.\n","rank_math_canonical_url":"","rank_math_focus_keyword":"retraite,provencal"},"categories":[3],"tags":[],"class_list":["post-33630","post","type-post","status-publish","format-standard","has-post-thumbnail","hentry","category-voyage"],"acf":[],"_links":{"self":[{"href":"https:\/\/ulysse.com\/news\/wp-json\/wp\/v2\/posts\/33630","targetHints":{"allow":["GET"]}}],"collection":[{"href":"https:\/\/ulysse.com\/news\/wp-json\/wp\/v2\/posts"}],"about":[{"href":"https:\/\/ulysse.com\/news\/wp-json\/wp\/v2\/types\/post"}],"author":[{"embeddable":true,"href":"https:\/\/ulysse.com\/news\/wp-json\/wp\/v2\/users\/3"}],"replies":[{"embeddable":true,"href":"https:\/\/ulysse.com\/news\/wp-json\/wp\/v2\/comments?post=33630"}],"version-history":[{"count":2,"href":"https:\/\/ulysse.com\/news\/wp-json\/wp\/v2\/posts\/33630\/revisions"}],"predecessor-version":[{"id":33663,"href":"https:\/\/ulysse.com\/news\/wp-json\/wp\/v2\/posts\/33630\/revisions\/33663"}],"wp:featuredmedia":[{"embeddable":true,"href":"https:\/\/ulysse.com\/news\/wp-json\/wp\/v2\/media\/33642"}],"wp:attachment":[{"href":"https:\/\/ulysse.com\/news\/wp-json\/wp\/v2\/media?parent=33630"}],"wp:term":[{"taxonomy":"category","embeddable":true,"href":"https:\/\/ulysse.com\/news\/wp-json\/wp\/v2\/categories?post=33630"},{"taxonomy":"post_tag","embeddable":true,"href":"https:\/\/ulysse.com\/news\/wp-json\/wp\/v2\/tags?post=33630"}],"curies":[{"name":"wp","href":"https:\/\/api.w.org\/{rel}","templated":true}]}}