{"id":33640,"date":"2025-08-16T07:00:33","date_gmt":"2025-08-16T06:00:33","guid":{"rendered":"https:\/\/discover.ulysse.com\/?p=33640"},"modified":"2025-08-15T10:42:46","modified_gmt":"2025-08-15T09:42:46","slug":"vacances-presidentielles-a-linterieur-du-fort-ultra-discret-ou-macron-se-ressource","status":"publish","type":"post","link":"https:\/\/ulysse.com\/news\/vacances-presidentielles-a-linterieur-du-fort-ultra-discret-ou-macron-se-ressource","title":{"rendered":"Vacances pr\u00e9sidentielles : \u00e0 l\u2019int\u00e9rieur du fort ultra-discret o\u00f9 Macron se ressource"},"content":{"rendered":"<p data-start=\"70\" data-end=\"726\">En plein c\u0153ur de la M\u00e9diterran\u00e9e, \u00e0 l&#8217;abri des regards et des tensions quotidiennes, Emmanuel Macron et son \u00e9pouse Brigitte trouvent chaque \u00e9t\u00e9 un havre de paix bien loin des feux de la rampe. Situ\u00e9 dans le Var, le Fort de Br\u00e9gan\u00e7on, r\u00e9sidence pr\u00e9sidentielle depuis 1968, est un lieu de vacances singulier, o\u00f9 simplicit\u00e9 et histoire se m\u00ealent dans un cadre exceptionnel. Ce n&#8217;est pas un palais clinquant, mais un fort militaire aux murs \u00e9pais, un lieu authentique qui refl\u00e8te l\u2019intimit\u00e9 du couple pr\u00e9sidentiel. \u00c0 travers cet article, nous plongeons dans le quotidien de ce lieu o\u00f9 Emmanuel Macron prend le temps de souffler, loin des imp\u00e9ratifs politiques.<\/p>\n<h2 data-start=\"728\" data-end=\"784\">Un fort historique transform\u00e9 en refuge pr\u00e9sidentiel<\/h2>\n<p data-start=\"786\" data-end=\"1454\">Le Fort de Br\u00e9gan\u00e7on n&#8217;est pas une villa de luxe, mais un lieu charg\u00e9 d\u2019histoire. Construit au XVIIe si\u00e8cle, il fut transform\u00e9 en r\u00e9sidence pr\u00e9sidentielle sous le g\u00e9n\u00e9ral de Gaulle, en 1968. Depuis, plusieurs pr\u00e9sidents fran\u00e7ais y ont s\u00e9journ\u00e9, mais le fort reste avant tout un lieu discret, loin des paillettes. Pour Emmanuel Macron, ce refuge est devenu une v\u00e9ritable tradition familiale. Chaque \u00e9t\u00e9, lui et Brigitte s\u2019y rendent pour \u00e9chapper aux pressions du pouvoir et profiter d\u2019un moment de tranquillit\u00e9. \u00c0 l\u2019inverse des r\u00e9sidences officielles, ce fort est un lieu intime o\u00f9 le couple pr\u00e9sidentiel se ressource, loin des protocoles et des c\u00e9r\u00e9monies officielles.<\/p>\n<blockquote class=\"tiktok-embed\" style=\"max-width: 605px; min-width: 325px;\" cite=\"https:\/\/www.tiktok.com\/@letribunaldunet\/video\/7535795526076288288\" data-video-id=\"7535795526076288288\">\n<section><a title=\"@letribunaldunet\" href=\"https:\/\/www.tiktok.com\/@letribunaldunet?refer=embed\" target=\"_blank\" rel=\"noopener\">@letribunaldunet<\/a> Au fort de Br\u00e9gan\u00e7on, Emmanuel et Brigitte Macron r\u00e9novent leur havre pr\u00e9sidentiel <a title=\"macron\" href=\"https:\/\/www.tiktok.com\/tag\/macron?refer=embed\" target=\"_blank\" rel=\"noopener\">#macron<\/a> <a title=\"president\" href=\"https:\/\/www.tiktok.com\/tag\/president?refer=embed\" target=\"_blank\" rel=\"noopener\">#president<\/a> <a title=\"couplepresidentiel\" href=\"https:\/\/www.tiktok.com\/tag\/couplepresidentiel?refer=embed\" target=\"_blank\" rel=\"noopener\">#couplepresidentiel<\/a> <a title=\"bregan\u00e7on\" href=\"https:\/\/www.tiktok.com\/tag\/bregan%C3%A7on?refer=embed\" target=\"_blank\" rel=\"noopener\">#bregan\u00e7on<\/a> <a title=\"residence\" href=\"https:\/\/www.tiktok.com\/tag\/residence?refer=embed\" target=\"_blank\" rel=\"noopener\">#residence<\/a> <a title=\"\u266c son original - letribunaldunet\" href=\"https:\/\/www.tiktok.com\/music\/son-original-letribunaldunet-7535795581332114209?refer=embed\" target=\"_blank\" rel=\"noopener\">\u266c son original &#8211; letribunaldunet<\/a><\/section>\n<\/blockquote>\n<p><script async src=\"https:\/\/www.tiktok.com\/embed.js\"><\/script><\/p>\n<p data-start=\"1456\" data-end=\"2072\">Le fort, par sa simplicit\u00e9 et son c\u00f4t\u00e9 fonctionnel, ne ressemble en rien aux r\u00e9sidences luxueuses auxquelles on pourrait s&#8217;attendre. Des murs \u00e9pais, des fen\u00eatres petites et une d\u00e9coration qui \u00e9voque les ann\u00e9es 60 : tout dans ce lieu d\u00e9gage une atmosph\u00e8re \u00e0 la fois sobre et intemporelle. M\u00eame les r\u00e9novations r\u00e9centes, entreprises par Emmanuel Macron, visent avant tout \u00e0 moderniser discr\u00e8tement les espaces, sans d\u00e9naturer l&#8217;\u00e2me du lieu. C\u2019est cette simplicit\u00e9 qui semble convenir \u00e0 Emmanuel Macron, un homme politique constamment sous pression, qui trouve dans ce fort un refuge propice au calme et \u00e0 la r\u00e9flexion.<\/p>\n<h2 data-start=\"2074\" data-end=\"2137\">Un lieu de ressourcement loin des pr\u00e9occupations politiques<\/h2>\n<p data-start=\"2139\" data-end=\"2686\">Emmanuel Macron, comme beaucoup de ses pr\u00e9d\u00e9cesseurs, cherche \u00e0 profiter de ces quelques jours de vacances pour se recentrer et \u00e9chapper au quotidien exigeant de la pr\u00e9sidence. Le Fort de Br\u00e9gan\u00e7on n\u2019est pas seulement une retraite g\u00e9ographique, mais aussi une pause n\u00e9cessaire pour un homme qui doit constamment jongler avec les enjeux nationaux et internationaux. Ces vacances sont l\u2019occasion de partager des moments en famille, loin des m\u00e9dias et des journalistes, et de renouer avec un peu de normalit\u00e9 dans un monde politique souvent survolt\u00e9.<\/p>\n<p data-start=\"2688\" data-end=\"3038\">Lors de ces s\u00e9jours, Emmanuel Macron peut se ressourcer dans un environnement calme et naturel, \u00e0 l\u2019abri des tensions politiques. Il peut profiter des paysages spectaculaires qu\u2019offre le fort, dominant la mer M\u00e9diterran\u00e9e et la v\u00e9g\u00e9tation proven\u00e7ale. Un endroit id\u00e9al pour se d\u00e9connecter avant de reprendre le chemin de l\u2019\u00c9lys\u00e9e et de ses imp\u00e9ratifs.<\/p>\n<h2 data-start=\"3040\" data-end=\"3116\">Brigitte et Emmanuel Macron : un cocon familial loin du regard du public<\/h2>\n<p data-start=\"3118\" data-end=\"3741\">Le couple pr\u00e9sidentiel trouve dans ce fort une forme d\u2019intimit\u00e9 que l\u2019\u00c9lys\u00e9e ne peut offrir. Les petits d\u00e9tails de la vie quotidienne y prennent une autre dimension : profiter du cadre naturel, se d\u00e9tendre en famille, et simplement vivre sans les contraintes de la fonction pr\u00e9sidentielle. Cette ann\u00e9e encore, Emmanuel Macron a emmen\u00e9 Brigitte et ses proches dans ce lieu qui reste un v\u00e9ritable secret d\u2019\u00c9tat. En d\u00e9pit des rumeurs sur les r\u00e9novations ou les critiques concernant le co\u00fbt des travaux, ce qui compte ici, c&#8217;est l&#8217;exp\u00e9rience de cette parenth\u00e8se estivale, loin des discussions politiques et des enjeux mondiaux.<\/p>\n<p data-start=\"3743\" data-end=\"4226\" data-is-last-node=\"\" data-is-only-node=\"\">Le Fort de Br\u00e9gan\u00e7on, loin de tout luxe ostentatoire, est avant tout un symbole de la simplicit\u00e9 recherch\u00e9e par Emmanuel Macron. Pour lui, c\u2019est un endroit o\u00f9 il peut se recentrer, \u00e0 l\u2019abri des regards, avant de repartir dans la course effr\u00e9n\u00e9e de la politique internationale. Dans ce lieu aussi sobre que majestueux, il trouve un \u00e9quilibre entre ses responsabilit\u00e9s et sa vie personnelle. Un \u00e9quilibre difficile \u00e0 maintenir dans les coulisses du pouvoir, mais essentiel \u00e0 pr\u00e9server.<\/p>\n","protected":false},"excerpt":{"rendered":"<p>En plein c\u0153ur de la M\u00e9diterran\u00e9e, \u00e0 l&#8217;abri des regards et des tensions quotidiennes, Emmanuel Macron et son \u00e9pouse Brigitte [&hellip;]<\/p>\n","protected":false},"author":4,"featured_media":33675,"comment_status":"open","ping_status":"closed","sticky":false,"template":"","format":"standard","meta":{"_acf_changed":false,"_sitemap_exclude":false,"_sitemap_priority":"","_sitemap_frequency":"","footnotes":"","rank_math_title":"","rank_math_description":"","rank_math_canonical_url":"","rank_math_focus_keyword":"macron"},"categories":[3],"tags":[],"class_list":["post-33640","post","type-post","status-publish","format-standard","has-post-thumbnail","hentry","category-voyage"],"acf":[],"_links":{"self":[{"href":"https:\/\/ulysse.com\/news\/wp-json\/wp\/v2\/posts\/33640","targetHints":{"allow":["GET"]}}],"collection":[{"href":"https:\/\/ulysse.com\/news\/wp-json\/wp\/v2\/posts"}],"about":[{"href":"https:\/\/ulysse.com\/news\/wp-json\/wp\/v2\/types\/post"}],"author":[{"embeddable":true,"href":"https:\/\/ulysse.com\/news\/wp-json\/wp\/v2\/users\/4"}],"replies":[{"embeddable":true,"href":"https:\/\/ulysse.com\/news\/wp-json\/wp\/v2\/comments?post=33640"}],"version-history":[{"count":3,"href":"https:\/\/ulysse.com\/news\/wp-json\/wp\/v2\/posts\/33640\/revisions"}],"predecessor-version":[{"id":33677,"href":"https:\/\/ulysse.com\/news\/wp-json\/wp\/v2\/posts\/33640\/revisions\/33677"}],"wp:featuredmedia":[{"embeddable":true,"href":"https:\/\/ulysse.com\/news\/wp-json\/wp\/v2\/media\/33675"}],"wp:attachment":[{"href":"https:\/\/ulysse.com\/news\/wp-json\/wp\/v2\/media?parent=33640"}],"wp:term":[{"taxonomy":"category","embeddable":true,"href":"https:\/\/ulysse.com\/news\/wp-json\/wp\/v2\/categories?post=33640"},{"taxonomy":"post_tag","embeddable":true,"href":"https:\/\/ulysse.com\/news\/wp-json\/wp\/v2\/tags?post=33640"}],"curies":[{"name":"wp","href":"https:\/\/api.w.org\/{rel}","templated":true}]}}