{"id":33644,"date":"2025-08-15T14:00:33","date_gmt":"2025-08-15T13:00:33","guid":{"rendered":"https:\/\/discover.ulysse.com\/?p=33644"},"modified":"2025-08-15T10:12:06","modified_gmt":"2025-08-15T09:12:06","slug":"ils-fuient-le-verdon-cette-gorge-cachee-de-lozere-fait-chavirer-les-amoureux-de-nature-brute","status":"publish","type":"post","link":"https:\/\/ulysse.com\/news\/ils-fuient-le-verdon-cette-gorge-cachee-de-lozere-fait-chavirer-les-amoureux-de-nature-brute","title":{"rendered":"Ils fuient le Verdon : cette gorge cach\u00e9e de Loz\u00e8re fait chavirer les amoureux de nature brute"},"content":{"rendered":"<p><span style=\"font-weight: 400;\">Entre deux plateaux calcaires qui semblent flotter au-dessus du monde, une rivi\u00e8re a sculpt\u00e9 depuis des mill\u00e9naires un canyon aux parois vertigineuses. Ici, la vie s\u2019\u00e9coule au rythme de l\u2019eau, des cris des quiscales et du frisson des herbes folles balay\u00e9es par le vent. On est loin des paddle boards entass\u00e9s sur une eau turquoise bond\u00e9e et des parkings satur\u00e9s des grands sites touristiques. Cette<strong> gorge oubli\u00e9e<\/strong>, pos\u00e9e entre causse et ciel, joue dans la m\u00eame cat\u00e9gorie que le Verdon, mais sans la bousculade. On y retrouve tout : le vertigineux, le grandiose, l\u2019\u00e9vasion pure. Sauf qu\u2019ici, le luxe, c\u2019est le vide autour de soi et le temps qui s\u2019\u00e9tire.<\/span><\/p>\n<h2><b>L\u00e0 o\u00f9 la Jonte d\u00e9roule son ruban bleu<\/b><\/h2>\n<p><span style=\"font-weight: 400;\">Les <\/span><b>Gorges de la Jonte<\/b><span style=\"font-weight: 400;\"> ne cherchent pas \u00e0 faire du bruit, et c\u2019est pr\u00e9cis\u00e9ment pour \u00e7a qu\u2019on les aime. Perdues entre la<a href=\"https:\/\/discover.ulysse.com\/cascades-spectaculaires-lozere\"> Loz\u00e8re<\/a> et <strong>l\u2019Aveyron<\/strong>, elles \u00e9tirent leurs falaises blondes sur une trentaine de kilom\u00e8tres, hautes parfois de plus de 200 m\u00e8tres. Au fond, la rivi\u00e8re serpente dans un d\u00e9cor qui pourrait servir de plateau \u00e0 un film d\u2019aventure. Au-dessus, c\u2019est le royaume des vautours fauves, majestueux planeurs qui tracent de larges cercles dans le ciel pur.<\/span><\/p>\n<p><span style=\"font-weight: 400;\">Ici, tout invite \u00e0 prendre son temps. Les sentiers flirtent avec le vide et offrent, \u00e0 chaque virage, une carte postale grandeur nature. Escalade sur des parois mythiques, cano\u00eb sur des eaux limpides, observation des oiseaux depuis un belv\u00e9d\u00e8re\u2026 Les activit\u00e9s sont nombreuses, mais jamais fr\u00e9n\u00e9tiques. Le soir, on s\u2019installe dans une chambre d\u2019h\u00f4tes \u00e0 partir de 60 \u20ac, ou sous la toile d\u2019un camping cosy, en se disant qu\u2019on paie deux fois moins cher qu\u2019au Verdon, pour deux fois plus de tranquillit\u00e9. Et la nuit, seul le murmure de la rivi\u00e8re berce le sommeil.<\/span><\/p>\n<blockquote class=\"instagram-media\" style=\"background: #FFF; border: 0; border-radius: 3px; margin: 1px; max-width: 540px; min-width: 326px; padding: 0; width: calc(100% - 2px);\" data-instgrm-captioned=\"\" data-instgrm-permalink=\"https:\/\/www.instagram.com\/p\/BYIkxIEAr_l\/?utm_source=ig_embed&amp;utm_campaign=loading\" data-instgrm-version=\"14\">\n<div style=\"padding: 16px;\">\n<p>&nbsp;<\/p>\n<div style=\"flex-direction: row; align-items: center;\">\n<div style=\"background-color: #f4f4f4; border-radius: 50%; flex-grow: 0; height: 40px; margin-right: 14px; width: 40px;\"><\/div>\n<div style=\"flex-direction: column; flex-grow: 1; justify-content: center;\">\n<div style=\"background-color: #f4f4f4; border-radius: 4px; flex-grow: 0; height: 14px; margin-bottom: 6px; width: 100px;\"><\/div>\n<div style=\"background-color: #f4f4f4; border-radius: 4px; flex-grow: 0; height: 14px; width: 60px;\"><\/div>\n<\/div>\n<\/div>\n<div style=\"padding: 19% 0;\"><\/div>\n<div style=\"height: 50px; margin: 0 auto 12px; width: 50px;\"><\/div>\n<div style=\"padding-top: 8px;\">\n<div style=\"color: #3897f0; font-family: Arial,sans-serif; font-size: 14px; font-style: normal; font-weight: 550; line-height: 18px;\">Voir cette publication sur Instagram<\/div>\n<\/div>\n<div style=\"padding: 12.5% 0;\"><\/div>\n<div style=\"flex-direction: row; margin-bottom: 14px; align-items: center;\">\n<div>\n<div style=\"background-color: #f4f4f4; border-radius: 50%; height: 12.5px; width: 12.5px;\"><\/div>\n<div style=\"background-color: #f4f4f4; height: 12.5px; width: 12.5px; flex-grow: 0; margin-right: 14px; margin-left: 2px;\"><\/div>\n<div style=\"background-color: #f4f4f4; border-radius: 50%; height: 12.5px; width: 12.5px;\"><\/div>\n<\/div>\n<div style=\"margin-left: 8px;\">\n<div style=\"background-color: #f4f4f4; border-radius: 50%; flex-grow: 0; height: 20px; width: 20px;\"><\/div>\n<div style=\"width: 0; height: 0; border-top: 2px solid transparent; border-left: 6px solid #f4f4f4; border-bottom: 2px solid transparent;\"><\/div>\n<\/div>\n<div style=\"margin-left: auto;\">\n<div style=\"width: 0px; border-top: 8px solid #F4F4F4; border-right: 8px solid transparent;\"><\/div>\n<div style=\"background-color: #f4f4f4; flex-grow: 0; height: 12px; width: 16px;\"><\/div>\n<div style=\"width: 0; height: 0; border-top: 8px solid #F4F4F4; border-left: 8px solid transparent;\"><\/div>\n<\/div>\n<\/div>\n<div style=\"flex-direction: column; flex-grow: 1; justify-content: center; margin-bottom: 24px;\">\n<div style=\"background-color: #f4f4f4; border-radius: 4px; flex-grow: 0; height: 14px; margin-bottom: 6px; width: 224px;\"><\/div>\n<div style=\"background-color: #f4f4f4; border-radius: 4px; flex-grow: 0; height: 14px; width: 144px;\"><\/div>\n<\/div>\n<p>&nbsp;<\/p>\n<p style=\"color: #c9c8cd; font-family: Arial,sans-serif; font-size: 14px; line-height: 17px; margin-bottom: 0; margin-top: 8px; overflow: hidden; padding: 8px 0 7px; text-align: center;\"><a style=\"color: #c9c8cd; font-family: Arial,sans-serif; font-size: 14px; font-style: normal; font-weight: normal; line-height: 17px; text-decoration: none;\" href=\"https:\/\/www.instagram.com\/p\/BYIkxIEAr_l\/?utm_source=ig_embed&amp;utm_campaign=loading\" target=\"_blank\" rel=\"noopener\">Une publication partag\u00e9e par THOMAS DANTHONY (@thomas_danthony)<\/a><\/p>\n<\/div>\n<\/blockquote>\n<h2><b>Villages perch\u00e9s et parfums de terroir<\/b><\/h2>\n<p><span style=\"font-weight: 400;\">Autour des gorges, des villages comme <\/span><b>Le Rozier<\/b><span style=\"font-weight: 400;\"> et <\/span><b>Peyreleau<\/b><span style=\"font-weight: 400;\"> semblent suspendus dans le temps. Le Rozier, plant\u00e9 \u00e0 la rencontre de la <strong>Jonte et du Tarn<\/strong>, aligne ses fa\u00e7ades de pierre et ses balcons fleuris avec une \u00e9l\u00e9gance discr\u00e8te. On s\u2019y attarde pour boire un caf\u00e9 face aux falaises, ou pour d\u00e9guster une assiette de roquefort et de charcuterie artisanale. Plus haut, Peyreleau offre un panorama imprenable sur les deux vall\u00e9es, avec ses ruelles qui serpentent entre les maisons m\u00e9di\u00e9vales.<\/span><\/p>\n<p><span style=\"font-weight: 400;\">C\u00f4t\u00e9 saveurs, la r\u00e9gion joue la carte du terroir g\u00e9n\u00e9reux : fromages de brebis, miels parfum\u00e9s, vins du Sud-Aveyron\u2026 On mange bien et pour un prix raisonnable, dans des auberges o\u00f9 l\u2019on prend encore le temps de discuter. Et puis il y a ces petites adresses cach\u00e9es, \u00e0 l\u2019\u00e9cart, o\u00f9 l\u2019on se sent invit\u00e9 plus que client. Ici, le luxe, c\u2019est d\u2019avoir l\u2019impression d\u2019\u00eatre accueilli chez quelqu\u2019un.<\/span><\/p>\n<blockquote class=\"instagram-media\" style=\"background: #FFF; border: 0; border-radius: 3px; margin: 1px; max-width: 540px; min-width: 326px; padding: 0; width: calc(100% - 2px);\" data-instgrm-captioned=\"\" data-instgrm-permalink=\"https:\/\/www.instagram.com\/p\/BnVf3c0B-J3\/?utm_source=ig_embed&amp;utm_campaign=loading\" data-instgrm-version=\"14\">\n<div style=\"padding: 16px;\">\n<p>&nbsp;<\/p>\n<div style=\"flex-direction: row; align-items: center;\">\n<div style=\"background-color: #f4f4f4; border-radius: 50%; flex-grow: 0; height: 40px; margin-right: 14px; width: 40px;\"><\/div>\n<div style=\"flex-direction: column; flex-grow: 1; justify-content: center;\">\n<div style=\"background-color: #f4f4f4; border-radius: 4px; flex-grow: 0; height: 14px; margin-bottom: 6px; width: 100px;\"><\/div>\n<div style=\"background-color: #f4f4f4; border-radius: 4px; flex-grow: 0; height: 14px; width: 60px;\"><\/div>\n<\/div>\n<\/div>\n<div style=\"padding: 19% 0;\"><\/div>\n<div style=\"height: 50px; margin: 0 auto 12px; width: 50px;\"><\/div>\n<div style=\"padding-top: 8px;\">\n<div style=\"color: #3897f0; font-family: Arial,sans-serif; font-size: 14px; font-style: normal; font-weight: 550; line-height: 18px;\">Voir cette publication sur Instagram<\/div>\n<\/div>\n<div style=\"padding: 12.5% 0;\"><\/div>\n<div style=\"flex-direction: row; margin-bottom: 14px; align-items: center;\">\n<div>\n<div style=\"background-color: #f4f4f4; border-radius: 50%; height: 12.5px; width: 12.5px;\"><\/div>\n<div style=\"background-color: #f4f4f4; height: 12.5px; width: 12.5px; flex-grow: 0; margin-right: 14px; margin-left: 2px;\"><\/div>\n<div style=\"background-color: #f4f4f4; border-radius: 50%; height: 12.5px; width: 12.5px;\"><\/div>\n<\/div>\n<div style=\"margin-left: 8px;\">\n<div style=\"background-color: #f4f4f4; border-radius: 50%; flex-grow: 0; height: 20px; width: 20px;\"><\/div>\n<div style=\"width: 0; height: 0; border-top: 2px solid transparent; border-left: 6px solid #f4f4f4; border-bottom: 2px solid transparent;\"><\/div>\n<\/div>\n<div style=\"margin-left: auto;\">\n<div style=\"width: 0px; border-top: 8px solid #F4F4F4; border-right: 8px solid transparent;\"><\/div>\n<div style=\"background-color: #f4f4f4; flex-grow: 0; height: 12px; width: 16px;\"><\/div>\n<div style=\"width: 0; height: 0; border-top: 8px solid #F4F4F4; border-left: 8px solid transparent;\"><\/div>\n<\/div>\n<\/div>\n<div style=\"flex-direction: column; flex-grow: 1; justify-content: center; margin-bottom: 24px;\">\n<div style=\"background-color: #f4f4f4; border-radius: 4px; flex-grow: 0; height: 14px; margin-bottom: 6px; width: 224px;\"><\/div>\n<div style=\"background-color: #f4f4f4; border-radius: 4px; flex-grow: 0; height: 14px; width: 144px;\"><\/div>\n<\/div>\n<p>&nbsp;<\/p>\n<p style=\"color: #c9c8cd; font-family: Arial,sans-serif; font-size: 14px; line-height: 17px; margin-bottom: 0; margin-top: 8px; overflow: hidden; padding: 8px 0 7px; text-align: center;\"><a style=\"color: #c9c8cd; font-family: Arial,sans-serif; font-size: 14px; font-style: normal; font-weight: normal; line-height: 17px; text-decoration: none;\" href=\"https:\/\/www.instagram.com\/p\/BnVf3c0B-J3\/?utm_source=ig_embed&amp;utm_campaign=loading\" target=\"_blank\" rel=\"noopener\">Une publication partag\u00e9e par Guillaume Faurie (@gfauriefmx)<\/a><\/p>\n<\/div>\n<\/blockquote>\n<h2><b>Arriver, c\u2019est d\u00e9j\u00e0 voyager<\/b><\/h2>\n<p><span style=\"font-weight: 400;\">Depuis <\/span><b>Paris<\/b><span style=\"font-weight: 400;\">, on file en TGV jusqu\u2019\u00e0 Montpellier (3 h 30), puis on encha\u00eene avec un TER vers Millau ou S\u00e9v\u00e9rac-d\u2019Aveyron. Depuis <\/span><b>Lyon<\/b><span style=\"font-weight: 400;\">, comptez 4 h 30 via N\u00eemes, et depuis <\/span><b>Strasbourg<\/b><span style=\"font-weight: 400;\">, environ 6 h en changeant \u00e0 Lyon ou Montpellier. Les paysages qui d\u00e9filent par la fen\u00eatre sont d\u00e9j\u00e0 un avant-go\u00fbt : vignobles, collines dor\u00e9es, viaducs spectaculaires. Une fois arriv\u00e9 \u00e0 <a href=\"https:\/\/discover.ulysse.com\/5-villages-caches-au-pied-du-viaduc-de-millau\">Millau<\/a>, on prend un bus ou on loue une voiture pour rejoindre les villages des gorges en moins d\u2019une heure.<\/span><\/p>\n<p><span style=\"font-weight: 400;\">Les prix sont doux si l\u2019on r\u00e9serve t\u00f4t : un Paris\u2013Montpellier d\u00e8s 35 \u20ac, un Montpellier\u2013Millau autour de 15 \u20ac. Et franchement, voir le viaduc de Millau en vrai avant de plonger dans la vall\u00e9e de la Jonte, c\u2019est d\u00e9j\u00e0 une petite claque visuelle.<\/span><\/p>\n<blockquote class=\"instagram-media\" style=\"background: #FFF; border: 0; border-radius: 3px; margin: 1px; max-width: 540px; min-width: 326px; padding: 0; width: calc(100% - 2px);\" data-instgrm-captioned=\"\" data-instgrm-permalink=\"https:\/\/www.instagram.com\/p\/Blzr3Mngj_B\/?utm_source=ig_embed&amp;utm_campaign=loading\" data-instgrm-version=\"14\">\n<div style=\"padding: 16px;\">\n<p>&nbsp;<\/p>\n<div style=\"flex-direction: row; align-items: center;\">\n<div style=\"background-color: #f4f4f4; border-radius: 50%; flex-grow: 0; height: 40px; margin-right: 14px; width: 40px;\"><\/div>\n<div style=\"flex-direction: column; flex-grow: 1; justify-content: center;\">\n<div style=\"background-color: #f4f4f4; border-radius: 4px; flex-grow: 0; height: 14px; margin-bottom: 6px; width: 100px;\"><\/div>\n<div style=\"background-color: #f4f4f4; border-radius: 4px; flex-grow: 0; height: 14px; width: 60px;\"><\/div>\n<\/div>\n<\/div>\n<div style=\"padding: 19% 0;\"><\/div>\n<div style=\"height: 50px; margin: 0 auto 12px; width: 50px;\"><\/div>\n<div style=\"padding-top: 8px;\">\n<div style=\"color: #3897f0; font-family: Arial,sans-serif; font-size: 14px; font-style: normal; font-weight: 550; line-height: 18px;\">Voir cette publication sur Instagram<\/div>\n<\/div>\n<div style=\"padding: 12.5% 0;\"><\/div>\n<div style=\"flex-direction: row; margin-bottom: 14px; align-items: center;\">\n<div>\n<div style=\"background-color: #f4f4f4; border-radius: 50%; height: 12.5px; width: 12.5px;\"><\/div>\n<div style=\"background-color: #f4f4f4; height: 12.5px; width: 12.5px; flex-grow: 0; margin-right: 14px; margin-left: 2px;\"><\/div>\n<div style=\"background-color: #f4f4f4; border-radius: 50%; height: 12.5px; width: 12.5px;\"><\/div>\n<\/div>\n<div style=\"margin-left: 8px;\">\n<div style=\"background-color: #f4f4f4; border-radius: 50%; flex-grow: 0; height: 20px; width: 20px;\"><\/div>\n<div style=\"width: 0; height: 0; border-top: 2px solid transparent; border-left: 6px solid #f4f4f4; border-bottom: 2px solid transparent;\"><\/div>\n<\/div>\n<div style=\"margin-left: auto;\">\n<div style=\"width: 0px; border-top: 8px solid #F4F4F4; border-right: 8px solid transparent;\"><\/div>\n<div style=\"background-color: #f4f4f4; flex-grow: 0; height: 12px; width: 16px;\"><\/div>\n<div style=\"width: 0; height: 0; border-top: 8px solid #F4F4F4; border-left: 8px solid transparent;\"><\/div>\n<\/div>\n<\/div>\n<div style=\"flex-direction: column; flex-grow: 1; justify-content: center; margin-bottom: 24px;\">\n<div style=\"background-color: #f4f4f4; border-radius: 4px; flex-grow: 0; height: 14px; margin-bottom: 6px; width: 224px;\"><\/div>\n<div style=\"background-color: #f4f4f4; border-radius: 4px; flex-grow: 0; height: 14px; width: 144px;\"><\/div>\n<\/div>\n<p>&nbsp;<\/p>\n<p style=\"color: #c9c8cd; font-family: Arial,sans-serif; font-size: 14px; line-height: 17px; margin-bottom: 0; margin-top: 8px; overflow: hidden; padding: 8px 0 7px; text-align: center;\"><a style=\"color: #c9c8cd; font-family: Arial,sans-serif; font-size: 14px; font-style: normal; font-weight: normal; line-height: 17px; text-decoration: none;\" href=\"https:\/\/www.instagram.com\/p\/Blzr3Mngj_B\/?utm_source=ig_embed&amp;utm_campaign=loading\" target=\"_blank\" rel=\"noopener\">Une publication partag\u00e9e par Baptiste Petitjean (@le_petitjean_baptiste)<\/a><\/p>\n<\/div>\n<\/blockquote>\n<h2><b>Le meilleur moment pour se laisser happer<\/b><\/h2>\n<p><span style=\"font-weight: 400;\">Le <\/span><b>printemps<\/b><span style=\"font-weight: 400;\"> pare les gorges de mille nuances de vert et de fleurs sauvages. L\u2019<\/span><b>automne<\/b><span style=\"font-weight: 400;\"> les drape de cuivres et d\u2019or, avec une lumi\u00e8re douce qui caresse les falaises. L\u2019\u00e9t\u00e9, on profite des baignades dans la rivi\u00e8re, et m\u00eame si quelques visiteurs se m\u00ealent aux locaux, on reste loin du tumulte du Verdon. L\u2019hiver, c\u2019est un autre visage : brume matinale, silence feutr\u00e9, falaises givr\u00e9e\u2026 presque mystique.<\/span><\/p>\n<blockquote class=\"instagram-media\" style=\"background: #FFF; border: 0; border-radius: 3px; margin: 1px; max-width: 540px; min-width: 326px; padding: 0; width: calc(100% - 2px);\" data-instgrm-captioned=\"\" data-instgrm-permalink=\"https:\/\/www.instagram.com\/p\/BbKef2wDFtf\/?utm_source=ig_embed&amp;utm_campaign=loading\" data-instgrm-version=\"14\">\n<div style=\"padding: 16px;\">\n<p>&nbsp;<\/p>\n<div style=\"flex-direction: row; align-items: center;\">\n<div style=\"background-color: #f4f4f4; border-radius: 50%; flex-grow: 0; height: 40px; margin-right: 14px; width: 40px;\"><\/div>\n<div style=\"flex-direction: column; flex-grow: 1; justify-content: center;\">\n<div style=\"background-color: #f4f4f4; border-radius: 4px; flex-grow: 0; height: 14px; margin-bottom: 6px; width: 100px;\"><\/div>\n<div style=\"background-color: #f4f4f4; border-radius: 4px; flex-grow: 0; height: 14px; width: 60px;\"><\/div>\n<\/div>\n<\/div>\n<div style=\"padding: 19% 0;\"><\/div>\n<div style=\"height: 50px; margin: 0 auto 12px; width: 50px;\"><\/div>\n<div style=\"padding-top: 8px;\">\n<div style=\"color: #3897f0; font-family: Arial,sans-serif; font-size: 14px; font-style: normal; font-weight: 550; line-height: 18px;\">Voir cette publication sur Instagram<\/div>\n<\/div>\n<div style=\"padding: 12.5% 0;\"><\/div>\n<div style=\"flex-direction: row; margin-bottom: 14px; align-items: center;\">\n<div>\n<div style=\"background-color: #f4f4f4; border-radius: 50%; height: 12.5px; width: 12.5px;\"><\/div>\n<div style=\"background-color: #f4f4f4; height: 12.5px; width: 12.5px; flex-grow: 0; margin-right: 14px; margin-left: 2px;\"><\/div>\n<div style=\"background-color: #f4f4f4; border-radius: 50%; height: 12.5px; width: 12.5px;\"><\/div>\n<\/div>\n<div style=\"margin-left: 8px;\">\n<div style=\"background-color: #f4f4f4; border-radius: 50%; flex-grow: 0; height: 20px; width: 20px;\"><\/div>\n<div style=\"width: 0; height: 0; border-top: 2px solid transparent; border-left: 6px solid #f4f4f4; border-bottom: 2px solid transparent;\"><\/div>\n<\/div>\n<div style=\"margin-left: auto;\">\n<div style=\"width: 0px; border-top: 8px solid #F4F4F4; border-right: 8px solid transparent;\"><\/div>\n<div style=\"background-color: #f4f4f4; flex-grow: 0; height: 12px; width: 16px;\"><\/div>\n<div style=\"width: 0; height: 0; border-top: 8px solid #F4F4F4; border-left: 8px solid transparent;\"><\/div>\n<\/div>\n<\/div>\n<div style=\"flex-direction: column; flex-grow: 1; justify-content: center; margin-bottom: 24px;\">\n<div style=\"background-color: #f4f4f4; border-radius: 4px; flex-grow: 0; height: 14px; margin-bottom: 6px; width: 224px;\"><\/div>\n<div style=\"background-color: #f4f4f4; border-radius: 4px; flex-grow: 0; height: 14px; width: 144px;\"><\/div>\n<\/div>\n<p>&nbsp;<\/p>\n<p style=\"color: #c9c8cd; font-family: Arial,sans-serif; font-size: 14px; line-height: 17px; margin-bottom: 0; margin-top: 8px; overflow: hidden; padding: 8px 0 7px; text-align: center;\"><a style=\"color: #c9c8cd; font-family: Arial,sans-serif; font-size: 14px; font-style: normal; font-weight: normal; line-height: 17px; text-decoration: none;\" href=\"https:\/\/www.instagram.com\/p\/BbKef2wDFtf\/?utm_source=ig_embed&amp;utm_campaign=loading\" target=\"_blank\" rel=\"noopener\">Une publication partag\u00e9e par M.Meyrieux (@xenogears)<\/a><\/p>\n<\/div>\n<\/blockquote>\n<p><span style=\"font-weight: 400;\">Peu importe la saison, la Jonte conserve ce quelque chose de rare : un m\u00e9lange d\u2019immensit\u00e9 et d\u2019intimit\u00e9. On se sent minuscule face aux parois, mais infiniment libre dans cette nature qui respire encore au rythme du vent et de l\u2019eau.<\/span><\/p>\n","protected":false},"excerpt":{"rendered":"<p>Entre deux plateaux calcaires qui semblent flotter au-dessus du monde, une rivi\u00e8re a sculpt\u00e9 depuis des mill\u00e9naires un canyon aux [&hellip;]<\/p>\n","protected":false},"author":3,"featured_media":33645,"comment_status":"open","ping_status":"closed","sticky":false,"template":"","format":"standard","meta":{"_acf_changed":false,"_sitemap_exclude":false,"_sitemap_priority":"","_sitemap_frequency":"","footnotes":"","rank_math_title":"","rank_math_description":"Entre ciel, pierre et rivi\u00e8re, les Gorges de la Jonte garde un parfum d\u2019aventure que seuls les curieux savent respirer jusqu\u2019au bout.\n","rank_math_canonical_url":"","rank_math_focus_keyword":"Gorge,verdon"},"categories":[3],"tags":[],"class_list":["post-33644","post","type-post","status-publish","format-standard","has-post-thumbnail","hentry","category-voyage"],"acf":[],"_links":{"self":[{"href":"https:\/\/ulysse.com\/news\/wp-json\/wp\/v2\/posts\/33644","targetHints":{"allow":["GET"]}}],"collection":[{"href":"https:\/\/ulysse.com\/news\/wp-json\/wp\/v2\/posts"}],"about":[{"href":"https:\/\/ulysse.com\/news\/wp-json\/wp\/v2\/types\/post"}],"author":[{"embeddable":true,"href":"https:\/\/ulysse.com\/news\/wp-json\/wp\/v2\/users\/3"}],"replies":[{"embeddable":true,"href":"https:\/\/ulysse.com\/news\/wp-json\/wp\/v2\/comments?post=33644"}],"version-history":[{"count":2,"href":"https:\/\/ulysse.com\/news\/wp-json\/wp\/v2\/posts\/33644\/revisions"}],"predecessor-version":[{"id":33662,"href":"https:\/\/ulysse.com\/news\/wp-json\/wp\/v2\/posts\/33644\/revisions\/33662"}],"wp:featuredmedia":[{"embeddable":true,"href":"https:\/\/ulysse.com\/news\/wp-json\/wp\/v2\/media\/33645"}],"wp:attachment":[{"href":"https:\/\/ulysse.com\/news\/wp-json\/wp\/v2\/media?parent=33644"}],"wp:term":[{"taxonomy":"category","embeddable":true,"href":"https:\/\/ulysse.com\/news\/wp-json\/wp\/v2\/categories?post=33644"},{"taxonomy":"post_tag","embeddable":true,"href":"https:\/\/ulysse.com\/news\/wp-json\/wp\/v2\/tags?post=33644"}],"curies":[{"name":"wp","href":"https:\/\/api.w.org\/{rel}","templated":true}]}}