{"id":33653,"date":"2025-08-15T08:00:11","date_gmt":"2025-08-15T07:00:11","guid":{"rendered":"https:\/\/discover.ulysse.com\/?p=33653"},"modified":"2025-08-14T23:11:22","modified_gmt":"2025-08-14T22:11:22","slug":"veloroute-adriatique-ravenne-leuca-cote-italie","status":"publish","type":"post","link":"https:\/\/ulysse.com\/news\/veloroute-adriatique-ravenne-leuca-cote-italie","title":{"rendered":"V\u00e9loroute Adriatique : De Ravenne \u00e0 Leuca, l\u2019\u00e9chapp\u00e9e cycliste sur la c\u00f4te italienne"},"content":{"rendered":"<p><span style=\"font-weight: 400;\">Laissez-vous guider par les courbes de la<strong> mer Adriatique<\/strong>, de <strong>Ravenne \u00e0 Leuca<\/strong>, pour une aventure \u00e0 v\u00e9lo o\u00f9 chaque coup de p\u00e9dale vous rapproche d&#8217;un d\u00e9cor spectaculaire. D\u2019un c\u00f4t\u00e9, la mer, avec ses eaux limpides, et de l\u2019autre, un encha\u00eenement de villages pittoresques et de villes charg\u00e9es d\u2019histoire. Ce voyage \u00e0 travers la c\u00f4te italienne est bien plus qu\u2019un simple itin\u00e9raire cycliste ; c\u2019est une v\u00e9ritable \u00e9vasion qui marie nature sauvage, culture et patrimoine. Alors, pr\u00e9parez-vous \u00e0 vivre un p\u00e9riple sur deux roues, o\u00f9 chaque journ\u00e9e rime avec d\u00e9couvertes et sensations.<\/span><\/p>\n<h2><b>Ravenne : Un d\u00e9part entre histoire et art<\/b><\/h2>\n<p><span style=\"font-weight: 400;\"><a href=\"https:\/\/discover.ulysse.com\/villes-italiennes-tourisme-masse-na-pas-etouffe\">Ravenne<\/a>, cette ville \u00e0 l\u2019histoire fascinante, vous accueille comme une porte d\u2019entr\u00e9e vers<strong> l\u2019Adriatique<\/strong>. Avant de sauter sur votre v\u00e9lo, prenez le temps d\u2019admirer ses c\u00e9l\u00e8bres mosa\u00efques byzantines, inscrites au patrimoine mondial de l&#8217;UNESCO. Les basilique de<strong> San Vitale<\/strong> et le mausol\u00e9e de <strong>Galla Placidia<\/strong> sont des incontournables pour les amateurs d\u2019histoire et d\u2019art. Mais au-del\u00e0 des monuments, c\u2019est l\u2019atmosph\u00e8re tranquille de la ville qui s\u00e9duit, avec ses petites ruelles ombrag\u00e9es et ses trattorias qui vous r\u00e9servent des plats typiques de la r\u00e9gion.<\/span><\/p>\n<p><span style=\"font-weight: 400;\">\u00c0 v\u00e9lo, Ravenne devient le point de d\u00e9part d\u2019une aventure o\u00f9 la mer est toujours pr\u00e9sente \u00e0 l\u2019horizon. La r\u00e9gion \u00e9tant connue pour ses prix assez accessibles, vous pourrez d\u00e9guster un repas local, comme les fameux cappelletti, pour un prix tout \u00e0 fait raisonnable. Si vous partez de Paris, comptez environ 10 heures en train avec un tarif autour de 120 euros en seconde classe pour rejoindre cette ville historique. Le voyage en train vous permettra de profiter d\u2019une belle vue sur le paysage avant d\u2019arriver pr\u00eat \u00e0 enfourcher votre v\u00e9lo.<\/span><\/p>\n<blockquote class=\"instagram-media\" style=\"background: #FFF; border: 0; border-radius: 3px; margin: 1px; max-width: 540px; min-width: 326px; padding: 0; width: calc(100% - 2px);\" data-instgrm-captioned=\"\" data-instgrm-permalink=\"https:\/\/www.instagram.com\/p\/DL5bO3ciCf1\/?utm_source=ig_embed&amp;utm_campaign=loading\" data-instgrm-version=\"14\">\n<div style=\"padding: 16px;\">\n<p>&nbsp;<\/p>\n<div style=\"flex-direction: row; align-items: center;\">\n<div style=\"background-color: #f4f4f4; border-radius: 50%; flex-grow: 0; height: 40px; margin-right: 14px; width: 40px;\"><\/div>\n<div style=\"flex-direction: column; flex-grow: 1; justify-content: center;\">\n<div style=\"background-color: #f4f4f4; border-radius: 4px; flex-grow: 0; height: 14px; margin-bottom: 6px; width: 100px;\"><\/div>\n<div style=\"background-color: #f4f4f4; border-radius: 4px; flex-grow: 0; height: 14px; width: 60px;\"><\/div>\n<\/div>\n<\/div>\n<div style=\"padding: 19% 0;\"><\/div>\n<div style=\"height: 50px; margin: 0 auto 12px; width: 50px;\"><\/div>\n<div style=\"padding-top: 8px;\">\n<div style=\"color: #3897f0; font-family: Arial,sans-serif; font-size: 14px; font-style: normal; font-weight: 550; line-height: 18px;\">Voir cette publication sur Instagram<\/div>\n<\/div>\n<div style=\"padding: 12.5% 0;\"><\/div>\n<div style=\"flex-direction: row; margin-bottom: 14px; align-items: center;\">\n<div>\n<div style=\"background-color: #f4f4f4; border-radius: 50%; height: 12.5px; width: 12.5px;\"><\/div>\n<div style=\"background-color: #f4f4f4; height: 12.5px; width: 12.5px; flex-grow: 0; margin-right: 14px; margin-left: 2px;\"><\/div>\n<div style=\"background-color: #f4f4f4; border-radius: 50%; height: 12.5px; width: 12.5px;\"><\/div>\n<\/div>\n<div style=\"margin-left: 8px;\">\n<div style=\"background-color: #f4f4f4; border-radius: 50%; flex-grow: 0; height: 20px; width: 20px;\"><\/div>\n<div style=\"width: 0; height: 0; border-top: 2px solid transparent; border-left: 6px solid #f4f4f4; border-bottom: 2px solid transparent;\"><\/div>\n<\/div>\n<div style=\"margin-left: auto;\">\n<div style=\"width: 0px; border-top: 8px solid #F4F4F4; border-right: 8px solid transparent;\"><\/div>\n<div style=\"background-color: #f4f4f4; flex-grow: 0; height: 12px; width: 16px;\"><\/div>\n<div style=\"width: 0; height: 0; border-top: 8px solid #F4F4F4; border-left: 8px solid transparent;\"><\/div>\n<\/div>\n<\/div>\n<div style=\"flex-direction: column; flex-grow: 1; justify-content: center; margin-bottom: 24px;\">\n<div style=\"background-color: #f4f4f4; border-radius: 4px; flex-grow: 0; height: 14px; margin-bottom: 6px; width: 224px;\"><\/div>\n<div style=\"background-color: #f4f4f4; border-radius: 4px; flex-grow: 0; height: 14px; width: 144px;\"><\/div>\n<\/div>\n<p>&nbsp;<\/p>\n<p style=\"color: #c9c8cd; font-family: Arial,sans-serif; font-size: 14px; line-height: 17px; margin-bottom: 0; margin-top: 8px; overflow: hidden; padding: 8px 0 7px; text-align: center;\"><a style=\"color: #c9c8cd; font-family: Arial,sans-serif; font-size: 14px; font-style: normal; font-weight: normal; line-height: 17px; text-decoration: none;\" href=\"https:\/\/www.instagram.com\/p\/DL5bO3ciCf1\/?utm_source=ig_embed&amp;utm_campaign=loading\" target=\"_blank\" rel=\"noopener\">Une publication partag\u00e9e par Mademoisellevi \ud83d\udd4a (@mademoisellevit)<\/a><\/p>\n<\/div>\n<\/blockquote>\n<h2><b>La c\u00f4te adriatique : Une promenade entre mer et nature<\/b><\/h2>\n<p><span style=\"font-weight: 400;\">\u00c0 partir de Ravenne, la route vous m\u00e8ne vers la <a href=\"https:\/\/discover.ulysse.com\/une-cote-italienne-que-vous-ne-trouverez-pas-sur-les-cartes-entre-oliviers-et-vents-marins\">c\u00f4te adriatique<\/a>, une succession de plages immacul\u00e9es, de dunes sauvages et de petites villes o\u00f9 le temps semble s\u2019\u00eatre arr\u00eat\u00e9. L\u2019une des \u00e9tapes incontournables, c\u2019est <strong>Cesenatico<\/strong>, un charmant village portuaire. Ici, vous pouvez fl\u00e2ner le long du canal bord\u00e9 de restaurants servant des fruits de mer frais et des p\u00e2tes maison. P\u00e9daler sur la c\u00f4te vous offre une immersion dans une nature pr\u00e9serv\u00e9e, entre le bleu infini de la mer et les paysages de campagne parsem\u00e9s de champs de vignes.<\/span><\/p>\n<p><span style=\"font-weight: 400;\">Les prix le long de la c\u00f4te restent abordables, surtout en dehors des zones touristiques majeures, ce qui rend chaque arr\u00eat d\u2019autant plus agr\u00e9able. \u00c0 chaque \u00e9tape, la r\u00e9gion d\u00e9voile un peu plus de sa richesse naturelle et culturelle. Plus au sud, <strong>la ville de Bari<\/strong>, avec son centre historique pittoresque, est l\u2019endroit parfait pour une pause bien m\u00e9rit\u00e9e. Partez \u00e0 la d\u00e9couverte des ruelles \u00e9troites de la vieille ville, o\u00f9 l\u2019on trouve des boutiques artisanales et des caf\u00e9s accueillants. Le co\u00fbt de la vie dans ces villes reste raisonnable, et vous trouverez toujours une bonne adresse pour go\u00fbter aux sp\u00e9cialit\u00e9s locales.<\/span><\/p>\n<blockquote class=\"instagram-media\" style=\"background: #FFF; border: 0; border-radius: 3px; margin: 1px; max-width: 540px; min-width: 326px; padding: 0; width: calc(100% - 2px);\" data-instgrm-captioned=\"\" data-instgrm-permalink=\"https:\/\/www.instagram.com\/p\/DNT4j--op7p\/?utm_source=ig_embed&amp;utm_campaign=loading\" data-instgrm-version=\"14\">\n<div style=\"padding: 16px;\">\n<p>&nbsp;<\/p>\n<div style=\"flex-direction: row; align-items: center;\">\n<div style=\"background-color: #f4f4f4; border-radius: 50%; flex-grow: 0; height: 40px; margin-right: 14px; width: 40px;\"><\/div>\n<div style=\"flex-direction: column; flex-grow: 1; justify-content: center;\">\n<div style=\"background-color: #f4f4f4; border-radius: 4px; flex-grow: 0; height: 14px; margin-bottom: 6px; width: 100px;\"><\/div>\n<div style=\"background-color: #f4f4f4; border-radius: 4px; flex-grow: 0; height: 14px; width: 60px;\"><\/div>\n<\/div>\n<\/div>\n<div style=\"padding: 19% 0;\"><\/div>\n<div style=\"height: 50px; margin: 0 auto 12px; width: 50px;\"><\/div>\n<div style=\"padding-top: 8px;\">\n<div style=\"color: #3897f0; font-family: Arial,sans-serif; font-size: 14px; font-style: normal; font-weight: 550; line-height: 18px;\">Voir cette publication sur Instagram<\/div>\n<\/div>\n<div style=\"padding: 12.5% 0;\"><\/div>\n<div style=\"flex-direction: row; margin-bottom: 14px; align-items: center;\">\n<div>\n<div style=\"background-color: #f4f4f4; border-radius: 50%; height: 12.5px; width: 12.5px;\"><\/div>\n<div style=\"background-color: #f4f4f4; height: 12.5px; width: 12.5px; flex-grow: 0; margin-right: 14px; margin-left: 2px;\"><\/div>\n<div style=\"background-color: #f4f4f4; border-radius: 50%; height: 12.5px; width: 12.5px;\"><\/div>\n<\/div>\n<div style=\"margin-left: 8px;\">\n<div style=\"background-color: #f4f4f4; border-radius: 50%; flex-grow: 0; height: 20px; width: 20px;\"><\/div>\n<div style=\"width: 0; height: 0; border-top: 2px solid transparent; border-left: 6px solid #f4f4f4; border-bottom: 2px solid transparent;\"><\/div>\n<\/div>\n<div style=\"margin-left: auto;\">\n<div style=\"width: 0px; border-top: 8px solid #F4F4F4; border-right: 8px solid transparent;\"><\/div>\n<div style=\"background-color: #f4f4f4; flex-grow: 0; height: 12px; width: 16px;\"><\/div>\n<div style=\"width: 0; height: 0; border-top: 8px solid #F4F4F4; border-left: 8px solid transparent;\"><\/div>\n<\/div>\n<\/div>\n<div style=\"flex-direction: column; flex-grow: 1; justify-content: center; margin-bottom: 24px;\">\n<div style=\"background-color: #f4f4f4; border-radius: 4px; flex-grow: 0; height: 14px; margin-bottom: 6px; width: 224px;\"><\/div>\n<div style=\"background-color: #f4f4f4; border-radius: 4px; flex-grow: 0; height: 14px; width: 144px;\"><\/div>\n<\/div>\n<p>&nbsp;<\/p>\n<p style=\"color: #c9c8cd; font-family: Arial,sans-serif; font-size: 14px; line-height: 17px; margin-bottom: 0; margin-top: 8px; overflow: hidden; padding: 8px 0 7px; text-align: center;\"><a style=\"color: #c9c8cd; font-family: Arial,sans-serif; font-size: 14px; font-style: normal; font-weight: normal; line-height: 17px; text-decoration: none;\" href=\"https:\/\/www.instagram.com\/p\/DNT4j--op7p\/?utm_source=ig_embed&amp;utm_campaign=loading\" target=\"_blank\" rel=\"noopener\">Une publication partag\u00e9e par Jerome (@jercams)<\/a><\/p>\n<\/div>\n<\/blockquote>\n<h2><b>Leuca : Le charme du bout du monde<\/b><\/h2>\n<p><span style=\"font-weight: 400;\">Votre aventure touche bient\u00f4t \u00e0 sa fin, mais avant de revenir \u00e0 la r\u00e9alit\u00e9, laissez-vous s\u00e9duire par la derni\u00e8re \u00e9tape : <strong>Leuca<\/strong>. Situ\u00e9e tout au bout de la <strong>p\u00e9ninsule de Salento<\/strong>, au sud de l\u2019Italie, cette ville est un v\u00e9ritable joyau, avec ses paysages sauvages et ses plages presque d\u00e9sertes. Leuca offre une exp\u00e9rience plus authentique, loin du tourisme de masse. Son phare embl\u00e9matique, situ\u00e9 sur une falaise surplombant la mer, est un lieu parfait pour une photo souvenir au coucher du soleil. La ville est aussi le point de d\u00e9part pour d\u00e9couvrir les grottes marines, accessibles en bateau, un spectacle naturel \u00e0 couper le souffle.<\/span><\/p>\n<p><span style=\"font-weight: 400;\">Si vous \u00eates en qu\u00eate de calme et de beaut\u00e9, Leuca est l\u2019endroit id\u00e9al. Bien que la ville soit un peu plus isol\u00e9e, vous pourrez facilement rejoindre Bari en train ou en bus, avec des prix qui varient autour de 30 \u00e0 40 euros pour un trajet d&#8217;environ 2h30.<\/span><\/p>\n<blockquote class=\"instagram-media\" style=\"background: #FFF; border: 0; border-radius: 3px; margin: 1px; max-width: 540px; min-width: 326px; padding: 0; width: calc(100% - 2px);\" data-instgrm-captioned=\"\" data-instgrm-permalink=\"https:\/\/www.instagram.com\/p\/DJXOVPfoX8Q\/?utm_source=ig_embed&amp;utm_campaign=loading\" data-instgrm-version=\"14\">\n<div style=\"padding: 16px;\">\n<p>&nbsp;<\/p>\n<div style=\"flex-direction: row; align-items: center;\">\n<div style=\"background-color: #f4f4f4; border-radius: 50%; flex-grow: 0; height: 40px; margin-right: 14px; width: 40px;\"><\/div>\n<div style=\"flex-direction: column; flex-grow: 1; justify-content: center;\">\n<div style=\"background-color: #f4f4f4; border-radius: 4px; flex-grow: 0; height: 14px; margin-bottom: 6px; width: 100px;\"><\/div>\n<div style=\"background-color: #f4f4f4; border-radius: 4px; flex-grow: 0; height: 14px; width: 60px;\"><\/div>\n<\/div>\n<\/div>\n<div style=\"padding: 19% 0;\"><\/div>\n<div style=\"height: 50px; margin: 0 auto 12px; width: 50px;\"><\/div>\n<div style=\"padding-top: 8px;\">\n<div style=\"color: #3897f0; font-family: Arial,sans-serif; font-size: 14px; font-style: normal; font-weight: 550; line-height: 18px;\">Voir cette publication sur Instagram<\/div>\n<\/div>\n<div style=\"padding: 12.5% 0;\"><\/div>\n<div style=\"flex-direction: row; margin-bottom: 14px; align-items: center;\">\n<div>\n<div style=\"background-color: #f4f4f4; border-radius: 50%; height: 12.5px; width: 12.5px;\"><\/div>\n<div style=\"background-color: #f4f4f4; height: 12.5px; width: 12.5px; flex-grow: 0; margin-right: 14px; margin-left: 2px;\"><\/div>\n<div style=\"background-color: #f4f4f4; border-radius: 50%; height: 12.5px; width: 12.5px;\"><\/div>\n<\/div>\n<div style=\"margin-left: 8px;\">\n<div style=\"background-color: #f4f4f4; border-radius: 50%; flex-grow: 0; height: 20px; width: 20px;\"><\/div>\n<div style=\"width: 0; height: 0; border-top: 2px solid transparent; border-left: 6px solid #f4f4f4; border-bottom: 2px solid transparent;\"><\/div>\n<\/div>\n<div style=\"margin-left: auto;\">\n<div style=\"width: 0px; border-top: 8px solid #F4F4F4; border-right: 8px solid transparent;\"><\/div>\n<div style=\"background-color: #f4f4f4; flex-grow: 0; height: 12px; width: 16px;\"><\/div>\n<div style=\"width: 0; height: 0; border-top: 8px solid #F4F4F4; border-left: 8px solid transparent;\"><\/div>\n<\/div>\n<\/div>\n<div style=\"flex-direction: column; flex-grow: 1; justify-content: center; margin-bottom: 24px;\">\n<div style=\"background-color: #f4f4f4; border-radius: 4px; flex-grow: 0; height: 14px; margin-bottom: 6px; width: 224px;\"><\/div>\n<div style=\"background-color: #f4f4f4; border-radius: 4px; flex-grow: 0; height: 14px; width: 144px;\"><\/div>\n<\/div>\n<p>&nbsp;<\/p>\n<p style=\"color: #c9c8cd; font-family: Arial,sans-serif; font-size: 14px; line-height: 17px; margin-bottom: 0; margin-top: 8px; overflow: hidden; padding: 8px 0 7px; text-align: center;\"><a style=\"color: #c9c8cd; font-family: Arial,sans-serif; font-size: 14px; font-style: normal; font-weight: normal; line-height: 17px; text-decoration: none;\" href=\"https:\/\/www.instagram.com\/p\/DJXOVPfoX8Q\/?utm_source=ig_embed&amp;utm_campaign=loading\" target=\"_blank\" rel=\"noopener\">Une publication partag\u00e9e par Gaetano Toffali (@gaetano_toffali)<\/a><\/p>\n<\/div>\n<\/blockquote>\n<h2><b>Une aventure \u00e0 v\u00e9lo pleine de surprises<\/b><\/h2>\n<p><span style=\"font-weight: 400;\">La v\u00e9loroute de la c\u00f4te adriatique, de Ravenne \u00e0 Leuca, est une invitation \u00e0 d\u00e9couvrir l\u2019Italie sous un autre angle. En p\u00e9dalant le long de cette c\u00f4te mythique, vous traversez des paysages qui changent au fil des kilom\u00e8tres, entre mer, collines et villages pittoresques. Chaque arr\u00eat est une nouvelle occasion de go\u00fbter aux saveurs locales, de s\u2019impr\u00e9gner de l\u2019histoire de chaque lieu et de profiter d\u2019une nature encore pr\u00e9serv\u00e9e.<\/span><\/p>\n<p><span style=\"font-weight: 400;\">C\u2019est un p\u00e9riple qui allie parfaitement sport, d\u00e9tente et culture, un voyage qui vous laissera des souvenirs imp\u00e9rissables. Le trajet est con\u00e7u pour tous les niveaux de cyclistes, avec des \u00e9tapes qui alternent entre facilit\u00e9 et moments plus sportifs, parfait pour se d\u00e9passer tout en profitant des panoramas \u00e0 couper le souffle.<\/span><\/p>\n<blockquote class=\"instagram-media\" style=\"background: #FFF; border: 0; border-radius: 3px; margin: 1px; max-width: 540px; min-width: 326px; padding: 0; width: calc(100% - 2px);\" data-instgrm-captioned=\"\" data-instgrm-permalink=\"https:\/\/www.instagram.com\/p\/DNVCigOsNOA\/?utm_source=ig_embed&amp;utm_campaign=loading\" data-instgrm-version=\"14\">\n<div style=\"padding: 16px;\">\n<p>&nbsp;<\/p>\n<div style=\"flex-direction: row; align-items: center;\">\n<div style=\"background-color: #f4f4f4; border-radius: 50%; flex-grow: 0; height: 40px; margin-right: 14px; width: 40px;\"><\/div>\n<div style=\"flex-direction: column; flex-grow: 1; justify-content: center;\">\n<div style=\"background-color: #f4f4f4; border-radius: 4px; flex-grow: 0; height: 14px; margin-bottom: 6px; width: 100px;\"><\/div>\n<div style=\"background-color: #f4f4f4; border-radius: 4px; flex-grow: 0; height: 14px; width: 60px;\"><\/div>\n<\/div>\n<\/div>\n<div style=\"padding: 19% 0;\"><\/div>\n<div style=\"height: 50px; margin: 0 auto 12px; width: 50px;\"><\/div>\n<div style=\"padding-top: 8px;\">\n<div style=\"color: #3897f0; font-family: Arial,sans-serif; font-size: 14px; font-style: normal; font-weight: 550; line-height: 18px;\">Voir cette publication sur Instagram<\/div>\n<\/div>\n<div style=\"padding: 12.5% 0;\"><\/div>\n<div style=\"flex-direction: row; margin-bottom: 14px; align-items: center;\">\n<div>\n<div style=\"background-color: #f4f4f4; border-radius: 50%; height: 12.5px; width: 12.5px;\"><\/div>\n<div style=\"background-color: #f4f4f4; height: 12.5px; width: 12.5px; flex-grow: 0; margin-right: 14px; margin-left: 2px;\"><\/div>\n<div style=\"background-color: #f4f4f4; border-radius: 50%; height: 12.5px; width: 12.5px;\"><\/div>\n<\/div>\n<div style=\"margin-left: 8px;\">\n<div style=\"background-color: #f4f4f4; border-radius: 50%; flex-grow: 0; height: 20px; width: 20px;\"><\/div>\n<div style=\"width: 0; height: 0; border-top: 2px solid transparent; border-left: 6px solid #f4f4f4; border-bottom: 2px solid transparent;\"><\/div>\n<\/div>\n<div style=\"margin-left: auto;\">\n<div style=\"width: 0px; border-top: 8px solid #F4F4F4; border-right: 8px solid transparent;\"><\/div>\n<div style=\"background-color: #f4f4f4; flex-grow: 0; height: 12px; width: 16px;\"><\/div>\n<div style=\"width: 0; height: 0; border-top: 8px solid #F4F4F4; border-left: 8px solid transparent;\"><\/div>\n<\/div>\n<\/div>\n<div style=\"flex-direction: column; flex-grow: 1; justify-content: center; margin-bottom: 24px;\">\n<div style=\"background-color: #f4f4f4; border-radius: 4px; flex-grow: 0; height: 14px; margin-bottom: 6px; width: 224px;\"><\/div>\n<div style=\"background-color: #f4f4f4; border-radius: 4px; flex-grow: 0; height: 14px; width: 144px;\"><\/div>\n<\/div>\n<p>&nbsp;<\/p>\n<p style=\"color: #c9c8cd; font-family: Arial,sans-serif; font-size: 14px; line-height: 17px; margin-bottom: 0; margin-top: 8px; overflow: hidden; padding: 8px 0 7px; text-align: center;\"><a style=\"color: #c9c8cd; font-family: Arial,sans-serif; font-size: 14px; font-style: normal; font-weight: normal; line-height: 17px; text-decoration: none;\" href=\"https:\/\/www.instagram.com\/p\/DNVCigOsNOA\/?utm_source=ig_embed&amp;utm_campaign=loading\" target=\"_blank\" rel=\"noopener\">Une publication partag\u00e9e par Alessandro Alberti (@alealberti62)<\/a><\/p>\n<\/div>\n<\/blockquote>\n<p><span style=\"font-weight: 400;\">Que vous soyez passionn\u00e9 de v\u00e9lo ou simple amateur de d\u00e9couvertes, la <strong>v\u00e9loroute entre Ravenne et Leuca<\/strong> vous offre une exp\u00e9rience unique. Les paysages varient, les rencontres se multiplient, et chaque \u00e9tape vous rapproche un peu plus de l\u2019essence m\u00eame de l\u2019Italie. Avec une offre de transport pratique et \u00e0 prix raisonnable, vous n\u2019avez plus d\u2019excuse pour ne pas enfourcher votre v\u00e9lo et partir \u00e0 la conqu\u00eate de cette magnifique c\u00f4te.<\/span><\/p>\n","protected":false},"excerpt":{"rendered":"<p>Laissez-vous guider par les courbes de la mer Adriatique, de Ravenne \u00e0 Leuca, pour une aventure \u00e0 v\u00e9lo o\u00f9 chaque [&hellip;]<\/p>\n","protected":false},"author":3,"featured_media":33654,"comment_status":"open","ping_status":"closed","sticky":false,"template":"","format":"standard","meta":{"_acf_changed":false,"_sitemap_exclude":false,"_sitemap_priority":"","_sitemap_frequency":"","footnotes":"","rank_math_title":"","rank_math_description":"De Ravenne \u00e0 Leuca, partez \u00e0 la d\u00e9couverte d\u2019une c\u00f4te adriatique in\u00e9dite, entre culture, nature et plaisir de p\u00e9daler.\n","rank_math_canonical_url":"","rank_math_focus_keyword":"adriatique,v\u00e9lo"},"categories":[3],"tags":[],"class_list":["post-33653","post","type-post","status-publish","format-standard","has-post-thumbnail","hentry","category-voyage"],"acf":[],"_links":{"self":[{"href":"https:\/\/ulysse.com\/news\/wp-json\/wp\/v2\/posts\/33653","targetHints":{"allow":["GET"]}}],"collection":[{"href":"https:\/\/ulysse.com\/news\/wp-json\/wp\/v2\/posts"}],"about":[{"href":"https:\/\/ulysse.com\/news\/wp-json\/wp\/v2\/types\/post"}],"author":[{"embeddable":true,"href":"https:\/\/ulysse.com\/news\/wp-json\/wp\/v2\/users\/3"}],"replies":[{"embeddable":true,"href":"https:\/\/ulysse.com\/news\/wp-json\/wp\/v2\/comments?post=33653"}],"version-history":[{"count":2,"href":"https:\/\/ulysse.com\/news\/wp-json\/wp\/v2\/posts\/33653\/revisions"}],"predecessor-version":[{"id":33658,"href":"https:\/\/ulysse.com\/news\/wp-json\/wp\/v2\/posts\/33653\/revisions\/33658"}],"wp:featuredmedia":[{"embeddable":true,"href":"https:\/\/ulysse.com\/news\/wp-json\/wp\/v2\/media\/33654"}],"wp:attachment":[{"href":"https:\/\/ulysse.com\/news\/wp-json\/wp\/v2\/media?parent=33653"}],"wp:term":[{"taxonomy":"category","embeddable":true,"href":"https:\/\/ulysse.com\/news\/wp-json\/wp\/v2\/categories?post=33653"},{"taxonomy":"post_tag","embeddable":true,"href":"https:\/\/ulysse.com\/news\/wp-json\/wp\/v2\/tags?post=33653"}],"curies":[{"name":"wp","href":"https:\/\/api.w.org\/{rel}","templated":true}]}}