{"id":33705,"date":"2025-08-17T07:00:24","date_gmt":"2025-08-17T06:00:24","guid":{"rendered":"https:\/\/discover.ulysse.com\/?p=33705"},"modified":"2025-08-15T13:45:24","modified_gmt":"2025-08-15T12:45:24","slug":"ils-fuient-les-plages-bondees-ces-italiens-qui-redecouvrent-le-luxe-des-alpes-lete","status":"publish","type":"post","link":"https:\/\/ulysse.com\/news\/ils-fuient-les-plages-bondees-ces-italiens-qui-redecouvrent-le-luxe-des-alpes-lete","title":{"rendered":"Ils fuient les plages bond\u00e9es : ces Italiens qui red\u00e9couvrent le luxe des Alpes l\u2019\u00e9t\u00e9"},"content":{"rendered":"<p><span style=\"font-weight: 400;\">L&#8217;\u00e9t\u00e9 2025 a frapp\u00e9 l&#8217;Italie de plein fouet avec des vagues de chaleur record. Tandis que les plages baign\u00e9es de soleil se vident peu \u00e0 peu, les <strong>montagnes voisines<\/strong>, en revanche, connaissent une affluence inattendue. Et si, cette ann\u00e9e, les Italiens ont d\u00e9cid\u00e9 d\u2019\u00e9changer leur chaise longue contre un sac \u00e0 dos et une bonne paire de chaussures de randonn\u00e9e ? Plut\u00f4t que de se faire bronzer sur le sable, ils pr\u00e9f\u00e8rent maintenant prendre de la hauteur, direction les<strong> cimes alpines<\/strong>. Une tendance qui, loin d\u2019\u00eatre un simple effet de mode, s\u2019inscrit dans un ph\u00e9nom\u00e8ne plus vaste li\u00e9 \u00e0 des \u00e9t\u00e9s de plus en plus caniculaires.<\/span><\/p>\n<h2><b>L&#8217;appel des sommets : les plages ne sont plus \u00e0 la hauteur<\/b><\/h2>\n<p><span style=\"font-weight: 400;\">Les<a href=\"https:\/\/discover.ulysse.com\/litalie-transforme-ses-plages-en-peages-de-luxe-80e-pour-un-transat\"> plages italiennes<\/a>, autrefois des lieux de rassemblement incontournables pendant l&#8217;\u00e9t\u00e9, sont en train de perdre de leur attrait. Entre les temp\u00e9ratures qui flirtent avec les 40\u00b0C et la foule qui envahit chaque recoin du littoral, l\u2019id\u00e9e m\u00eame de passer une journ\u00e9e \u00e0 la mer devient un vrai d\u00e9fi. Des destinations populaires comme la <strong>c\u00f4te amalfitaine ou la Sicile<\/strong>, habituellement satur\u00e9es, voient leurs chiffres de fr\u00e9quentation chuter drastiquement, parfois jusqu\u2019\u00e0 25 %., selon <a href=\"https:\/\/fr.euronews.com\/voyages\/2025\/08\/14\/en-pleine-canicule-les-italiens-abandonnent-la-plage-pour-la-montagne\" target=\"_blank\" rel=\"noopener\">Euronews<\/a> Face \u00e0 cette fournaise, de nombreux Italiens cherchent des alternatives. Et quelle meilleure alternative que l\u2019air frais des montagnes ?<\/span><\/p>\n<p><span style=\"font-weight: 400;\"><strong>Les Alpes et les Dolomites<\/strong>, avec leur climat plus temp\u00e9r\u00e9 et leurs paysages \u00e0 couper le souffle, apparaissent comme un refuge id\u00e9al. Non seulement ces montagnes offrent une fra\u00eecheur bienvenue, mais elles promettent aussi des panoramas spectaculaires et des activit\u00e9s de plein air \u00e0 foison. Ce virage vers la montagne s\u2019accompagne aussi d\u2019une envie de renouer avec la nature, d\u2019\u00e9chapper au tumulte des plages bond\u00e9es et de retrouver un rythme plus lent, plus d\u00e9tendu.<\/span><\/p>\n<blockquote class=\"instagram-media\" style=\"background: #FFF; border: 0; border-radius: 3px; margin: 1px; max-width: 540px; min-width: 326px; padding: 0; width: calc(100% - 2px);\" data-instgrm-captioned=\"\" data-instgrm-permalink=\"https:\/\/www.instagram.com\/p\/DL0m04xsRSQ\/?utm_source=ig_embed&amp;utm_campaign=loading\" data-instgrm-version=\"14\">\n<div style=\"padding: 16px;\">\n<p>&nbsp;<\/p>\n<div style=\"flex-direction: row; align-items: center;\">\n<div style=\"background-color: #f4f4f4; border-radius: 50%; flex-grow: 0; height: 40px; margin-right: 14px; width: 40px;\"><\/div>\n<div style=\"flex-direction: column; flex-grow: 1; justify-content: center;\">\n<div style=\"background-color: #f4f4f4; border-radius: 4px; flex-grow: 0; height: 14px; margin-bottom: 6px; width: 100px;\"><\/div>\n<div style=\"background-color: #f4f4f4; border-radius: 4px; flex-grow: 0; height: 14px; width: 60px;\"><\/div>\n<\/div>\n<\/div>\n<div style=\"padding: 19% 0;\"><\/div>\n<div style=\"height: 50px; margin: 0 auto 12px; width: 50px;\"><\/div>\n<div style=\"padding-top: 8px;\">\n<div style=\"color: #3897f0; font-family: Arial,sans-serif; font-size: 14px; font-style: normal; font-weight: 550; line-height: 18px;\">Voir cette publication sur Instagram<\/div>\n<\/div>\n<div style=\"padding: 12.5% 0;\"><\/div>\n<div style=\"flex-direction: row; margin-bottom: 14px; align-items: center;\">\n<div>\n<div style=\"background-color: #f4f4f4; border-radius: 50%; height: 12.5px; width: 12.5px;\"><\/div>\n<div style=\"background-color: #f4f4f4; height: 12.5px; width: 12.5px; flex-grow: 0; margin-right: 14px; margin-left: 2px;\"><\/div>\n<div style=\"background-color: #f4f4f4; border-radius: 50%; height: 12.5px; width: 12.5px;\"><\/div>\n<\/div>\n<div style=\"margin-left: 8px;\">\n<div style=\"background-color: #f4f4f4; border-radius: 50%; flex-grow: 0; height: 20px; width: 20px;\"><\/div>\n<div style=\"width: 0; height: 0; border-top: 2px solid transparent; border-left: 6px solid #f4f4f4; border-bottom: 2px solid transparent;\"><\/div>\n<\/div>\n<div style=\"margin-left: auto;\">\n<div style=\"width: 0px; border-top: 8px solid #F4F4F4; border-right: 8px solid transparent;\"><\/div>\n<div style=\"background-color: #f4f4f4; flex-grow: 0; height: 12px; width: 16px;\"><\/div>\n<div style=\"width: 0; height: 0; border-top: 8px solid #F4F4F4; border-left: 8px solid transparent;\"><\/div>\n<\/div>\n<\/div>\n<div style=\"flex-direction: column; flex-grow: 1; justify-content: center; margin-bottom: 24px;\">\n<div style=\"background-color: #f4f4f4; border-radius: 4px; flex-grow: 0; height: 14px; margin-bottom: 6px; width: 224px;\"><\/div>\n<div style=\"background-color: #f4f4f4; border-radius: 4px; flex-grow: 0; height: 14px; width: 144px;\"><\/div>\n<\/div>\n<p>&nbsp;<\/p>\n<p style=\"color: #c9c8cd; font-family: Arial,sans-serif; font-size: 14px; line-height: 17px; margin-bottom: 0; margin-top: 8px; overflow: hidden; padding: 8px 0 7px; text-align: center;\"><a style=\"color: #c9c8cd; font-family: Arial,sans-serif; font-size: 14px; font-style: normal; font-weight: normal; line-height: 17px; text-decoration: none;\" href=\"https:\/\/www.instagram.com\/p\/DL0m04xsRSQ\/?utm_source=ig_embed&amp;utm_campaign=loading\" target=\"_blank\" rel=\"noopener\">Une publication partag\u00e9e par Dolomiti (@dolomites)<\/a><\/p>\n<\/div>\n<\/blockquote>\n<h2><b>Des montagnes aux temp\u00e9ratures douces : un paradis estival<\/b><\/h2>\n<p><span style=\"font-weight: 400;\">Contrairement aux temp\u00e9ratures torrides du littoral, les Alpes et les Dolomites connaissent un climat beaucoup plus agr\u00e9able pendant l\u2019\u00e9t\u00e9. Les temp\u00e9ratures oscillent autour des 20\u00b0C \u00e0 25\u00b0C, offrant un vrai r\u00e9pit aux vacanciers \u00e9puis\u00e9s par la chaleur. Des stations comme<strong> Cortina d&#8217;Ampezzo ou Bolzano<\/strong> deviennent des points de chute incontournables pour ceux qui souhaitent fuir la canicule. Avec leurs lacs alpins cristallins, leurs for\u00eats verdoyantes et leurs sentiers de randonn\u00e9e, ces destinations deviennent des lieux de ressourcement parfaits.<\/span><\/p>\n<p><span style=\"font-weight: 400;\">Pour les amateurs de randonn\u00e9e, il n&#8217;y a pas de meilleure p\u00e9riode que l\u2019\u00e9t\u00e9 pour d\u00e9couvrir les majestueuses montagnes italiennes. Leurs paysages pittoresques, fa\u00e7onn\u00e9s par des glaciers et des formations rocheuses uniques, sont propices \u00e0 des aventures inoubliables. L\u2019ascension de certains sommets, comme le<a href=\"https:\/\/discover.ulysse.com\/les-dolomites-se-rebellent-et-les-touristes-sont-les-grandes-victimes\"> Tre Cime di Lavaredo,<\/a> permet de profiter de vues spectaculaires sur les vall\u00e9es environnantes. La montagne, loin d\u2019\u00eatre un terrain r\u00e9serv\u00e9 aux sports d&#8217;hiver, se transforme ainsi en un lieu id\u00e9al pour se reconnecter \u00e0 la nature tout en profitant de temp\u00e9ratures douces.<\/span><\/p>\n<blockquote class=\"instagram-media\" style=\"background: #FFF; border: 0; border-radius: 3px; margin: 1px; max-width: 540px; min-width: 326px; padding: 0; width: calc(100% - 2px);\" data-instgrm-captioned=\"\" data-instgrm-permalink=\"https:\/\/www.instagram.com\/p\/DNVtBJaIB3o\/?utm_source=ig_embed&amp;utm_campaign=loading\" data-instgrm-version=\"14\">\n<div style=\"padding: 16px;\">\n<p>&nbsp;<\/p>\n<div style=\"flex-direction: row; align-items: center;\">\n<div style=\"background-color: #f4f4f4; border-radius: 50%; flex-grow: 0; height: 40px; margin-right: 14px; width: 40px;\"><\/div>\n<div style=\"flex-direction: column; flex-grow: 1; justify-content: center;\">\n<div style=\"background-color: #f4f4f4; border-radius: 4px; flex-grow: 0; height: 14px; margin-bottom: 6px; width: 100px;\"><\/div>\n<div style=\"background-color: #f4f4f4; border-radius: 4px; flex-grow: 0; height: 14px; width: 60px;\"><\/div>\n<\/div>\n<\/div>\n<div style=\"padding: 19% 0;\"><\/div>\n<div style=\"height: 50px; margin: 0 auto 12px; width: 50px;\"><\/div>\n<div style=\"padding-top: 8px;\">\n<div style=\"color: #3897f0; font-family: Arial,sans-serif; font-size: 14px; font-style: normal; font-weight: 550; line-height: 18px;\">Voir cette publication sur Instagram<\/div>\n<\/div>\n<div style=\"padding: 12.5% 0;\"><\/div>\n<div style=\"flex-direction: row; margin-bottom: 14px; align-items: center;\">\n<div>\n<div style=\"background-color: #f4f4f4; border-radius: 50%; height: 12.5px; width: 12.5px;\"><\/div>\n<div style=\"background-color: #f4f4f4; height: 12.5px; width: 12.5px; flex-grow: 0; margin-right: 14px; margin-left: 2px;\"><\/div>\n<div style=\"background-color: #f4f4f4; border-radius: 50%; height: 12.5px; width: 12.5px;\"><\/div>\n<\/div>\n<div style=\"margin-left: 8px;\">\n<div style=\"background-color: #f4f4f4; border-radius: 50%; flex-grow: 0; height: 20px; width: 20px;\"><\/div>\n<div style=\"width: 0; height: 0; border-top: 2px solid transparent; border-left: 6px solid #f4f4f4; border-bottom: 2px solid transparent;\"><\/div>\n<\/div>\n<div style=\"margin-left: auto;\">\n<div style=\"width: 0px; border-top: 8px solid #F4F4F4; border-right: 8px solid transparent;\"><\/div>\n<div style=\"background-color: #f4f4f4; flex-grow: 0; height: 12px; width: 16px;\"><\/div>\n<div style=\"width: 0; height: 0; border-top: 8px solid #F4F4F4; border-left: 8px solid transparent;\"><\/div>\n<\/div>\n<\/div>\n<div style=\"flex-direction: column; flex-grow: 1; justify-content: center; margin-bottom: 24px;\">\n<div style=\"background-color: #f4f4f4; border-radius: 4px; flex-grow: 0; height: 14px; margin-bottom: 6px; width: 224px;\"><\/div>\n<div style=\"background-color: #f4f4f4; border-radius: 4px; flex-grow: 0; height: 14px; width: 144px;\"><\/div>\n<\/div>\n<p>&nbsp;<\/p>\n<p style=\"color: #c9c8cd; font-family: Arial,sans-serif; font-size: 14px; line-height: 17px; margin-bottom: 0; margin-top: 8px; overflow: hidden; padding: 8px 0 7px; text-align: center;\"><a style=\"color: #c9c8cd; font-family: Arial,sans-serif; font-size: 14px; font-style: normal; font-weight: normal; line-height: 17px; text-decoration: none;\" href=\"https:\/\/www.instagram.com\/p\/DNVtBJaIB3o\/?utm_source=ig_embed&amp;utm_campaign=loading\" target=\"_blank\" rel=\"noopener\">Une publication partag\u00e9e par Cortina Official Page (@cortinadolomiti)<\/a><\/p>\n<\/div>\n<\/blockquote>\n<h2><b>Le changement climatique, moteur de cette nouvelle tendance<\/b><\/h2>\n<p><span style=\"font-weight: 400;\">Cette nouvelle obsession pour les <strong>montagnes italiennes<\/strong> ne se limite pas \u00e0 une simple recherche de fra\u00eecheur. Elle est aussi un reflet des impacts concrets du changement climatique sur les habitudes estivales. Avec l\u2019intensification des vagues de chaleur, les Italiens et les Europ\u00e9ens en g\u00e9n\u00e9ral cherchent de plus en plus des destinations capables de les prot\u00e9ger des temp\u00e9ratures extr\u00eames. En fait, selon les experts, les <strong>vagues de chaleur<\/strong> comme celle de cet \u00e9t\u00e9 2025 sont devenues beaucoup plus fr\u00e9quentes, et leur intensit\u00e9, de plus en plus difficile \u00e0 ignorer.<\/span><\/p>\n<p><span style=\"font-weight: 400;\">Les <strong>stations de montagne<\/strong>, qui \u00e9taient autrefois per\u00e7ues comme des refuges hivernaux, s\u2019imposent d\u00e9sormais comme des havres de paix pour l\u2019\u00e9t\u00e9. Ce ph\u00e9nom\u00e8ne, bien que r\u00e9cent, semble s\u2019installer durablement dans les habitudes des vacanciers. Ce qui \u00e9tait autrefois un changement occasionnel est devenu une v\u00e9ritable tendance, pouss\u00e9e par les conditions climatiques de plus en plus extr\u00eames.<\/span><\/p>\n<h2><b>Les montagnes : une nouvelle \u00e9conomie estivale en plein essor<\/b><\/h2>\n<p><span style=\"font-weight: 400;\">La tendance \u00e0 la mont\u00e9e vers les cimes ne se limite pas \u00e0 un simple d\u00e9sir de fra\u00eecheur ; elle constitue \u00e9galement un tournant \u00e9conomique pour les r\u00e9gions montagneuses. <strong>Les Alpes,<\/strong> traditionnellement associ\u00e9es au ski et aux sports d&#8217;hiver, voient d\u00e9sormais un afflux de vacanciers estivaux, ce qui booste l&#8217;\u00e9conomie locale. H\u00f4tels, restaurants et magasins profitent d\u2019un \u00e9t\u00e9 plus long et plus profitable, tandis que de nouvelles offres touristiques \u00e9mergent, adapt\u00e9es \u00e0 un public en qu\u00eate de d\u00e9couvertes estivales : circuits en v\u00e9lo de montagne, ascensions guid\u00e9es, ou encore s\u00e9jours bien-\u00eatre dans des h\u00f4tels \u00e9coresponsables.<\/span><\/p>\n<p><span style=\"font-weight: 400;\">Les autorit\u00e9s locales, conscientes de cette \u00e9volution, investissent dans des infrastructures adapt\u00e9es pour accueillir cette nouvelle client\u00e8le estivale. Des efforts sont faits pour am\u00e9nager des sentiers de randonn\u00e9e, d\u00e9velopper des transports en commun plus efficaces et am\u00e9liorer l\u2019acc\u00e8s aux lieux d\u2019int\u00e9r\u00eat tout en pr\u00e9servant la beaut\u00e9 naturelle des paysages. L\u2019objectif est de garantir un tourisme durable qui profite aux visiteurs tout en respectant les sp\u00e9cificit\u00e9s \u00e9cologiques des montagnes.<\/span><\/p>\n","protected":false},"excerpt":{"rendered":"<p>L&#8217;\u00e9t\u00e9 2025 a frapp\u00e9 l&#8217;Italie de plein fouet avec des vagues de chaleur record. Tandis que les plages baign\u00e9es de [&hellip;]<\/p>\n","protected":false},"author":3,"featured_media":33706,"comment_status":"open","ping_status":"closed","sticky":false,"template":"","format":"standard","meta":{"_acf_changed":false,"_sitemap_exclude":false,"_sitemap_priority":"","_sitemap_frequency":"","footnotes":"","rank_math_title":"","rank_math_description":"Cet \u00e9t\u00e9, face \u00e0 la chaleur accablante, les Italiens d\u00e9sertent les plages pour se r\u00e9fugier dans les Alpes, une tendance en plein essor.\n","rank_math_canonical_url":"","rank_math_focus_keyword":"italien,alpe"},"categories":[3],"tags":[],"class_list":["post-33705","post","type-post","status-publish","format-standard","has-post-thumbnail","hentry","category-voyage"],"acf":[],"_links":{"self":[{"href":"https:\/\/ulysse.com\/news\/wp-json\/wp\/v2\/posts\/33705","targetHints":{"allow":["GET"]}}],"collection":[{"href":"https:\/\/ulysse.com\/news\/wp-json\/wp\/v2\/posts"}],"about":[{"href":"https:\/\/ulysse.com\/news\/wp-json\/wp\/v2\/types\/post"}],"author":[{"embeddable":true,"href":"https:\/\/ulysse.com\/news\/wp-json\/wp\/v2\/users\/3"}],"replies":[{"embeddable":true,"href":"https:\/\/ulysse.com\/news\/wp-json\/wp\/v2\/comments?post=33705"}],"version-history":[{"count":3,"href":"https:\/\/ulysse.com\/news\/wp-json\/wp\/v2\/posts\/33705\/revisions"}],"predecessor-version":[{"id":33710,"href":"https:\/\/ulysse.com\/news\/wp-json\/wp\/v2\/posts\/33705\/revisions\/33710"}],"wp:featuredmedia":[{"embeddable":true,"href":"https:\/\/ulysse.com\/news\/wp-json\/wp\/v2\/media\/33706"}],"wp:attachment":[{"href":"https:\/\/ulysse.com\/news\/wp-json\/wp\/v2\/media?parent=33705"}],"wp:term":[{"taxonomy":"category","embeddable":true,"href":"https:\/\/ulysse.com\/news\/wp-json\/wp\/v2\/categories?post=33705"},{"taxonomy":"post_tag","embeddable":true,"href":"https:\/\/ulysse.com\/news\/wp-json\/wp\/v2\/tags?post=33705"}],"curies":[{"name":"wp","href":"https:\/\/api.w.org\/{rel}","templated":true}]}}