{"id":33718,"date":"2025-08-17T16:00:14","date_gmt":"2025-08-17T15:00:14","guid":{"rendered":"https:\/\/discover.ulysse.com\/?p=33718"},"modified":"2025-08-17T09:44:53","modified_gmt":"2025-08-17T08:44:53","slug":"a-santa-luzia-le-funiculaire-le-plus-long-du-portugal-vous-entraine-dans-une-montee-incroyable-entre-paysages-marins-et-collines-pittoresques","status":"publish","type":"post","link":"https:\/\/ulysse.com\/news\/a-santa-luzia-le-funiculaire-le-plus-long-du-portugal-vous-entraine-dans-une-montee-incroyable-entre-paysages-marins-et-collines-pittoresques","title":{"rendered":"\u00c0 Santa Luzia, le funiculaire le plus long du Portugal vous entra\u00eene dans une mont\u00e9e incroyable, entre paysages marins et collines pittoresques"},"content":{"rendered":"<p><span style=\"font-weight: 400;\">Au nord du Portugal, \u00e0 quelques kilom\u00e8tres de l&#8217;Atlantique, un petit bijou de transport attend les curieux et les amateurs de panoramas : le <strong>funiculaire de Santa Luzia<\/strong>. Ce n&#8217;est pas n&#8217;importe quel funiculaire, c&#8217;est <\/span><b>le plus long du pays<\/b><span style=\"font-weight: 400;\"> ! Une exp\u00e9rience aussi excitante qu\u2019impressionnante, qui vous propulse en hauteur tout en offrant des vues \u00e0 couper le souffle. Et croyez-nous, cette ascension vertigineuse vaut bien plus qu&#8217;un simple trajet. C\u2019est un voyage suspendu entre mer et montagne que vous n&#8217;\u00eates pas pr\u00e8s d\u2019oublier !<\/span><\/p>\n<h2><b>Montez \u00e0 bord et laissez-vous emporter<\/b><\/h2>\n<p><span style=\"font-weight: 400;\">Inaugur\u00e9 en 1923, le funiculaire de Santa Luzia grimpe sur <strong>650 m\u00e8tres<\/strong> de long et un d\u00e9nivel\u00e9 de<strong> 160 m\u00e8tres.<\/strong> Un trajet rapide de 6 \u00e0 7 minutes qui donne l&#8217;impression de d\u00e9fier la gravit\u00e9 tout en vous offrant une vue spectaculaire sur <a href=\"https:\/\/discover.ulysse.com\/villes-europeennes-classees-accueillantes-2024\">Viana do Castelo<\/a>, la ville qui borde l\u2019estuaire du Lima. La mont\u00e9e se fait en douceur, mais croyez-nous, \u00e0 chaque m\u00e8tre gagn\u00e9, le panorama devient de plus en plus \u00e9poustouflant.<\/span><\/p>\n<p><span style=\"font-weight: 400;\">L\u2019exp\u00e9rience commence d\u00e8s que vous embarquez : les cabines modernes (elles peuvent accueillir 25 personnes) glissent avec une fluidit\u00e9 incroyable gr\u00e2ce \u00e0 un moteur \u00e9lectrique, mais attention, des moteurs diesel sont pr\u00eats \u00e0 intervenir en cas de p\u00e9pin. Et pour les plus aventuriers, pas de panique : m\u00eame vos v\u00e9los ou poussettes peuvent profiter de cette aventure. Ce n&#8217;est pas juste un transport, c&#8217;est un v\u00e9ritable moment \u00e0 vivre.<\/span><\/p>\n<blockquote class=\"instagram-media\" style=\"background: #FFF; border: 0; border-radius: 3px; margin: 1px; max-width: 540px; min-width: 326px; padding: 0; width: calc(100% - 2px);\" data-instgrm-captioned=\"\" data-instgrm-permalink=\"https:\/\/www.instagram.com\/p\/CMPQRfjBI3t\/?utm_source=ig_embed&amp;utm_campaign=loading\" data-instgrm-version=\"14\">\n<div style=\"padding: 16px;\">\n<p>&nbsp;<\/p>\n<div style=\"flex-direction: row; align-items: center;\">\n<div style=\"background-color: #f4f4f4; border-radius: 50%; flex-grow: 0; height: 40px; margin-right: 14px; width: 40px;\"><\/div>\n<div style=\"flex-direction: column; flex-grow: 1; justify-content: center;\">\n<div style=\"background-color: #f4f4f4; border-radius: 4px; flex-grow: 0; height: 14px; margin-bottom: 6px; width: 100px;\"><\/div>\n<div style=\"background-color: #f4f4f4; border-radius: 4px; flex-grow: 0; height: 14px; width: 60px;\"><\/div>\n<\/div>\n<\/div>\n<div style=\"padding: 19% 0;\"><\/div>\n<div style=\"height: 50px; margin: 0 auto 12px; width: 50px;\"><\/div>\n<div style=\"padding-top: 8px;\">\n<div style=\"color: #3897f0; font-family: Arial,sans-serif; font-size: 14px; font-style: normal; font-weight: 550; line-height: 18px;\">Ver essa foto no Instagram<\/div>\n<\/div>\n<div style=\"padding: 12.5% 0;\"><\/div>\n<div style=\"flex-direction: row; margin-bottom: 14px; align-items: center;\">\n<div>\n<div style=\"background-color: #f4f4f4; border-radius: 50%; height: 12.5px; width: 12.5px;\"><\/div>\n<div style=\"background-color: #f4f4f4; height: 12.5px; width: 12.5px; flex-grow: 0; margin-right: 14px; margin-left: 2px;\"><\/div>\n<div style=\"background-color: #f4f4f4; border-radius: 50%; height: 12.5px; width: 12.5px;\"><\/div>\n<\/div>\n<div style=\"margin-left: 8px;\">\n<div style=\"background-color: #f4f4f4; border-radius: 50%; flex-grow: 0; height: 20px; width: 20px;\"><\/div>\n<div style=\"width: 0; height: 0; border-top: 2px solid transparent; border-left: 6px solid #f4f4f4; border-bottom: 2px solid transparent;\"><\/div>\n<\/div>\n<div style=\"margin-left: auto;\">\n<div style=\"width: 0px; border-top: 8px solid #F4F4F4; border-right: 8px solid transparent;\"><\/div>\n<div style=\"background-color: #f4f4f4; flex-grow: 0; height: 12px; width: 16px;\"><\/div>\n<div style=\"width: 0; height: 0; border-top: 8px solid #F4F4F4; border-left: 8px solid transparent;\"><\/div>\n<\/div>\n<\/div>\n<div style=\"flex-direction: column; flex-grow: 1; justify-content: center; margin-bottom: 24px;\">\n<div style=\"background-color: #f4f4f4; border-radius: 4px; flex-grow: 0; height: 14px; margin-bottom: 6px; width: 224px;\"><\/div>\n<div style=\"background-color: #f4f4f4; border-radius: 4px; flex-grow: 0; height: 14px; width: 144px;\"><\/div>\n<\/div>\n<p>&nbsp;<\/p>\n<p style=\"color: #c9c8cd; font-family: Arial,sans-serif; font-size: 14px; line-height: 17px; margin-bottom: 0; margin-top: 8px; overflow: hidden; padding: 8px 0 7px; text-align: center;\"><a style=\"color: #c9c8cd; font-family: Arial,sans-serif; font-size: 14px; font-style: normal; font-weight: normal; line-height: 17px; text-decoration: none;\" href=\"https:\/\/www.instagram.com\/p\/CMPQRfjBI3t\/?utm_source=ig_embed&amp;utm_campaign=loading\" target=\"_blank\" rel=\"noopener\">Uma publica\u00e7\u00e3o compartilhada por Minho &#8211; The Heart of Portugal (@visit_minho)<\/a><\/p>\n<\/div>\n<\/blockquote>\n<h2><b>Santa Luzia : un sommet qui fait r\u00eaver<\/b><\/h2>\n<p><span style=\"font-weight: 400;\">Arriv\u00e9 en haut, la r\u00e9compense est \u00e0 la hauteur de l\u2019effort. Le <\/span><b>Sanctuaire du Sacr\u00e9-C\u0153ur-de-J\u00e9sus<\/b><span style=\"font-weight: 400;\">, majestueux, se dresse fi\u00e8rement sur la colline, offrant une vue imprenable sur l&#8217;oc\u00e9an Atlantique et la ville de Viana do Castelo. Une fois l\u00e0-haut, vous vous sentez presque surplombant le monde. Vous avez aussi la possibilit\u00e9 de grimper jusqu\u2019au sommet du d\u00f4me du sanctuaire, pour une vue panoramique encore plus incroyable \u2013 un vrai coup de c\u0153ur pour les photographes en herbe.<\/span><\/p>\n<p><span style=\"font-weight: 400;\">Et ce n\u2019est pas tout : vous \u00eates \u00e0 deux pas de la <\/span><b>cit\u00e2nia de Santa Luzia<\/b><span style=\"font-weight: 400;\">, un site arch\u00e9ologique fascinant datant de l&#8217;\u00e2ge du fer, un petit saut dans l\u2019histoire en pleine nature. L&#8217;endroit est parfait pour une balade tranquille apr\u00e8s la mont\u00e9e, ou pour se ressourcer en plein c\u0153ur du patrimoine portugais.<\/span><\/p>\n<blockquote class=\"instagram-media\" style=\"background: #FFF; border: 0; border-radius: 3px; margin: 1px; max-width: 540px; min-width: 326px; padding: 0; width: calc(100% - 2px);\" data-instgrm-captioned=\"\" data-instgrm-permalink=\"https:\/\/www.instagram.com\/p\/BgCofLoDayG\/?utm_source=ig_embed&amp;utm_campaign=loading\" data-instgrm-version=\"14\">\n<div style=\"padding: 16px;\">\n<p>&nbsp;<\/p>\n<div style=\"flex-direction: row; align-items: center;\">\n<div style=\"background-color: #f4f4f4; border-radius: 50%; flex-grow: 0; height: 40px; margin-right: 14px; width: 40px;\"><\/div>\n<div style=\"flex-direction: column; flex-grow: 1; justify-content: center;\">\n<div style=\"background-color: #f4f4f4; border-radius: 4px; flex-grow: 0; height: 14px; margin-bottom: 6px; width: 100px;\"><\/div>\n<div style=\"background-color: #f4f4f4; border-radius: 4px; flex-grow: 0; height: 14px; width: 60px;\"><\/div>\n<\/div>\n<\/div>\n<div style=\"padding: 19% 0;\"><\/div>\n<div style=\"height: 50px; margin: 0 auto 12px; width: 50px;\"><\/div>\n<div style=\"padding-top: 8px;\">\n<div style=\"color: #3897f0; font-family: Arial,sans-serif; font-size: 14px; font-style: normal; font-weight: 550; line-height: 18px;\">Ver essa foto no Instagram<\/div>\n<\/div>\n<div style=\"padding: 12.5% 0;\"><\/div>\n<div style=\"flex-direction: row; margin-bottom: 14px; align-items: center;\">\n<div>\n<div style=\"background-color: #f4f4f4; border-radius: 50%; height: 12.5px; width: 12.5px;\"><\/div>\n<div style=\"background-color: #f4f4f4; height: 12.5px; width: 12.5px; flex-grow: 0; margin-right: 14px; margin-left: 2px;\"><\/div>\n<div style=\"background-color: #f4f4f4; border-radius: 50%; height: 12.5px; width: 12.5px;\"><\/div>\n<\/div>\n<div style=\"margin-left: 8px;\">\n<div style=\"background-color: #f4f4f4; border-radius: 50%; flex-grow: 0; height: 20px; width: 20px;\"><\/div>\n<div style=\"width: 0; height: 0; border-top: 2px solid transparent; border-left: 6px solid #f4f4f4; border-bottom: 2px solid transparent;\"><\/div>\n<\/div>\n<div style=\"margin-left: auto;\">\n<div style=\"width: 0px; border-top: 8px solid #F4F4F4; border-right: 8px solid transparent;\"><\/div>\n<div style=\"background-color: #f4f4f4; flex-grow: 0; height: 12px; width: 16px;\"><\/div>\n<div style=\"width: 0; height: 0; border-top: 8px solid #F4F4F4; border-left: 8px solid transparent;\"><\/div>\n<\/div>\n<\/div>\n<div style=\"flex-direction: column; flex-grow: 1; justify-content: center; margin-bottom: 24px;\">\n<div style=\"background-color: #f4f4f4; border-radius: 4px; flex-grow: 0; height: 14px; margin-bottom: 6px; width: 224px;\"><\/div>\n<div style=\"background-color: #f4f4f4; border-radius: 4px; flex-grow: 0; height: 14px; width: 144px;\"><\/div>\n<\/div>\n<p>&nbsp;<\/p>\n<p style=\"color: #c9c8cd; font-family: Arial,sans-serif; font-size: 14px; line-height: 17px; margin-bottom: 0; margin-top: 8px; overflow: hidden; padding: 8px 0 7px; text-align: center;\"><a style=\"color: #c9c8cd; font-family: Arial,sans-serif; font-size: 14px; font-style: normal; font-weight: normal; line-height: 17px; text-decoration: none;\" href=\"https:\/\/www.instagram.com\/p\/BgCofLoDayG\/?utm_source=ig_embed&amp;utm_campaign=loading\" target=\"_blank\" rel=\"noopener\">Uma publica\u00e7\u00e3o compartilhada por Portugal Adventures! (@portugaladventures)<\/a><\/p>\n<\/div>\n<\/blockquote>\n<h2><b>Comment y aller depuis la France ?<\/b><\/h2>\n<p><span style=\"font-weight: 400;\">Pas besoin d\u2019\u00eatre un aventurier aguerri pour rejoindre ce coin de paradis. Depuis Paris, prenez un train pour <a href=\"https:\/\/discover.ulysse.com\/porto-impose-une-nouvelle-reglementation-qui-fait-deja-debat-parmi-les-voyageurs\">Porto<\/a>, puis une correspondance rapide pour Viana do Castelo. Le trajet dure entre<strong> 12 et 13 heures<\/strong> et les billets peuvent osciller entre<strong> 80 et 120 \u20ac<\/strong>, selon la saison et la classe. Si vous pr\u00e9f\u00e9rez l\u2019avion, l&#8217;a\u00e9roport de Porto est \u00e0 seulement 1h30 en train ou en bus de Viana do Castelo, et ensuite, le funiculaire vous attend \u00e0 quelques minutes de marche.<\/span><\/p>\n<blockquote class=\"instagram-media\" style=\"background: #FFF; border: 0; border-radius: 3px; margin: 1px; max-width: 540px; min-width: 326px; padding: 0; width: calc(100% - 2px);\" data-instgrm-captioned=\"\" data-instgrm-permalink=\"https:\/\/www.instagram.com\/p\/Ce3fvdWtYko\/?utm_source=ig_embed&amp;utm_campaign=loading\" data-instgrm-version=\"14\">\n<div style=\"padding: 16px;\">\n<p>&nbsp;<\/p>\n<div style=\"flex-direction: row; align-items: center;\">\n<div style=\"background-color: #f4f4f4; border-radius: 50%; flex-grow: 0; height: 40px; margin-right: 14px; width: 40px;\"><\/div>\n<div style=\"flex-direction: column; flex-grow: 1; justify-content: center;\">\n<div style=\"background-color: #f4f4f4; border-radius: 4px; flex-grow: 0; height: 14px; margin-bottom: 6px; width: 100px;\"><\/div>\n<div style=\"background-color: #f4f4f4; border-radius: 4px; flex-grow: 0; height: 14px; width: 60px;\"><\/div>\n<\/div>\n<\/div>\n<div style=\"padding: 19% 0;\"><\/div>\n<div style=\"height: 50px; margin: 0 auto 12px; width: 50px;\"><\/div>\n<div style=\"padding-top: 8px;\">\n<div style=\"color: #3897f0; font-family: Arial,sans-serif; font-size: 14px; font-style: normal; font-weight: 550; line-height: 18px;\">Voir cette publication sur Instagram<\/div>\n<\/div>\n<div style=\"padding: 12.5% 0;\"><\/div>\n<div style=\"flex-direction: row; margin-bottom: 14px; align-items: center;\">\n<div>\n<div style=\"background-color: #f4f4f4; border-radius: 50%; height: 12.5px; width: 12.5px;\"><\/div>\n<div style=\"background-color: #f4f4f4; height: 12.5px; width: 12.5px; flex-grow: 0; margin-right: 14px; margin-left: 2px;\"><\/div>\n<div style=\"background-color: #f4f4f4; border-radius: 50%; height: 12.5px; width: 12.5px;\"><\/div>\n<\/div>\n<div style=\"margin-left: 8px;\">\n<div style=\"background-color: #f4f4f4; border-radius: 50%; flex-grow: 0; height: 20px; width: 20px;\"><\/div>\n<div style=\"width: 0; height: 0; border-top: 2px solid transparent; border-left: 6px solid #f4f4f4; border-bottom: 2px solid transparent;\"><\/div>\n<\/div>\n<div style=\"margin-left: auto;\">\n<div style=\"width: 0px; border-top: 8px solid #F4F4F4; border-right: 8px solid transparent;\"><\/div>\n<div style=\"background-color: #f4f4f4; flex-grow: 0; height: 12px; width: 16px;\"><\/div>\n<div style=\"width: 0; height: 0; border-top: 8px solid #F4F4F4; border-left: 8px solid transparent;\"><\/div>\n<\/div>\n<\/div>\n<div style=\"flex-direction: column; flex-grow: 1; justify-content: center; margin-bottom: 24px;\">\n<div style=\"background-color: #f4f4f4; border-radius: 4px; flex-grow: 0; height: 14px; margin-bottom: 6px; width: 224px;\"><\/div>\n<div style=\"background-color: #f4f4f4; border-radius: 4px; flex-grow: 0; height: 14px; width: 144px;\"><\/div>\n<\/div>\n<p>&nbsp;<\/p>\n<p style=\"color: #c9c8cd; font-family: Arial,sans-serif; font-size: 14px; line-height: 17px; margin-bottom: 0; margin-top: 8px; overflow: hidden; padding: 8px 0 7px; text-align: center;\"><a style=\"color: #c9c8cd; font-family: Arial,sans-serif; font-size: 14px; font-style: normal; font-weight: normal; line-height: 17px; text-decoration: none;\" href=\"https:\/\/www.instagram.com\/p\/Ce3fvdWtYko\/?utm_source=ig_embed&amp;utm_campaign=loading\" target=\"_blank\" rel=\"noopener\">Une publication partag\u00e9e par Viana do Castelo (@viana_docastelo)<\/a><\/p>\n<\/div>\n<\/blockquote>\n<h2><b>Pratique : les tarifs et infos utiles<\/b><\/h2>\n<p><span style=\"font-weight: 400;\">Que vous soyez un voyageur de passage ou un habitant de la r\u00e9gion, le funiculaire de Santa Luzia est accessible tous les jours, avec des tarifs bien abordables. L\u2019aller-retour co\u00fbte 3 \u20ac, et une mont\u00e9e ou descente simple est \u00e0 2 \u20ac. C&#8217;est une exp\u00e9rience \u00e0 petit prix, mais grandement enrichissante !<\/span><\/p>\n<p><span style=\"font-weight: 400;\">Une fois \u00e0 la station inf\u00e9rieure, vous avez deux options pour commencer l&#8217;ascension : soit vous prenez l&#8217;ascenseur gratuit depuis la gare, soit vous traversez un charmant pont m\u00e9tallique suspendu au-dessus des voies. Dans tous les cas, le funiculaire vous attend, pr\u00eat \u00e0 vous emmener dans les hauteurs de Viana do Castelo.<\/span><\/p>\n<blockquote class=\"instagram-media\" style=\"background: #FFF; border: 0; border-radius: 3px; margin: 1px; max-width: 540px; min-width: 326px; padding: 0; width: calc(100% - 2px);\" data-instgrm-captioned=\"\" data-instgrm-permalink=\"https:\/\/www.instagram.com\/p\/DKP252pooq_\/?utm_source=ig_embed&amp;utm_campaign=loading\" data-instgrm-version=\"14\">\n<div style=\"padding: 16px;\">\n<p>&nbsp;<\/p>\n<div style=\"flex-direction: row; align-items: center;\">\n<div style=\"background-color: #f4f4f4; border-radius: 50%; flex-grow: 0; height: 40px; margin-right: 14px; width: 40px;\"><\/div>\n<div style=\"flex-direction: column; flex-grow: 1; justify-content: center;\">\n<div style=\"background-color: #f4f4f4; border-radius: 4px; flex-grow: 0; height: 14px; margin-bottom: 6px; width: 100px;\"><\/div>\n<div style=\"background-color: #f4f4f4; border-radius: 4px; flex-grow: 0; height: 14px; width: 60px;\"><\/div>\n<\/div>\n<\/div>\n<div style=\"padding: 19% 0;\"><\/div>\n<div style=\"height: 50px; margin: 0 auto 12px; width: 50px;\"><\/div>\n<div style=\"padding-top: 8px;\">\n<div style=\"color: #3897f0; font-family: Arial,sans-serif; font-size: 14px; font-style: normal; font-weight: 550; line-height: 18px;\">Voir cette publication sur Instagram<\/div>\n<\/div>\n<div style=\"padding: 12.5% 0;\"><\/div>\n<div style=\"flex-direction: row; margin-bottom: 14px; align-items: center;\">\n<div>\n<div style=\"background-color: #f4f4f4; border-radius: 50%; height: 12.5px; width: 12.5px;\"><\/div>\n<div style=\"background-color: #f4f4f4; height: 12.5px; width: 12.5px; flex-grow: 0; margin-right: 14px; margin-left: 2px;\"><\/div>\n<div style=\"background-color: #f4f4f4; border-radius: 50%; height: 12.5px; width: 12.5px;\"><\/div>\n<\/div>\n<div style=\"margin-left: 8px;\">\n<div style=\"background-color: #f4f4f4; border-radius: 50%; flex-grow: 0; height: 20px; width: 20px;\"><\/div>\n<div style=\"width: 0; height: 0; border-top: 2px solid transparent; border-left: 6px solid #f4f4f4; border-bottom: 2px solid transparent;\"><\/div>\n<\/div>\n<div style=\"margin-left: auto;\">\n<div style=\"width: 0px; border-top: 8px solid #F4F4F4; border-right: 8px solid transparent;\"><\/div>\n<div style=\"background-color: #f4f4f4; flex-grow: 0; height: 12px; width: 16px;\"><\/div>\n<div style=\"width: 0; height: 0; border-top: 8px solid #F4F4F4; border-left: 8px solid transparent;\"><\/div>\n<\/div>\n<\/div>\n<div style=\"flex-direction: column; flex-grow: 1; justify-content: center; margin-bottom: 24px;\">\n<div style=\"background-color: #f4f4f4; border-radius: 4px; flex-grow: 0; height: 14px; margin-bottom: 6px; width: 224px;\"><\/div>\n<div style=\"background-color: #f4f4f4; border-radius: 4px; flex-grow: 0; height: 14px; width: 144px;\"><\/div>\n<\/div>\n<p>&nbsp;<\/p>\n<p style=\"color: #c9c8cd; font-family: Arial,sans-serif; font-size: 14px; line-height: 17px; margin-bottom: 0; margin-top: 8px; overflow: hidden; padding: 8px 0 7px; text-align: center;\"><a style=\"color: #c9c8cd; font-family: Arial,sans-serif; font-size: 14px; font-style: normal; font-weight: normal; line-height: 17px; text-decoration: none;\" href=\"https:\/\/www.instagram.com\/p\/DKP252pooq_\/?utm_source=ig_embed&amp;utm_campaign=loading\" target=\"_blank\" rel=\"noopener\">Une publication partag\u00e9e par Jorge Ribeiro | Explore \u2708\ufe0f Travel \ud83c\udf0d Portugal \ud83c\uddf5\ud83c\uddf9 (@memorias_para_o_passado)<\/a><\/p>\n<\/div>\n<\/blockquote>\n<p><span style=\"font-weight: 400;\">Le funiculaire de Santa Luzia n\u2019est pas qu\u2019un simple moyen de transport. C\u2019est une invitation \u00e0 prendre de la hauteur, \u00e0 d\u00e9couvrir des vues spectaculaires et \u00e0 vivre une exp\u00e9rience unique au Portugal. Un moment suspendu dans le temps, o\u00f9 l\u2019histoire, la nature et la modernit\u00e9 se rencontrent. Alors, pr\u00eats \u00e0 embarquer pour une aventure m\u00e9morable ?<\/span><\/p>\n","protected":false},"excerpt":{"rendered":"<p>Au nord du Portugal, \u00e0 quelques kilom\u00e8tres de l&#8217;Atlantique, un petit bijou de transport attend les curieux et les amateurs [&hellip;]<\/p>\n","protected":false},"author":3,"featured_media":33719,"comment_status":"open","ping_status":"closed","sticky":false,"template":"","format":"standard","meta":{"_acf_changed":false,"_sitemap_exclude":false,"_sitemap_priority":"","_sitemap_frequency":"","footnotes":"","rank_math_title":"","rank_math_description":"Grimpez \u00e0 bord du funiculaire de Santa Luzia, le plus long du Portugal, et profitez d'une vue spectaculaire entre mer et montagnes !\n","rank_math_canonical_url":"","rank_math_focus_keyword":"funiculaire"},"categories":[3],"tags":[],"class_list":["post-33718","post","type-post","status-publish","format-standard","has-post-thumbnail","hentry","category-voyage"],"acf":[],"_links":{"self":[{"href":"https:\/\/ulysse.com\/news\/wp-json\/wp\/v2\/posts\/33718","targetHints":{"allow":["GET"]}}],"collection":[{"href":"https:\/\/ulysse.com\/news\/wp-json\/wp\/v2\/posts"}],"about":[{"href":"https:\/\/ulysse.com\/news\/wp-json\/wp\/v2\/types\/post"}],"author":[{"embeddable":true,"href":"https:\/\/ulysse.com\/news\/wp-json\/wp\/v2\/users\/3"}],"replies":[{"embeddable":true,"href":"https:\/\/ulysse.com\/news\/wp-json\/wp\/v2\/comments?post=33718"}],"version-history":[{"count":2,"href":"https:\/\/ulysse.com\/news\/wp-json\/wp\/v2\/posts\/33718\/revisions"}],"predecessor-version":[{"id":33735,"href":"https:\/\/ulysse.com\/news\/wp-json\/wp\/v2\/posts\/33718\/revisions\/33735"}],"wp:featuredmedia":[{"embeddable":true,"href":"https:\/\/ulysse.com\/news\/wp-json\/wp\/v2\/media\/33719"}],"wp:attachment":[{"href":"https:\/\/ulysse.com\/news\/wp-json\/wp\/v2\/media?parent=33718"}],"wp:term":[{"taxonomy":"category","embeddable":true,"href":"https:\/\/ulysse.com\/news\/wp-json\/wp\/v2\/categories?post=33718"},{"taxonomy":"post_tag","embeddable":true,"href":"https:\/\/ulysse.com\/news\/wp-json\/wp\/v2\/tags?post=33718"}],"curies":[{"name":"wp","href":"https:\/\/api.w.org\/{rel}","templated":true}]}}