{"id":33721,"date":"2025-08-17T15:00:53","date_gmt":"2025-08-17T14:00:53","guid":{"rendered":"https:\/\/discover.ulysse.com\/?p=33721"},"modified":"2025-08-17T09:44:06","modified_gmt":"2025-08-17T08:44:06","slug":"cache-derriere-les-ruelles-ensoleillees-de-sicile-un-jardin-botanique-oublie-ou-les-couleurs-et-les-parfums-racontent-lhistoire-de-lile","status":"publish","type":"post","link":"https:\/\/ulysse.com\/news\/cache-derriere-les-ruelles-ensoleillees-de-sicile-un-jardin-botanique-oublie-ou-les-couleurs-et-les-parfums-racontent-lhistoire-de-lile","title":{"rendered":"Cach\u00e9 derri\u00e8re les ruelles ensoleill\u00e9es de Sicile, un jardin botanique oubli\u00e9 o\u00f9 les couleurs et les parfums racontent l\u2019histoire de l\u2019\u00eele"},"content":{"rendered":"<p><span style=\"font-weight: 400;\">Imaginez une balade tranquille au c\u0153ur de <strong>Palerme<\/strong>, loin de l&#8217;agitation des march\u00e9s anim\u00e9s et des rues bond\u00e9es. Vous entrez dans un v\u00e9ritable jardin secret, un lieu o\u00f9 la nature semble prendre vie au rythme des saisons. Bienvenue dans le<strong> Jardin botanique de Palerme<\/strong>, une oasis de verdure au charme discret, qui regorge de plantes exotiques et de tr\u00e9sors cach\u00e9s. Ce n\u2019est pas juste un jardin, c\u2019est une v\u00e9ritable danse entre l\u2019histoire, la biodiversit\u00e9 et le climat m\u00e9diterran\u00e9en. Au fil de votre promenade, vous serez frapp\u00e9 par la diversit\u00e9 impressionnante des esp\u00e8ces v\u00e9g\u00e9tales, mais aussi par la s\u00e9r\u00e9nit\u00e9 qui s\u2019en d\u00e9gage. Un lieu magique o\u00f9 chaque coin invite \u00e0 la d\u00e9couverte.<\/span><\/p>\n<h2><b>Un voyage sensoriel au c\u0153ur de la nature<\/b><\/h2>\n<p><span style=\"font-weight: 400;\">D\u00e8s l\u2019entr\u00e9e, vous serez accueilli par un kal\u00e9idoscope de couleurs et de formes, du rouge vif des fleurs de bougainvilliers au vert \u00e9clatant des palmiers majestueux. Le Jardin botanique de Palerme, c\u2019est un v\u00e9ritable tour du monde v\u00e9g\u00e9tal. Sur ses<strong> 22 hectares,<\/strong> plus de <strong>12 000 esp\u00e8ces v\u00e9g\u00e9tales<\/strong> provenant des quatre coins du globe prennent racine dans cette terre sicilienne. Ici, la nature danse au rythme de la <a href=\"https:\/\/discover.ulysse.com\/franchir-la-mer-a-pied-litalie-fait-revivre-son-pont-mythique-entre-la-sicile-et-la-calabre\">Sicile<\/a> : entre le soleil br\u00fblant, la mer toute proche et les vents marins, chaque plante s\u2019\u00e9panouit \u00e0 sa mani\u00e8re.<\/span><\/p>\n<p><span style=\"font-weight: 400;\">\u00c0 chaque \u00e9tape, vous d\u00e9couvrirez des sections th\u00e9matiques surprenantes. <strong>Le <\/strong><\/span><strong><i>Palmetum<\/i><\/strong><span style=\"font-weight: 400;\"><strong>,<\/strong> v\u00e9ritable galerie de palmiers, vous transporte sous des cieux tropicaux, tandis que le <\/span><strong><i>Cycad\u00e9tum<\/i><\/strong><span style=\"font-weight: 400;\"> vous plonge dans l\u2019\u00e8re pr\u00e9historique avec ses plantes fossiles aux formes g\u00e9om\u00e9triques et sculpturales. Un peu plus loin, le <\/span><strong><i>Jardin d&#8217;hiver<\/i><\/strong><span style=\"font-weight: 400;\"> abrite des plantes exotiques qui semblent venir tout droit des \u00eeles lointaines. Mais le plus apaisant, c\u2019est sans doute<strong> l\u2019<\/strong><\/span><strong><i>Aquarium<\/i><\/strong><span style=\"font-weight: 400;\">, o\u00f9 les n\u00e9nuphars et les lotus flottent lentement dans un bassin circulaire, cr\u00e9ant une ambiance zen parfaite pour se perdre dans ses pens\u00e9es.<\/span><\/p>\n<blockquote class=\"instagram-media\" style=\"background: #FFF; border: 0; border-radius: 3px; margin: 1px; max-width: 540px; min-width: 326px; padding: 0; width: calc(100% - 2px);\" data-instgrm-captioned=\"\" data-instgrm-permalink=\"https:\/\/www.instagram.com\/p\/BibwQ8vH1Ki\/?utm_source=ig_embed&amp;utm_campaign=loading\" data-instgrm-version=\"14\">\n<div style=\"padding: 16px;\">\n<p>&nbsp;<\/p>\n<div style=\"flex-direction: row; align-items: center;\">\n<div style=\"background-color: #f4f4f4; border-radius: 50%; flex-grow: 0; height: 40px; margin-right: 14px; width: 40px;\"><\/div>\n<div style=\"flex-direction: column; flex-grow: 1; justify-content: center;\">\n<div style=\"background-color: #f4f4f4; border-radius: 4px; flex-grow: 0; height: 14px; margin-bottom: 6px; width: 100px;\"><\/div>\n<div style=\"background-color: #f4f4f4; border-radius: 4px; flex-grow: 0; height: 14px; width: 60px;\"><\/div>\n<\/div>\n<\/div>\n<div style=\"padding: 19% 0;\"><\/div>\n<div style=\"height: 50px; margin: 0 auto 12px; width: 50px;\"><\/div>\n<div style=\"padding-top: 8px;\">\n<div style=\"color: #3897f0; font-family: Arial,sans-serif; font-size: 14px; font-style: normal; font-weight: 550; line-height: 18px;\">Voir cette publication sur Instagram<\/div>\n<\/div>\n<div style=\"padding: 12.5% 0;\"><\/div>\n<div style=\"flex-direction: row; margin-bottom: 14px; align-items: center;\">\n<div>\n<div style=\"background-color: #f4f4f4; border-radius: 50%; height: 12.5px; width: 12.5px;\"><\/div>\n<div style=\"background-color: #f4f4f4; height: 12.5px; width: 12.5px; flex-grow: 0; margin-right: 14px; margin-left: 2px;\"><\/div>\n<div style=\"background-color: #f4f4f4; border-radius: 50%; height: 12.5px; width: 12.5px;\"><\/div>\n<\/div>\n<div style=\"margin-left: 8px;\">\n<div style=\"background-color: #f4f4f4; border-radius: 50%; flex-grow: 0; height: 20px; width: 20px;\"><\/div>\n<div style=\"width: 0; height: 0; border-top: 2px solid transparent; border-left: 6px solid #f4f4f4; border-bottom: 2px solid transparent;\"><\/div>\n<\/div>\n<div style=\"margin-left: auto;\">\n<div style=\"width: 0px; border-top: 8px solid #F4F4F4; border-right: 8px solid transparent;\"><\/div>\n<div style=\"background-color: #f4f4f4; flex-grow: 0; height: 12px; width: 16px;\"><\/div>\n<div style=\"width: 0; height: 0; border-top: 8px solid #F4F4F4; border-left: 8px solid transparent;\"><\/div>\n<\/div>\n<\/div>\n<div style=\"flex-direction: column; flex-grow: 1; justify-content: center; margin-bottom: 24px;\">\n<div style=\"background-color: #f4f4f4; border-radius: 4px; flex-grow: 0; height: 14px; margin-bottom: 6px; width: 224px;\"><\/div>\n<div style=\"background-color: #f4f4f4; border-radius: 4px; flex-grow: 0; height: 14px; width: 144px;\"><\/div>\n<\/div>\n<p>&nbsp;<\/p>\n<p style=\"color: #c9c8cd; font-family: Arial,sans-serif; font-size: 14px; line-height: 17px; margin-bottom: 0; margin-top: 8px; overflow: hidden; padding: 8px 0 7px; text-align: center;\"><a style=\"color: #c9c8cd; font-family: Arial,sans-serif; font-size: 14px; font-style: normal; font-weight: normal; line-height: 17px; text-decoration: none;\" href=\"https:\/\/www.instagram.com\/p\/BibwQ8vH1Ki\/?utm_source=ig_embed&amp;utm_campaign=loading\" target=\"_blank\" rel=\"noopener\">Une publication partag\u00e9e par Gaetano Giordano (@my_name_is_tano)<\/a><\/p>\n<\/div>\n<\/blockquote>\n<h2><b>Un h\u00e9ritage historique et scientifique<\/b><\/h2>\n<p><span style=\"font-weight: 400;\">Mais le Jardin botanique de Palerme, ce n\u2019est pas seulement un spectacle pour les yeux, c\u2019est aussi un lieu charg\u00e9 d\u2019histoire. Fond\u00e9 en 1795, sous l&#8217;impulsion des Bourbons, il a longtemps \u00e9t\u00e9 un centre de recherche scientifique. Aujourd\u2019hui encore, il abrite des herbiers et des collections botaniques pr\u00e9cieuses qui sont un v\u00e9ritable tr\u00e9sor pour les chercheurs et passionn\u00e9s de nature. La richesse historique du lieu se refl\u00e8te \u00e9galement dans ses b\u00e2timents n\u00e9oclassiques, tels que le <\/span><strong><i>Gymnasium<\/i> ou le <i>Tepidarium<\/i><\/strong><span style=\"font-weight: 400;\">, qui, jadis, servaient \u00e0 l\u2019enseignement des sciences naturelles. Ces structures, tout comme les plantes qui les entourent, sont les t\u00e9moins d&#8217;une \u00e9poque o\u00f9 la science et la nature s\u2019entrelacent dans une qu\u00eate de savoir.<\/span><\/p>\n<p><span style=\"font-weight: 400;\">G\u00e9r\u00e9 par<strong> l\u2019Universit\u00e9 de Palerme<\/strong>, le jardin continue de jouer un r\u00f4le cl\u00e9 dans la pr\u00e9servation des esp\u00e8ces v\u00e9g\u00e9tales rares et menac\u00e9es. Gr\u00e2ce \u00e0 son r\u00f4le de centre de recherche actif, il contribue \u00e0 des programmes de conservation, tout en offrant aux visiteurs une immersion dans un univers o\u00f9 la nature et l\u2019innovation se rencontrent.<\/span><\/p>\n<blockquote class=\"instagram-media\" style=\"background: #FFF; border: 0; border-radius: 3px; margin: 1px; max-width: 540px; min-width: 326px; padding: 0; width: calc(100% - 2px);\" data-instgrm-captioned=\"\" data-instgrm-permalink=\"https:\/\/www.instagram.com\/p\/BnPLiN9nDqg\/?utm_source=ig_embed&amp;utm_campaign=loading\" data-instgrm-version=\"14\">\n<div style=\"padding: 16px;\">\n<p>&nbsp;<\/p>\n<div style=\"flex-direction: row; align-items: center;\">\n<div style=\"background-color: #f4f4f4; border-radius: 50%; flex-grow: 0; height: 40px; margin-right: 14px; width: 40px;\"><\/div>\n<div style=\"flex-direction: column; flex-grow: 1; justify-content: center;\">\n<div style=\"background-color: #f4f4f4; border-radius: 4px; flex-grow: 0; height: 14px; margin-bottom: 6px; width: 100px;\"><\/div>\n<div style=\"background-color: #f4f4f4; border-radius: 4px; flex-grow: 0; height: 14px; width: 60px;\"><\/div>\n<\/div>\n<\/div>\n<div style=\"padding: 19% 0;\"><\/div>\n<div style=\"height: 50px; margin: 0 auto 12px; width: 50px;\"><\/div>\n<div style=\"padding-top: 8px;\">\n<div style=\"color: #3897f0; font-family: Arial,sans-serif; font-size: 14px; font-style: normal; font-weight: 550; line-height: 18px;\">Voir cette publication sur Instagram<\/div>\n<\/div>\n<div style=\"padding: 12.5% 0;\"><\/div>\n<div style=\"flex-direction: row; margin-bottom: 14px; align-items: center;\">\n<div>\n<div style=\"background-color: #f4f4f4; border-radius: 50%; height: 12.5px; width: 12.5px;\"><\/div>\n<div style=\"background-color: #f4f4f4; height: 12.5px; width: 12.5px; flex-grow: 0; margin-right: 14px; margin-left: 2px;\"><\/div>\n<div style=\"background-color: #f4f4f4; border-radius: 50%; height: 12.5px; width: 12.5px;\"><\/div>\n<\/div>\n<div style=\"margin-left: 8px;\">\n<div style=\"background-color: #f4f4f4; border-radius: 50%; flex-grow: 0; height: 20px; width: 20px;\"><\/div>\n<div style=\"width: 0; height: 0; border-top: 2px solid transparent; border-left: 6px solid #f4f4f4; border-bottom: 2px solid transparent;\"><\/div>\n<\/div>\n<div style=\"margin-left: auto;\">\n<div style=\"width: 0px; border-top: 8px solid #F4F4F4; border-right: 8px solid transparent;\"><\/div>\n<div style=\"background-color: #f4f4f4; flex-grow: 0; height: 12px; width: 16px;\"><\/div>\n<div style=\"width: 0; height: 0; border-top: 8px solid #F4F4F4; border-left: 8px solid transparent;\"><\/div>\n<\/div>\n<\/div>\n<div style=\"flex-direction: column; flex-grow: 1; justify-content: center; margin-bottom: 24px;\">\n<div style=\"background-color: #f4f4f4; border-radius: 4px; flex-grow: 0; height: 14px; margin-bottom: 6px; width: 224px;\"><\/div>\n<div style=\"background-color: #f4f4f4; border-radius: 4px; flex-grow: 0; height: 14px; width: 144px;\"><\/div>\n<\/div>\n<p>&nbsp;<\/p>\n<p style=\"color: #c9c8cd; font-family: Arial,sans-serif; font-size: 14px; line-height: 17px; margin-bottom: 0; margin-top: 8px; overflow: hidden; padding: 8px 0 7px; text-align: center;\"><a style=\"color: #c9c8cd; font-family: Arial,sans-serif; font-size: 14px; font-style: normal; font-weight: normal; line-height: 17px; text-decoration: none;\" href=\"https:\/\/www.instagram.com\/p\/BnPLiN9nDqg\/?utm_source=ig_embed&amp;utm_campaign=loading\" target=\"_blank\" rel=\"noopener\">Une publication partag\u00e9e par Alexandre Btrn (@alex_btrn)<\/a><\/p>\n<\/div>\n<\/blockquote>\n<h2><b>Une faune surprenante, un jardin vivant<\/b><\/h2>\n<p><span style=\"font-weight: 400;\">Le jardin n\u2019est pas seulement peupl\u00e9 de plantes : une faune inattendue y a trouv\u00e9 sa place. Parmi les arbres et les plantes, une colonie de perroquets de l\u2019esp\u00e8ce <\/span><strong><i>Psittacula krameri<\/i><\/strong><span style=\"font-weight: 400;\"> a \u00e9lu domicile. Leur pr\u00e9sence apporte une touche d\u2019exotisme suppl\u00e9mentaire \u00e0 ce lieu d\u00e9j\u00e0 magique. Ces oiseaux, \u00e9chapp\u00e9s des voli\u00e8res voisines, volent librement \u00e0 travers les all\u00e9es du jardin, cr\u00e9ant une atmosph\u00e8re vivante et color\u00e9e. Si vous \u00eates chanceux, vous pourrez m\u00eame observer leurs acrobaties a\u00e9riennes, qui ajoutent une note vibrante \u00e0 la s\u00e9r\u00e9nit\u00e9 des lieux.<\/span><\/p>\n<blockquote class=\"instagram-media\" style=\"background: #FFF; border: 0; border-radius: 3px; margin: 1px; max-width: 540px; min-width: 326px; padding: 0; width: calc(100% - 2px);\" data-instgrm-captioned=\"\" data-instgrm-permalink=\"https:\/\/www.instagram.com\/p\/Bo9Y0aHCdwY\/?utm_source=ig_embed&amp;utm_campaign=loading\" data-instgrm-version=\"14\">\n<div style=\"padding: 16px;\">\n<p>&nbsp;<\/p>\n<div style=\"flex-direction: row; align-items: center;\">\n<div style=\"background-color: #f4f4f4; border-radius: 50%; flex-grow: 0; height: 40px; margin-right: 14px; width: 40px;\"><\/div>\n<div style=\"flex-direction: column; flex-grow: 1; justify-content: center;\">\n<div style=\"background-color: #f4f4f4; border-radius: 4px; flex-grow: 0; height: 14px; margin-bottom: 6px; width: 100px;\"><\/div>\n<div style=\"background-color: #f4f4f4; border-radius: 4px; flex-grow: 0; height: 14px; width: 60px;\"><\/div>\n<\/div>\n<\/div>\n<div style=\"padding: 19% 0;\"><\/div>\n<div style=\"height: 50px; margin: 0 auto 12px; width: 50px;\"><\/div>\n<div style=\"padding-top: 8px;\">\n<div style=\"color: #3897f0; font-family: Arial,sans-serif; font-size: 14px; font-style: normal; font-weight: 550; line-height: 18px;\">Voir cette publication sur Instagram<\/div>\n<\/div>\n<div style=\"padding: 12.5% 0;\"><\/div>\n<div style=\"flex-direction: row; margin-bottom: 14px; align-items: center;\">\n<div>\n<div style=\"background-color: #f4f4f4; border-radius: 50%; height: 12.5px; width: 12.5px;\"><\/div>\n<div style=\"background-color: #f4f4f4; height: 12.5px; width: 12.5px; flex-grow: 0; margin-right: 14px; margin-left: 2px;\"><\/div>\n<div style=\"background-color: #f4f4f4; border-radius: 50%; height: 12.5px; width: 12.5px;\"><\/div>\n<\/div>\n<div style=\"margin-left: 8px;\">\n<div style=\"background-color: #f4f4f4; border-radius: 50%; flex-grow: 0; height: 20px; width: 20px;\"><\/div>\n<div style=\"width: 0; height: 0; border-top: 2px solid transparent; border-left: 6px solid #f4f4f4; border-bottom: 2px solid transparent;\"><\/div>\n<\/div>\n<div style=\"margin-left: auto;\">\n<div style=\"width: 0px; border-top: 8px solid #F4F4F4; border-right: 8px solid transparent;\"><\/div>\n<div style=\"background-color: #f4f4f4; flex-grow: 0; height: 12px; width: 16px;\"><\/div>\n<div style=\"width: 0; height: 0; border-top: 8px solid #F4F4F4; border-left: 8px solid transparent;\"><\/div>\n<\/div>\n<\/div>\n<div style=\"flex-direction: column; flex-grow: 1; justify-content: center; margin-bottom: 24px;\">\n<div style=\"background-color: #f4f4f4; border-radius: 4px; flex-grow: 0; height: 14px; margin-bottom: 6px; width: 224px;\"><\/div>\n<div style=\"background-color: #f4f4f4; border-radius: 4px; flex-grow: 0; height: 14px; width: 144px;\"><\/div>\n<\/div>\n<p>&nbsp;<\/p>\n<p style=\"color: #c9c8cd; font-family: Arial,sans-serif; font-size: 14px; line-height: 17px; margin-bottom: 0; margin-top: 8px; overflow: hidden; padding: 8px 0 7px; text-align: center;\"><a style=\"color: #c9c8cd; font-family: Arial,sans-serif; font-size: 14px; font-style: normal; font-weight: normal; line-height: 17px; text-decoration: none;\" href=\"https:\/\/www.instagram.com\/p\/Bo9Y0aHCdwY\/?utm_source=ig_embed&amp;utm_campaign=loading\" target=\"_blank\" rel=\"noopener\">Une publication partag\u00e9e par @sangreal28<\/a><\/p>\n<\/div>\n<\/blockquote>\n<h2><b>Comment s\u2019y rendre : un acc\u00e8s facile et rapide depuis la France<\/b><\/h2>\n<p><span style=\"font-weight: 400;\"><a href=\"https:\/\/discover.ulysse.com\/les-italiens-aimeraient-la-garder-pour-eux-mais-le-secret-finit-par-sebruiter\">Palerme<\/a>, la capitale de la Sicile, est accessible facilement depuis la France. Depuis Paris, vous pouvez prendre un vol direct qui ne dure que 2h30. En partant de Lyon ou de Marseille, les vols sont \u00e9galement fr\u00e9quents et permettent de rejoindre Palerme en un peu plus de 2 heures. Une fois arriv\u00e9 \u00e0 l\u2019a\u00e9roport Falcone-Borsellino de Palerme, un train, le <\/span><strong><i>Trinacria Express<\/i><\/strong><span style=\"font-weight: 400;\">, vous emm\u00e8ne au centre-ville en moins d\u2019une heure. De l\u00e0, vous pourrez rejoindre le jardin botanique en 10 minutes en bus, ou bien vous y rendre \u00e0 pied en une vingtaine de minutes. L\u2019acc\u00e8s est donc facile et rapide, parfait pour une escapade d\u2019un week-end.<\/span><\/p>\n<p>&nbsp;<\/p>\n<h2><b>Le jardin \u00e0 travers les saisons : une exp\u00e9rience diff\u00e9rente \u00e0 chaque visite<\/b><\/h2>\n<p><span style=\"font-weight: 400;\">Le Jardin botanique de Palerme change au fil des saisons, et chaque visite est une nouvelle d\u00e9couverte. Au printemps, les fleurs s\u2019\u00e9panouissent dans un \u00e9clat de couleurs, tandis qu\u2019en \u00e9t\u00e9, l\u2019ombre des arbres et la fra\u00eecheur des bassins offrent un refuge bienvenu contre la chaleur. L\u2019automne apporte une palette de teintes chaudes, avec des feuilles dor\u00e9es qui tombent lentement des arbres. En hiver, le jardin se transforme en un lieu paisible, o\u00f9 l\u2019on peut appr\u00e9cier la structure des plantes sans la densit\u00e9 du feuillage. Chaque saison offre un visage diff\u00e9rent du jardin, mais toutes d\u00e9gagent une atmosph\u00e8re de tranquillit\u00e9 et de beaut\u00e9 naturelle.<\/span><\/p>\n<blockquote class=\"instagram-media\" style=\"background: #FFF; border: 0; border-radius: 3px; margin: 1px; max-width: 540px; min-width: 326px; padding: 0; width: calc(100% - 2px);\" data-instgrm-captioned=\"\" data-instgrm-permalink=\"https:\/\/www.instagram.com\/p\/BXsp7WhAE6x\/?utm_source=ig_embed&amp;utm_campaign=loading\" data-instgrm-version=\"14\">\n<div style=\"padding: 16px;\">\n<p>&nbsp;<\/p>\n<div style=\"flex-direction: row; align-items: center;\">\n<div style=\"background-color: #f4f4f4; border-radius: 50%; flex-grow: 0; height: 40px; margin-right: 14px; width: 40px;\"><\/div>\n<div style=\"flex-direction: column; flex-grow: 1; justify-content: center;\">\n<div style=\"background-color: #f4f4f4; border-radius: 4px; flex-grow: 0; height: 14px; margin-bottom: 6px; width: 100px;\"><\/div>\n<div style=\"background-color: #f4f4f4; border-radius: 4px; flex-grow: 0; height: 14px; width: 60px;\"><\/div>\n<\/div>\n<\/div>\n<div style=\"padding: 19% 0;\"><\/div>\n<div style=\"height: 50px; margin: 0 auto 12px; width: 50px;\"><\/div>\n<div style=\"padding-top: 8px;\">\n<div style=\"color: #3897f0; font-family: Arial,sans-serif; font-size: 14px; font-style: normal; font-weight: 550; line-height: 18px;\">Voir cette publication sur Instagram<\/div>\n<\/div>\n<div style=\"padding: 12.5% 0;\"><\/div>\n<div style=\"flex-direction: row; margin-bottom: 14px; align-items: center;\">\n<div>\n<div style=\"background-color: #f4f4f4; border-radius: 50%; height: 12.5px; width: 12.5px;\"><\/div>\n<div style=\"background-color: #f4f4f4; height: 12.5px; width: 12.5px; flex-grow: 0; margin-right: 14px; margin-left: 2px;\"><\/div>\n<div style=\"background-color: #f4f4f4; border-radius: 50%; height: 12.5px; width: 12.5px;\"><\/div>\n<\/div>\n<div style=\"margin-left: 8px;\">\n<div style=\"background-color: #f4f4f4; border-radius: 50%; flex-grow: 0; height: 20px; width: 20px;\"><\/div>\n<div style=\"width: 0; height: 0; border-top: 2px solid transparent; border-left: 6px solid #f4f4f4; border-bottom: 2px solid transparent;\"><\/div>\n<\/div>\n<div style=\"margin-left: auto;\">\n<div style=\"width: 0px; border-top: 8px solid #F4F4F4; border-right: 8px solid transparent;\"><\/div>\n<div style=\"background-color: #f4f4f4; flex-grow: 0; height: 12px; width: 16px;\"><\/div>\n<div style=\"width: 0; height: 0; border-top: 8px solid #F4F4F4; border-left: 8px solid transparent;\"><\/div>\n<\/div>\n<\/div>\n<div style=\"flex-direction: column; flex-grow: 1; justify-content: center; margin-bottom: 24px;\">\n<div style=\"background-color: #f4f4f4; border-radius: 4px; flex-grow: 0; height: 14px; margin-bottom: 6px; width: 224px;\"><\/div>\n<div style=\"background-color: #f4f4f4; border-radius: 4px; flex-grow: 0; height: 14px; width: 144px;\"><\/div>\n<\/div>\n<p>&nbsp;<\/p>\n<p style=\"color: #c9c8cd; font-family: Arial,sans-serif; font-size: 14px; line-height: 17px; margin-bottom: 0; margin-top: 8px; overflow: hidden; padding: 8px 0 7px; text-align: center;\"><a style=\"color: #c9c8cd; font-family: Arial,sans-serif; font-size: 14px; font-style: normal; font-weight: normal; line-height: 17px; text-decoration: none;\" href=\"https:\/\/www.instagram.com\/p\/BXsp7WhAE6x\/?utm_source=ig_embed&amp;utm_campaign=loading\" target=\"_blank\" rel=\"noopener\">Une publication partag\u00e9e par Oceane Oceane (@lamaitresseenvadrouille)<\/a><\/p>\n<\/div>\n<\/blockquote>\n<h2><b>Infos pratiques pour visiter le Jardin botanique de Palerme : un havre de paix au c\u0153ur de la Sicile<\/b><\/h2>\n<p><span style=\"font-weight: 400;\">Le Jardin botanique de Palerme est un v\u00e9ritable joyau \u00e0 d\u00e9couvrir lors de votre escapade en Sicile. Nich\u00e9 dans la ville, ce lieu vous offre une exp\u00e9rience sensorielle unique, o\u00f9 la nature danse au rythme de l\u2019Italie. Il est id\u00e9al pour les passionn\u00e9s de botanique, les amateurs d\u2019histoire ou simplement ceux qui recherchent un endroit calme et inspirant.<\/span><\/p>\n<p><b>Adresse<\/b><span style=\"font-weight: 400;\"> : <\/span><span style=\"font-weight: 400;\">Via Lincoln, 2, 90123 Palerme, Italie<\/span><\/p>\n<p><b>Horaires d\u2019ouverture<\/b><span style=\"font-weight: 400;\"> :<\/span><\/p>\n<ul>\n<li style=\"font-weight: 400;\"><b>De mai \u00e0 ao\u00fbt<\/b><span style=\"font-weight: 400;\"> : 9h00 \u2013 20h00<\/span><\/li>\n<li style=\"font-weight: 400;\"><b>En avril et septembre<\/b><span style=\"font-weight: 400;\"> : 9h00 \u2013 19h00<\/span><\/li>\n<li style=\"font-weight: 400;\"><b>En mars et octobre<\/b><span style=\"font-weight: 400;\"> : 9h00 \u2013 18h00<\/span><\/li>\n<li style=\"font-weight: 400;\"><b>De novembre \u00e0 f\u00e9vrier<\/b><span style=\"font-weight: 400;\"> : 9h00 \u2013 17h00<\/span><\/li>\n<\/ul>\n<p><b>Tarifs<\/b><span style=\"font-weight: 400;\"> :<\/span><\/p>\n<ul>\n<li style=\"font-weight: 400;\"><b>Tarif plein<\/b><span style=\"font-weight: 400;\"> : 7 \u20ac<\/span><\/li>\n<li style=\"font-weight: 400;\"><b>Tarif r\u00e9duit<\/b><span style=\"font-weight: 400;\"> : 4 \u20ac (pour les jeunes de 6 \u00e0 25 ans et les plus de 70 ans)<\/span><\/li>\n<li style=\"font-weight: 400;\"><b>Gratuit<\/b><span style=\"font-weight: 400;\"> pour les moins de 6 ans<\/span><\/li>\n<\/ul>\n<blockquote class=\"instagram-media\" style=\"background: #FFF; border: 0; border-radius: 3px; margin: 1px; max-width: 540px; min-width: 326px; padding: 0; width: calc(100% - 2px);\" data-instgrm-captioned=\"\" data-instgrm-permalink=\"https:\/\/www.instagram.com\/p\/Bpcho_aFfz6\/?utm_source=ig_embed&amp;utm_campaign=loading\" data-instgrm-version=\"14\">\n<div style=\"padding: 16px;\">\n<p>&nbsp;<\/p>\n<div style=\"flex-direction: row; align-items: center;\">\n<div style=\"background-color: #f4f4f4; border-radius: 50%; flex-grow: 0; height: 40px; margin-right: 14px; width: 40px;\"><\/div>\n<div style=\"flex-direction: column; flex-grow: 1; justify-content: center;\">\n<div style=\"background-color: #f4f4f4; border-radius: 4px; flex-grow: 0; height: 14px; margin-bottom: 6px; width: 100px;\"><\/div>\n<div style=\"background-color: #f4f4f4; border-radius: 4px; flex-grow: 0; height: 14px; width: 60px;\"><\/div>\n<\/div>\n<\/div>\n<div style=\"padding: 19% 0;\"><\/div>\n<div style=\"height: 50px; margin: 0 auto 12px; width: 50px;\"><\/div>\n<div style=\"padding-top: 8px;\">\n<div style=\"color: #3897f0; font-family: Arial,sans-serif; font-size: 14px; font-style: normal; font-weight: 550; line-height: 18px;\">Voir cette publication sur Instagram<\/div>\n<\/div>\n<div style=\"padding: 12.5% 0;\"><\/div>\n<div style=\"flex-direction: row; margin-bottom: 14px; align-items: center;\">\n<div>\n<div style=\"background-color: #f4f4f4; border-radius: 50%; height: 12.5px; width: 12.5px;\"><\/div>\n<div style=\"background-color: #f4f4f4; height: 12.5px; width: 12.5px; flex-grow: 0; margin-right: 14px; margin-left: 2px;\"><\/div>\n<div style=\"background-color: #f4f4f4; border-radius: 50%; height: 12.5px; width: 12.5px;\"><\/div>\n<\/div>\n<div style=\"margin-left: 8px;\">\n<div style=\"background-color: #f4f4f4; border-radius: 50%; flex-grow: 0; height: 20px; width: 20px;\"><\/div>\n<div style=\"width: 0; height: 0; border-top: 2px solid transparent; border-left: 6px solid #f4f4f4; border-bottom: 2px solid transparent;\"><\/div>\n<\/div>\n<div style=\"margin-left: auto;\">\n<div style=\"width: 0px; border-top: 8px solid #F4F4F4; border-right: 8px solid transparent;\"><\/div>\n<div style=\"background-color: #f4f4f4; flex-grow: 0; height: 12px; width: 16px;\"><\/div>\n<div style=\"width: 0; height: 0; border-top: 8px solid #F4F4F4; border-left: 8px solid transparent;\"><\/div>\n<\/div>\n<\/div>\n<div style=\"flex-direction: column; flex-grow: 1; justify-content: center; margin-bottom: 24px;\">\n<div style=\"background-color: #f4f4f4; border-radius: 4px; flex-grow: 0; height: 14px; margin-bottom: 6px; width: 224px;\"><\/div>\n<div style=\"background-color: #f4f4f4; border-radius: 4px; flex-grow: 0; height: 14px; width: 144px;\"><\/div>\n<\/div>\n<p>&nbsp;<\/p>\n<p style=\"color: #c9c8cd; font-family: Arial,sans-serif; font-size: 14px; line-height: 17px; margin-bottom: 0; margin-top: 8px; overflow: hidden; padding: 8px 0 7px; text-align: center;\"><a style=\"color: #c9c8cd; font-family: Arial,sans-serif; font-size: 14px; font-style: normal; font-weight: normal; line-height: 17px; text-decoration: none;\" href=\"https:\/\/www.instagram.com\/p\/Bpcho_aFfz6\/?utm_source=ig_embed&amp;utm_campaign=loading\" target=\"_blank\" rel=\"noopener\">Une publication partag\u00e9e par Laura (@ella_von_cat)<\/a><\/p>\n<\/div>\n<\/blockquote>\n<p><span style=\"font-weight: 400;\">Un v\u00e9ritable lieu de paix et de beaut\u00e9 o\u00f9 chaque recoin invite \u00e0 la contemplation. Apr\u00e8s votre visite, vous repartirez ressourc\u00e9, en parfaite harmonie avec la nature et l\u2019histoire de la Sicile. Un havre de paix \u00e0 ne pas manquer lors de votre s\u00e9jour \u00e0 Palerme !<\/span><\/p>\n","protected":false},"excerpt":{"rendered":"<p>Imaginez une balade tranquille au c\u0153ur de Palerme, loin de l&#8217;agitation des march\u00e9s anim\u00e9s et des rues bond\u00e9es. Vous entrez [&hellip;]<\/p>\n","protected":false},"author":3,"featured_media":33722,"comment_status":"open","ping_status":"closed","sticky":false,"template":"","format":"standard","meta":{"_acf_changed":false,"_sitemap_exclude":false,"_sitemap_priority":"","_sitemap_frequency":"","footnotes":"","rank_math_title":"","rank_math_description":"D\u00e9couvrez le jardin secret de Palerme, un lieu o\u00f9 la nature et l\u2019histoire se rencontrent dans un \u00e9crin de verdure enchanteur.\n","rank_math_canonical_url":"","rank_math_focus_keyword":"jardin"},"categories":[3],"tags":[],"class_list":["post-33721","post","type-post","status-publish","format-standard","has-post-thumbnail","hentry","category-voyage"],"acf":[],"_links":{"self":[{"href":"https:\/\/ulysse.com\/news\/wp-json\/wp\/v2\/posts\/33721","targetHints":{"allow":["GET"]}}],"collection":[{"href":"https:\/\/ulysse.com\/news\/wp-json\/wp\/v2\/posts"}],"about":[{"href":"https:\/\/ulysse.com\/news\/wp-json\/wp\/v2\/types\/post"}],"author":[{"embeddable":true,"href":"https:\/\/ulysse.com\/news\/wp-json\/wp\/v2\/users\/3"}],"replies":[{"embeddable":true,"href":"https:\/\/ulysse.com\/news\/wp-json\/wp\/v2\/comments?post=33721"}],"version-history":[{"count":2,"href":"https:\/\/ulysse.com\/news\/wp-json\/wp\/v2\/posts\/33721\/revisions"}],"predecessor-version":[{"id":33734,"href":"https:\/\/ulysse.com\/news\/wp-json\/wp\/v2\/posts\/33721\/revisions\/33734"}],"wp:featuredmedia":[{"embeddable":true,"href":"https:\/\/ulysse.com\/news\/wp-json\/wp\/v2\/media\/33722"}],"wp:attachment":[{"href":"https:\/\/ulysse.com\/news\/wp-json\/wp\/v2\/media?parent=33721"}],"wp:term":[{"taxonomy":"category","embeddable":true,"href":"https:\/\/ulysse.com\/news\/wp-json\/wp\/v2\/categories?post=33721"},{"taxonomy":"post_tag","embeddable":true,"href":"https:\/\/ulysse.com\/news\/wp-json\/wp\/v2\/tags?post=33721"}],"curies":[{"name":"wp","href":"https:\/\/api.w.org\/{rel}","templated":true}]}}