{"id":33746,"date":"2025-08-22T13:00:03","date_gmt":"2025-08-22T12:00:03","guid":{"rendered":"https:\/\/discover.ulysse.com\/?p=33746"},"modified":"2025-08-22T09:51:55","modified_gmt":"2025-08-22T08:51:55","slug":"ce-petit-village-situe-a-2-heures-de-toulouse-est-le-parfait-lieu-pour-des-vacances-dete-pour-les-retraites","status":"publish","type":"post","link":"https:\/\/ulysse.com\/news\/ce-petit-village-situe-a-2-heures-de-toulouse-est-le-parfait-lieu-pour-des-vacances-dete-pour-les-retraites","title":{"rendered":"Ce petit village situ\u00e9 \u00e0 2 heures de Toulouse est le parfait lieu pour des vacances d&#8217;\u00e9t\u00e9 pour les retrait\u00e9s"},"content":{"rendered":"<p data-start=\"114\" data-end=\"687\">Dans un cadre naturel enchanteur, loin du tumulte des grandes villes, se cache un village id\u00e9al pour des vacances d\u2019\u00e9t\u00e9 reposantes. \u00c0 seulement quelques heures de route de Toulouse, ce lieu vous offre une atmosph\u00e8re apaisante et une multitude d\u2019activit\u00e9s adapt\u00e9es aux besoins des retrait\u00e9s. Que vous soyez amateur de tranquillit\u00e9, de bien-\u00eatre ou de petites escapades en pleine nature, cet endroit vous promet un s\u00e9jour inoubliable. Si vous cherchez \u00e0 vous ressourcer tout en d\u00e9couvrant une r\u00e9gion pleine de charme, continuez \u00e0 lire pour d\u00e9couvrir ce petit coin de paradis.<\/p>\n<h2 data-start=\"689\" data-end=\"744\">Un village accessible, facilement atteint en voiture<\/h2>\n<p data-start=\"746\" data-end=\"1156\">Le village en question est Saint-Lary-Soulan, situ\u00e9 \u00e0 2 heures de <a href=\"https:\/\/discover.ulysse.com\/a-2h-de-toulouse-ce-village-des-pyrenees-vous-offre-un-veritable-refuge-de-bien-etre-et-de-relaxation\">Toulouse<\/a>, au c\u0153ur des Hautes-Pyr\u00e9n\u00e9es. Accessible par la route, il est bien reli\u00e9 aux principales villes de la r\u00e9gion et constitue un point de d\u00e9part id\u00e9al pour d\u00e9couvrir la beaut\u00e9 des montagnes pyr\u00e9n\u00e9ennes. Le trajet est simple et agr\u00e9able, et permet de profiter du paysage au fur et \u00e0 mesure que l\u2019on s\u2019\u00e9loigne des agglom\u00e9rations.<\/p>\n<p data-start=\"1158\" data-end=\"1738\">L\u2019un des grands atouts de Saint-Lary-Soulan est sa facilit\u00e9 d\u2019acc\u00e8s. Malgr\u00e9 son caract\u00e8re montagnard, le village est bien \u00e9quip\u00e9 et tr\u00e8s bien desservi par des routes adapt\u00e9es \u00e0 tous types de v\u00e9hicules. Pour les retrait\u00e9s pr\u00e9f\u00e9rant ne pas conduire, des services de navettes sont \u00e9galement disponibles depuis les grandes villes voisines, ce qui en fait un lieu pratique pour les vacances sans stress. La circulation dans le village reste mod\u00e9r\u00e9e, offrant une atmosph\u00e8re sereine et tranquille, id\u00e9ale pour ceux qui souhaitent \u00e9chapper \u00e0 l\u2019agitation des destinations plus fr\u00e9quent\u00e9es.<\/p>\n<blockquote class=\"tiktok-embed\" style=\"max-width: 605px; min-width: 325px;\" cite=\"https:\/\/www.tiktok.com\/@louise_gcn\/video\/7472468966414290198\" data-video-id=\"7472468966414290198\">\n<section><a title=\"@louise_gcn\" href=\"https:\/\/www.tiktok.com\/@louise_gcn?refer=embed\" target=\"_blank\" rel=\"noopener\">@louise_gcn<\/a> Saint-Lary-Soulan \ud83e\udd0d\u2744\ufe0f <a title=\"saintlarysoulan\" href=\"https:\/\/www.tiktok.com\/tag\/saintlarysoulan?refer=embed\" target=\"_blank\" rel=\"noopener\">#saintlarysoulan<\/a> <a title=\"saintlary\" href=\"https:\/\/www.tiktok.com\/tag\/saintlary?refer=embed\" target=\"_blank\" rel=\"noopener\">#saintlary<\/a> <a title=\"stlary\" href=\"https:\/\/www.tiktok.com\/tag\/stlary?refer=embed\" target=\"_blank\" rel=\"noopener\">#stlary<\/a> <a title=\"stlarysoulan\" href=\"https:\/\/www.tiktok.com\/tag\/stlarysoulan?refer=embed\" target=\"_blank\" rel=\"noopener\">#stlarysoulan<\/a> <a title=\"village\" href=\"https:\/\/www.tiktok.com\/tag\/village?refer=embed\" target=\"_blank\" rel=\"noopener\">#village<\/a> <a title=\"pyrenees\" href=\"https:\/\/www.tiktok.com\/tag\/pyrenees?refer=embed\" target=\"_blank\" rel=\"noopener\">#pyrenees<\/a> <a title=\"montagne\" href=\"https:\/\/www.tiktok.com\/tag\/montagne?refer=embed\" target=\"_blank\" rel=\"noopener\">#montagne<\/a> <a title=\"mountain\" href=\"https:\/\/www.tiktok.com\/tag\/mountain?refer=embed\" target=\"_blank\" rel=\"noopener\">#mountain<\/a> <a title=\"ski\" href=\"https:\/\/www.tiktok.com\/tag\/ski?refer=embed\" target=\"_blank\" rel=\"noopener\">#Ski<\/a> <a title=\"pourtoi\" href=\"https:\/\/www.tiktok.com\/tag\/pourtoi?refer=embed\" target=\"_blank\" rel=\"noopener\">#pourtoi<\/a> <a title=\"fyppp\" href=\"https:\/\/www.tiktok.com\/tag\/fyppp?refer=embed\" target=\"_blank\" rel=\"noopener\">#fyppp<\/a> <a title=\"\u266c Home - Matthew Hall\" href=\"https:\/\/www.tiktok.com\/music\/Home-7078749955761899522?refer=embed\" target=\"_blank\" rel=\"noopener\">\u266c Home &#8211; Matthew Hall<\/a><\/section>\n<\/blockquote>\n<p><script async src=\"https:\/\/www.tiktok.com\/embed.js\"><\/script><\/p>\n<h2 data-start=\"1740\" data-end=\"1790\">Un climat agr\u00e9able et un environnement paisible<\/h2>\n<p data-start=\"1792\" data-end=\"2172\">L\u2019un des aspects les plus agr\u00e9ables de Saint-Lary-Soulan est son climat doux et agr\u00e9able en \u00e9t\u00e9. Le village se trouve \u00e0 une altitude de 830 m\u00e8tres, offrant une temp\u00e9rature id\u00e9ale pour les retrait\u00e9s qui cherchent \u00e0 \u00e9viter la chaleur \u00e9touffante des r\u00e9gions plus basses. Le climat montagnard, ni trop chaud ni trop froid, cr\u00e9e une atmosph\u00e8re parfaite pour des vacances d\u00e9tendues.<\/p>\n<p data-start=\"2174\" data-end=\"2635\">Les retrait\u00e9s appr\u00e9cient particuli\u00e8rement la fra\u00eecheur de l\u2019air et la puret\u00e9 du climat, loin des pollutions urbaines. L\u2019environnement est \u00e9galement propice \u00e0 la d\u00e9tente et \u00e0 la relaxation, avec de nombreuses possibilit\u00e9s de balades tranquilles dans les for\u00eats alentours ou le long des ruisseaux de montagne. En plus de l\u2019air pur, le silence et la beaut\u00e9 des paysages alpins apportent une v\u00e9ritable sensation de d\u00e9connexion, loin du stress quotidien.<\/p>\n<p data-start=\"2637\" data-end=\"2928\">L&#8217;eau de la vall\u00e9e est aussi connue pour ses vertus th\u00e9rapeutiques, ce qui fait de Saint-Lary-Soulan un lieu privil\u00e9gi\u00e9 pour les retrait\u00e9s en qu\u00eate de bien-\u00eatre. Le cadre naturel, combin\u00e9 \u00e0 des temp\u00e9ratures id\u00e9ales, permet de profiter pleinement de chaque moment pass\u00e9 \u00e0 l\u2019ext\u00e9rieur.<\/p>\n<h2 data-start=\"2930\" data-end=\"2969\">Des activit\u00e9s adapt\u00e9es aux retrait\u00e9s<\/h2>\n<p data-start=\"2971\" data-end=\"3243\">Saint-Lary-Soulan est un v\u00e9ritable paradis pour les retrait\u00e9s qui souhaitent combiner relaxation et d\u00e9couvertes tout en restant dans une ambiance paisible. Le village propose une gamme d\u2019activit\u00e9s adapt\u00e9es, loin de l\u2019agitation des stations touristiques classiques.<\/p>\n<p data-start=\"3245\" data-end=\"3820\">Le thermalisme est l\u2019une des attractions majeures de la r\u00e9gion. Les Thermes de Saint-Lary, r\u00e9put\u00e9s pour leurs soins th\u00e9rapeutiques et relaxants, sont l\u2019endroit id\u00e9al pour les retrait\u00e9s qui souhaitent prendre soin de leur corps et de leur esprit. Les bains thermaux, les soins du visage, les massages et les th\u00e9rapies par l\u2019eau sont particuli\u00e8rement recommand\u00e9s pour soulager les douleurs musculaires et articulaires, fr\u00e9quentes avec l\u2019\u00e2ge. Ces soins permettent de se ressourcer et de b\u00e9n\u00e9ficier des vertus curatives des eaux thermales locales.<\/p>\n<p data-start=\"3822\" data-end=\"4365\">Pour ceux qui pr\u00e9f\u00e8rent des activit\u00e9s en plein air, plusieurs <a href=\"https:\/\/discover.ulysse.com\/sentiers-de-randonnee-traversent-pays-entiers\">sentiers de randonn\u00e9e<\/a> faciles et accessibles traversent la vall\u00e9e. Ces itin\u00e9raires permettent de d\u00e9couvrir des paysages montagneux \u00e0 couper le souffle tout en pratiquant une activit\u00e9 physique douce. Les chemins bien balis\u00e9s sont parfaits pour les retrait\u00e9s souhaitant profiter des panoramas alpins sans se mettre en difficult\u00e9. Des balades \u00e0 v\u00e9lo \u00e9lectrique ou des promenades en cal\u00e8che sont \u00e9galement des options id\u00e9ales pour explorer la r\u00e9gion \u00e0 un rythme tranquille.<\/p>\n<p data-start=\"4367\" data-end=\"4577\">Enfin, la p\u00eache en montagne et la visite de petits villages environnants sont \u00e9galement des activit\u00e9s parfaites pour ceux qui pr\u00e9f\u00e8rent une exp\u00e9rience plus calme, tout en d\u00e9couvrant le patrimoine local.<\/p>\n<h2 data-start=\"4579\" data-end=\"4653\">Des infrastructures et services \u00e0 la hauteur des attentes des retrait\u00e9s<\/h2>\n<p data-start=\"4655\" data-end=\"5066\">Saint-Lary-Soulan offre un accueil de qualit\u00e9 et des services adapt\u00e9s aux besoins des retrait\u00e9s. Le village dispose de nombreuses commodit\u00e9s comme des restaurants, des commerces de proximit\u00e9, des m\u00e9decins, et des pharmacies. Les infrastructures sont con\u00e7ues pour \u00eatre accessibles \u00e0 tous, y compris aux personnes \u00e0 mobilit\u00e9 r\u00e9duite, garantissant un s\u00e9jour confortable sans contrainte.<\/p>\n<p data-start=\"5068\" data-end=\"5465\">Les retrait\u00e9s peuvent \u00e9galement profiter des nombreuses terrasses de caf\u00e9s pour se d\u00e9tendre tout en admirant les paysages montagneux. Le centre du village est pittoresque et paisible, avec des rues pi\u00e9tonnes id\u00e9ales pour se promener sans bruit ni agitation. De plus, la s\u00e9curit\u00e9 du village et l\u2019accueil chaleureux de ses habitants font de Saint-Lary-Soulan un endroit o\u00f9 il fait bon vivre.<\/p>\n<p data-start=\"5467\" data-end=\"5780\">Les h\u00e9bergements disponibles sont vari\u00e9s, des h\u00f4tels aux g\u00eetes en passant par des r\u00e9sidences de vacances adapt\u00e9es. Beaucoup d\u2019entre eux proposent des prestations sur mesure pour les personnes \u00e2g\u00e9es, avec des services de transport ou des menus sp\u00e9ciaux, garantissant un s\u00e9jour pratique et agr\u00e9able.<\/p>\n","protected":false},"excerpt":{"rendered":"<p>Dans un cadre naturel enchanteur, loin du tumulte des grandes villes, se cache un village id\u00e9al pour des vacances d\u2019\u00e9t\u00e9 [&hellip;]<\/p>\n","protected":false},"author":4,"featured_media":34022,"comment_status":"open","ping_status":"closed","sticky":false,"template":"","format":"standard","meta":{"_acf_changed":false,"_sitemap_exclude":false,"_sitemap_priority":"","_sitemap_frequency":"","footnotes":"","rank_math_title":"","rank_math_description":"","rank_math_canonical_url":"","rank_math_focus_keyword":"toulouse"},"categories":[3],"tags":[],"class_list":["post-33746","post","type-post","status-publish","format-standard","has-post-thumbnail","hentry","category-voyage"],"acf":[],"_links":{"self":[{"href":"https:\/\/ulysse.com\/news\/wp-json\/wp\/v2\/posts\/33746","targetHints":{"allow":["GET"]}}],"collection":[{"href":"https:\/\/ulysse.com\/news\/wp-json\/wp\/v2\/posts"}],"about":[{"href":"https:\/\/ulysse.com\/news\/wp-json\/wp\/v2\/types\/post"}],"author":[{"embeddable":true,"href":"https:\/\/ulysse.com\/news\/wp-json\/wp\/v2\/users\/4"}],"replies":[{"embeddable":true,"href":"https:\/\/ulysse.com\/news\/wp-json\/wp\/v2\/comments?post=33746"}],"version-history":[{"count":2,"href":"https:\/\/ulysse.com\/news\/wp-json\/wp\/v2\/posts\/33746\/revisions"}],"predecessor-version":[{"id":34023,"href":"https:\/\/ulysse.com\/news\/wp-json\/wp\/v2\/posts\/33746\/revisions\/34023"}],"wp:featuredmedia":[{"embeddable":true,"href":"https:\/\/ulysse.com\/news\/wp-json\/wp\/v2\/media\/34022"}],"wp:attachment":[{"href":"https:\/\/ulysse.com\/news\/wp-json\/wp\/v2\/media?parent=33746"}],"wp:term":[{"taxonomy":"category","embeddable":true,"href":"https:\/\/ulysse.com\/news\/wp-json\/wp\/v2\/categories?post=33746"},{"taxonomy":"post_tag","embeddable":true,"href":"https:\/\/ulysse.com\/news\/wp-json\/wp\/v2\/tags?post=33746"}],"curies":[{"name":"wp","href":"https:\/\/api.w.org\/{rel}","templated":true}]}}