{"id":33753,"date":"2025-08-31T16:00:18","date_gmt":"2025-08-31T15:00:18","guid":{"rendered":"https:\/\/discover.ulysse.com\/?p=33753"},"modified":"2025-08-31T09:29:26","modified_gmt":"2025-08-31T08:29:26","slug":"ce-massif-situe-a-1h30-de-lyon-est-le-parfait-lieu-pour-randonner","status":"publish","type":"post","link":"https:\/\/ulysse.com\/news\/ce-massif-situe-a-1h30-de-lyon-est-le-parfait-lieu-pour-randonner","title":{"rendered":"Ce massif situ\u00e9 \u00e0 1h30 de Lyon est le parfait lieu pour randonner"},"content":{"rendered":"<p data-start=\"91\" data-end=\"742\">Lorsque les temp\u00e9ratures grimpent en fl\u00e8che durant l\u2019\u00e9t\u00e9, il devient de plus en plus difficile de profiter de la nature sans se laisser accabler par la chaleur. Pourtant, en <strong data-start=\"265\" data-end=\"275\">Savoie<\/strong>, \u00e0 seulement <strong data-start=\"289\" data-end=\"305\">1h30 de Lyon<\/strong>, se cache un massif id\u00e9al pour les amateurs de randonn\u00e9e souhaitant \u00e9chapper \u00e0 la canicule. Le <strong data-start=\"401\" data-end=\"422\">Massif des Bauges<\/strong>, avec son atmosph\u00e8re montagnarde rafra\u00eechissante et ses sentiers peu fr\u00e9quent\u00e9s, est l&#8217;endroit parfait pour se ressourcer en pleine nature, loin des foules. Que vous soyez un randonneur occasionnel ou un passionn\u00e9 de grandes travers\u00e9es, ce lieu pr\u00e9serv\u00e9 offre de multiples possibilit\u00e9s pour une \u00e9vasion rafra\u00eechissante.<\/p>\n<h2 data-start=\"744\" data-end=\"829\">Le Massif des Bauges : une destination encore pr\u00e9serv\u00e9e, \u00e0 quelques heures de Lyon<\/h2>\n<p data-start=\"831\" data-end=\"1406\">Le <strong data-start=\"834\" data-end=\"855\">Massif des Bauges<\/strong>, situ\u00e9 entre les d\u00e9partements de la <a href=\"https:\/\/discover.ulysse.com\/village-1h-annecy-petite-venise-savoie-charme-touristes\">Savoie<\/a> et de la <strong data-start=\"912\" data-end=\"928\">Haute-Savoie<\/strong>, est un v\u00e9ritable havre de paix, particuli\u00e8rement appr\u00e9ci\u00e9 des randonneurs en qu\u00eate de tranquillit\u00e9. Ce massif, class\u00e9 <strong data-start=\"1048\" data-end=\"1073\">Parc naturel r\u00e9gional<\/strong>, couvre plus de <strong data-start=\"1090\" data-end=\"1103\">1 300 km\u00b2<\/strong>, offrant une multitude de paysages vari\u00e9s, allant des for\u00eats profondes aux alpages verdoyants, sans oublier ses magnifiques sommets. Accessible en \u00e0 peine <strong data-start=\"1259\" data-end=\"1275\">1h30 de Lyon<\/strong>, il est d\u2019une grande facilit\u00e9 d\u2019acc\u00e8s, tout en restant relativement discret compar\u00e9 \u00e0 des destinations plus fr\u00e9quent\u00e9es des Alpes.<\/p>\n<p data-start=\"1408\" data-end=\"1933\">Le Massif des Bauges se distingue par son calme et sa faible fr\u00e9quentation. Contrairement \u00e0 d\u2019autres massifs alpins populaires, il n\u2019est pas envahi par les <a href=\"https:\/\/discover.ulysse.com\/secrets-ature-randonnee-druide-megeve\">foules de randonneurs<\/a>. Vous y trouverez une v\u00e9ritable <strong data-start=\"1618\" data-end=\"1638\">nature pr\u00e9serv\u00e9e<\/strong>, des paysages grandioses, et surtout un air frais m\u00eame pendant les journ\u00e9es les plus chaudes de l&#8217;\u00e9t\u00e9. L\u2019altitude de la r\u00e9gion permet aux randonneurs de b\u00e9n\u00e9ficier de temp\u00e9ratures bien plus agr\u00e9ables que dans les vall\u00e9es inf\u00e9rieures, ce qui en fait une destination id\u00e9ale pour fuir la canicule.<\/p>\n<blockquote class=\"tiktok-embed\" style=\"max-width: 605px; min-width: 325px;\" cite=\"https:\/\/www.tiktok.com\/@cocopaillette\/video\/7527255022044712214\" data-video-id=\"7527255022044712214\">\n<section><a title=\"@cocopaillette\" href=\"https:\/\/www.tiktok.com\/@cocopaillette?refer=embed\" target=\"_blank\" rel=\"noopener\">@cocopaillette<\/a> \ud83d\udccdTravers\u00e9e du massif des Bauges (Alpes) \ud83e\udd7e jour 1\/4 : Annecy &gt; le Semnoz \ud83c\udfd4\ufe0f <a title=\"randonnee\" href=\"https:\/\/www.tiktok.com\/tag\/randonnee?refer=embed\" target=\"_blank\" rel=\"noopener\">#randonnee<\/a> <a title=\"bivouac\" href=\"https:\/\/www.tiktok.com\/tag\/bivouac?refer=embed\" target=\"_blank\" rel=\"noopener\">#bivouac<\/a> <a title=\"marche\" href=\"https:\/\/www.tiktok.com\/tag\/marche?refer=embed\" target=\"_blank\" rel=\"noopener\">#marche<\/a> <a title=\"outdoor\" href=\"https:\/\/www.tiktok.com\/tag\/outdoor?refer=embed\" target=\"_blank\" rel=\"noopener\">#outdoor<\/a> <a title=\"camping\" href=\"https:\/\/www.tiktok.com\/tag\/camping?refer=embed\" target=\"_blank\" rel=\"noopener\">#camping<\/a> <a title=\"alpes\" href=\"https:\/\/www.tiktok.com\/tag\/alpes?refer=embed\" target=\"_blank\" rel=\"noopener\">#alpes<\/a> <a title=\"bauges\" href=\"https:\/\/www.tiktok.com\/tag\/bauges?refer=embed\" target=\"_blank\" rel=\"noopener\">#bauges<\/a> <a title=\"semnoz\" href=\"https:\/\/www.tiktok.com\/tag\/semnoz?refer=embed\" target=\"_blank\" rel=\"noopener\">#semnoz<\/a> <a title=\"vlog\" href=\"https:\/\/www.tiktok.com\/tag\/vlog?refer=embed\" target=\"_blank\" rel=\"noopener\">#vlog<\/a> <a title=\"rando\" href=\"https:\/\/www.tiktok.com\/tag\/rando?refer=embed\" target=\"_blank\" rel=\"noopener\">#rando<\/a> <a title=\"slowtravel\" href=\"https:\/\/www.tiktok.com\/tag\/slowtravel?refer=embed\" target=\"_blank\" rel=\"noopener\">#slowtravel<\/a> <a title=\"\u266c suono originale - personalxxspace\" href=\"https:\/\/www.tiktok.com\/music\/suono-originale-7218222043116817179?refer=embed\" target=\"_blank\" rel=\"noopener\">\u266c suono originale &#8211; personalxxspace<\/a><\/section>\n<\/blockquote>\n<p><script async src=\"https:\/\/www.tiktok.com\/embed.js\"><\/script><\/p>\n<h2 data-start=\"1935\" data-end=\"2007\">Une randonn\u00e9e pour tous les niveaux dans un cadre naturel d&#8217;exception<\/h2>\n<p data-start=\"2009\" data-end=\"2596\">Le <strong data-start=\"2012\" data-end=\"2033\">Massif des Bauges<\/strong> propose une grande diversit\u00e9 de sentiers adapt\u00e9s \u00e0 tous les niveaux de randonneurs. Si vous \u00eates un amateur de randonn\u00e9e familiale ou de balades tranquilles, vous trouverez de nombreux <strong data-start=\"2219\" data-end=\"2239\">sentiers faciles<\/strong> serpentant \u00e0 travers de magnifiques for\u00eats, longeant des ruisseaux et des prairies verdoyantes. L\u2019un des parcours les plus pris\u00e9s est la <strong data-start=\"2377\" data-end=\"2405\">randonn\u00e9e du Mont Revard<\/strong>, une balade d\u2019environ <strong data-start=\"2428\" data-end=\"2440\">3 heures<\/strong> avec un d\u00e9nivel\u00e9 de <strong data-start=\"2461\" data-end=\"2475\">600 m\u00e8tres<\/strong>. Ce sentier relativement facile vous permet de d\u00e9couvrir des panoramas splendides tout en restant \u00e0 l\u2019ombre des arbres.<\/p>\n<p data-start=\"2598\" data-end=\"3044\">Pour ceux qui pr\u00e9f\u00e8rent des d\u00e9fis plus techniques, le <strong data-start=\"2652\" data-end=\"2670\">Col de l&#8217;Epine<\/strong>, \u00e0 environ <strong data-start=\"2682\" data-end=\"2709\">1 600 m\u00e8tres d\u2019altitude<\/strong>, propose une randonn\u00e9e plus exigeante de <strong data-start=\"2751\" data-end=\"2763\">5 heures<\/strong>. Le parcours grimpe \u00e0 travers des zones rocheuses avant d\u2019atteindre un sommet offrant une vue spectaculaire sur les <strong data-start=\"2880\" data-end=\"2889\">Alpes<\/strong> et la <strong data-start=\"2896\" data-end=\"2910\">Chartreuse<\/strong>. Ce type d\u2019itin\u00e9raire est parfait pour les randonneurs en qu\u00eate de plus de difficult\u00e9 tout en restant dans un environnement pr\u00e9serv\u00e9.<\/p>\n<p data-start=\"3046\" data-end=\"3554\">Le massif est particuli\u00e8rement appr\u00e9ci\u00e9 pour ses randonn\u00e9es interm\u00e9diaires qui permettent de s\u2019aventurer dans des d\u00e9cors de montagne tout en restant accessible pour des pratiquants mod\u00e9r\u00e9s. Il n&#8217;est pas rare de croiser des chamois ou d&#8217;autres animaux sauvages en cours de chemin, tant la faune locale est vari\u00e9e et pr\u00e9sente. Que vous soyez un randonneur d\u00e9butant ou confirm\u00e9, vous trouverez des itin\u00e9raires adapt\u00e9s \u00e0 votre niveau, garantissant une exp\u00e9rience enrichissante dans un cadre naturel exceptionnel.<\/p>\n<h2 data-start=\"3556\" data-end=\"3624\">La fra\u00eecheur de l\u2019altitude : un refuge parfait contre la canicule<\/h2>\n<p data-start=\"3626\" data-end=\"4123\">L\u2019un des principaux atouts du <strong data-start=\"3656\" data-end=\"3677\">Massif des Bauges<\/strong> pendant la canicule est sans conteste sa fra\u00eecheur. Ce massif, culminant \u00e0 plus de <strong data-start=\"3765\" data-end=\"3792\">2 000 m\u00e8tres d\u2019altitude<\/strong>, est un v\u00e9ritable refuge face aux temp\u00e9ratures \u00e9lev\u00e9es qui s\u2019abattent sur les vall\u00e9es. En effet, \u00e0 des altitudes sup\u00e9rieures, la temp\u00e9rature est souvent <strong data-start=\"3946\" data-end=\"3973\">de 10 \u00e0 15\u00b0C plus basse<\/strong> qu\u2019en bas, ce qui permet de randonner dans un confort optimal, loin des vagues de chaleur qui peuvent rendre les promenades en plaine insupportables.<\/p>\n<p data-start=\"4125\" data-end=\"4670\">Les sentiers, souvent bord\u00e9s de <strong data-start=\"4157\" data-end=\"4175\">for\u00eats de pins<\/strong> ou traversant des <strong data-start=\"4194\" data-end=\"4213\">zones ombrag\u00e9es<\/strong>, offrent des espaces de fra\u00eecheur bienvenus, parfaits pour se reposer apr\u00e8s un effort. Le <strong data-start=\"4304\" data-end=\"4319\">Mont Revard<\/strong>, \u00e0 plus de <strong data-start=\"4331\" data-end=\"4358\">1 500 m\u00e8tres d\u2019altitude<\/strong>, est l\u2019un des lieux les plus appr\u00e9ci\u00e9s, car il offre une vue imprenable sur la vall\u00e9e et permet de s&#8217;\u00e9chapper de la chaleur estivale. De plus, les nombreuses <strong data-start=\"4517\" data-end=\"4534\">sources d\u2019eau<\/strong> naturelles et les <strong data-start=\"4553\" data-end=\"4566\">ruisseaux<\/strong> qui jalonnent les sentiers permettent de s&#8217;hydrater facilement et de se rafra\u00eechir durant la randonn\u00e9e.<\/p>\n<p data-start=\"4672\" data-end=\"4950\">En p\u00e9riode de canicule, l\u2019altitude, combin\u00e9e \u00e0 la v\u00e9g\u00e9tation dense, garantit des <strong data-start=\"4753\" data-end=\"4779\">temp\u00e9ratures agr\u00e9ables<\/strong> tout au long de la journ\u00e9e. Le climat montagnard de cette r\u00e9gion est donc un v\u00e9ritable atout pour les randonneurs souhaitant \u00e9chapper \u00e0 la chaleur \u00e9touffante des plaines.<\/p>\n<h2 data-start=\"4952\" data-end=\"5026\">Une fr\u00e9quentation mod\u00e9r\u00e9e pour des moments de solitude en pleine nature<\/h2>\n<p data-start=\"5028\" data-end=\"5655\">L\u2019un des grands avantages du <strong data-start=\"5057\" data-end=\"5078\">Massif des Bauges<\/strong> est qu\u2019il reste relativement discret, m\u00eame pendant la saison estivale. Si la majorit\u00e9 des visiteurs se tournent vers des destinations alpines plus populaires comme Chamonix ou Annecy, les Bauges conservent une <strong data-start=\"5289\" data-end=\"5314\">fr\u00e9quentation mod\u00e9r\u00e9e<\/strong>. En moyenne, vous croiserez <strong data-start=\"5343\" data-end=\"5380\">entre 20 et 50 personnes par jour<\/strong> sur les sentiers les plus populaires, un nombre bien inf\u00e9rieur \u00e0 celui que l\u2019on trouve dans les grandes stations de montagne. Cette tranquillit\u00e9 fait de ce massif un v\u00e9ritable <strong data-start=\"5557\" data-end=\"5574\">havre de paix<\/strong> o\u00f9 les randonneurs peuvent profiter de la nature sans \u00eatre constamment d\u00e9rang\u00e9s.<\/p>\n<p data-start=\"5657\" data-end=\"6048\">Les sentiers ne sont jamais bond\u00e9s et vous pourrez souvent marcher en toute <strong data-start=\"5733\" data-end=\"5745\">solitude<\/strong>, en profitant du calme des lieux. Cela vous permet non seulement de vous reconnecter avec la nature mais aussi de savourer des paysages magnifiques sans l\u2019agitation habituelle des destinations plus connues. De plus, l&#8217;absence de bruit humain contribue \u00e0 cr\u00e9er une atmosph\u00e8re particuli\u00e8rement apaisante.<\/p>\n","protected":false},"excerpt":{"rendered":"<p>Lorsque les temp\u00e9ratures grimpent en fl\u00e8che durant l\u2019\u00e9t\u00e9, il devient de plus en plus difficile de profiter de la nature [&hellip;]<\/p>\n","protected":false},"author":4,"featured_media":34406,"comment_status":"open","ping_status":"closed","sticky":false,"template":"","format":"standard","meta":{"_acf_changed":false,"_sitemap_exclude":false,"_sitemap_priority":"","_sitemap_frequency":"","footnotes":"","rank_math_title":"","rank_math_description":"","rank_math_canonical_url":"","rank_math_focus_keyword":"massif"},"categories":[3],"tags":[],"class_list":["post-33753","post","type-post","status-publish","format-standard","has-post-thumbnail","hentry","category-voyage"],"acf":[],"_links":{"self":[{"href":"https:\/\/ulysse.com\/news\/wp-json\/wp\/v2\/posts\/33753","targetHints":{"allow":["GET"]}}],"collection":[{"href":"https:\/\/ulysse.com\/news\/wp-json\/wp\/v2\/posts"}],"about":[{"href":"https:\/\/ulysse.com\/news\/wp-json\/wp\/v2\/types\/post"}],"author":[{"embeddable":true,"href":"https:\/\/ulysse.com\/news\/wp-json\/wp\/v2\/users\/4"}],"replies":[{"embeddable":true,"href":"https:\/\/ulysse.com\/news\/wp-json\/wp\/v2\/comments?post=33753"}],"version-history":[{"count":2,"href":"https:\/\/ulysse.com\/news\/wp-json\/wp\/v2\/posts\/33753\/revisions"}],"predecessor-version":[{"id":34407,"href":"https:\/\/ulysse.com\/news\/wp-json\/wp\/v2\/posts\/33753\/revisions\/34407"}],"wp:featuredmedia":[{"embeddable":true,"href":"https:\/\/ulysse.com\/news\/wp-json\/wp\/v2\/media\/34406"}],"wp:attachment":[{"href":"https:\/\/ulysse.com\/news\/wp-json\/wp\/v2\/media?parent=33753"}],"wp:term":[{"taxonomy":"category","embeddable":true,"href":"https:\/\/ulysse.com\/news\/wp-json\/wp\/v2\/categories?post=33753"},{"taxonomy":"post_tag","embeddable":true,"href":"https:\/\/ulysse.com\/news\/wp-json\/wp\/v2\/tags?post=33753"}],"curies":[{"name":"wp","href":"https:\/\/api.w.org\/{rel}","templated":true}]}}