{"id":33779,"date":"2025-08-20T14:00:58","date_gmt":"2025-08-20T13:00:58","guid":{"rendered":"https:\/\/discover.ulysse.com\/?p=33779"},"modified":"2025-08-20T10:35:05","modified_gmt":"2025-08-20T09:35:05","slug":"ils-ont-franchi-la-porte-pour-une-nuit-et-ne-sont-jamais-repartis","status":"publish","type":"post","link":"https:\/\/ulysse.com\/news\/ils-ont-franchi-la-porte-pour-une-nuit-et-ne-sont-jamais-repartis","title":{"rendered":"Ils ont franchi la porte pour une nuit\u2026 et ne sont jamais repartis"},"content":{"rendered":"<p data-start=\"102\" data-end=\"621\">L\u2019acc\u00e8s \u00e0 la propri\u00e9t\u00e9, pour de nombreux Fran\u00e7ais, est souvent per\u00e7u comme un r\u00eave, que ce soit pour y vivre ou pour en tirer un revenu locatif. Mais pour certains, ce r\u00eave peut se transformer en cauchemar. C\u2019est le cas d\u2019un propri\u00e9taire du Nord, Olivier Bitong, qui a vu son bien de 20 m\u00b2 \u00e0 Douai occup\u00e9 par des locataires ne souhaitant plus partir apr\u00e8s une nuit de r\u00e9servation. Ce genre de situation, bien que choquante, devient malheureusement de plus en plus fr\u00e9quent dans le contexte actuel du logement en France.<\/p>\n<h2 data-start=\"623\" data-end=\"681\">Une nuit prolong\u00e9e : les locataires refusent de partir<\/h2>\n<p data-start=\"683\" data-end=\"1441\">Tout commence par une r\u00e9servation pour une nuit dans le studio d\u2019Olivier Bitong. Le lendemain, les deux locataires sont toujours sur place, sans avoir r\u00e9gl\u00e9 leur s\u00e9jour. Lors d\u2019une rencontre avec le propri\u00e9taire, l\u2019un des locataires tente de justifier son prolongement par des excuses diverses, comme un retard de train et un oubli d\u2019affaires. Mais le propri\u00e9taire reste ferme, lui rappelant qu\u2019ils n\u2019avaient pas pay\u00e9 et que leur pr\u00e9sence dans le logement \u00e9tait ill\u00e9gale. Ce dialogue tendu entre les parties a \u00e9t\u00e9 film\u00e9 par les \u00e9quipes de TF1, qui ont suivi l\u2019histoire. Bien qu&#8217;il ait finalement obtenu leur d\u00e9part, ce simple incident a mis en lumi\u00e8re un probl\u00e8me plus vaste : les squatteurs et mauvais-payeurs qui se multiplient, malgr\u00e9 les lois en vigueur.<\/p>\n<h2 data-start=\"1443\" data-end=\"1519\">Les risques pour les propri\u00e9taires : des cas de squat difficiles \u00e0 g\u00e9rer<\/h2>\n<p data-start=\"1521\" data-end=\"2349\">Cette situation soul\u00e8ve une inqui\u00e9tude grandissante parmi les propri\u00e9taires de logements. Comme le souligne Olivier Bitong, m\u00eame si cette fois-ci, le manque \u00e0 gagner ne s\u2019\u00e9l\u00e8ve qu\u2019\u00e0 50 euros, d\u2019autres cas de squatteurs peuvent entra\u00eener des pertes beaucoup plus importantes. Dans certains cas, le squat peut durer plusieurs mois, voire des ann\u00e9es, et \u00eatre source de d\u00e9gradations importantes des biens. Parfois, les locataires ind\u00e9logables changent m\u00eame les serrures ou revendiquent leur droit d\u2019occupation. Ce ph\u00e9nom\u00e8ne est loin d\u2019\u00eatre isol\u00e9. En d\u00e9cembre 2022, un couple de retrait\u00e9s a d\u00fb faire face \u00e0 une situation similaire o\u00f9 un vacancier, initialement r\u00e9serv\u00e9 pour une semaine, est devenu impossible \u00e0 d\u00e9loger pendant plusieurs mois. Le propri\u00e9taire a d\u00fb patienter deux ans pour r\u00e9cup\u00e9rer son bien, sans aucune compensation.<\/p>\n<h2 data-start=\"2351\" data-end=\"2443\">L&#8217;inefficacit\u00e9 de la loi anti-squat : une protection insuffisante pour les propri\u00e9taires<\/h2>\n<p data-start=\"2445\" data-end=\"3204\">Malgr\u00e9 la loi anti-squat entr\u00e9e en vigueur il y a deux ans, de nombreux propri\u00e9taires sont encore confront\u00e9s \u00e0 des difficult\u00e9s pour expulser les squatteurs. La l\u00e9gislation, qui devait acc\u00e9l\u00e9rer les expulsions, pr\u00e9sente des failles qui sont souvent exploit\u00e9es par des locataires ind\u00e9licats. Selon un avocat interrog\u00e9 par TF1, les locataires dans ce genre de situation ne peuvent pas \u00eatre consid\u00e9r\u00e9s comme des squatteurs au sens de la loi, car ils n\u2019entrent pas par effraction, mais b\u00e9n\u00e9ficient d\u2019une remise de cl\u00e9s volontaire de la part du propri\u00e9taire. Cette ambigu\u00eft\u00e9 juridique complique la t\u00e2che des propri\u00e9taires pour r\u00e9cup\u00e9rer leur bien. L&#8217;avocat recommande de toujours formaliser un contrat de location \u00e9crit, afin d\u2019\u00e9viter ce type de situation d\u00e9licate.<\/p>\n<p data-start=\"3206\" data-end=\"3635\" data-is-last-node=\"\" data-is-only-node=\"\">Les propri\u00e9taires sont donc confront\u00e9s \u00e0 un paradoxe : d\u2019un c\u00f4t\u00e9, la loi anti-squat qui n\u2019assure pas une protection efficace, et de l\u2019autre, des locataires qui trouvent des moyens d\u00e9tourn\u00e9s pour s\u2019immiscer dans les lieux sans payer. Le recours \u00e0 un contrat de location devient plus que jamais n\u00e9cessaire pour se pr\u00e9munir contre de tels abus, mais cette solution ne r\u00e9sout pas la question de la lenteur des proc\u00e9dures d\u2019expulsion.<\/p>\n","protected":false},"excerpt":{"rendered":"<p>L\u2019acc\u00e8s \u00e0 la propri\u00e9t\u00e9, pour de nombreux Fran\u00e7ais, est souvent per\u00e7u comme un r\u00eave, que ce soit pour y vivre [&hellip;]<\/p>\n","protected":false},"author":4,"featured_media":33905,"comment_status":"open","ping_status":"closed","sticky":false,"template":"","format":"standard","meta":{"_acf_changed":false,"_sitemap_exclude":false,"_sitemap_priority":"","_sitemap_frequency":"","footnotes":"","rank_math_title":"","rank_math_description":"","rank_math_canonical_url":"","rank_math_focus_keyword":"nuit"},"categories":[3],"tags":[],"class_list":["post-33779","post","type-post","status-publish","format-standard","has-post-thumbnail","hentry","category-voyage"],"acf":[],"_links":{"self":[{"href":"https:\/\/ulysse.com\/news\/wp-json\/wp\/v2\/posts\/33779","targetHints":{"allow":["GET"]}}],"collection":[{"href":"https:\/\/ulysse.com\/news\/wp-json\/wp\/v2\/posts"}],"about":[{"href":"https:\/\/ulysse.com\/news\/wp-json\/wp\/v2\/types\/post"}],"author":[{"embeddable":true,"href":"https:\/\/ulysse.com\/news\/wp-json\/wp\/v2\/users\/4"}],"replies":[{"embeddable":true,"href":"https:\/\/ulysse.com\/news\/wp-json\/wp\/v2\/comments?post=33779"}],"version-history":[{"count":2,"href":"https:\/\/ulysse.com\/news\/wp-json\/wp\/v2\/posts\/33779\/revisions"}],"predecessor-version":[{"id":33906,"href":"https:\/\/ulysse.com\/news\/wp-json\/wp\/v2\/posts\/33779\/revisions\/33906"}],"wp:featuredmedia":[{"embeddable":true,"href":"https:\/\/ulysse.com\/news\/wp-json\/wp\/v2\/media\/33905"}],"wp:attachment":[{"href":"https:\/\/ulysse.com\/news\/wp-json\/wp\/v2\/media?parent=33779"}],"wp:term":[{"taxonomy":"category","embeddable":true,"href":"https:\/\/ulysse.com\/news\/wp-json\/wp\/v2\/categories?post=33779"},{"taxonomy":"post_tag","embeddable":true,"href":"https:\/\/ulysse.com\/news\/wp-json\/wp\/v2\/tags?post=33779"}],"curies":[{"name":"wp","href":"https:\/\/api.w.org\/{rel}","templated":true}]}}