{"id":33823,"date":"2025-08-20T17:00:44","date_gmt":"2025-08-20T16:00:44","guid":{"rendered":"https:\/\/discover.ulysse.com\/?p=33823"},"modified":"2025-08-20T11:06:01","modified_gmt":"2025-08-20T10:06:01","slug":"sable-blanc-eau-turquoise-et-zero-touristes-decouvrez-la-corse-comme-vous-ne-lavez-jamais-vue","status":"publish","type":"post","link":"https:\/\/ulysse.com\/news\/sable-blanc-eau-turquoise-et-zero-touristes-decouvrez-la-corse-comme-vous-ne-lavez-jamais-vue","title":{"rendered":"Sable blanc, eau turquoise\u2026 et z\u00e9ro touristes : d\u00e9couvrez la Corse comme vous ne l\u2019avez jamais vue"},"content":{"rendered":"<p data-start=\"187\" data-end=\"762\">\u00c0 la recherche d&#8217;un endroit o\u00f9 la nature r\u00e8gne en ma\u00eetre, loin des foules et du tourisme de masse ? Certaines plages, cach\u00e9es dans des recoins pr\u00e9serv\u00e9s, offrent un cadre idyllique pour ceux qui veulent \u00e9chapper \u00e0 l\u2019agitation des destinations baln\u00e9aires classiques. Parmi ces havres de paix, la plage de Saleccia en Corse est l&#8217;un des plus beaux exemples. Ce lieu sauvage, accessible uniquement apr\u00e8s un p\u00e9riple, reste encore peu fr\u00e9quent\u00e9. Loin des stations baln\u00e9aires bond\u00e9es, d\u00e9couvrez ce joyau corse qui allie histoire, nature et tranquillit\u00e9 dans un d\u00e9cor spectaculaire.<\/p>\n<h2 data-start=\"764\" data-end=\"802\">Une plage inaccessible et pr\u00e9serv\u00e9e<\/h2>\n<p data-start=\"804\" data-end=\"1404\">La plage de Saleccia se situe au c\u0153ur du d\u00e9sert des Agriates, au nord de la <a href=\"https:\/\/discover.ulysse.com\/et-si-le-meilleur-spot-de-lete-en-corse-netait-pas-au-bord-de-la-mer\">Corse<\/a>, un territoire d\u2019une beaut\u00e9 brute, r\u00e9put\u00e9 pour sa v\u00e9g\u00e9tation m\u00e9diterran\u00e9enne et ses paysages sauvages. Ce lieu de paradis est \u00e9loign\u00e9 de toute infrastructure touristique, ce qui fait son charme. Pour y acc\u00e9der, il faut parcourir un sentier de terre battue de 12 kilom\u00e8tres, au d\u00e9part du hameau de Casta. Une aventure de pr\u00e8s d&#8217;une heure en voiture, mais qui en vaut largement la peine. Ce p\u00e9riple permet de pr\u00e9server l\u2019endroit de l\u2019afflux massif de visiteurs, gardant la plage encore \u00e9pargn\u00e9e par le tourisme de masse.<\/p>\n<h2 data-start=\"1406\" data-end=\"1468\">Des eaux cristallines et un sable d\u2019une blancheur \u00e9clatante<\/h2>\n<p data-start=\"1470\" data-end=\"2002\">Une fois arriv\u00e9 \u00e0 Saleccia, la beaut\u00e9 du lieu vous coupe le souffle. L\u2019\u00e9tendue de sable blanc de 1200 m\u00e8tres semble se fondre avec les eaux cristallines de la M\u00e9diterran\u00e9e. L\u2019endroit est id\u00e9al pour ceux qui recherchent la tranquillit\u00e9 et la puret\u00e9 de la nature. La plage est bord\u00e9e de dunes recouvertes de gen\u00e9vriers, offrant \u00e0 la fois une sensation d\u2019intimit\u00e9 et un paysage impressionnant. C\u2019est le cadre r\u00eav\u00e9 pour ceux qui souhaitent se d\u00e9tendre, nager ou simplement profiter du calme, loin du tumulte des plages plus fr\u00e9quent\u00e9es.<\/p>\n<blockquote class=\"tiktok-embed\" style=\"max-width: 605px; min-width: 325px;\" cite=\"https:\/\/www.tiktok.com\/@fionam1404\/video\/7509910362192448790\" data-video-id=\"7509910362192448790\">\n<section><a title=\"@fionam1404\" href=\"https:\/\/www.tiktok.com\/@fionam1404?refer=embed\" target=\"_blank\" rel=\"noopener\">@fionam1404<\/a> Plage de Saleccia \u2600\ufe0f\ud83c\udf0a <a title=\"corse\" href=\"https:\/\/www.tiktok.com\/tag\/corse?refer=embed\" target=\"_blank\" rel=\"noopener\">#corse<\/a> <a title=\"corsica\" href=\"https:\/\/www.tiktok.com\/tag\/corsica?refer=embed\" target=\"_blank\" rel=\"noopener\">#corsica<\/a> <a title=\"pourtoi\" href=\"https:\/\/www.tiktok.com\/tag\/pourtoi?refer=embed\" target=\"_blank\" rel=\"noopener\">#pourtoi<\/a> <a title=\"fyp\" href=\"https:\/\/www.tiktok.com\/tag\/fyp?refer=embed\" target=\"_blank\" rel=\"noopener\">#fyp<\/a> <a title=\"france\" href=\"https:\/\/www.tiktok.com\/tag\/france?refer=embed\" target=\"_blank\" rel=\"noopener\">#france<\/a> <a title=\"plagedulotu\" href=\"https:\/\/www.tiktok.com\/tag\/plagedulotu?refer=embed\" target=\"_blank\" rel=\"noopener\">#plagedulotu<\/a> <a title=\"plagedesaleccia\" href=\"https:\/\/www.tiktok.com\/tag\/plagedesaleccia?refer=embed\" target=\"_blank\" rel=\"noopener\">#plagedesaleccia<\/a> <a title=\"playa\" href=\"https:\/\/www.tiktok.com\/tag\/playa?refer=embed\" target=\"_blank\" rel=\"noopener\">#playa<\/a> <a title=\"summer\" href=\"https:\/\/www.tiktok.com\/tag\/summer?refer=embed\" target=\"_blank\" rel=\"noopener\">#summer<\/a> <a title=\"foryouu\" href=\"https:\/\/www.tiktok.com\/tag\/foryouu?refer=embed\" target=\"_blank\" rel=\"noopener\">#foryouu<\/a> <a title=\"pourtoiiiiiiiiiiiiiiiii\" href=\"https:\/\/www.tiktok.com\/tag\/pourtoiiiiiiiiiiiiiiiii?refer=embed\" target=\"_blank\" rel=\"noopener\">#pourtoiiiiiiiiiiiiiiiii<\/a> <a title=\"eauturquoise\" href=\"https:\/\/www.tiktok.com\/tag\/eauturquoise?refer=embed\" target=\"_blank\" rel=\"noopener\">#eauturquoise<\/a> <a title=\"\u266c son original - Cl\u00e9ment Alfonso Cardinale\" href=\"https:\/\/www.tiktok.com\/music\/son-original-7501719978459826966?refer=embed\" target=\"_blank\" rel=\"noopener\">\u266c son original &#8211; Cl\u00e9ment Alfonso Cardinale<\/a><\/section>\n<\/blockquote>\n<p><script async src=\"https:\/\/www.tiktok.com\/embed.js\"><\/script><\/p>\n<h2 data-start=\"2004\" data-end=\"2032\">Un lieu charg\u00e9 d\u2019histoire \u00e0 d\u00e9couvrir<\/h2>\n<p data-start=\"2034\" data-end=\"2723\">Mais Saleccia ne se contente pas d\u2019\u00eatre un lieu de beaut\u00e9 naturelle. Elle est \u00e9galement marqu\u00e9e par un \u00e9v\u00e9nement historique majeur. Le 19 ao\u00fbt 1943, cette plage fut le th\u00e9\u00e2tre d\u2019une action de la R\u00e9sistance corse, lorsque le sous-marin Casabianca y livra plusieurs tonnes d\u2019armement aux r\u00e9sistants dirig\u00e9s par Dominique Vincentti. Malheureusement, la r\u00e9sistance a \u00e9t\u00e9 trahie, et beaucoup de combattants furent captur\u00e9s ou tu\u00e9s. Cependant, cette action fut d\u00e9cisive pour armer la r\u00e9sistance corse et contribua \u00e0 la lib\u00e9ration de l&#8217;\u00eele quelques mois plus tard. Aujourd\u2019hui, cet aspect historique donne \u00e0 la plage une profondeur suppl\u00e9mentaire, la rendant encore plus \u00e9motive et significative.<\/p>\n<h2 data-start=\"2725\" data-end=\"2757\">Un lieu qui reste \u00e0 d\u00e9couvrir<\/h2>\n<p data-start=\"2759\" data-end=\"3323\" data-is-last-node=\"\" data-is-only-node=\"\">La plage de Saleccia, par son accessibilit\u00e9 difficile et son cadre prot\u00e9g\u00e9, demeure un lieu encore pr\u00e9serv\u00e9 du tourisme de masse. Bien que l\u2019\u00eele de Corse attire chaque ann\u00e9e de nombreux visiteurs, cette plage reste une v\u00e9ritable \u00e9chapp\u00e9e belle. Son caract\u00e8re sauvage, son eau cristalline et son histoire fascinante font de Saleccia un endroit unique \u00e0 d\u00e9couvrir pour ceux qui cherchent \u00e0 s&#8217;\u00e9vader dans un cadre naturel et paisible, loin des foules. Si vous \u00eates \u00e0 la recherche d\u2019un lieu secret pour vos vacances, Saleccia est sans aucun doute un choix \u00e0 envisager.<\/p>\n","protected":false},"excerpt":{"rendered":"<p>\u00c0 la recherche d&#8217;un endroit o\u00f9 la nature r\u00e8gne en ma\u00eetre, loin des foules et du tourisme de masse ? [&hellip;]<\/p>\n","protected":false},"author":4,"featured_media":33913,"comment_status":"open","ping_status":"closed","sticky":false,"template":"","format":"standard","meta":{"_acf_changed":false,"_sitemap_exclude":false,"_sitemap_priority":"","_sitemap_frequency":"","footnotes":"","rank_math_title":"","rank_math_description":"","rank_math_canonical_url":"","rank_math_focus_keyword":"corse"},"categories":[3],"tags":[],"class_list":["post-33823","post","type-post","status-publish","format-standard","has-post-thumbnail","hentry","category-voyage"],"acf":[],"_links":{"self":[{"href":"https:\/\/ulysse.com\/news\/wp-json\/wp\/v2\/posts\/33823","targetHints":{"allow":["GET"]}}],"collection":[{"href":"https:\/\/ulysse.com\/news\/wp-json\/wp\/v2\/posts"}],"about":[{"href":"https:\/\/ulysse.com\/news\/wp-json\/wp\/v2\/types\/post"}],"author":[{"embeddable":true,"href":"https:\/\/ulysse.com\/news\/wp-json\/wp\/v2\/users\/4"}],"replies":[{"embeddable":true,"href":"https:\/\/ulysse.com\/news\/wp-json\/wp\/v2\/comments?post=33823"}],"version-history":[{"count":2,"href":"https:\/\/ulysse.com\/news\/wp-json\/wp\/v2\/posts\/33823\/revisions"}],"predecessor-version":[{"id":33914,"href":"https:\/\/ulysse.com\/news\/wp-json\/wp\/v2\/posts\/33823\/revisions\/33914"}],"wp:featuredmedia":[{"embeddable":true,"href":"https:\/\/ulysse.com\/news\/wp-json\/wp\/v2\/media\/33913"}],"wp:attachment":[{"href":"https:\/\/ulysse.com\/news\/wp-json\/wp\/v2\/media?parent=33823"}],"wp:term":[{"taxonomy":"category","embeddable":true,"href":"https:\/\/ulysse.com\/news\/wp-json\/wp\/v2\/categories?post=33823"},{"taxonomy":"post_tag","embeddable":true,"href":"https:\/\/ulysse.com\/news\/wp-json\/wp\/v2\/tags?post=33823"}],"curies":[{"name":"wp","href":"https:\/\/api.w.org\/{rel}","templated":true}]}}