{"id":33854,"date":"2025-08-19T12:30:28","date_gmt":"2025-08-19T11:30:28","guid":{"rendered":"https:\/\/discover.ulysse.com\/?p=33854"},"modified":"2025-08-19T12:07:39","modified_gmt":"2025-08-19T11:07:39","slug":"paris-semaine-metro-rer-tramway-rentree","status":"publish","type":"post","link":"https:\/\/ulysse.com\/news\/paris-semaine-metro-rer-tramway-rentree","title":{"rendered":"Paris d\u00e9raille cette semaine : m\u00e9tro, RER, tramway, la gal\u00e8re des navetteurs d\u00e8s la rentr\u00e9e !"},"content":{"rendered":"<p><span style=\"font-weight: 400;\">Ah, la rentr\u00e9e\u2026 Un moment tant attendu par les parents, mais un vrai casse-t\u00eate pour les travailleurs et les \u00e9tudiants qui doivent reprendre le chemin du bureau ou de l\u2019\u00e9cole. Et cette ann\u00e9e, les gal\u00e8res risquent d\u2019\u00eatre un peu plus intenses que d\u2019habitude. Pourquoi ? Parce que, depuis le d\u00e9but de cette <strong>semaine du 18 ao\u00fbt<\/strong><\/span><span style=\"font-weight: 400;\"><strong>,<\/strong> une pluie de travaux s\u2019abat sur les transports parisiens et franciliens ! <strong>M\u00e9tro, RER, tramway<\/strong> : tout y passe. Oui, vous avez bien lu, tout le r\u00e9seau est impact\u00e9 ! Pr\u00e9parez-vous \u00e0 prendre votre mal en patience si vous comptez vous rendre \u00e0 Paris en transport. Voici le programme pour le reste cet \u00e9t\u00e9 mouvement\u00e9.<\/span><\/p>\n<h2><b>Le m\u00e9tro parisien : un chantier \u00e0 ciel ouvert !<\/b><\/h2>\n<p><span style=\"font-weight: 400;\">Commen\u00e7ons par le c\u0153ur du transport parisien : le <\/span><b>m\u00e9tro<\/b><span style=\"font-weight: 400;\">. Et l\u00e0, il y a du lourd ! La <\/span><b>ligne 1<\/b><span style=\"font-weight: 400;\">, un axe essentiel qui traverse Paris d\u2019Est en Ouest, va \u00eatre totalement ferm\u00e9e entre <\/span><b>Charles de Gaulle \u2013 \u00c9toile<\/b><span style=\"font-weight: 400;\"> et <\/span><b>La D\u00e9fense<\/b><span style=\"font-weight: 400;\">. Et ce, jusqu\u2019au <\/span><b>31 ao\u00fbt<\/b><span style=\"font-weight: 400;\"> ! R\u00e9sultat ? Des <\/span><b>bus de substitution<\/b><span style=\"font-weight: 400;\"> qui, vous vous en doutez, seront bond\u00e9s, surtout aux heures de pointe. Donc, si vous pensiez \u00e9viter les bouchons avec le m\u00e9tro, pr\u00e9parez-vous \u00e0 une <\/span><b>vraie gal\u00e8re<\/b><span style=\"font-weight: 400;\">. Mais ce n\u2019est pas tout : la <\/span><b>ligne 6<\/b><span style=\"font-weight: 400;\"> ne sera pas non plus \u00e9pargn\u00e9e, avec la fermeture de la station <\/span><b>Cambronne<\/b><span style=\"font-weight: 400;\"> jusqu\u2019au <\/span><b>28 septembre<\/b><span style=\"font-weight: 400;\">. Si vous passiez par l\u00e0 pour aller au travail ou en cours, il va falloir r\u00e9organiser un peu tout \u00e7a. Et pour finir, la <\/span><b>ligne 8<\/b><span style=\"font-weight: 400;\">, entre <\/span><b>Reuilly-Diderot<\/b><span style=\"font-weight: 400;\"> et <\/span><b>Concorde<\/b><span style=\"font-weight: 400;\">, subira une fermeture partielle jusqu\u2019au <\/span><b>31 ao\u00fbt<\/b><span style=\"font-weight: 400;\">. En r\u00e9sum\u00e9, le m\u00e9tro parisien se transforme en vrai <\/span>parcours du combattant<span style=\"font-weight: 400;\"> \u00e0 partir de cette semaine !<\/span><\/p>\n<h2><b>Le RER et Transilien : le RER A et B au ralenti<\/b><\/h2>\n<p><span style=\"font-weight: 400;\">Mais attendez, ce n\u2019est pas fini ! Le <\/span><b>RER<\/b><span style=\"font-weight: 400;\"> et<a href=\"https:\/\/discover.ulysse.com\/metro-rer-transilien-ete-fermetures-aout\"> le <\/a><\/span><a href=\"https:\/\/discover.ulysse.com\/metro-rer-transilien-ete-fermetures-aout\">Transilien<\/a><span style=\"font-weight: 400;\"> s\u2019invitent aussi dans le tableau des gal\u00e8res, pr\u00e9vient<a href=\"https:\/\/econostrum.info\/metro-rer-tramway-semaine-mouvementee-transport\/\" target=\"_blank\" rel=\"noopener\"> Econostrum Mobilit\u00e9<\/a>. Le <\/span><b>RER A<\/b><span style=\"font-weight: 400;\">, l\u2019un des plus utilis\u00e9s, subira des <\/span>interruptions de trafic<span style=\"font-weight: 400;\"> entre <\/span><b>Saint-Germain-en-Laye<\/b><span style=\"font-weight: 400;\"> et <\/span><b>Le V\u00e9sinet \u2013 Le Pecq<\/b><span style=\"font-weight: 400;\"> jusqu\u2019au <\/span><b>22 ao\u00fbt<\/b><span style=\"font-weight: 400;\">. On vous pr\u00e9vient : ces trajets seront un peu plus longs, car des <\/span>bus de substitution<span style=\"font-weight: 400;\"> seront mis en place. Reste \u00e0 savoir si ces bus pourront r\u00e9ellement rivaliser avec la rapidit\u00e9 d\u2019un RER.<\/span><\/p>\n<p><span style=\"font-weight: 400;\">La <\/span><b>ligne B du RER<\/b><span style=\"font-weight: 400;\"> sera \u00e9galement dans une phase d\u00e9licate entre <\/span><b>Massy-Palaiseau<\/b><span style=\"font-weight: 400;\"> et <\/span><b>La Croix de Berny<\/b><span style=\"font-weight: 400;\"> jusqu\u2019au <\/span><b>27 ao\u00fbt<\/b><span style=\"font-weight: 400;\">. L\u00e0 encore, des perturbations sont \u00e0 pr\u00e9voir entre <\/span><b>Denfert-Rochereau<\/b><span style=\"font-weight: 400;\"> et <\/span><b>A\u00e9roport CDG2 \/ Mitry-Claye<\/b><span style=\"font-weight: 400;\"> jusqu\u2019au <\/span><b>22 ao\u00fbt<\/b><span style=\"font-weight: 400;\">. De quoi rendre les trajets vers l\u2019a\u00e9roport ou le sud de Paris bien plus compliqu\u00e9s.<\/span><\/p>\n<p><span style=\"font-weight: 400;\">Mais le <\/span><b>RER C<\/b><span style=\"font-weight: 400;\"> et le <\/span><b>RER D<\/b><span style=\"font-weight: 400;\"> ne seront pas en reste, avec des fermetures prolong\u00e9es. Vous devrez donc jongler entre les lignes ferm\u00e9es, les bus de substitution et une foule de voyageurs. Autant dire que les embouteillages risquent d\u2019\u00eatre au rendez-vous \u00e0 chaque coin de gare. \u00c0 moins que vous ne soyez amateur de petites promenades \u00e0 pied&#8230;<\/span><\/p>\n<blockquote class=\"twitter-tweet\">\n<p dir=\"ltr\" lang=\"fr\">\ud83d\udea7<a href=\"https:\/\/twitter.com\/hashtag\/Travaux?src=hash&amp;ref_src=twsrc%5Etfw\" target=\"_blank\" rel=\"noopener\">#Travaux<\/a> <a href=\"https:\/\/twitter.com\/hashtag\/RERE?src=hash&amp;ref_src=twsrc%5Etfw\" target=\"_blank\" rel=\"noopener\">#RERE<\/a> <a href=\"https:\/\/twitter.com\/hashtag\/Semaine?src=hash&amp;ref_src=twsrc%5Etfw\" target=\"_blank\" rel=\"noopener\">#Semaine<\/a>\ud83d\udea71\/3<\/p>\n<p>\ud83d\uddd3Du lundi 18 ao\u00fbt au vendredi 22 ao\u00fbt.<\/p>\n<p>\u26a0\ufe0fEntre <a href=\"https:\/\/twitter.com\/hashtag\/NanterreLaFolie?src=hash&amp;ref_src=twsrc%5Etfw\" target=\"_blank\" rel=\"noopener\">#NanterreLaFolie<\/a> \u2194\ufe0f <a href=\"https:\/\/twitter.com\/hashtag\/Tournan?src=hash&amp;ref_src=twsrc%5Etfw\" target=\"_blank\" rel=\"noopener\">#Tournan<\/a><\/p>\n<p>\u2197 1 train sur 2 circule en heure de pointe<br \/>\n\u2197 118123 8h34 TANU supprim\u00e9<br \/>\n\u2197 118176 17h23 NATU supprim\u00e9<br \/>\n\u2197\ufe0f118100 4h53 NATU supprim\u00e9<\/p>\n<p>\u2014 RER E (@RERE_SNCF) <a href=\"https:\/\/twitter.com\/RERE_SNCF\/status\/1955980070746460644?ref_src=twsrc%5Etfw\" target=\"_blank\" rel=\"noopener\">August 14, 2025<\/a><\/p><\/blockquote>\n<h2><b>Tramway : les longues fermetures, c\u2019est aussi pour eux !<\/b><\/h2>\n<p><span style=\"font-weight: 400;\">Et oui, m\u00eame les <\/span><b>tramways<\/b><span style=\"font-weight: 400;\"> se mettent \u00e0 la f\u00eate cette semaine. Sur la <\/span><b>ligne T1<\/b><span style=\"font-weight: 400;\">, le trafic sera <\/span>interrompu entre <b>Asni\u00e8res \u2013 Quatre Routes et Gare de Saint-Denis<\/b><span style=\"font-weight: 400;\">. Et vous savez quoi ? Cette coupure pourrait durer <\/span>ind\u00e9finiment<span style=\"font-weight: 400;\">, aucune reprise n\u2019\u00e9tant pr\u00e9vue pour le moment ! Si vous empruntiez cette ligne pour vos trajets quotidiens, vous allez devoir revoir vos plans.<\/span><\/p>\n<p><span style=\"font-weight: 400;\">Sur la <\/span><b>ligne T2<\/b><span style=\"font-weight: 400;\">, les <\/span>travaux de modernisation<span style=\"font-weight: 400;\"> vont continuer jusqu\u2019au <\/span><b>2 novembre 2025<\/b><span style=\"font-weight: 400;\">, affectant la portion entre <\/span><b>Porte de Versailles<\/b><span style=\"font-weight: 400;\"> et <\/span><b>Suzanne Lenglen<\/b><span style=\"font-weight: 400;\">. Les usagers devront faire preuve d\u2019un peu de patience et de beaucoup de flexibilit\u00e9 pour d\u00e9nicher une alternative, car la ligne T2 est particuli\u00e8rement fr\u00e9quent\u00e9e dans ce secteur. Alors si vous avez pr\u00e9vu de prendre le tram pour traverser la capitale, peut-\u00eatre vaut-il mieux reconsid\u00e9rer votre itin\u00e9raire\u2026 ou choisir un mode de transport plus rapide, comme le v\u00e9lo.<\/span><\/p>\n<h2><b>Comment \u00e9viter la gal\u00e8re : pr\u00e9parez-vous !<\/b><\/h2>\n<p><span style=\"font-weight: 400;\">Alors, comment \u00e9viter cette gal\u00e8re de transport qui se profile \u00e0 l\u2019horizon ? D\u2019abord, <\/span>informez-vous<span style=\"font-weight: 400;\"> ! La <\/span><b>RATP<\/b><span style=\"font-weight: 400;\"> et la<a href=\"https:\/\/discover.ulysse.com\/seniors-billet-sncf-offre-tarifs-trajets-courts\"> SNCF<\/a><\/span><span style=\"font-weight: 400;\">\u00a0mettent \u00e0 jour les horaires et les alertes en temps r\u00e9el sur leurs sites et applications. En v\u00e9rifiant r\u00e9guli\u00e8rement, vous \u00e9viterez les mauvaises surprises. Ensuite, <\/span>planifiez vos trajets avec des marges de s\u00e9curit\u00e9 pour ne pas arriver \u00e0 la bourre \u00e0 vos rendez-vous. Si vous \u00eates vraiment press\u00e9, pourquoi ne pas tester le v\u00e9lo ou les services de covoiturage ? Le trajet pourrait \u00eatre plus rapide et, qui sait, plus agr\u00e9able ! Enfin, si vous ne pouvez vraiment pas \u00e9viter le m\u00e9tro, le RER ou le tram, armez-vous de patience et d\u2019un bon livre (ou mieux encore, de votre playlist pr\u00e9f\u00e9r\u00e9e) pour supporter la foule et les d\u00e9lais.<\/p>\n","protected":false},"excerpt":{"rendered":"<p>Ah, la rentr\u00e9e\u2026 Un moment tant attendu par les parents, mais un vrai casse-t\u00eate pour les travailleurs et les \u00e9tudiants [&hellip;]<\/p>\n","protected":false},"author":3,"featured_media":33856,"comment_status":"open","ping_status":"closed","sticky":false,"template":"","format":"standard","meta":{"_acf_changed":false,"_sitemap_exclude":false,"_sitemap_priority":"","_sitemap_frequency":"","footnotes":"","rank_math_title":"","rank_math_description":"La gal\u00e8re des navetteurs commence d\u00e8s le 20 ao\u00fbt \u00e0 Paris : m\u00e9tro, RER, tramway\u2026 Pr\u00e9parez-vous \u00e0 une rentr\u00e9e mouvement\u00e9e !\n","rank_math_canonical_url":"","rank_math_focus_keyword":"rer"},"categories":[3],"tags":[],"class_list":["post-33854","post","type-post","status-publish","format-standard","has-post-thumbnail","hentry","category-voyage"],"acf":[],"_links":{"self":[{"href":"https:\/\/ulysse.com\/news\/wp-json\/wp\/v2\/posts\/33854","targetHints":{"allow":["GET"]}}],"collection":[{"href":"https:\/\/ulysse.com\/news\/wp-json\/wp\/v2\/posts"}],"about":[{"href":"https:\/\/ulysse.com\/news\/wp-json\/wp\/v2\/types\/post"}],"author":[{"embeddable":true,"href":"https:\/\/ulysse.com\/news\/wp-json\/wp\/v2\/users\/3"}],"replies":[{"embeddable":true,"href":"https:\/\/ulysse.com\/news\/wp-json\/wp\/v2\/comments?post=33854"}],"version-history":[{"count":4,"href":"https:\/\/ulysse.com\/news\/wp-json\/wp\/v2\/posts\/33854\/revisions"}],"predecessor-version":[{"id":33860,"href":"https:\/\/ulysse.com\/news\/wp-json\/wp\/v2\/posts\/33854\/revisions\/33860"}],"wp:featuredmedia":[{"embeddable":true,"href":"https:\/\/ulysse.com\/news\/wp-json\/wp\/v2\/media\/33856"}],"wp:attachment":[{"href":"https:\/\/ulysse.com\/news\/wp-json\/wp\/v2\/media?parent=33854"}],"wp:term":[{"taxonomy":"category","embeddable":true,"href":"https:\/\/ulysse.com\/news\/wp-json\/wp\/v2\/categories?post=33854"},{"taxonomy":"post_tag","embeddable":true,"href":"https:\/\/ulysse.com\/news\/wp-json\/wp\/v2\/tags?post=33854"}],"curies":[{"name":"wp","href":"https:\/\/api.w.org\/{rel}","templated":true}]}}