{"id":33864,"date":"2025-08-23T16:00:13","date_gmt":"2025-08-23T15:00:13","guid":{"rendered":"https:\/\/discover.ulysse.com\/?p=33864"},"modified":"2025-08-22T10:42:08","modified_gmt":"2025-08-22T09:42:08","slug":"la-plage-de-meaux-limite-lacces-aux-touristes-et-ca-cree-le-debat","status":"publish","type":"post","link":"https:\/\/ulysse.com\/news\/la-plage-de-meaux-limite-lacces-aux-touristes-et-ca-cree-le-debat","title":{"rendered":"La plage de Meaux limite l\u2019acc\u00e8s aux touristes et \u00e7a cr\u00e9e le d\u00e9bat"},"content":{"rendered":"<p data-start=\"104\" data-end=\"570\">Les vagues de l\u2019\u00e9t\u00e9 sont d\u00e9sormais plus sereines \u00e0 la plage de Meaux. Depuis le 19 juillet, la gestion de l\u2019afflux de visiteurs a pris un tournant. La mesure qui impose un tarif d\u2019entr\u00e9e pour les non-r\u00e9sidents de la communaut\u00e9 d\u2019agglom\u00e9ration du Pays de Meaux semble avoir port\u00e9 ses fruits. Si cette initiative a suscit\u00e9 quelques d\u00e9bats, elle appara\u00eet aujourd\u2019hui comme la cl\u00e9 pour restaurer la tranquillit\u00e9 et pr\u00e9server la qualit\u00e9 de l\u2019exp\u00e9rience pour les habitu\u00e9s.<\/p>\n<h2 data-start=\"572\" data-end=\"647\"><strong data-start=\"576\" data-end=\"647\">Une mesure pour r\u00e9guler l\u2019afflux de touristes et pr\u00e9server la plage<\/strong><\/h2>\n<p data-start=\"649\" data-end=\"1297\">Avant l\u2019instauration du tarif, la plage de Meaux \u00e9tait victime de son succ\u00e8s. Situ\u00e9e en plein c\u0153ur du parc du P\u00e2tis, cet espace de baignade est un lieu tr\u00e8s pris\u00e9, en particulier durant l\u2019\u00e9t\u00e9. Mais la popularit\u00e9 de ce coin de nature, accessible gratuitement \u00e0 tous, avait un revers : une surfr\u00e9quentation massive, d\u00e9passant parfois les 2 000 personnes pr\u00e9sentes simultan\u00e9ment. Cela engendrait non seulement des nuisances, mais aussi un manque de confort pour les familles locales. En introduisant un tarif d\u2019acc\u00e8s de 6 euros pour les adultes ext\u00e9rieurs \u00e0 l\u2019agglom\u00e9ration et de 4 euros pour les enfants de plus de 3 ans, la situation s\u2019est invers\u00e9e.<\/p>\n<blockquote class=\"tiktok-embed\" style=\"max-width: 605px; min-width: 325px;\" cite=\"https:\/\/www.tiktok.com\/@sjmeaux\/video\/7523281986811727126\" data-video-id=\"7523281986811727126\">\n<section><a title=\"@sjmeaux\" href=\"https:\/\/www.tiktok.com\/@sjmeaux?refer=embed\" target=\"_blank\" rel=\"noopener\">@sjmeaux<\/a> \u23f0 DEMAIN, 11H : OUVERTURE DE LA PLAGE DE MEAUX ! Venez profiter des animations propos\u00e9es par le service Jeunesse. @Ville de Meaux @Timalmalmal @keveen @kader.slimani <a title=\"\u266c son original - Service Jeunesse de Meaux\" href=\"https:\/\/www.tiktok.com\/music\/son-original-7523281901378767618?refer=embed\" target=\"_blank\" rel=\"noopener\">\u266c son original &#8211; Service Jeunesse de Meaux<\/a><\/section>\n<\/blockquote>\n<p><script async src=\"https:\/\/www.tiktok.com\/embed.js\"><\/script><\/p>\n<h2 data-start=\"1299\" data-end=\"1368\"><strong data-start=\"1303\" data-end=\"1368\">Une exp\u00e9rience plus agr\u00e9able pour les locaux et les visiteurs<\/strong><\/h2>\n<p data-start=\"1370\" data-end=\"1921\">Les effets de cette mesure sont imm\u00e9diats. La <a href=\"https:\/\/discover.ulysse.com\/et-si-le-futur-du-tourisme-tunisien-se-jouait-loin-des-plages-cap-sur-le-desert\">plage<\/a> est nettement moins bond\u00e9e, ce qui permet aux usagers de profiter de l\u2019espace de mani\u00e8re plus sereine. Selon les premi\u00e8res impressions, les habitants du Pays de Meaux semblent ravis de cette nouvelle organisation. Les files d\u2019attente montrent un contraste frappant : celle des habitants locaux reste cons\u00e9quente, tandis que l\u2019entr\u00e9e payante pour les ext\u00e9rieurs a r\u00e9duit significativement la fr\u00e9quentation. Un geste bienvenu pour les riverains, qui retrouvent une plage plus calme et plus accessible.<\/p>\n<p data-start=\"1923\" data-end=\"2418\">L&#8217;objectif n&#8217;\u00e9tait pas de<strong> fermer la plage aux touristes<\/strong>, mais de r\u00e9tablir un \u00e9quilibre en mod\u00e9rant l\u2019afflux des visiteurs venus d&#8217;autres r\u00e9gions. \u00c0 en juger par les r\u00e9actions des usagers, le pari semble r\u00e9ussi. Les vacanciers \u00e9trangers au Pays de Meaux acceptent, dans leur majorit\u00e9, ce tarif raisonnable, consid\u00e9rant qu&#8217;il permet de pr\u00e9server la qualit\u00e9 du lieu. La plage, d\u00e9sormais plus accueillante et moins bond\u00e9e, reste un endroit de d\u00e9tente id\u00e9al tout en pr\u00e9servant sa vocation \u00e9cologique.<\/p>\n<h2 data-start=\"2420\" data-end=\"2497\"><strong data-start=\"2424\" data-end=\"2497\">La plage de Meaux, un mod\u00e8le de gestion durable des espaces publics ?<\/strong><\/h2>\n<p data-start=\"2499\" data-end=\"2967\">Cette mesure s\u2019inscrit dans une r\u00e9flexion plus large sur la gestion des espaces publics touristiques, o\u00f9 la durabilit\u00e9 et le respect des besoins locaux sont essentiels. L&#8217;exemple de Meaux pourrait inspirer d&#8217;autres municipalit\u00e9s confront\u00e9es \u00e0 une gestion de surfr\u00e9quentation estivale. En limitant l&#8217;acc\u00e8s pour les visiteurs ext\u00e9rieurs tout en garantissant un tarif abordable, la ville de Meaux r\u00e9ussit \u00e0 allier pr\u00e9servation de l\u2019environnement et confort des habitants.<\/p>\n<p data-start=\"2969\" data-end=\"3294\" data-is-last-node=\"\" data-is-only-node=\"\">Avec des tarifs mod\u00e9r\u00e9s et une fr\u00e9quentation ma\u00eetris\u00e9e, la plage de Meaux retrouve ainsi une nouvelle harmonie. Les prochains \u00e9t\u00e9s pourront-ils confirmer cette tendance et permettre \u00e0 la plage de rester un lieu agr\u00e9able pour tous, tout en \u00e9quilibrant l&#8217;afflux touristique et les besoins des r\u00e9sidents ? L&#8217;avenir nous le dira.<\/p>\n","protected":false},"excerpt":{"rendered":"<p>Les vagues de l\u2019\u00e9t\u00e9 sont d\u00e9sormais plus sereines \u00e0 la plage de Meaux. Depuis le 19 juillet, la gestion de [&hellip;]<\/p>\n","protected":false},"author":4,"featured_media":34042,"comment_status":"open","ping_status":"closed","sticky":false,"template":"","format":"standard","meta":{"_acf_changed":false,"_sitemap_exclude":false,"_sitemap_priority":"","_sitemap_frequency":"","footnotes":"","rank_math_title":"","rank_math_description":"","rank_math_canonical_url":"","rank_math_focus_keyword":"plage de Meaux"},"categories":[3],"tags":[],"class_list":["post-33864","post","type-post","status-publish","format-standard","has-post-thumbnail","hentry","category-voyage"],"acf":[],"_links":{"self":[{"href":"https:\/\/ulysse.com\/news\/wp-json\/wp\/v2\/posts\/33864","targetHints":{"allow":["GET"]}}],"collection":[{"href":"https:\/\/ulysse.com\/news\/wp-json\/wp\/v2\/posts"}],"about":[{"href":"https:\/\/ulysse.com\/news\/wp-json\/wp\/v2\/types\/post"}],"author":[{"embeddable":true,"href":"https:\/\/ulysse.com\/news\/wp-json\/wp\/v2\/users\/4"}],"replies":[{"embeddable":true,"href":"https:\/\/ulysse.com\/news\/wp-json\/wp\/v2\/comments?post=33864"}],"version-history":[{"count":4,"href":"https:\/\/ulysse.com\/news\/wp-json\/wp\/v2\/posts\/33864\/revisions"}],"predecessor-version":[{"id":34075,"href":"https:\/\/ulysse.com\/news\/wp-json\/wp\/v2\/posts\/33864\/revisions\/34075"}],"wp:featuredmedia":[{"embeddable":true,"href":"https:\/\/ulysse.com\/news\/wp-json\/wp\/v2\/media\/34042"}],"wp:attachment":[{"href":"https:\/\/ulysse.com\/news\/wp-json\/wp\/v2\/media?parent=33864"}],"wp:term":[{"taxonomy":"category","embeddable":true,"href":"https:\/\/ulysse.com\/news\/wp-json\/wp\/v2\/categories?post=33864"},{"taxonomy":"post_tag","embeddable":true,"href":"https:\/\/ulysse.com\/news\/wp-json\/wp\/v2\/tags?post=33864"}],"curies":[{"name":"wp","href":"https:\/\/api.w.org\/{rel}","templated":true}]}}