{"id":33867,"date":"2025-08-19T16:00:31","date_gmt":"2025-08-19T15:00:31","guid":{"rendered":"https:\/\/discover.ulysse.com\/?p=33867"},"modified":"2025-08-19T15:17:39","modified_gmt":"2025-08-19T14:17:39","slug":"vous-allez-devoir-payer-pour-circuler-sur-lun-des-troncons-les-plus-frequentes","status":"publish","type":"post","link":"https:\/\/ulysse.com\/news\/vous-allez-devoir-payer-pour-circuler-sur-lun-des-troncons-les-plus-frequentes","title":{"rendered":"Vous allez devoir payer pour circuler sur l\u2019un des tron\u00e7ons les plus fr\u00e9quent\u00e9s"},"content":{"rendered":"<p data-start=\"117\" data-end=\"645\">Un coup dur pour les automobilistes habitu\u00e9s \u00e0 circuler gratuitement sur l\u2019un des tron\u00e7ons les plus fr\u00e9quent\u00e9s du Grand Gen\u00e8ve. \u00c0 partir du 1er f\u00e9vrier 2029, le segment de l\u2019A40 reliant Annemasse \u00e0 Saint-Julien-en-Genevois deviendra payant, mettant fin \u00e0 plus de 40 ans de gratuit\u00e9. Cette d\u00e9cision, prise par la pr\u00e9fecture, suscite d\u00e9j\u00e0 de vives r\u00e9actions, notamment de la part des habitants et travailleurs frontaliers, pour qui ce p\u00e9age repr\u00e9sente un co\u00fbt suppl\u00e9mentaire non n\u00e9gligeable dans un contexte \u00e9conomique d\u00e9j\u00e0 tendu.<\/p>\n<h2 data-start=\"647\" data-end=\"709\"><strong data-start=\"651\" data-end=\"709\">Un p\u00e9age pour assurer la viabilit\u00e9 financi\u00e8re de l\u2019A40<\/strong><\/h2>\n<p data-start=\"711\" data-end=\"1196\">La d\u00e9cision de mettre fin \u00e0 la gratuit\u00e9 repose sur des pr\u00e9occupations budg\u00e9taires. Selon les autorit\u00e9s locales, l\u2019introduction du p\u00e9age vise \u00e0 garantir le financement de l&#8217;entretien et des futurs am\u00e9nagements n\u00e9cessaires pour maintenir la qualit\u00e9 et la s\u00e9curit\u00e9 de cette voie strat\u00e9gique. La pr\u00e9fecture justifie ce choix par la n\u00e9cessit\u00e9 de r\u00e9pondre \u00e0 l&#8217;afflux croissant de v\u00e9hicules, avec un trafic quotidien avoisinant les 50 000 v\u00e9hicules, et \u00e0 la modernisation des infrastructures.<\/p>\n<p data-start=\"1198\" data-end=\"1686\">Pourtant, cette mesure est loin de faire l\u2019unanimit\u00e9. Nombre d\u2019usagers jugent injustifi\u00e9e cette \u00e9volution, estimant que d\u2019autres r\u00e9seaux autoroutiers sont plus que rentables, sans n\u00e9cessiter un passage au payant. De plus, dans d&#8217;autres grandes m\u00e9tropoles comme Paris, Lyon ou Marseille, des discussions sont en cours pour prolonger la gratuit\u00e9 sur les autoroutes urbaines dans un rayon de 50 kilom\u00e8tres, soulevant ainsi des questions sur la coh\u00e9rence territoriale des politiques de p\u00e9age.<\/p>\n<h2 data-start=\"1688\" data-end=\"1741\"><strong data-start=\"1692\" data-end=\"1741\">Une mise en \u0153uvre innovante mais controvers\u00e9e<\/strong><\/h2>\n<p data-start=\"1743\" data-end=\"2288\">\u00c0 partir de f\u00e9vrier 2029, le tarif de passage sera fix\u00e9 \u00e0 1,80 euro par travers\u00e9e, avec un syst\u00e8me de p\u00e9age &#8220;\u00e0 flux libre&#8221; pour limiter l&#8217;impact sur la circulation. Ce dispositif permettra de fluidifier les trajets en rempla\u00e7ant les traditionnelles barri\u00e8res de p\u00e9age par des portiques \u00e9quip\u00e9s de cam\u00e9ras et capteurs, qui enregistreront automatiquement les passages. Bien que cette solution technologique soit salu\u00e9e pour sa modernit\u00e9, elle soul\u00e8ve des interrogations sur la collecte des donn\u00e9es personnelles et la gestion de la confidentialit\u00e9.<\/p>\n<p data-start=\"2290\" data-end=\"2775\">Les usagers r\u00e9guliers b\u00e9n\u00e9ficieront cependant d\u2019une remise int\u00e9ressante, avec un tarif r\u00e9duit \u00e0 0,94 euro pour ceux utilisant un badge ATMB, notamment les navetteurs qui empruntent quotidiennement ce tron\u00e7on pour leurs trajets domicile-travail. Si cette mesure vise \u00e0 all\u00e9ger l&#8217;impact financier des passages fr\u00e9quents, elle n\u2019est cependant pas per\u00e7ue comme \u00e9quitable par tous, en particulier ceux qui ne peuvent se permettre un abonnement ou qui ne sont pas \u00e9ligibles \u00e0 ces r\u00e9ductions.<\/p>\n<h2><strong data-start=\"2781\" data-end=\"2831\">Un risque de saturation des routes secondaires<\/strong><\/h2>\n<p data-start=\"2833\" data-end=\"3391\">Un des effets collat\u00e9raux les plus redout\u00e9s de cette introduction du p\u00e9age est le report du trafic sur les routes secondaires. Les automobilistes, soucieux d\u2019\u00e9viter de payer, pourraient choisir des itin\u00e9raires alternatifs, ce qui entra\u00eenerait une congestion accrue des voiries locales, d\u00e9j\u00e0 satur\u00e9es, notamment lors des heures de pointe. Ce ph\u00e9nom\u00e8ne pourrait non seulement perturber la fluidit\u00e9 de la circulation, mais aussi aggraver la pollution et d\u00e9t\u00e9riorer davantage les infrastructures routi\u00e8res secondaires, d\u00e9j\u00e0 fragilis\u00e9es par une circulation dense.<\/p>\n<h2 data-start=\"3393\" data-end=\"3434\"><strong data-start=\"3397\" data-end=\"3434\">Un accueil mitig\u00e9 au niveau local<\/strong><\/h2>\n<p data-start=\"3436\" data-end=\"4000\">L\u2019annonce du p\u00e9age a suscit\u00e9 une vive col\u00e8re parmi les r\u00e9sidents et les associations locales, qui d\u00e9noncent une mesure discriminatoire et in\u00e9quitable. Pour ces derniers, le p\u00e9age repr\u00e9sente un fardeau suppl\u00e9mentaire pour une population d\u00e9j\u00e0 confront\u00e9e \u00e0 des difficult\u00e9s \u00e9conomiques, notamment pour les travailleurs frontaliers qui doivent r\u00e9guli\u00e8rement traverser cette portion d\u2019autoroute pour se rendre \u00e0 Gen\u00e8ve. Les critiques soulignent \u00e9galement l&#8217;impact environnemental de cette d\u00e9cision, redoutant une augmentation de la pollution sur les routes alternatives.<\/p>\n<p data-start=\"4002\" data-end=\"4572\" data-is-last-node=\"\" data-is-only-node=\"\">Malgr\u00e9 les justifications avanc\u00e9es par les autorit\u00e9s, le passage au payant appara\u00eet comme une solution largement contest\u00e9e. La question de l\u2019\u00e9quit\u00e9 territoriale, des co\u00fbts suppl\u00e9mentaires pour les usagers et des risques d\u2019engorgement des routes secondaires demeure un d\u00e9bat ouvert qui pourrait influencer les d\u00e9cisions futures concernant ce tron\u00e7on strat\u00e9gique. Le 1er f\u00e9vrier 2029 marquera un tournant, et seul le temps dira si cette mesure r\u00e9pondra r\u00e9ellement aux besoins d&#8217;entretien et d&#8217;am\u00e9lioration de l&#8217;A40 sans nuire excessivement \u00e0 la qualit\u00e9 de vie des usagers.<\/p>\n","protected":false},"excerpt":{"rendered":"<p>Un coup dur pour les automobilistes habitu\u00e9s \u00e0 circuler gratuitement sur l\u2019un des tron\u00e7ons les plus fr\u00e9quent\u00e9s du Grand Gen\u00e8ve. [&hellip;]<\/p>\n","protected":false},"author":4,"featured_media":33877,"comment_status":"open","ping_status":"closed","sticky":false,"template":"","format":"standard","meta":{"_acf_changed":false,"_sitemap_exclude":false,"_sitemap_priority":"","_sitemap_frequency":"","footnotes":"","rank_math_title":"","rank_math_description":"","rank_math_canonical_url":"","rank_math_focus_keyword":"payer"},"categories":[3],"tags":[],"class_list":["post-33867","post","type-post","status-publish","format-standard","has-post-thumbnail","hentry","category-voyage"],"acf":[],"_links":{"self":[{"href":"https:\/\/ulysse.com\/news\/wp-json\/wp\/v2\/posts\/33867","targetHints":{"allow":["GET"]}}],"collection":[{"href":"https:\/\/ulysse.com\/news\/wp-json\/wp\/v2\/posts"}],"about":[{"href":"https:\/\/ulysse.com\/news\/wp-json\/wp\/v2\/types\/post"}],"author":[{"embeddable":true,"href":"https:\/\/ulysse.com\/news\/wp-json\/wp\/v2\/users\/4"}],"replies":[{"embeddable":true,"href":"https:\/\/ulysse.com\/news\/wp-json\/wp\/v2\/comments?post=33867"}],"version-history":[{"count":3,"href":"https:\/\/ulysse.com\/news\/wp-json\/wp\/v2\/posts\/33867\/revisions"}],"predecessor-version":[{"id":33876,"href":"https:\/\/ulysse.com\/news\/wp-json\/wp\/v2\/posts\/33867\/revisions\/33876"}],"wp:featuredmedia":[{"embeddable":true,"href":"https:\/\/ulysse.com\/news\/wp-json\/wp\/v2\/media\/33877"}],"wp:attachment":[{"href":"https:\/\/ulysse.com\/news\/wp-json\/wp\/v2\/media?parent=33867"}],"wp:term":[{"taxonomy":"category","embeddable":true,"href":"https:\/\/ulysse.com\/news\/wp-json\/wp\/v2\/categories?post=33867"},{"taxonomy":"post_tag","embeddable":true,"href":"https:\/\/ulysse.com\/news\/wp-json\/wp\/v2\/tags?post=33867"}],"curies":[{"name":"wp","href":"https:\/\/api.w.org\/{rel}","templated":true}]}}