{"id":33918,"date":"2025-08-22T14:00:08","date_gmt":"2025-08-22T13:00:08","guid":{"rendered":"https:\/\/discover.ulysse.com\/?p=33918"},"modified":"2025-08-22T09:52:58","modified_gmt":"2025-08-22T08:52:58","slug":"tourisme-balneaire-une-saison-en-demi-teinte-et-des-chiffres-qui-interrogent","status":"publish","type":"post","link":"https:\/\/ulysse.com\/news\/tourisme-balneaire-une-saison-en-demi-teinte-et-des-chiffres-qui-interrogent","title":{"rendered":"Tourisme baln\u00e9aire : une saison en demi-teinte et des chiffres qui interrogent"},"content":{"rendered":"<p data-start=\"86\" data-end=\"610\">Les plages semblent d\u00e9sert\u00e9es, les stations habitu\u00e9es \u00e0 l\u2019effervescence estivale font d\u00e9sormais face \u00e0 un silence inattendu. Dans le flot r\u00e9gulier des vagues, se dessine une \u00e9volution discr\u00e8te, mais profonde, du tourisme baln\u00e9aire, \u00e9branl\u00e9 par des pressions \u00e9conomiques, une fr\u00e9quentation irr\u00e9guli\u00e8re et un horizon incertain. Alors que certains h\u00f4teliers tirent la sonnette d\u2019alarme, d\u2019autres red\u00e9finissent les contours du s\u00e9jour c\u00f4tier. Derri\u00e8re les chiffres, c\u2019est tout un secteur qui interroge son mod\u00e8le et son avenir.<\/p>\n<h2 data-start=\"612\" data-end=\"679\">Baisse de fr\u00e9quentation et inqui\u00e9tude palpable sur le littoral<\/h2>\n<p data-start=\"681\" data-end=\"1347\">La fr\u00e9quentation touristique en France conna\u00eet un net recul. Parmi les s\u00e9jours r\u00e9alis\u00e9s, les <a href=\"https:\/\/discover.ulysse.com\/villes-historiques-stations-balneaires-retraite-france\">stations baln\u00e9aires<\/a> enregistrent une baisse de chiffre d\u2019affaires comprise entre <strong data-start=\"855\" data-end=\"871\">25 % et 35 %<\/strong> pour les h\u00f4tels et restaurants, malgr\u00e9 un \u00e9t\u00e9 marqu\u00e9 par un bon ensoleillement. Les donn\u00e9es de l\u2019avant-saison confirment cette tendance : les nuit\u00e9es fran\u00e7aises reculent de <strong data-start=\"1045\" data-end=\"1052\">7 %<\/strong>, avec pr\u00e8s de <strong data-start=\"1067\" data-end=\"1094\">120 millions de nuit\u00e9es<\/strong> comptabilis\u00e9es, en retrait par rapport \u00e0 l\u2019an dernier. Cette diminution, m\u00eame si elle reste moins brutale que celle v\u00e9cue pendant la crise sanitaire, p\u00e8se lourdement sur toute la cha\u00eene de valeur touristique, des restaurateurs aux services d\u2019accueil.<\/p>\n<h2 data-start=\"1349\" data-end=\"1426\">Fr\u00e9quentation contrast\u00e9e : r\u00e9sidents en retrait, \u00e9trangers plus pr\u00e9sents<\/h2>\n<p data-start=\"1428\" data-end=\"2318\">Le tableau varie selon les client\u00e8les. Au premier trimestre 2025, les h\u00f4tels fran\u00e7ais affichent <strong data-start=\"1524\" data-end=\"1552\">\u2013 2 % de nuit\u00e9es totales<\/strong>, avec une forte baisse de la client\u00e8le r\u00e9sidente (<strong data-start=\"1603\" data-end=\"1614\">\u2013 3,8 %<\/strong>), tandis que la client\u00e8le non r\u00e9sidente progresse de <strong data-start=\"1668\" data-end=\"1679\">+ 1,6 %<\/strong>. Les chiffres montrent que la baisse touche surtout les Europ\u00e9ens : Allemands (<strong data-start=\"1759\" data-end=\"1770\">\u2013 2,6 %<\/strong>), Belges (<strong data-start=\"1781\" data-end=\"1792\">\u2013 3,6 %<\/strong>) et Britanniques (<strong data-start=\"1811\" data-end=\"1823\">\u2013 17,9 %<\/strong>). En revanche, la fr\u00e9quentation venue de plus loin affiche une dynamique inverse : les \u00c9tats-Unis enregistrent une hausse spectaculaire de <strong data-start=\"1963\" data-end=\"1975\">+ 39,2 %<\/strong>, et l\u2019Asie-Oc\u00e9anie progresse de <strong data-start=\"2008\" data-end=\"2020\">+ 14,6 %<\/strong>. Les nuit\u00e9es de longue distance augmentent globalement de <strong data-start=\"2079\" data-end=\"2088\">+ 5 %<\/strong> sur l\u2019avant-saison, preuve d\u2019un regain d\u2019int\u00e9r\u00eat international pour les c\u00f4tes fran\u00e7aises. Ce contraste illustre une France o\u00f9 les touristes \u00e9trangers reprennent leurs habitudes, pendant que les r\u00e9sidents semblent plus prudents.<\/p>\n<h2 data-start=\"2320\" data-end=\"2390\">Recherche de solutions et r\u00e9organisation des donn\u00e9es touristiques<\/h2>\n<p data-start=\"2392\" data-end=\"3378\">Face \u00e0 ces bouleversements, les institutions cherchent \u00e0 moderniser le pilotage du tourisme. Le Comit\u00e9 interminist\u00e9riel du tourisme a valid\u00e9 la modernisation d\u2019ici fin 2025 du <strong data-start=\"2568\" data-end=\"2607\">datahub France Tourisme Observation<\/strong>, destin\u00e9 \u00e0 mieux agr\u00e9ger, pr\u00e9dire et rendre lisibles les donn\u00e9es du secteur. L\u2019objectif est de donner aux professionnels une vision claire et r\u00e9active de la fr\u00e9quentation afin d\u2019adapter leur offre en fonction des tendances. Cette r\u00e9organisation intervient dans un contexte o\u00f9 la question d\u2019un tourisme plus durable s\u2019impose. Entre contraintes environnementales, mutations \u00e9conomiques et attentes changeantes des voyageurs, les destinations baln\u00e9aires doivent imaginer de nouvelles formes d\u2019attractivit\u00e9. Certaines misent sur des s\u00e9jours hors saison, d\u2019autres sur des offres hybrides m\u00ealant culture, gastronomie et nature. L\u2019avenir du littoral passera sans doute par une diversification, pour que la mer reste un moteur d\u2019accueil et non un souvenir d\u2019abondance r\u00e9volue.<\/p>\n","protected":false},"excerpt":{"rendered":"<p>Les plages semblent d\u00e9sert\u00e9es, les stations habitu\u00e9es \u00e0 l\u2019effervescence estivale font d\u00e9sormais face \u00e0 un silence inattendu. Dans le flot [&hellip;]<\/p>\n","protected":false},"author":4,"featured_media":31674,"comment_status":"open","ping_status":"closed","sticky":false,"template":"","format":"standard","meta":{"_acf_changed":false,"_sitemap_exclude":false,"_sitemap_priority":"","_sitemap_frequency":"","footnotes":"","rank_math_title":"","rank_math_description":"","rank_math_canonical_url":"","rank_math_focus_keyword":"tourisme"},"categories":[3],"tags":[],"class_list":["post-33918","post","type-post","status-publish","format-standard","has-post-thumbnail","hentry","category-voyage"],"acf":[],"_links":{"self":[{"href":"https:\/\/ulysse.com\/news\/wp-json\/wp\/v2\/posts\/33918","targetHints":{"allow":["GET"]}}],"collection":[{"href":"https:\/\/ulysse.com\/news\/wp-json\/wp\/v2\/posts"}],"about":[{"href":"https:\/\/ulysse.com\/news\/wp-json\/wp\/v2\/types\/post"}],"author":[{"embeddable":true,"href":"https:\/\/ulysse.com\/news\/wp-json\/wp\/v2\/users\/4"}],"replies":[{"embeddable":true,"href":"https:\/\/ulysse.com\/news\/wp-json\/wp\/v2\/comments?post=33918"}],"version-history":[{"count":2,"href":"https:\/\/ulysse.com\/news\/wp-json\/wp\/v2\/posts\/33918\/revisions"}],"predecessor-version":[{"id":34024,"href":"https:\/\/ulysse.com\/news\/wp-json\/wp\/v2\/posts\/33918\/revisions\/34024"}],"wp:featuredmedia":[{"embeddable":true,"href":"https:\/\/ulysse.com\/news\/wp-json\/wp\/v2\/media\/31674"}],"wp:attachment":[{"href":"https:\/\/ulysse.com\/news\/wp-json\/wp\/v2\/media?parent=33918"}],"wp:term":[{"taxonomy":"category","embeddable":true,"href":"https:\/\/ulysse.com\/news\/wp-json\/wp\/v2\/categories?post=33918"},{"taxonomy":"post_tag","embeddable":true,"href":"https:\/\/ulysse.com\/news\/wp-json\/wp\/v2\/tags?post=33918"}],"curies":[{"name":"wp","href":"https:\/\/api.w.org\/{rel}","templated":true}]}}