{"id":33922,"date":"2025-08-23T13:00:53","date_gmt":"2025-08-23T12:00:53","guid":{"rendered":"https:\/\/discover.ulysse.com\/?p=33922"},"modified":"2025-08-22T10:22:47","modified_gmt":"2025-08-22T09:22:47","slug":"vacances-gachees-ou-sanctions-les-nouvelles-regles-draconiennes-dans-les-campings","status":"publish","type":"post","link":"https:\/\/ulysse.com\/news\/vacances-gachees-ou-sanctions-les-nouvelles-regles-draconiennes-dans-les-campings","title":{"rendered":"Vacances g\u00e2ch\u00e9es ou sanctions\u202f? Les nouvelles r\u00e8gles draconiennes dans les campings"},"content":{"rendered":"<p data-start=\"492\" data-end=\"1135\">Les vacances d\u2019\u00e9t\u00e9 sont cens\u00e9es incarner une parenth\u00e8se de d\u00e9tente, une bulle o\u00f9 le temps ralentit et o\u00f9 chacun se lib\u00e8re des contraintes du quotidien. Le soir venu, les rires r\u00e9sonnent, les guitares improvisent quelques accords et les verres trinquent sous les guirlandes lumineuses. L\u2019ambiance a tout d\u2019un tableau estival idyllique.<\/p>\n<p data-start=\"492\" data-end=\"1135\">Pourtant, derri\u00e8re cette image se glissent parfois des exc\u00e8s moins anodins. Quand la f\u00eate s\u2019\u00e9ternise, que la musique couvre les voix et que les r\u00e8gles \u00e9l\u00e9mentaires de vie collective sont mises \u00e0 mal, l\u2019harmonie fragile des vacances bascule. Cette ann\u00e9e, plusieurs campings ont d\u00e9cid\u00e9 de r\u00e9agir sans d\u00e9tour.<\/p>\n<h2 data-start=\"1137\" data-end=\"1208\">Quand l\u2019esprit festif d\u00e9rape et se transforme en nuisance partag\u00e9e<\/h2>\n<p data-start=\"1210\" data-end=\"2454\">Les gestionnaires de campings constatent que le rel\u00e2chement attendu des vacances d\u00e9bouche, dans certains cas, sur de v\u00e9ritables d\u00e9bordements. Bruit nocturne prolong\u00e9 apr\u00e8s minuit, rassemblements improvis\u00e9s transformant les all\u00e9es en piste de danse, barbecues allum\u00e9s en zones interdites et abandon de d\u00e9chets sur les emplacements : autant de comportements qui minent la convivialit\u00e9 recherch\u00e9e. Les familles venues profiter du calme se retrouvent d\u00e9rang\u00e9es, parfois contraintes de porter plainte aupr\u00e8s de la direction.<\/p>\n<p data-start=\"1210\" data-end=\"2454\">Le probl\u00e8me n\u2019est pas marginal. Plusieurs f\u00e9d\u00e9rations de l\u2019h\u00f4tellerie de plein air confirment avoir re\u00e7u des signalements r\u00e9currents de comportements irrespectueux au cours des deux derniers \u00e9t\u00e9s. Les r\u00e9seaux sociaux amplifient le ph\u00e9nom\u00e8ne : vid\u00e9os de nuisances sonores, t\u00e9moignages de campeurs exc\u00e9d\u00e9s et avis n\u00e9gatifs sur les plateformes de r\u00e9servation p\u00e8sent d\u00e9sormais sur la r\u00e9putation de certains \u00e9tablissements.<\/p>\n<p data-start=\"1210\" data-end=\"2454\">Cette r\u00e9alit\u00e9 interroge l\u2019\u00e9quilibre d\u00e9licat entre la libert\u00e9 individuelle et le respect collectif dans un espace partag\u00e9. Les campings, traditionnellement per\u00e7us comme des lieux de convivialit\u00e9 et de tol\u00e9rance, deviennent le th\u00e9\u00e2tre d\u2019un d\u00e9bat plus large : jusqu\u2019o\u00f9 tol\u00e9rer le \u00ab l\u00e2cher prise \u00bb estival ?<\/p>\n<h2 data-start=\"2456\" data-end=\"2532\">Les d\u00e9cisions fermes des g\u00e9rants pour restaurer la s\u00e9r\u00e9nit\u00e9 des s\u00e9jours<\/h2>\n<p data-start=\"2534\" data-end=\"3838\">Face \u00e0 cette situation, les professionnels de l\u2019h\u00f4tellerie de plein air n\u2019entendent plus rester passifs. Plusieurs \u00e9tablissements ont mis en place des mesures renforc\u00e9es pour pr\u00e9server la qualit\u00e9 de s\u00e9jour. Des patrouilles de nuit sont organis\u00e9es afin de garantir le silence apr\u00e8s 23 heures. Les manquements r\u00e9p\u00e9t\u00e9s entra\u00eenent d\u00e9sormais des sanctions financi\u00e8res, inscrites dans les r\u00e8glements int\u00e9rieurs remis \u00e0 chaque vacancier \u00e0 son arriv\u00e9e.<\/p>\n<p data-start=\"2534\" data-end=\"3838\">Certaines structures vont plus loin : cr\u00e9ation de zones sp\u00e9cifiques pour les fumeurs et pour les barbecues afin de limiter les risques d\u2019incendie et de nuisance. Les comportements jug\u00e9s dangereux ou irrespectueux, comme les d\u00e9gradations d\u2019\u00e9quipements ou les insultes envers le personnel, conduisent directement \u00e0 l\u2019exclusion du camping. Ces d\u00e9cisions sont assum\u00e9es et expliqu\u00e9es aux vacanciers afin d\u2019\u00e9viter toute ambigu\u00eft\u00e9.<\/p>\n<p data-start=\"2534\" data-end=\"3838\">L\u2019objectif n\u2019est pas de transformer ces lieux en espaces ultra-r\u00e9glement\u00e9s, mais de rappeler que la convivialit\u00e9 repose sur des r\u00e8gles simples de respect mutuel. Plusieurs g\u00e9rants rapportent d\u00e9j\u00e0 une diminution sensible des incidents depuis la mise en place de ces dispositifs. Les campeurs attach\u00e9s \u00e0 un s\u00e9jour paisible saluent ces \u00e9volutions, estimant qu\u2019elles redonnent \u00e0 l\u2019exp\u00e9rience du <a href=\"https:\/\/discover.ulysse.com\/sejour-camping-france-destinations-estivales\">camping<\/a> son esprit familial et collectif.<\/p>\n<h2 data-start=\"3840\" data-end=\"3914\">Libert\u00e9 individuelle contre vie collective : un \u00e9quilibre \u00e0 red\u00e9finir<\/h2>\n<p data-start=\"3916\" data-end=\"5197\">Au-del\u00e0 des mesures concr\u00e8tes, la question pos\u00e9e par ces d\u00e9cisions est plus profonde : comment concilier la libert\u00e9 de chacun avec l\u2019int\u00e9r\u00eat du collectif dans un cadre de vacances ? Les vacanciers cherchent \u00e0 se d\u00e9tendre, parfois en rompant avec les codes du quotidien. Mais cette libert\u00e9 devient probl\u00e9matique d\u00e8s lors qu\u2019elle empi\u00e8te sur celle des autres. Les campings rappellent que la majorit\u00e9 des clients aspirent avant tout \u00e0 la tranquillit\u00e9 et au partage.<\/p>\n<p data-start=\"3916\" data-end=\"5197\">Pour pr\u00e9server cet \u00e9quilibre, plusieurs acteurs du secteur appellent \u00e0 une p\u00e9dagogie renforc\u00e9e, en sensibilisant les vacanciers d\u00e8s la r\u00e9servation. Les familles, souvent premi\u00e8res victimes des exc\u00e8s, encouragent cette \u00e9volution. Quant aux jeunes campeurs, certains reconnaissent la n\u00e9cessit\u00e9 de r\u00e8gles claires, \u00e0 condition qu\u2019elles soient appliqu\u00e9es \u00e9quitablement.<\/p>\n<p data-start=\"3916\" data-end=\"5197\">Le d\u00e9bat d\u00e9passe donc le simple cadre estival : il renvoie \u00e0 la mani\u00e8re dont une soci\u00e9t\u00e9 organise la cohabitation dans des espaces communs. Les campings, microcosmes de vie collective, deviennent un laboratoire de ce d\u00e9fi contemporain. Entre discipline et libert\u00e9, ils cherchent \u00e0 pr\u00e9server ce qui fait leur succ\u00e8s depuis des d\u00e9cennies : une atmosph\u00e8re chaleureuse o\u00f9 chacun trouve sa place, sans que la f\u00eate des uns devienne la contrainte des autres.<\/p>\n","protected":false},"excerpt":{"rendered":"<p>Les vacances d\u2019\u00e9t\u00e9 sont cens\u00e9es incarner une parenth\u00e8se de d\u00e9tente, une bulle o\u00f9 le temps ralentit et o\u00f9 chacun se [&hellip;]<\/p>\n","protected":false},"author":4,"featured_media":30258,"comment_status":"open","ping_status":"closed","sticky":false,"template":"","format":"standard","meta":{"_acf_changed":false,"_sitemap_exclude":false,"_sitemap_priority":"","_sitemap_frequency":"","footnotes":"","rank_math_title":"","rank_math_description":"","rank_math_canonical_url":"","rank_math_focus_keyword":"camping"},"categories":[3],"tags":[],"class_list":["post-33922","post","type-post","status-publish","format-standard","has-post-thumbnail","hentry","category-voyage"],"acf":[],"_links":{"self":[{"href":"https:\/\/ulysse.com\/news\/wp-json\/wp\/v2\/posts\/33922","targetHints":{"allow":["GET"]}}],"collection":[{"href":"https:\/\/ulysse.com\/news\/wp-json\/wp\/v2\/posts"}],"about":[{"href":"https:\/\/ulysse.com\/news\/wp-json\/wp\/v2\/types\/post"}],"author":[{"embeddable":true,"href":"https:\/\/ulysse.com\/news\/wp-json\/wp\/v2\/users\/4"}],"replies":[{"embeddable":true,"href":"https:\/\/ulysse.com\/news\/wp-json\/wp\/v2\/comments?post=33922"}],"version-history":[{"count":2,"href":"https:\/\/ulysse.com\/news\/wp-json\/wp\/v2\/posts\/33922\/revisions"}],"predecessor-version":[{"id":34037,"href":"https:\/\/ulysse.com\/news\/wp-json\/wp\/v2\/posts\/33922\/revisions\/34037"}],"wp:featuredmedia":[{"embeddable":true,"href":"https:\/\/ulysse.com\/news\/wp-json\/wp\/v2\/media\/30258"}],"wp:attachment":[{"href":"https:\/\/ulysse.com\/news\/wp-json\/wp\/v2\/media?parent=33922"}],"wp:term":[{"taxonomy":"category","embeddable":true,"href":"https:\/\/ulysse.com\/news\/wp-json\/wp\/v2\/categories?post=33922"},{"taxonomy":"post_tag","embeddable":true,"href":"https:\/\/ulysse.com\/news\/wp-json\/wp\/v2\/tags?post=33922"}],"curies":[{"name":"wp","href":"https:\/\/api.w.org\/{rel}","templated":true}]}}