{"id":33924,"date":"2025-09-07T19:00:25","date_gmt":"2025-09-07T18:00:25","guid":{"rendered":"https:\/\/discover.ulysse.com\/?p=33924"},"modified":"2025-09-07T09:39:56","modified_gmt":"2025-09-07T08:39:56","slug":"un-geant-deau-perdu-a-deux-heures-de-paris-qui-laisse-les-visiteurs-bouche-bee","status":"publish","type":"post","link":"https:\/\/ulysse.com\/news\/un-geant-deau-perdu-a-deux-heures-de-paris-qui-laisse-les-visiteurs-bouche-bee","title":{"rendered":"Un g\u00e9ant d\u2019eau perdu \u00e0 deux heures de Paris qui laisse les visiteurs bouche b\u00e9e"},"content":{"rendered":"<p data-start=\"403\" data-end=\"978\">Une \u00e9tendue d\u2019eau immense, bord\u00e9e de plages et de for\u00eats, se dissimule discr\u00e8tement dans la campagne champenoise. On la d\u00e9couvre presque par surprise, tant son immensit\u00e9 contraste avec les villages alentour. Les visiteurs, en arrivant, croient d\u2019abord voir la mer tant l\u2019horizon s\u2019\u00e9largit, balay\u00e9 par le vent et ponctu\u00e9 de voiliers. Pourtant, ce paysage n\u2019a rien de naturel : il est le fruit d\u2019un chantier colossal men\u00e9 au XX\u1d49 si\u00e8cle pour prot\u00e9ger la capitale. Aujourd\u2019hui, ce lac artificiel intrigue autant par sa d\u00e9mesure que par la diversit\u00e9 des activit\u00e9s qu\u2019il propose.<\/p>\n<h2 data-start=\"980\" data-end=\"1046\">Un lac artificiel monumental n\u00e9 pour prot\u00e9ger Paris des crues<\/h2>\n<p data-start=\"1048\" data-end=\"2033\">Le <strong data-start=\"1051\" data-end=\"1075\">lac du Der-Chantecoq<\/strong>, situ\u00e9 \u00e0 environ 190 kilom\u00e8tres de Paris, est le plus grand lac artificiel de France avec une superficie de <strong data-start=\"1184\" data-end=\"1194\">48 km\u00b2<\/strong>. Son histoire est \u00e9troitement li\u00e9e \u00e0 la n\u00e9cessit\u00e9 de r\u00e9guler les crues de la Marne qui mena\u00e7aient r\u00e9guli\u00e8rement la capitale. D\u00e9cid\u00e9 apr\u00e8s les inondations catastrophiques du d\u00e9but du si\u00e8cle dernier, le chantier s\u2019est \u00e9tendu sur plus d\u2019une d\u00e9cennie avant l\u2019inauguration en 1974.<\/p>\n<p data-start=\"1048\" data-end=\"2033\">Capable de contenir pr\u00e8s de <strong data-start=\"1500\" data-end=\"1522\">350 millions de m\u00b3<\/strong> d\u2019eau, ce g\u00e9ant d\u2019ing\u00e9nierie a englouti trois villages entiers, dont Chantecoq, dont il a gard\u00e9 le nom. Sa profondeur varie entre 4 et 18 m\u00e8tres, formant une v\u00e9ritable mer int\u00e9rieure. Mais au-del\u00e0 de son r\u00f4le technique, le lac s\u2019est impos\u00e9 au fil des d\u00e9cennies comme une destination touristique incontournable, attirant chaque ann\u00e9e plus d\u2019un million de visiteurs. Entre mission de protection et reconversion en espace de loisirs, il incarne un exemple unique d\u2019ouvrage hydraulique devenu patrimoine naturel.<\/p>\n<blockquote class=\"tiktok-embed\" style=\"max-width: 605px; min-width: 325px;\" cite=\"https:\/\/www.tiktok.com\/@carolecjt\/video\/7518878110968745238\" data-video-id=\"7518878110968745238\">\n<section><a title=\"@carolecjt\" href=\"https:\/\/www.tiktok.com\/@carolecjt?refer=embed\" target=\"_blank\" rel=\"noopener\">@carolecjt<\/a> lac du Der <a title=\"lacduder\" href=\"https:\/\/www.tiktok.com\/tag\/lacduder?refer=embed\" target=\"_blank\" rel=\"noopener\">#lacduder<\/a> <a title=\"nature\" href=\"https:\/\/www.tiktok.com\/tag\/nature?refer=embed\" target=\"_blank\" rel=\"noopener\">#nature<\/a> <a title=\"lacduderchantecoq\" href=\"https:\/\/www.tiktok.com\/tag\/lacduderchantecoq?refer=embed\" target=\"_blank\" rel=\"noopener\">#lacduderchantecoq<\/a> <a title=\"\u266c sonido original - Isa\u00ed \u00c1lvarez\" href=\"https:\/\/www.tiktok.com\/music\/sonido-original-7403029348181363462?refer=embed\" target=\"_blank\" rel=\"noopener\">\u266c sonido original &#8211; Isa\u00ed \u00c1lvarez<\/a><\/section>\n<\/blockquote>\n<p><script async src=\"https:\/\/www.tiktok.com\/embed.js\"><\/script><\/p>\n<h2 data-start=\"2035\" data-end=\"2118\">Entre plages, sports nautiques et sentiers, un terrain de jeux grandeur nature<\/h2>\n<p data-start=\"2120\" data-end=\"3151\">L\u2019immensit\u00e9 du lac du Der ne se contemple pas seulement : elle se vit. Ses six plages surveill\u00e9es attirent familles et baigneurs, tandis que les passionn\u00e9s de sports nautiques profitent d\u2019activit\u00e9s vari\u00e9es comme le paddle, le ski nautique, la voile ou le wakeboard.<\/p>\n<p data-start=\"2120\" data-end=\"3151\">En \u00e9t\u00e9, un parc aquatique flottant compl\u00e8te l\u2019offre ludique pour les enfants. Mais le site ne se r\u00e9sume pas \u00e0 l\u2019eau : <strong data-start=\"2504\" data-end=\"2534\">250 km de sentiers balis\u00e9s<\/strong> serpentent autour du lac, offrant aux randonneurs, cyclistes et amateurs de trottinette des panoramas changeants au fil de la journ\u00e9e. Les for\u00eats environnantes, ponctu\u00e9es d\u2019observatoires, sont id\u00e9ales pour la d\u00e9couverte d\u2019une biodiversit\u00e9 riche. Car ce lac artificiel est aussi devenu un sanctuaire pour les oiseaux : chaque automne, des dizaines de milliers de grues cendr\u00e9es y font halte lors de leur migration, un spectacle naturel qui attire photographes et curieux du monde entier. Le lac se transforme ainsi en destination quatre saisons, adapt\u00e9e aussi bien aux vacances actives qu\u2019aux s\u00e9jours contemplatifs.<\/p>\n<h2 data-start=\"3153\" data-end=\"3214\">M\u00e9moire engloutie et patrimoine vivant au bord des rives<\/h2>\n<p data-start=\"3216\" data-end=\"4074\">Derri\u00e8re la beaut\u00e9 des paysages se cache une m\u00e9moire douloureuse. La mise en eau du lac a englouti trois villages, dont il ne reste que quelques traces visibles. L\u2019\u00e9glise de Champaubert, dress\u00e9e sur une presqu\u2019\u00eele, rappelle ce pass\u00e9 disparu. Pour perp\u00e9tuer la m\u00e9moire, le <strong data-start=\"3488\" data-end=\"3512\">Village Mus\u00e9e du Der<\/strong> expose maisons, granges et t\u00e9moignages reconstitu\u00e9s, racontant la vie d\u2019avant.<\/p>\n<p data-start=\"3216\" data-end=\"4074\">Ce patrimoine reconstruit dialogue aujourd\u2019hui avec un environnement class\u00e9 Natura 2000, o\u00f9 la protection de la faune et de la flore prime. Le site illustre une histoire paradoxale : il fut con\u00e7u comme un ouvrage technique, mais il est devenu un haut lieu de culture et de nature. En attirant des visiteurs sensibles autant \u00e0 son histoire qu\u2019\u00e0 sa beaut\u00e9, le lac du Der-Chantecoq s\u2019est transform\u00e9 en symbole d\u2019\u00e9quilibre entre m\u00e9moire humaine, ing\u00e9nierie et pr\u00e9servation \u00e9cologique.<\/p>\n","protected":false},"excerpt":{"rendered":"<p>Une \u00e9tendue d\u2019eau immense, bord\u00e9e de plages et de for\u00eats, se dissimule discr\u00e8tement dans la campagne champenoise. On la d\u00e9couvre [&hellip;]<\/p>\n","protected":false},"author":4,"featured_media":34724,"comment_status":"open","ping_status":"closed","sticky":false,"template":"","format":"standard","meta":{"_acf_changed":false,"_sitemap_exclude":false,"_sitemap_priority":"","_sitemap_frequency":"","footnotes":"","rank_math_title":"","rank_math_description":"","rank_math_canonical_url":"","rank_math_focus_keyword":"paris"},"categories":[3],"tags":[],"class_list":["post-33924","post","type-post","status-publish","format-standard","has-post-thumbnail","hentry","category-voyage"],"acf":[],"_links":{"self":[{"href":"https:\/\/ulysse.com\/news\/wp-json\/wp\/v2\/posts\/33924","targetHints":{"allow":["GET"]}}],"collection":[{"href":"https:\/\/ulysse.com\/news\/wp-json\/wp\/v2\/posts"}],"about":[{"href":"https:\/\/ulysse.com\/news\/wp-json\/wp\/v2\/types\/post"}],"author":[{"embeddable":true,"href":"https:\/\/ulysse.com\/news\/wp-json\/wp\/v2\/users\/4"}],"replies":[{"embeddable":true,"href":"https:\/\/ulysse.com\/news\/wp-json\/wp\/v2\/comments?post=33924"}],"version-history":[{"count":3,"href":"https:\/\/ulysse.com\/news\/wp-json\/wp\/v2\/posts\/33924\/revisions"}],"predecessor-version":[{"id":34726,"href":"https:\/\/ulysse.com\/news\/wp-json\/wp\/v2\/posts\/33924\/revisions\/34726"}],"wp:featuredmedia":[{"embeddable":true,"href":"https:\/\/ulysse.com\/news\/wp-json\/wp\/v2\/media\/34724"}],"wp:attachment":[{"href":"https:\/\/ulysse.com\/news\/wp-json\/wp\/v2\/media?parent=33924"}],"wp:term":[{"taxonomy":"category","embeddable":true,"href":"https:\/\/ulysse.com\/news\/wp-json\/wp\/v2\/categories?post=33924"},{"taxonomy":"post_tag","embeddable":true,"href":"https:\/\/ulysse.com\/news\/wp-json\/wp\/v2\/tags?post=33924"}],"curies":[{"name":"wp","href":"https:\/\/api.w.org\/{rel}","templated":true}]}}