{"id":33939,"date":"2025-08-21T16:00:26","date_gmt":"2025-08-21T15:00:26","guid":{"rendered":"https:\/\/discover.ulysse.com\/?p=33939"},"modified":"2025-08-21T08:49:20","modified_gmt":"2025-08-21T07:49:20","slug":"lile-flottante-qui-faisait-sensation-sur-la-cote-dazur-prend-le-large-vers-malte","status":"publish","type":"post","link":"https:\/\/ulysse.com\/news\/lile-flottante-qui-faisait-sensation-sur-la-cote-dazur-prend-le-large-vers-malte","title":{"rendered":"L\u2019\u00eele flottante qui faisait sensation sur la C\u00f4te d\u2019Azur prend le large vers Malte"},"content":{"rendered":"<p><span style=\"font-weight: 400;\">C\u2019est officiel : apr\u00e8s avoir fait couler beaucoup d\u2019encre, <strong>l\u2019\u00eele flottante Canua Island<\/strong> quitte la C\u00f4te d&#8217;Azur pour un nouveau port d\u2019attache \u00e0 <strong>Malte.<\/strong> Cette aventure, pleine de rebondissements, a agit\u00e9 la sc\u00e8ne touristique et provoqu\u00e9 des remous parmi les habitants, les autorit\u00e9s locales et les passionn\u00e9s de projets insolites. Mais alors, pourquoi ce changement radical de cap ? Qu\u2019est-ce qui se cache derri\u00e8re cette d\u00e9cision et que va-t-il advenir de l\u2019\u00eele flottante dans sa nouvelle destination m\u00e9diterran\u00e9enne ? Revenons sur l\u2019histoire d\u2019une \u00eele pas comme les autres et de son p\u00e9riple en mer\u2026 vers Malte !<\/span><\/p>\n<h2><b>Canua Island : une \u00eele flottante, un projet r\u00eav\u00e9\u2026 mais compliqu\u00e9<\/b><\/h2>\n<p><span style=\"font-weight: 400;\">L\u2019id\u00e9e semblait idyllique : une<strong> \u00eele flottante<\/strong>, luxueuse et \u00e9coresponsable, qui fait r\u00eaver les amateurs de destinations insolites. Canua Island, c\u2019est un peu le concept de &#8220;l\u2019h\u00f4tel 5 \u00e9toiles&#8221; flottant au milieu de la mer M\u00e9diterran\u00e9e. L\u2019\u00eele, qui proposait un restaurant, un bar, une piscine et des suites privatives, visait \u00e0 offrir aux visiteurs une exp\u00e9rience de voyage unique. On aurait pu penser qu\u2019un tel projet se serait facilement int\u00e9gr\u00e9 au paysage azurien, mais c\u2019\u00e9tait sans compter la temp\u00eate politique et les vagues d\u2019oppositions qui se sont form\u00e9es.<\/span><\/p>\n<p><span style=\"font-weight: 400;\">Lanc\u00e9e en 2022, l\u2019id\u00e9e \u00e9tait de donner une nouvelle dimension au <a href=\"https:\/\/discover.ulysse.com\/combattre-surtourisme-par-luxe-corfou-exclusive\">tourisme de luxe<\/a>, tout en restant respectueux de l\u2019environnement. Mais le vent n\u2019a pas tourn\u00e9 en faveur de Canua Island, loin de l\u00e0. En d\u00e9pit des ambitions affich\u00e9es, des inqui\u00e9tudes sont rapidement apparues, notamment sur l\u2019impact \u00e9cologique du projet. L\u2019\u00eele flottante aurait-elle perturb\u00e9 la biodiversit\u00e9 locale ? Les nuisances sonores seraient-elles supportables pour les riverains ? Ces questions, parmi d\u2019autres, ont jet\u00e9 un froid dans le Sud de la France, entra\u00eenant une r\u00e9sistance farouche des autorit\u00e9s locales.<\/span><\/p>\n<blockquote class=\"instagram-media\" style=\"background: #FFF; border: 0; border-radius: 3px; margin: 1px; max-width: 540px; min-width: 326px; padding: 0; width: calc(100% - 2px);\" data-instgrm-captioned=\"\" data-instgrm-permalink=\"https:\/\/www.instagram.com\/p\/C-4zxmCtEzM\/?utm_source=ig_embed&amp;utm_campaign=loading\" data-instgrm-version=\"14\">\n<div style=\"padding: 16px;\">\n<p>&nbsp;<\/p>\n<div style=\"flex-direction: row; align-items: center;\">\n<div style=\"background-color: #f4f4f4; border-radius: 50%; flex-grow: 0; height: 40px; margin-right: 14px; width: 40px;\"><\/div>\n<div style=\"flex-direction: column; flex-grow: 1; justify-content: center;\">\n<div style=\"background-color: #f4f4f4; border-radius: 4px; flex-grow: 0; height: 14px; margin-bottom: 6px; width: 100px;\"><\/div>\n<div style=\"background-color: #f4f4f4; border-radius: 4px; flex-grow: 0; height: 14px; width: 60px;\"><\/div>\n<\/div>\n<\/div>\n<div style=\"padding: 19% 0;\"><\/div>\n<div style=\"height: 50px; margin: 0 auto 12px; width: 50px;\"><\/div>\n<div style=\"padding-top: 8px;\">\n<div style=\"color: #3897f0; font-family: Arial,sans-serif; font-size: 14px; font-style: normal; font-weight: 550; line-height: 18px;\">Voir cette publication sur Instagram<\/div>\n<\/div>\n<div style=\"padding: 12.5% 0;\"><\/div>\n<div style=\"flex-direction: row; margin-bottom: 14px; align-items: center;\">\n<div>\n<div style=\"background-color: #f4f4f4; border-radius: 50%; height: 12.5px; width: 12.5px;\"><\/div>\n<div style=\"background-color: #f4f4f4; height: 12.5px; width: 12.5px; flex-grow: 0; margin-right: 14px; margin-left: 2px;\"><\/div>\n<div style=\"background-color: #f4f4f4; border-radius: 50%; height: 12.5px; width: 12.5px;\"><\/div>\n<\/div>\n<div style=\"margin-left: 8px;\">\n<div style=\"background-color: #f4f4f4; border-radius: 50%; flex-grow: 0; height: 20px; width: 20px;\"><\/div>\n<div style=\"width: 0; height: 0; border-top: 2px solid transparent; border-left: 6px solid #f4f4f4; border-bottom: 2px solid transparent;\"><\/div>\n<\/div>\n<div style=\"margin-left: auto;\">\n<div style=\"width: 0px; border-top: 8px solid #F4F4F4; border-right: 8px solid transparent;\"><\/div>\n<div style=\"background-color: #f4f4f4; flex-grow: 0; height: 12px; width: 16px;\"><\/div>\n<div style=\"width: 0; height: 0; border-top: 8px solid #F4F4F4; border-left: 8px solid transparent;\"><\/div>\n<\/div>\n<\/div>\n<div style=\"flex-direction: column; flex-grow: 1; justify-content: center; margin-bottom: 24px;\">\n<div style=\"background-color: #f4f4f4; border-radius: 4px; flex-grow: 0; height: 14px; margin-bottom: 6px; width: 224px;\"><\/div>\n<div style=\"background-color: #f4f4f4; border-radius: 4px; flex-grow: 0; height: 14px; width: 144px;\"><\/div>\n<\/div>\n<p>&nbsp;<\/p>\n<p style=\"color: #c9c8cd; font-family: Arial,sans-serif; font-size: 14px; line-height: 17px; margin-bottom: 0; margin-top: 8px; overflow: hidden; padding: 8px 0 7px; text-align: center;\"><a style=\"color: #c9c8cd; font-family: Arial,sans-serif; font-size: 14px; font-style: normal; font-weight: normal; line-height: 17px; text-decoration: none;\" href=\"https:\/\/www.instagram.com\/p\/C-4zxmCtEzM\/?utm_source=ig_embed&amp;utm_campaign=loading\" target=\"_blank\" rel=\"noopener\">Une publication partag\u00e9e par STR proMICE GmbH &amp; Co. KG (@str_promice)<\/a><\/p>\n<\/div>\n<\/blockquote>\n<h2><b>Canua Island face \u00e0 la temp\u00eate politique et environnementale<\/b><\/h2>\n<p><span style=\"font-weight: 400;\">Canua Island n\u2019a pas fait que flotter au large de la <a href=\"https:\/\/discover.ulysse.com\/cote-port-discret-adresse-chic-voyageurs\">C\u00f4te d\u2019Azur<\/a>, elle a surtout pris la mer face \u00e0 des temp\u00eates administratives et politiques. Malheureusement, ce n\u2019\u00e9tait pas la mer d\u2019huile. La mise en place du projet a \u00e9t\u00e9 retard\u00e9e plusieurs fois, et bien que le permis de navigation ait \u00e9t\u00e9 accord\u00e9 en d\u00e9cembre 2023, l\u2019exploitation n\u2019a r\u00e9ellement commenc\u00e9 qu\u2019en mai 2024. Trop tard pour \u00e9viter la houle politique qui s\u2019abattait sur l\u2019\u00eele.<\/span><\/p>\n<p><span style=\"font-weight: 400;\">Les responsables du projet ont d\u00e9nonc\u00e9 les pressions exerc\u00e9es par les autorit\u00e9s locales et ont clairement exprim\u00e9 leur frustration. Selon eux, tout a \u00e9t\u00e9 mis en place pour que l\u2019\u00eele \u00e9choue. Ce rejet de l\u2019initiative a rapidement aliment\u00e9 une spirale de tensions, au point que les cofondateurs ont \u00e9t\u00e9 contraints de lever l\u2019ancre et de chercher un havre plus accueillant. Une d\u00e9cision difficile, mais qui a donn\u00e9 naissance \u00e0 un nouveau chapitre de l\u2019histoire de Canua Island.<\/span><\/p>\n<blockquote class=\"instagram-media\" style=\"background: #FFF; border: 0; border-radius: 3px; margin: 1px; max-width: 540px; min-width: 326px; padding: 0; width: calc(100% - 2px);\" data-instgrm-captioned=\"\" data-instgrm-permalink=\"https:\/\/www.instagram.com\/p\/C_SbK5DI8BZ\/?utm_source=ig_embed&amp;utm_campaign=loading\" data-instgrm-version=\"14\">\n<div style=\"padding: 16px;\">\n<p>&nbsp;<\/p>\n<div style=\"flex-direction: row; align-items: center;\">\n<div style=\"background-color: #f4f4f4; border-radius: 50%; flex-grow: 0; height: 40px; margin-right: 14px; width: 40px;\"><\/div>\n<div style=\"flex-direction: column; flex-grow: 1; justify-content: center;\">\n<div style=\"background-color: #f4f4f4; border-radius: 4px; flex-grow: 0; height: 14px; margin-bottom: 6px; width: 100px;\"><\/div>\n<div style=\"background-color: #f4f4f4; border-radius: 4px; flex-grow: 0; height: 14px; width: 60px;\"><\/div>\n<\/div>\n<\/div>\n<div style=\"padding: 19% 0;\"><\/div>\n<div style=\"height: 50px; margin: 0 auto 12px; width: 50px;\"><\/div>\n<div style=\"padding-top: 8px;\">\n<div style=\"color: #3897f0; font-family: Arial,sans-serif; font-size: 14px; font-style: normal; font-weight: 550; line-height: 18px;\">Voir cette publication sur Instagram<\/div>\n<\/div>\n<div style=\"padding: 12.5% 0;\"><\/div>\n<div style=\"flex-direction: row; margin-bottom: 14px; align-items: center;\">\n<div>\n<div style=\"background-color: #f4f4f4; border-radius: 50%; height: 12.5px; width: 12.5px;\"><\/div>\n<div style=\"background-color: #f4f4f4; height: 12.5px; width: 12.5px; flex-grow: 0; margin-right: 14px; margin-left: 2px;\"><\/div>\n<div style=\"background-color: #f4f4f4; border-radius: 50%; height: 12.5px; width: 12.5px;\"><\/div>\n<\/div>\n<div style=\"margin-left: 8px;\">\n<div style=\"background-color: #f4f4f4; border-radius: 50%; flex-grow: 0; height: 20px; width: 20px;\"><\/div>\n<div style=\"width: 0; height: 0; border-top: 2px solid transparent; border-left: 6px solid #f4f4f4; border-bottom: 2px solid transparent;\"><\/div>\n<\/div>\n<div style=\"margin-left: auto;\">\n<div style=\"width: 0px; border-top: 8px solid #F4F4F4; border-right: 8px solid transparent;\"><\/div>\n<div style=\"background-color: #f4f4f4; flex-grow: 0; height: 12px; width: 16px;\"><\/div>\n<div style=\"width: 0; height: 0; border-top: 8px solid #F4F4F4; border-left: 8px solid transparent;\"><\/div>\n<\/div>\n<\/div>\n<div style=\"flex-direction: column; flex-grow: 1; justify-content: center; margin-bottom: 24px;\">\n<div style=\"background-color: #f4f4f4; border-radius: 4px; flex-grow: 0; height: 14px; margin-bottom: 6px; width: 224px;\"><\/div>\n<div style=\"background-color: #f4f4f4; border-radius: 4px; flex-grow: 0; height: 14px; width: 144px;\"><\/div>\n<\/div>\n<p>&nbsp;<\/p>\n<p style=\"color: #c9c8cd; font-family: Arial,sans-serif; font-size: 14px; line-height: 17px; margin-bottom: 0; margin-top: 8px; overflow: hidden; padding: 8px 0 7px; text-align: center;\"><a style=\"color: #c9c8cd; font-family: Arial,sans-serif; font-size: 14px; font-style: normal; font-weight: normal; line-height: 17px; text-decoration: none;\" href=\"https:\/\/www.instagram.com\/p\/C_SbK5DI8BZ\/?utm_source=ig_embed&amp;utm_campaign=loading\" target=\"_blank\" rel=\"noopener\">Une publication partag\u00e9e par Bruno Peguesse (@bruno_mapr9)<\/a><\/p>\n<\/div>\n<\/blockquote>\n<h2><b>Malte : un nouveau cap pour Canua Island<\/b><\/h2>\n<p><span style=\"font-weight: 400;\">Exit la C\u00f4te d&#8217;Azur, bonjour <a href=\"https:\/\/discover.ulysse.com\/malte-ferme-porte-blue-lagoon-impose-permission\">Malte<\/a> ! C\u2019est sous de nouveaux horizons que Canua Island met le cap sur <strong>l\u2019archipel maltais<\/strong>. Ce d\u00e9m\u00e9nagement n\u2019est pas seulement g\u00e9ographique, il est aussi strat\u00e9gique. Malte, avec son histoire m\u00e9diterran\u00e9enne riche et sa r\u00e9putation de destination touristique en plein essor, offre un terrain plus favorable pour ce type de projet innovant. C\u2019est donc un groupe anonyme qui a achet\u00e9 l\u2019\u00eele, marquant un tournant d\u00e9cisif pour l\u2019avenir de cette \u00eele flottante.<\/span><\/p>\n<p><span style=\"font-weight: 400;\">L\u2019archipel maltais, qui a accueilli de nombreux projets touristiques ces derni\u00e8res ann\u00e9es, semble mieux pr\u00e9par\u00e9 \u00e0 accueillir un projet comme Canua Island. Ici, l\u2019innovation dans le secteur du tourisme est bien vue, et les autorit\u00e9s sont plus enclines \u00e0 explorer des solutions cr\u00e9atives pour diversifier l\u2019offre touristique. Le changement d\u2019air pourrait offrir \u00e0 l\u2019\u00eele flottante la chance de se r\u00e9inventer et de devenir un atout pour la destination. En effet, cette nouvelle aventure \u00e0 Malte pourrait bien s\u00e9duire un public toujours plus friand de voyages atypiques et de destinations exclusives.<\/span><\/p>\n<blockquote class=\"instagram-media\" style=\"background: #FFF; border: 0; border-radius: 3px; margin: 1px; max-width: 540px; min-width: 326px; padding: 0; width: calc(100% - 2px);\" data-instgrm-captioned=\"\" data-instgrm-permalink=\"https:\/\/www.instagram.com\/p\/C-XzDRGM26E\/?utm_source=ig_embed&amp;utm_campaign=loading\" data-instgrm-version=\"14\">\n<div style=\"padding: 16px;\">\n<p>&nbsp;<\/p>\n<div style=\"flex-direction: row; align-items: center;\">\n<div style=\"background-color: #f4f4f4; border-radius: 50%; flex-grow: 0; height: 40px; margin-right: 14px; width: 40px;\"><\/div>\n<div style=\"flex-direction: column; flex-grow: 1; justify-content: center;\">\n<div style=\"background-color: #f4f4f4; border-radius: 4px; flex-grow: 0; height: 14px; margin-bottom: 6px; width: 100px;\"><\/div>\n<div style=\"background-color: #f4f4f4; border-radius: 4px; flex-grow: 0; height: 14px; width: 60px;\"><\/div>\n<\/div>\n<\/div>\n<div style=\"padding: 19% 0;\"><\/div>\n<div style=\"height: 50px; margin: 0 auto 12px; width: 50px;\"><\/div>\n<div style=\"padding-top: 8px;\">\n<div style=\"color: #3897f0; font-family: Arial,sans-serif; font-size: 14px; font-style: normal; font-weight: 550; line-height: 18px;\">Voir cette publication sur Instagram<\/div>\n<\/div>\n<div style=\"padding: 12.5% 0;\"><\/div>\n<div style=\"flex-direction: row; margin-bottom: 14px; align-items: center;\">\n<div>\n<div style=\"background-color: #f4f4f4; border-radius: 50%; height: 12.5px; width: 12.5px;\"><\/div>\n<div style=\"background-color: #f4f4f4; height: 12.5px; width: 12.5px; flex-grow: 0; margin-right: 14px; margin-left: 2px;\"><\/div>\n<div style=\"background-color: #f4f4f4; border-radius: 50%; height: 12.5px; width: 12.5px;\"><\/div>\n<\/div>\n<div style=\"margin-left: 8px;\">\n<div style=\"background-color: #f4f4f4; border-radius: 50%; flex-grow: 0; height: 20px; width: 20px;\"><\/div>\n<div style=\"width: 0; height: 0; border-top: 2px solid transparent; border-left: 6px solid #f4f4f4; border-bottom: 2px solid transparent;\"><\/div>\n<\/div>\n<div style=\"margin-left: auto;\">\n<div style=\"width: 0px; border-top: 8px solid #F4F4F4; border-right: 8px solid transparent;\"><\/div>\n<div style=\"background-color: #f4f4f4; flex-grow: 0; height: 12px; width: 16px;\"><\/div>\n<div style=\"width: 0; height: 0; border-top: 8px solid #F4F4F4; border-left: 8px solid transparent;\"><\/div>\n<\/div>\n<\/div>\n<div style=\"flex-direction: column; flex-grow: 1; justify-content: center; margin-bottom: 24px;\">\n<div style=\"background-color: #f4f4f4; border-radius: 4px; flex-grow: 0; height: 14px; margin-bottom: 6px; width: 224px;\"><\/div>\n<div style=\"background-color: #f4f4f4; border-radius: 4px; flex-grow: 0; height: 14px; width: 144px;\"><\/div>\n<\/div>\n<p>&nbsp;<\/p>\n<p style=\"color: #c9c8cd; font-family: Arial,sans-serif; font-size: 14px; line-height: 17px; margin-bottom: 0; margin-top: 8px; overflow: hidden; padding: 8px 0 7px; text-align: center;\"><a style=\"color: #c9c8cd; font-family: Arial,sans-serif; font-size: 14px; font-style: normal; font-weight: normal; line-height: 17px; text-decoration: none;\" href=\"https:\/\/www.instagram.com\/p\/C-XzDRGM26E\/?utm_source=ig_embed&amp;utm_campaign=loading\" target=\"_blank\" rel=\"noopener\">Une publication partag\u00e9e par Albe\u0301ric 2M. (@alberic2m)<\/a><\/p>\n<\/div>\n<\/blockquote>\n<h2><b>Le futur de Canua Island : cap sur l\u2019innovation touristique<\/b><\/h2>\n<p><span style=\"font-weight: 400;\">Le d\u00e9m\u00e9nagement \u00e0 Malte n\u2019est pas qu\u2019une simple relocalisation. Canua Island se r\u00e9invente, se r\u00e9organise et se repositionne comme un mod\u00e8le d\u2019innovation touristique. L\u2019id\u00e9e d\u2019un <strong>h\u00f4tel flottant de luxe<\/strong> est encore relativement nouvelle et mal connue, mais la perspective de proposer une exp\u00e9rience hors du commun pourrait attirer les voyageurs en qu\u00eate de nouveaut\u00e9 et de sensations uniques. Imaginez pouvoir dormir sur une \u00eele qui se d\u00e9place au gr\u00e9 des vagues, en savourant un cocktail tout en admirant un coucher de soleil m\u00e9diterran\u00e9en. Une exp\u00e9rience qui, de toute \u00e9vidence, a son public.<\/span><\/p>\n<p><span style=\"font-weight: 400;\">Malgr\u00e9 les critiques initiales, le projet pourrait conna\u00eetre une nouvelle phase de d\u00e9veloppement \u00e0 Malte. L\u2019\u00eele flottante pourrait m\u00eame jouer un r\u00f4le pionnier dans la r\u00e9volution du tourisme durable. Pour aller de l\u2019avant, il sera crucial d\u2019adopter une approche respectueuse de l\u2019environnement. L&#8217;int\u00e9gration de technologies \u00e9cologiques pourrait permettre de concilier <strong>luxe et pr\u00e9servation de la nature<\/strong>, ce qui, sans doute, attirera une client\u00e8le soucieuse de son empreinte carbone. Le tout, dans un cadre idyllique o\u00f9 les vagues de la mer M\u00e9diterran\u00e9e berceraient les r\u00eaveurs.<\/span><\/p>\n<h2><b>Canua Island s\u2019en va, mais l\u2019aventure continue<\/b><\/h2>\n<p><span style=\"font-weight: 400;\">Canua Island s\u2019en va, mais elle ne dispara\u00eet pas. Apr\u00e8s avoir quitt\u00e9 la C\u00f4te d&#8217;Azur, l\u2019\u00eele flottante rebelle prend un nouveau cap, direction Malte, avec l\u2019espoir de se r\u00e9inventer et de s\u00e9duire un public curieux de vivre des exp\u00e9riences uniques. L\u2019histoire de cette \u00eele un peu particuli\u00e8re n\u2019est pas encore termin\u00e9e, loin de l\u00e0. Le projet pourrait bien devenir un mod\u00e8le pour d\u2019autres initiatives touristiques \u00e0 la crois\u00e9e de l\u2019innovation et du respect de l\u2019environnement. Affaire \u00e0 suivre, donc. Et qui sait ? Peut-\u00eatre qu\u2019un jour, ce seront les voyageurs eux-m\u00eames qui piloteront le destin de Canua Island\u2026<\/span><\/p>\n","protected":false},"excerpt":{"rendered":"<p>C\u2019est officiel : apr\u00e8s avoir fait couler beaucoup d\u2019encre, l\u2019\u00eele flottante Canua Island quitte la C\u00f4te d&#8217;Azur pour un nouveau [&hellip;]<\/p>\n","protected":false},"author":3,"featured_media":33942,"comment_status":"open","ping_status":"closed","sticky":false,"template":"","format":"standard","meta":{"_acf_changed":false,"_sitemap_exclude":false,"_sitemap_priority":"","_sitemap_frequency":"","footnotes":"","rank_math_title":"","rank_math_description":"","rank_math_canonical_url":"","rank_math_focus_keyword":"\u00eele flottante"},"categories":[3],"tags":[],"class_list":["post-33939","post","type-post","status-publish","format-standard","has-post-thumbnail","hentry","category-voyage"],"acf":[],"_links":{"self":[{"href":"https:\/\/ulysse.com\/news\/wp-json\/wp\/v2\/posts\/33939","targetHints":{"allow":["GET"]}}],"collection":[{"href":"https:\/\/ulysse.com\/news\/wp-json\/wp\/v2\/posts"}],"about":[{"href":"https:\/\/ulysse.com\/news\/wp-json\/wp\/v2\/types\/post"}],"author":[{"embeddable":true,"href":"https:\/\/ulysse.com\/news\/wp-json\/wp\/v2\/users\/3"}],"replies":[{"embeddable":true,"href":"https:\/\/ulysse.com\/news\/wp-json\/wp\/v2\/comments?post=33939"}],"version-history":[{"count":2,"href":"https:\/\/ulysse.com\/news\/wp-json\/wp\/v2\/posts\/33939\/revisions"}],"predecessor-version":[{"id":33963,"href":"https:\/\/ulysse.com\/news\/wp-json\/wp\/v2\/posts\/33939\/revisions\/33963"}],"wp:featuredmedia":[{"embeddable":true,"href":"https:\/\/ulysse.com\/news\/wp-json\/wp\/v2\/media\/33942"}],"wp:attachment":[{"href":"https:\/\/ulysse.com\/news\/wp-json\/wp\/v2\/media?parent=33939"}],"wp:term":[{"taxonomy":"category","embeddable":true,"href":"https:\/\/ulysse.com\/news\/wp-json\/wp\/v2\/categories?post=33939"},{"taxonomy":"post_tag","embeddable":true,"href":"https:\/\/ulysse.com\/news\/wp-json\/wp\/v2\/tags?post=33939"}],"curies":[{"name":"wp","href":"https:\/\/api.w.org\/{rel}","templated":true}]}}