{"id":33982,"date":"2025-08-23T14:00:27","date_gmt":"2025-08-23T13:00:27","guid":{"rendered":"https:\/\/discover.ulysse.com\/?p=33982"},"modified":"2025-08-22T10:26:36","modified_gmt":"2025-08-22T09:26:36","slug":"pourquoi-tout-le-monde-devrait-voir-ce-village-breton-au-moins-une-fois-dans-sa-vie","status":"publish","type":"post","link":"https:\/\/ulysse.com\/news\/pourquoi-tout-le-monde-devrait-voir-ce-village-breton-au-moins-une-fois-dans-sa-vie","title":{"rendered":"Pourquoi tout le monde devrait voir ce village breton au moins une fois dans sa vie"},"content":{"rendered":"<p><span style=\"font-weight: 400;\">Si vous \u00eates \u00e0 la recherche d&#8217;une destination \u00e0 la fois bucolique et artistique, o\u00f9 la nature rencontre l\u2019art sous toutes ses formes, ne cherchez plus : <strong>Pont-Aven<\/strong> est le lieu qu\u2019il vous faut. Ce petit village de la <strong>Bretagne<\/strong>, souvent m\u00e9connu des touristes, cache un secret bien gard\u00e9 : un d\u00e9cor digne des plus beaux tableaux et une histoire artistique qui fait vibrer l\u2019\u00e2me. Vous \u00eates pr\u00eats \u00e0 embarquer pour un voyage dans l\u2019univers magique de la &#8220;Cit\u00e9 des Peintres&#8221; ? Alors accrochez-vous, car entre rivi\u00e8res scintillantes, vieux moulins et ruelles pleines de charme, Pont-Aven vous r\u00e9serve bien des surprises.<\/span><\/p>\n<h2><b>L\u2019\u00e2me artistique de Pont-Aven : L\u00e0 o\u00f9 l&#8217;art s&#8217;invite \u00e0 chaque coin de rue<\/b><\/h2>\n<p><span style=\"font-weight: 400;\">Pont-Aven, c\u2019est bien plus qu\u2019un village pittoresque, c\u2019est un v\u00e9ritable mus\u00e9e \u00e0 ciel ouvert. On pourrait presque dire que l&#8217;air m\u00eame de ce lieu inspire la cr\u00e9ativit\u00e9. Les peintres impressionnistes et post-impressionnistes, tels que Paul Gauguin, \u00c9mile Bernard ou Maxime Maufra, sont venus ici au XIXe si\u00e8cle pour capter l\u2019essence m\u00eame de cette Bretagne sauvage. Et franchement, ils avaient bien raison. Chaque ruelle, chaque reflet sur la rivi\u00e8re Aven, chaque vieux moulin semble un clin d\u2019\u0153il \u00e0 l\u2019art, comme si la nature elle-m\u00eame avait \u00e9t\u00e9 peintur\u00e9e pour offrir son spectacle \u00e0 ceux qui savent regarder.<\/span><\/p>\n<p><span style=\"font-weight: 400;\">Le <\/span><b>Mus\u00e9e de Pont-Aven<\/b><span style=\"font-weight: 400;\"> vous invite \u00e0 plonger dans cette \u00e9poque o\u00f9 la peinture \u00e9tait reine. Laissez-vous emporter par les couleurs, les formes et les \u00e9motions de ces grands ma\u00eetres qui ont su capturer l\u2019essence du paysage breton. Et n\u2019oublions pas la <\/span><b>Chapelle Notre-Dame de Tr\u00e9malo<\/b><span style=\"font-weight: 400;\">, avec son c\u00e9l\u00e8bre <\/span><i><span style=\"font-weight: 400;\">Christ jaune<\/span><\/i><span style=\"font-weight: 400;\">, un incontournable pour les amoureux d\u2019art religieux et de peinture iconique. Il suffit de fermer les yeux quelques instants pour sentir les artistes qui, comme des spectateurs, regardaient ici le monde se transformer en chef-d&#8217;\u0153uvre.<\/span><\/p>\n<blockquote class=\"instagram-media\" style=\"background: #FFF; border: 0; border-radius: 3px; margin: 1px; max-width: 540px; min-width: 326px; padding: 0; width: calc(100% - 2px);\" data-instgrm-captioned=\"\" data-instgrm-permalink=\"https:\/\/www.instagram.com\/p\/DMdIjXnC7xF\/?utm_source=ig_embed&amp;utm_campaign=loading\" data-instgrm-version=\"14\">\n<div style=\"padding: 16px;\">\n<p>&nbsp;<\/p>\n<div style=\"flex-direction: row; align-items: center;\">\n<div style=\"background-color: #f4f4f4; border-radius: 50%; flex-grow: 0; height: 40px; margin-right: 14px; width: 40px;\"><\/div>\n<div style=\"flex-direction: column; flex-grow: 1; justify-content: center;\">\n<div style=\"background-color: #f4f4f4; border-radius: 4px; flex-grow: 0; height: 14px; margin-bottom: 6px; width: 100px;\"><\/div>\n<div style=\"background-color: #f4f4f4; border-radius: 4px; flex-grow: 0; height: 14px; width: 60px;\"><\/div>\n<\/div>\n<\/div>\n<div style=\"padding: 19% 0;\"><\/div>\n<div style=\"height: 50px; margin: 0 auto 12px; width: 50px;\"><\/div>\n<div style=\"padding-top: 8px;\">\n<div style=\"color: #3897f0; font-family: Arial,sans-serif; font-size: 14px; font-style: normal; font-weight: 550; line-height: 18px;\">Voir cette publication sur Instagram<\/div>\n<\/div>\n<div style=\"padding: 12.5% 0;\"><\/div>\n<div style=\"flex-direction: row; margin-bottom: 14px; align-items: center;\">\n<div>\n<div style=\"background-color: #f4f4f4; border-radius: 50%; height: 12.5px; width: 12.5px;\"><\/div>\n<div style=\"background-color: #f4f4f4; height: 12.5px; width: 12.5px; flex-grow: 0; margin-right: 14px; margin-left: 2px;\"><\/div>\n<div style=\"background-color: #f4f4f4; border-radius: 50%; height: 12.5px; width: 12.5px;\"><\/div>\n<\/div>\n<div style=\"margin-left: 8px;\">\n<div style=\"background-color: #f4f4f4; border-radius: 50%; flex-grow: 0; height: 20px; width: 20px;\"><\/div>\n<div style=\"width: 0; height: 0; border-top: 2px solid transparent; border-left: 6px solid #f4f4f4; border-bottom: 2px solid transparent;\"><\/div>\n<\/div>\n<div style=\"margin-left: auto;\">\n<div style=\"width: 0px; border-top: 8px solid #F4F4F4; border-right: 8px solid transparent;\"><\/div>\n<div style=\"background-color: #f4f4f4; flex-grow: 0; height: 12px; width: 16px;\"><\/div>\n<div style=\"width: 0; height: 0; border-top: 8px solid #F4F4F4; border-left: 8px solid transparent;\"><\/div>\n<\/div>\n<\/div>\n<div style=\"flex-direction: column; flex-grow: 1; justify-content: center; margin-bottom: 24px;\">\n<div style=\"background-color: #f4f4f4; border-radius: 4px; flex-grow: 0; height: 14px; margin-bottom: 6px; width: 224px;\"><\/div>\n<div style=\"background-color: #f4f4f4; border-radius: 4px; flex-grow: 0; height: 14px; width: 144px;\"><\/div>\n<\/div>\n<p>&nbsp;<\/p>\n<p style=\"color: #c9c8cd; font-family: Arial,sans-serif; font-size: 14px; line-height: 17px; margin-bottom: 0; margin-top: 8px; overflow: hidden; padding: 8px 0 7px; text-align: center;\"><a style=\"color: #c9c8cd; font-family: Arial,sans-serif; font-size: 14px; font-style: normal; font-weight: normal; line-height: 17px; text-decoration: none;\" href=\"https:\/\/www.instagram.com\/p\/DMdIjXnC7xF\/?utm_source=ig_embed&amp;utm_campaign=loading\" target=\"_blank\" rel=\"noopener\">Une publication partag\u00e9e par Virginie (@ninidchamps)<\/a><\/p>\n<\/div>\n<\/blockquote>\n<h2><b>Des paysages bucoliques \u00e0 couper le souffle : La Bretagne dans toute sa splendeur<\/b><\/h2>\n<p><span style=\"font-weight: 400;\">Une fois que vous avez plong\u00e9 dans l\u2019art, il est temps de plonger dans la nature. Pont-Aven est un lieu magique o\u00f9 les paysages semblent tout droit sortis d\u2019un r\u00eave. Imaginez une rivi\u00e8re paisible qui serpente entre des maisons de pierre couvertes de lierre, des jardins fleuris qui d\u00e9bordent de couleurs, et des chemins secrets qui vous m\u00e8nent \u00e0 des panoramas d&#8217;une beaut\u00e9 \u00e0 couper le souffle. Ici, chaque d\u00e9tour vous offre une nouvelle vue, chaque ruelle cache un petit tr\u00e9sor.<\/span><\/p>\n<p><span style=\"font-weight: 400;\">Les amoureux de nature seront combl\u00e9s par les sentiers qui longent la rivi\u00e8re. En \u00e9t\u00e9, la lumi\u00e8re qui se refl\u00e8te sur l\u2019eau cr\u00e9e des jeux de couleurs fascinants, parfaits pour une s\u00e9ance photo ou tout simplement pour se laisser emporter par la beaut\u00e9 des lieux. Et si vous \u00eates un randonneur dans l&#8217;\u00e2me, ne manquez pas la <\/span><b>For\u00eat de Carno\u00ebt<\/b><span style=\"font-weight: 400;\">, \u00e0 quelques minutes du centre de<a href=\"https:\/\/discover.ulysse.com\/port-breton-charme-milliers-visiteurs\"> Pont-Aven.<\/a> Entre ses arbres centenaires et ses petites cascades cach\u00e9es, c\u2019est un lieu parfait pour une pause en pleine nature. Et bien s\u00fbr, n\u2019oublions pas les plages bretonnes \u00e0 quelques kilom\u00e8tres seulement, o\u00f9 la mer offre des paysages \u00e9poustouflants.<\/span><\/p>\n<blockquote class=\"instagram-media\" style=\"background: #FFF; border: 0; border-radius: 3px; margin: 1px; max-width: 540px; min-width: 326px; padding: 0; width: calc(100% - 2px);\" data-instgrm-captioned=\"\" data-instgrm-permalink=\"https:\/\/www.instagram.com\/p\/DNjXXQStnw0\/?utm_source=ig_embed&amp;utm_campaign=loading\" data-instgrm-version=\"14\">\n<div style=\"padding: 16px;\">\n<p>&nbsp;<\/p>\n<div style=\"flex-direction: row; align-items: center;\">\n<div style=\"background-color: #f4f4f4; border-radius: 50%; flex-grow: 0; height: 40px; margin-right: 14px; width: 40px;\"><\/div>\n<div style=\"flex-direction: column; flex-grow: 1; justify-content: center;\">\n<div style=\"background-color: #f4f4f4; border-radius: 4px; flex-grow: 0; height: 14px; margin-bottom: 6px; width: 100px;\"><\/div>\n<div style=\"background-color: #f4f4f4; border-radius: 4px; flex-grow: 0; height: 14px; width: 60px;\"><\/div>\n<\/div>\n<\/div>\n<div style=\"padding: 19% 0;\"><\/div>\n<div style=\"height: 50px; margin: 0 auto 12px; width: 50px;\"><\/div>\n<div style=\"padding-top: 8px;\">\n<div style=\"color: #3897f0; font-family: Arial,sans-serif; font-size: 14px; font-style: normal; font-weight: 550; line-height: 18px;\">Voir cette publication sur Instagram<\/div>\n<\/div>\n<div style=\"padding: 12.5% 0;\"><\/div>\n<div style=\"flex-direction: row; margin-bottom: 14px; align-items: center;\">\n<div>\n<div style=\"background-color: #f4f4f4; border-radius: 50%; height: 12.5px; width: 12.5px;\"><\/div>\n<div style=\"background-color: #f4f4f4; height: 12.5px; width: 12.5px; flex-grow: 0; margin-right: 14px; margin-left: 2px;\"><\/div>\n<div style=\"background-color: #f4f4f4; border-radius: 50%; height: 12.5px; width: 12.5px;\"><\/div>\n<\/div>\n<div style=\"margin-left: 8px;\">\n<div style=\"background-color: #f4f4f4; border-radius: 50%; flex-grow: 0; height: 20px; width: 20px;\"><\/div>\n<div style=\"width: 0; height: 0; border-top: 2px solid transparent; border-left: 6px solid #f4f4f4; border-bottom: 2px solid transparent;\"><\/div>\n<\/div>\n<div style=\"margin-left: auto;\">\n<div style=\"width: 0px; border-top: 8px solid #F4F4F4; border-right: 8px solid transparent;\"><\/div>\n<div style=\"background-color: #f4f4f4; flex-grow: 0; height: 12px; width: 16px;\"><\/div>\n<div style=\"width: 0; height: 0; border-top: 8px solid #F4F4F4; border-left: 8px solid transparent;\"><\/div>\n<\/div>\n<\/div>\n<div style=\"flex-direction: column; flex-grow: 1; justify-content: center; margin-bottom: 24px;\">\n<div style=\"background-color: #f4f4f4; border-radius: 4px; flex-grow: 0; height: 14px; margin-bottom: 6px; width: 224px;\"><\/div>\n<div style=\"background-color: #f4f4f4; border-radius: 4px; flex-grow: 0; height: 14px; width: 144px;\"><\/div>\n<\/div>\n<p>&nbsp;<\/p>\n<p style=\"color: #c9c8cd; font-family: Arial,sans-serif; font-size: 14px; line-height: 17px; margin-bottom: 0; margin-top: 8px; overflow: hidden; padding: 8px 0 7px; text-align: center;\"><a style=\"color: #c9c8cd; font-family: Arial,sans-serif; font-size: 14px; font-style: normal; font-weight: normal; line-height: 17px; text-decoration: none;\" href=\"https:\/\/www.instagram.com\/p\/DNjXXQStnw0\/?utm_source=ig_embed&amp;utm_campaign=loading\" target=\"_blank\" rel=\"noopener\">Une publication partag\u00e9e par Aymerick Hantz (@meurick98)<\/a><\/p>\n<\/div>\n<\/blockquote>\n<h2><b>Comment s\u2019y rendre : Le train, un choix pratique et confortable<\/b><\/h2>\n<p><span style=\"font-weight: 400;\">Rien de tel que le train pour se rendre \u00e0 Pont-Aven et profiter pleinement du paysage breton qui d\u00e9file devant vous. Si vous partez de <\/span><b>Paris<\/b><span style=\"font-weight: 400;\">, un trajet direct en TGV vous emm\u00e8ne en seulement 3 heures vers <a href=\"https:\/\/discover.ulysse.com\/la-bretagne-decroche-la-premiere-place-des-plages-paradisiaques\">Quimper<\/a><\/span><span style=\"font-weight: 400;\">, \u00e0 quelques pas de Pont-Aven. Une fois arriv\u00e9, il ne vous reste plus qu\u2019\u00e0 prendre un petit train local pour rejoindre votre destination en moins de 30 minutes. Les prix ? Comptez environ 60 \u00e0 80 euros pour un aller-retour en seconde classe depuis la capitale.<\/span><\/p>\n<p><span style=\"font-weight: 400;\">Depuis <\/span><b>Lyon<\/b><span style=\"font-weight: 400;\">, la liaison prend un peu plus de temps, avec un trajet d\u2019environ 5 heures en TGV via Rennes. Les tarifs oscillent autour de 90 \u00e0 110 euros, mais vous profiterez d\u2019un confort optimal pour commencer votre voyage dans les meilleures conditions. <\/span><b>Strasbourg<\/b><span style=\"font-weight: 400;\"> se trouve un peu plus loin, avec un trajet d\u2019environ 6 heures et demi, mais le train reste une option agr\u00e9able et \u00e9cologique pour rejoindre ce havre de paix breton.<\/span><\/p>\n<blockquote class=\"instagram-media\" style=\"background: #FFF; border: 0; border-radius: 3px; margin: 1px; max-width: 540px; min-width: 326px; padding: 0; width: calc(100% - 2px);\" data-instgrm-captioned=\"\" data-instgrm-permalink=\"https:\/\/www.instagram.com\/p\/DLawSrfo7Y1\/?utm_source=ig_embed&amp;utm_campaign=loading\" data-instgrm-version=\"14\">\n<div style=\"padding: 16px;\">\n<p>&nbsp;<\/p>\n<div style=\"flex-direction: row; align-items: center;\">\n<div style=\"background-color: #f4f4f4; border-radius: 50%; flex-grow: 0; height: 40px; margin-right: 14px; width: 40px;\"><\/div>\n<div style=\"flex-direction: column; flex-grow: 1; justify-content: center;\">\n<div style=\"background-color: #f4f4f4; border-radius: 4px; flex-grow: 0; height: 14px; margin-bottom: 6px; width: 100px;\"><\/div>\n<div style=\"background-color: #f4f4f4; border-radius: 4px; flex-grow: 0; height: 14px; width: 60px;\"><\/div>\n<\/div>\n<\/div>\n<div style=\"padding: 19% 0;\"><\/div>\n<div style=\"height: 50px; margin: 0 auto 12px; width: 50px;\"><\/div>\n<div style=\"padding-top: 8px;\">\n<div style=\"color: #3897f0; font-family: Arial,sans-serif; font-size: 14px; font-style: normal; font-weight: 550; line-height: 18px;\">Voir cette publication sur Instagram<\/div>\n<\/div>\n<div style=\"padding: 12.5% 0;\"><\/div>\n<div style=\"flex-direction: row; margin-bottom: 14px; align-items: center;\">\n<div>\n<div style=\"background-color: #f4f4f4; border-radius: 50%; height: 12.5px; width: 12.5px;\"><\/div>\n<div style=\"background-color: #f4f4f4; height: 12.5px; width: 12.5px; flex-grow: 0; margin-right: 14px; margin-left: 2px;\"><\/div>\n<div style=\"background-color: #f4f4f4; border-radius: 50%; height: 12.5px; width: 12.5px;\"><\/div>\n<\/div>\n<div style=\"margin-left: 8px;\">\n<div style=\"background-color: #f4f4f4; border-radius: 50%; flex-grow: 0; height: 20px; width: 20px;\"><\/div>\n<div style=\"width: 0; height: 0; border-top: 2px solid transparent; border-left: 6px solid #f4f4f4; border-bottom: 2px solid transparent;\"><\/div>\n<\/div>\n<div style=\"margin-left: auto;\">\n<div style=\"width: 0px; border-top: 8px solid #F4F4F4; border-right: 8px solid transparent;\"><\/div>\n<div style=\"background-color: #f4f4f4; flex-grow: 0; height: 12px; width: 16px;\"><\/div>\n<div style=\"width: 0; height: 0; border-top: 8px solid #F4F4F4; border-left: 8px solid transparent;\"><\/div>\n<\/div>\n<\/div>\n<div style=\"flex-direction: column; flex-grow: 1; justify-content: center; margin-bottom: 24px;\">\n<div style=\"background-color: #f4f4f4; border-radius: 4px; flex-grow: 0; height: 14px; margin-bottom: 6px; width: 224px;\"><\/div>\n<div style=\"background-color: #f4f4f4; border-radius: 4px; flex-grow: 0; height: 14px; width: 144px;\"><\/div>\n<\/div>\n<p>&nbsp;<\/p>\n<p style=\"color: #c9c8cd; font-family: Arial,sans-serif; font-size: 14px; line-height: 17px; margin-bottom: 0; margin-top: 8px; overflow: hidden; padding: 8px 0 7px; text-align: center;\"><a style=\"color: #c9c8cd; font-family: Arial,sans-serif; font-size: 14px; font-style: normal; font-weight: normal; line-height: 17px; text-decoration: none;\" href=\"https:\/\/www.instagram.com\/p\/DLawSrfo7Y1\/?utm_source=ig_embed&amp;utm_campaign=loading\" target=\"_blank\" rel=\"noopener\">Une publication partag\u00e9e par PETRA Grabuschnigg (@petragrabuschnigg)<\/a><\/p>\n<\/div>\n<\/blockquote>\n<h2><b>Le co\u00fbt de la vie \u00e0 Pont-Aven : Une escapade \u00e0 la port\u00e9e de tous<\/b><\/h2>\n<p><span style=\"font-weight: 400;\">Pont-Aven n\u2019est pas seulement un lieu riche en histoire et en paysages incroyables, c\u2019est aussi une destination abordable pour tous les budgets. Si vous avez envie de vous offrir un petit luxe, les restaurants du village vous proposent une cuisine raffin\u00e9e, avec une touche bretonne bien s\u00fbr. Comptez entre 15 et 25 euros pour un repas dans un restaurant local, o\u00f9 vous pourrez d\u00e9guster des fruits de mer frais, des cr\u00eapes sal\u00e9es ou sucr\u00e9es, ou encore un bon plat de poissons.<\/span><\/p>\n<blockquote class=\"instagram-media\" style=\"background: #FFF; border: 0; border-radius: 3px; margin: 1px; max-width: 540px; min-width: 326px; padding: 0; width: calc(100% - 2px);\" data-instgrm-captioned=\"\" data-instgrm-permalink=\"https:\/\/www.instagram.com\/p\/DKJwFHBKQRP\/?utm_source=ig_embed&amp;utm_campaign=loading\" data-instgrm-version=\"14\">\n<div style=\"padding: 16px;\">\n<p>&nbsp;<\/p>\n<div style=\"flex-direction: row; align-items: center;\">\n<div style=\"background-color: #f4f4f4; border-radius: 50%; flex-grow: 0; height: 40px; margin-right: 14px; width: 40px;\"><\/div>\n<div style=\"flex-direction: column; flex-grow: 1; justify-content: center;\">\n<div style=\"background-color: #f4f4f4; border-radius: 4px; flex-grow: 0; height: 14px; margin-bottom: 6px; width: 100px;\"><\/div>\n<div style=\"background-color: #f4f4f4; border-radius: 4px; flex-grow: 0; height: 14px; width: 60px;\"><\/div>\n<\/div>\n<\/div>\n<div style=\"padding: 19% 0;\"><\/div>\n<div style=\"height: 50px; margin: 0 auto 12px; width: 50px;\"><\/div>\n<div style=\"padding-top: 8px;\">\n<div style=\"color: #3897f0; font-family: Arial,sans-serif; font-size: 14px; font-style: normal; font-weight: 550; line-height: 18px;\">Voir cette publication sur Instagram<\/div>\n<\/div>\n<div style=\"padding: 12.5% 0;\"><\/div>\n<div style=\"flex-direction: row; margin-bottom: 14px; align-items: center;\">\n<div>\n<div style=\"background-color: #f4f4f4; border-radius: 50%; height: 12.5px; width: 12.5px;\"><\/div>\n<div style=\"background-color: #f4f4f4; height: 12.5px; width: 12.5px; flex-grow: 0; margin-right: 14px; margin-left: 2px;\"><\/div>\n<div style=\"background-color: #f4f4f4; border-radius: 50%; height: 12.5px; width: 12.5px;\"><\/div>\n<\/div>\n<div style=\"margin-left: 8px;\">\n<div style=\"background-color: #f4f4f4; border-radius: 50%; flex-grow: 0; height: 20px; width: 20px;\"><\/div>\n<div style=\"width: 0; height: 0; border-top: 2px solid transparent; border-left: 6px solid #f4f4f4; border-bottom: 2px solid transparent;\"><\/div>\n<\/div>\n<div style=\"margin-left: auto;\">\n<div style=\"width: 0px; border-top: 8px solid #F4F4F4; border-right: 8px solid transparent;\"><\/div>\n<div style=\"background-color: #f4f4f4; flex-grow: 0; height: 12px; width: 16px;\"><\/div>\n<div style=\"width: 0; height: 0; border-top: 8px solid #F4F4F4; border-left: 8px solid transparent;\"><\/div>\n<\/div>\n<\/div>\n<div style=\"flex-direction: column; flex-grow: 1; justify-content: center; margin-bottom: 24px;\">\n<div style=\"background-color: #f4f4f4; border-radius: 4px; flex-grow: 0; height: 14px; margin-bottom: 6px; width: 224px;\"><\/div>\n<div style=\"background-color: #f4f4f4; border-radius: 4px; flex-grow: 0; height: 14px; width: 144px;\"><\/div>\n<\/div>\n<p>&nbsp;<\/p>\n<p style=\"color: #c9c8cd; font-family: Arial,sans-serif; font-size: 14px; line-height: 17px; margin-bottom: 0; margin-top: 8px; overflow: hidden; padding: 8px 0 7px; text-align: center;\"><a style=\"color: #c9c8cd; font-family: Arial,sans-serif; font-size: 14px; font-style: normal; font-weight: normal; line-height: 17px; text-decoration: none;\" href=\"https:\/\/www.instagram.com\/p\/DKJwFHBKQRP\/?utm_source=ig_embed&amp;utm_campaign=loading\" target=\"_blank\" rel=\"noopener\">Une publication partag\u00e9e par Angelique Pineau (@angeliquepineau)<\/a><\/p>\n<\/div>\n<\/blockquote>\n<p><span style=\"font-weight: 400;\">C\u00f4t\u00e9 h\u00e9bergement, il existe plusieurs options pour tous les budgets. Vous pouvez opter pour un h\u00f4tel confortable, avec des prix qui varient entre 60 et 100 euros la nuit. Mais pour un s\u00e9jour encore plus immersif, pourquoi ne pas vous tourner vers une chambre d\u2019h\u00f4te ou un g\u00eete ? Vous y trouverez un accueil chaleureux et une ambiance familiale, pour des prix variant de 50 \u00e0 80 euros la nuit. Quant aux souvenirs, si vous \u00eates un amateur d\u2019art, vous pourrez repartir avec une reproduction des \u0153uvres des grands peintres de l\u2019\u00c9cole de Pont-Aven. Un petit souvenir artistique \u00e0 partir de 30 \u00e0 50 euros.<\/span><\/p>\n","protected":false},"excerpt":{"rendered":"<p>Si vous \u00eates \u00e0 la recherche d&#8217;une destination \u00e0 la fois bucolique et artistique, o\u00f9 la nature rencontre l\u2019art sous [&hellip;]<\/p>\n","protected":false},"author":3,"featured_media":33983,"comment_status":"open","ping_status":"closed","sticky":false,"template":"","format":"standard","meta":{"_acf_changed":false,"_sitemap_exclude":false,"_sitemap_priority":"","_sitemap_frequency":"","footnotes":"","rank_math_title":"","rank_math_description":"Pont-Aven : un havre de paix en Bretagne o\u00f9 l\u2019art et la nature se rencontrent pour cr\u00e9er des moments inoubliables.\n","rank_math_canonical_url":"","rank_math_focus_keyword":"village breton"},"categories":[3],"tags":[],"class_list":["post-33982","post","type-post","status-publish","format-standard","has-post-thumbnail","hentry","category-voyage"],"acf":[],"_links":{"self":[{"href":"https:\/\/ulysse.com\/news\/wp-json\/wp\/v2\/posts\/33982","targetHints":{"allow":["GET"]}}],"collection":[{"href":"https:\/\/ulysse.com\/news\/wp-json\/wp\/v2\/posts"}],"about":[{"href":"https:\/\/ulysse.com\/news\/wp-json\/wp\/v2\/types\/post"}],"author":[{"embeddable":true,"href":"https:\/\/ulysse.com\/news\/wp-json\/wp\/v2\/users\/3"}],"replies":[{"embeddable":true,"href":"https:\/\/ulysse.com\/news\/wp-json\/wp\/v2\/comments?post=33982"}],"version-history":[{"count":3,"href":"https:\/\/ulysse.com\/news\/wp-json\/wp\/v2\/posts\/33982\/revisions"}],"predecessor-version":[{"id":34039,"href":"https:\/\/ulysse.com\/news\/wp-json\/wp\/v2\/posts\/33982\/revisions\/34039"}],"wp:featuredmedia":[{"embeddable":true,"href":"https:\/\/ulysse.com\/news\/wp-json\/wp\/v2\/media\/33983"}],"wp:attachment":[{"href":"https:\/\/ulysse.com\/news\/wp-json\/wp\/v2\/media?parent=33982"}],"wp:term":[{"taxonomy":"category","embeddable":true,"href":"https:\/\/ulysse.com\/news\/wp-json\/wp\/v2\/categories?post=33982"},{"taxonomy":"post_tag","embeddable":true,"href":"https:\/\/ulysse.com\/news\/wp-json\/wp\/v2\/tags?post=33982"}],"curies":[{"name":"wp","href":"https:\/\/api.w.org\/{rel}","templated":true}]}}