{"id":33998,"date":"2025-08-22T08:00:07","date_gmt":"2025-08-22T07:00:07","guid":{"rendered":"https:\/\/discover.ulysse.com\/?p=33998"},"modified":"2025-08-21T22:39:59","modified_gmt":"2025-08-21T21:39:59","slug":"lac-slovene-plus-beau-lieu-europe-time-out","status":"publish","type":"post","link":"https:\/\/ulysse.com\/news\/lac-slovene-plus-beau-lieu-europe-time-out","title":{"rendered":"Ce lac slov\u00e8ne \u00e9lu plus beau lieu d&#8217;Europe par Time Out"},"content":{"rendered":"<p><span style=\"font-weight: 400;\">Vous avez probablement d\u00e9j\u00e0 entendu parler des incontournables destinations europ\u00e9ennes, mais avez-vous d\u00e9j\u00e0 envisag\u00e9 un petit coin de paradis slov\u00e8ne ?<strong> Le lac de Bled<\/strong>, r\u00e9cemment \u00e9lu <\/span><b>plus beau lieu d\u2019Europe<\/b><span style=\"font-weight: 400;\"> par <strong>Time Out<\/strong>, est une perle rare qui m\u00e9rite bien plus qu\u2019un simple coup d\u2019\u0153il. Avec ses eaux cristallines, son \u00eele pittoresque et ses montagnes majestueuses en toile de fond, ce lac est bien plus qu\u2019un simple lieu de vacances : c\u2019est une exp\u00e9rience \u00e0 part enti\u00e8re. Alors, cap sur la Slov\u00e9nie pour d\u00e9couvrir ce petit tr\u00e9sor naturel, encore peu connu du grand public, mais \u00f4 combien spectaculaire ! Vous en avez marre des destinations touristiques trop fr\u00e9quent\u00e9es o\u00f9 l\u2019on se marche sur les pieds ? Direction Bled, o\u00f9 la tranquillit\u00e9, l\u2019histoire et la beaut\u00e9 se conjuguent pour vous offrir un s\u00e9jour dont vous vous souviendrez longtemps.<\/span><\/p>\n<h2><b>La beaut\u00e9 d\u2019un lac qui fait r\u00eaver<\/b><\/h2>\n<p><span style=\"font-weight: 400;\">Imaginez un lac aux eaux aussi limpides qu\u2019un miroir, entour\u00e9 de for\u00eats verdoyantes et de montagnes impressionnantes. Voil\u00e0 ce que vous d\u00e9couvrirez en arrivant \u00e0 Bled. Ce lac, \u00e9lu <\/span><b>plus beau lieu d\u2019Europe<\/b><span style=\"font-weight: 400;\"> par <a href=\"https:\/\/www.timeout.com\/news\/this-slovenian-lake-has-been-named-the-most-beautiful-destination-in-europe-082025\" target=\"_blank\" rel=\"noopener\">Time Out<\/a>, semble sorti tout droit d\u2019une carte postale. La beaut\u00e9 de son paysage est tellement frappante qu\u2019on se demande si elle n\u2019a pas \u00e9t\u00e9 amplifi\u00e9e par un filtre Instagram tellement il est parfait.<\/span><\/p>\n<p><span style=\"font-weight: 400;\">Le lac de Bled, c\u2019est un peu le joyau cach\u00e9 de l\u2019Europe, celui qu\u2019on d\u00e9couvre presque par accident, mais qu\u2019on se promet de ne jamais oublier. \u00c0 l\u2019int\u00e9rieur de ce lac bleu cristallin, vous trouverez l\u2019<\/span><b>\u00eele de Bled<\/b><span style=\"font-weight: 400;\">, o\u00f9 se trouve l\u2019embl\u00e9matique \u00e9glise de la Vierge Marie. Pour y acc\u00e9der, pas de bateau de croisi\u00e8re g\u00e9ant, mais des barques traditionnelles en bois, appel\u00e9es \u00ab pletna \u00bb. Un moyen de transport un peu plus romantique, non ? En plus, une fois sur l\u2019\u00eele, il est de tradition de faire sonner la cloche de l\u2019\u00e9glise en formulant un v\u0153u. Alors, pr\u00eats \u00e0 tester cette l\u00e9gende slov\u00e8ne ?<\/span><\/p>\n<p><span style=\"font-weight: 400;\">Et si vous aimez prendre de la hauteur, le <\/span><b>ch\u00e2teau de Bled<\/b><span style=\"font-weight: 400;\">, perch\u00e9 sur une falaise, vous offre une vue \u00e0 couper le souffle sur le lac et les montagnes environnantes. Le ch\u00e2teau est l\u2019un des symboles de la r\u00e9gion et, en plus d\u2019\u00eatre un belv\u00e9d\u00e8re naturel, il abrite une petite boutique o\u00f9 vous pourrez acheter la fameuse cr\u00e8me de Bled, un d\u00e9lice local qui ne manquera pas de ravir vos papilles.<\/span><\/p>\n<blockquote class=\"instagram-media\" style=\"background: #FFF; border: 0; border-radius: 3px; margin: 1px; max-width: 540px; min-width: 326px; padding: 0; width: calc(100% - 2px);\" data-instgrm-captioned=\"\" data-instgrm-permalink=\"https:\/\/www.instagram.com\/reel\/DNeGrqqIaNL\/?utm_source=ig_embed&amp;utm_campaign=loading\" data-instgrm-version=\"14\">\n<div style=\"padding: 16px;\">\n<p>&nbsp;<\/p>\n<div style=\"flex-direction: row; align-items: center;\">\n<div style=\"background-color: #f4f4f4; border-radius: 50%; flex-grow: 0; height: 40px; margin-right: 14px; width: 40px;\"><\/div>\n<div style=\"flex-direction: column; flex-grow: 1; justify-content: center;\">\n<div style=\"background-color: #f4f4f4; border-radius: 4px; flex-grow: 0; height: 14px; margin-bottom: 6px; width: 100px;\"><\/div>\n<div style=\"background-color: #f4f4f4; border-radius: 4px; flex-grow: 0; height: 14px; width: 60px;\"><\/div>\n<\/div>\n<\/div>\n<div style=\"padding: 19% 0;\"><\/div>\n<div style=\"height: 50px; margin: 0 auto 12px; width: 50px;\"><\/div>\n<div style=\"padding-top: 8px;\">\n<div style=\"color: #3897f0; font-family: Arial,sans-serif; font-size: 14px; font-style: normal; font-weight: 550; line-height: 18px;\">Voir cette publication sur Instagram<\/div>\n<\/div>\n<div style=\"padding: 12.5% 0;\"><\/div>\n<div style=\"flex-direction: row; margin-bottom: 14px; align-items: center;\">\n<div>\n<div style=\"background-color: #f4f4f4; border-radius: 50%; height: 12.5px; width: 12.5px;\"><\/div>\n<div style=\"background-color: #f4f4f4; height: 12.5px; width: 12.5px; flex-grow: 0; margin-right: 14px; margin-left: 2px;\"><\/div>\n<div style=\"background-color: #f4f4f4; border-radius: 50%; height: 12.5px; width: 12.5px;\"><\/div>\n<\/div>\n<div style=\"margin-left: 8px;\">\n<div style=\"background-color: #f4f4f4; border-radius: 50%; flex-grow: 0; height: 20px; width: 20px;\"><\/div>\n<div style=\"width: 0; height: 0; border-top: 2px solid transparent; border-left: 6px solid #f4f4f4; border-bottom: 2px solid transparent;\"><\/div>\n<\/div>\n<div style=\"margin-left: auto;\">\n<div style=\"width: 0px; border-top: 8px solid #F4F4F4; border-right: 8px solid transparent;\"><\/div>\n<div style=\"background-color: #f4f4f4; flex-grow: 0; height: 12px; width: 16px;\"><\/div>\n<div style=\"width: 0; height: 0; border-top: 8px solid #F4F4F4; border-left: 8px solid transparent;\"><\/div>\n<\/div>\n<\/div>\n<div style=\"flex-direction: column; flex-grow: 1; justify-content: center; margin-bottom: 24px;\">\n<div style=\"background-color: #f4f4f4; border-radius: 4px; flex-grow: 0; height: 14px; margin-bottom: 6px; width: 224px;\"><\/div>\n<div style=\"background-color: #f4f4f4; border-radius: 4px; flex-grow: 0; height: 14px; width: 144px;\"><\/div>\n<\/div>\n<p>&nbsp;<\/p>\n<p style=\"color: #c9c8cd; font-family: Arial,sans-serif; font-size: 14px; line-height: 17px; margin-bottom: 0; margin-top: 8px; overflow: hidden; padding: 8px 0 7px; text-align: center;\"><a style=\"color: #c9c8cd; font-family: Arial,sans-serif; font-size: 14px; font-style: normal; font-weight: normal; line-height: 17px; text-decoration: none;\" href=\"https:\/\/www.instagram.com\/reel\/DNeGrqqIaNL\/?utm_source=ig_embed&amp;utm_campaign=loading\" target=\"_blank\" rel=\"noopener\">Une publication partag\u00e9e par Jo\u00e3o Victor | Lifestyle &amp; Travel (@vctrjo.abroad)<\/a><\/p>\n<\/div>\n<\/blockquote>\n<h2><b>Facile \u00e0 rejoindre, encore plus facile \u00e0 aimer<\/b><\/h2>\n<p><span style=\"font-weight: 400;\">Envie de savoir comment rejoindre ce paradis slov\u00e8ne depuis la France ? Pas de souci, on vous explique tout ! Le lac de Bled n\u2019est pas si lointain que \u00e7a, et il est facile d\u2019y acc\u00e9der en train depuis les grandes villes fran\u00e7aises.<\/span><\/p>\n<p><b>Depuis Paris<\/b><span style=\"font-weight: 400;\">, commencez votre voyage par un train \u00e0 grande vitesse jusqu\u2019\u00e0 <\/span><a href=\"https:\/\/discover.ulysse.com\/voyage-culturel-vienne-musees\">Vienne<\/a><span style=\"font-weight: 400;\">, puis continuez avec un train r\u00e9gional en direction de<a href=\"https:\/\/discover.ulysse.com\/a-la-recherche-des-eaux-les-plus-pures-deurope-ce-nest-pas-en-france-que-vous-les-trouverez\"> Ljubljana<\/a>, la capitale slov\u00e8ne. En tout, cela vous prendra environ 12 heures de trajet, mais ne vous inqui\u00e9tez pas, les paysages qui d\u00e9fileront sous vos yeux vous feront presque oublier la dur\u00e9e du voyage. Une fois \u00e0 Ljubljana, il ne vous reste plus qu\u2019une petite heure de train ou de bus pour atteindre le lac de Bled. Le prix du trajet Paris-Ljubljana est d\u2019environ 100 \u00e0 130 euros en fonction des dates de r\u00e9servation.<\/span><\/p>\n<p><span style=\"font-weight: 400;\">Si vous partez de <\/span><b>Lyon<\/b><span style=\"font-weight: 400;\"> ou <\/span><b>Strasbourg<\/b><span style=\"font-weight: 400;\">, c\u2019est un peu la m\u00eame chose : direction Vienne, puis encha\u00eenez avec un train vers Ljubljana. Le voyage est confortable, le trajet agr\u00e9able, et tout cela en respectant l\u2019environnement ! Bien s\u00fbr, pour ceux qui pr\u00e9f\u00e8rent les voyages plus directs, il existe aussi des vols vers Ljubljana, mais on vous avoue que rien ne vaut un bon trajet en train pour appr\u00e9cier les paysages.<\/span><\/p>\n<blockquote class=\"instagram-media\" style=\"background: #FFF; border: 0; border-radius: 3px; margin: 1px; max-width: 540px; min-width: 326px; padding: 0; width: calc(100% - 2px);\" data-instgrm-captioned=\"\" data-instgrm-permalink=\"https:\/\/www.instagram.com\/p\/DNXd53OIZzC\/?utm_source=ig_embed&amp;utm_campaign=loading\" data-instgrm-version=\"14\">\n<div style=\"padding: 16px;\">\n<p>&nbsp;<\/p>\n<div style=\"flex-direction: row; align-items: center;\">\n<div style=\"background-color: #f4f4f4; border-radius: 50%; flex-grow: 0; height: 40px; margin-right: 14px; width: 40px;\"><\/div>\n<div style=\"flex-direction: column; flex-grow: 1; justify-content: center;\">\n<div style=\"background-color: #f4f4f4; border-radius: 4px; flex-grow: 0; height: 14px; margin-bottom: 6px; width: 100px;\"><\/div>\n<div style=\"background-color: #f4f4f4; border-radius: 4px; flex-grow: 0; height: 14px; width: 60px;\"><\/div>\n<\/div>\n<\/div>\n<div style=\"padding: 19% 0;\"><\/div>\n<div style=\"height: 50px; margin: 0 auto 12px; width: 50px;\"><\/div>\n<div style=\"padding-top: 8px;\">\n<div style=\"color: #3897f0; font-family: Arial,sans-serif; font-size: 14px; font-style: normal; font-weight: 550; line-height: 18px;\">Voir cette publication sur Instagram<\/div>\n<\/div>\n<div style=\"padding: 12.5% 0;\"><\/div>\n<div style=\"flex-direction: row; margin-bottom: 14px; align-items: center;\">\n<div>\n<div style=\"background-color: #f4f4f4; border-radius: 50%; height: 12.5px; width: 12.5px;\"><\/div>\n<div style=\"background-color: #f4f4f4; height: 12.5px; width: 12.5px; flex-grow: 0; margin-right: 14px; margin-left: 2px;\"><\/div>\n<div style=\"background-color: #f4f4f4; border-radius: 50%; height: 12.5px; width: 12.5px;\"><\/div>\n<\/div>\n<div style=\"margin-left: 8px;\">\n<div style=\"background-color: #f4f4f4; border-radius: 50%; flex-grow: 0; height: 20px; width: 20px;\"><\/div>\n<div style=\"width: 0; height: 0; border-top: 2px solid transparent; border-left: 6px solid #f4f4f4; border-bottom: 2px solid transparent;\"><\/div>\n<\/div>\n<div style=\"margin-left: auto;\">\n<div style=\"width: 0px; border-top: 8px solid #F4F4F4; border-right: 8px solid transparent;\"><\/div>\n<div style=\"background-color: #f4f4f4; flex-grow: 0; height: 12px; width: 16px;\"><\/div>\n<div style=\"width: 0; height: 0; border-top: 8px solid #F4F4F4; border-left: 8px solid transparent;\"><\/div>\n<\/div>\n<\/div>\n<div style=\"flex-direction: column; flex-grow: 1; justify-content: center; margin-bottom: 24px;\">\n<div style=\"background-color: #f4f4f4; border-radius: 4px; flex-grow: 0; height: 14px; margin-bottom: 6px; width: 224px;\"><\/div>\n<div style=\"background-color: #f4f4f4; border-radius: 4px; flex-grow: 0; height: 14px; width: 144px;\"><\/div>\n<\/div>\n<p>&nbsp;<\/p>\n<p style=\"color: #c9c8cd; font-family: Arial,sans-serif; font-size: 14px; line-height: 17px; margin-bottom: 0; margin-top: 8px; overflow: hidden; padding: 8px 0 7px; text-align: center;\"><a style=\"color: #c9c8cd; font-family: Arial,sans-serif; font-size: 14px; font-style: normal; font-weight: normal; line-height: 17px; text-decoration: none;\" href=\"https:\/\/www.instagram.com\/p\/DNXd53OIZzC\/?utm_source=ig_embed&amp;utm_campaign=loading\" target=\"_blank\" rel=\"noopener\">Une publication partag\u00e9e par Lake Bled (@bledslovenia)<\/a><\/p>\n<\/div>\n<\/blockquote>\n<h2><b>\u00c0 faire absolument autour du lac de Bled<\/b><\/h2>\n<p><span style=\"font-weight: 400;\">Une fois sur place, que faire \u00e0 Bled ? Pas de panique, il y a de quoi s\u2019occuper ! Bien s\u00fbr, le lac est l\u2019attraction principale, mais il y a tout un tas d\u2019autres activit\u00e9s \u00e0 d\u00e9couvrir. Pour les amoureux de la nature, les <\/span><b>gorges de Vintgar<\/b><span style=\"font-weight: 400;\">, \u00e0 quelques kilom\u00e8tres du lac, sont un incontournable. Imaginez-vous marcher sur des passerelles en bois suspendues, surplombant des eaux turquoise et des cascades. Un v\u00e9ritable spectacle pour les yeux !<\/span><\/p>\n<p><span style=\"font-weight: 400;\">Ensuite, pour les plus sportifs, des randonn\u00e9es vous attendent dans les montagnes environnantes. Vous pouvez aussi louer un v\u00e9lo pour explorer la r\u00e9gion \u00e0 votre rythme et d\u00e9couvrir des paysages \u00e9poustouflants. Pour ceux qui pr\u00e9f\u00e8rent la d\u00e9tente, pourquoi ne pas profiter d\u2019un moment au <\/span><b>lido de Bled<\/b><span style=\"font-weight: 400;\">, une piscine en plein air avec vue imprenable sur le lac et les montagnes ? De quoi se ressourcer avant de partir \u00e0 l\u2019aventure.<\/span><\/p>\n<p><span style=\"font-weight: 400;\">Et bien s\u00fbr, impossible de repartir sans avoir go\u00fbt\u00e9 \u00e0 la fameuse <\/span><b>cr\u00e8me de Bled<\/b><span style=\"font-weight: 400;\">. Ce g\u00e2teau l\u00e9ger \u00e0 la cr\u00e8me et au fond de p\u00e2te feuillet\u00e9e est une v\u00e9ritable institution locale. Ne vous inqui\u00e9tez pas, c\u2019est la douceur parfaite pour cl\u00f4turer une journ\u00e9e d\u2019exploration. Et si vous \u00eates vraiment un gourmand, vous pourrez m\u00eame apprendre \u00e0 le pr\u00e9parer lors de petits ateliers de cuisine locaux.<\/span><\/p>\n<blockquote class=\"instagram-media\" style=\"background: #FFF; border: 0; border-radius: 3px; margin: 1px; max-width: 540px; min-width: 326px; padding: 0; width: calc(100% - 2px);\" data-instgrm-captioned=\"\" data-instgrm-permalink=\"https:\/\/www.instagram.com\/reel\/DNLBzNxoBpN\/?utm_source=ig_embed&amp;utm_campaign=loading\" data-instgrm-version=\"14\">\n<div style=\"padding: 16px;\">\n<p>&nbsp;<\/p>\n<div style=\"flex-direction: row; align-items: center;\">\n<div style=\"background-color: #f4f4f4; border-radius: 50%; flex-grow: 0; height: 40px; margin-right: 14px; width: 40px;\"><\/div>\n<div style=\"flex-direction: column; flex-grow: 1; justify-content: center;\">\n<div style=\"background-color: #f4f4f4; border-radius: 4px; flex-grow: 0; height: 14px; margin-bottom: 6px; width: 100px;\"><\/div>\n<div style=\"background-color: #f4f4f4; border-radius: 4px; flex-grow: 0; height: 14px; width: 60px;\"><\/div>\n<\/div>\n<\/div>\n<div style=\"padding: 19% 0;\"><\/div>\n<div style=\"height: 50px; margin: 0 auto 12px; width: 50px;\"><\/div>\n<div style=\"padding-top: 8px;\">\n<div style=\"color: #3897f0; font-family: Arial,sans-serif; font-size: 14px; font-style: normal; font-weight: 550; line-height: 18px;\">Voir cette publication sur Instagram<\/div>\n<\/div>\n<div style=\"padding: 12.5% 0;\"><\/div>\n<div style=\"flex-direction: row; margin-bottom: 14px; align-items: center;\">\n<div>\n<div style=\"background-color: #f4f4f4; border-radius: 50%; height: 12.5px; width: 12.5px;\"><\/div>\n<div style=\"background-color: #f4f4f4; height: 12.5px; width: 12.5px; flex-grow: 0; margin-right: 14px; margin-left: 2px;\"><\/div>\n<div style=\"background-color: #f4f4f4; border-radius: 50%; height: 12.5px; width: 12.5px;\"><\/div>\n<\/div>\n<div style=\"margin-left: 8px;\">\n<div style=\"background-color: #f4f4f4; border-radius: 50%; flex-grow: 0; height: 20px; width: 20px;\"><\/div>\n<div style=\"width: 0; height: 0; border-top: 2px solid transparent; border-left: 6px solid #f4f4f4; border-bottom: 2px solid transparent;\"><\/div>\n<\/div>\n<div style=\"margin-left: auto;\">\n<div style=\"width: 0px; border-top: 8px solid #F4F4F4; border-right: 8px solid transparent;\"><\/div>\n<div style=\"background-color: #f4f4f4; flex-grow: 0; height: 12px; width: 16px;\"><\/div>\n<div style=\"width: 0; height: 0; border-top: 8px solid #F4F4F4; border-left: 8px solid transparent;\"><\/div>\n<\/div>\n<\/div>\n<div style=\"flex-direction: column; flex-grow: 1; justify-content: center; margin-bottom: 24px;\">\n<div style=\"background-color: #f4f4f4; border-radius: 4px; flex-grow: 0; height: 14px; margin-bottom: 6px; width: 224px;\"><\/div>\n<div style=\"background-color: #f4f4f4; border-radius: 4px; flex-grow: 0; height: 14px; width: 144px;\"><\/div>\n<\/div>\n<p>&nbsp;<\/p>\n<p style=\"color: #c9c8cd; font-family: Arial,sans-serif; font-size: 14px; line-height: 17px; margin-bottom: 0; margin-top: 8px; overflow: hidden; padding: 8px 0 7px; text-align: center;\"><a style=\"color: #c9c8cd; font-family: Arial,sans-serif; font-size: 14px; font-style: normal; font-weight: normal; line-height: 17px; text-decoration: none;\" href=\"https:\/\/www.instagram.com\/reel\/DNLBzNxoBpN\/?utm_source=ig_embed&amp;utm_campaign=loading\" target=\"_blank\" rel=\"noopener\">Une publication partag\u00e9e par Vintgar Gorge (@vintgargorge)<\/a><\/p>\n<\/div>\n<\/blockquote>\n<h2><b>Le co\u00fbt de la vie \u00e0 Bled : un petit bijou \u00e0 prix doux<\/b><\/h2>\n<p><span style=\"font-weight: 400;\">Le lac de Bled n\u2019est pas seulement beau, il est aussi abordable. En effet, bien que ce soit une destination pris\u00e9e, le co\u00fbt de la vie en Slov\u00e9nie reste relativement raisonnable. Que vous soyez en qu\u00eate d\u2019une exp\u00e9rience luxueuse ou d\u2019un s\u00e9jour plus modeste, vous trouverez toujours une option qui correspond \u00e0 votre budget. Les restaurants proposent des menus vari\u00e9s \u00e0 des prix assez accessibles, et l\u2019h\u00e9bergement, que ce soit dans une chambre d\u2019h\u00f4te ou dans un h\u00f4tel 4 \u00e9toiles, est bien moins cher que dans d\u2019autres destinations europ\u00e9ennes de renom.<\/span><\/p>\n<p><span style=\"font-weight: 400;\">Une petite balade en barque vous co\u00fbtera autour de 15-20 euros, et les entr\u00e9es au ch\u00e2teau ou \u00e0 l\u2019\u00e9glise sont \u00e9galement abordables. Bref, vous n\u2019aurez pas \u00e0 casser votre tirelire pour d\u00e9couvrir ce petit paradis.<\/span><\/p>\n<blockquote class=\"instagram-media\" style=\"background: #FFF; border: 0; border-radius: 3px; margin: 1px; max-width: 540px; min-width: 326px; padding: 0; width: calc(100% - 2px);\" data-instgrm-captioned=\"\" data-instgrm-permalink=\"https:\/\/www.instagram.com\/p\/DM9cGS1I1K1\/?utm_source=ig_embed&amp;utm_campaign=loading\" data-instgrm-version=\"14\">\n<div style=\"padding: 16px;\">\n<p>&nbsp;<\/p>\n<div style=\"flex-direction: row; align-items: center;\">\n<div style=\"background-color: #f4f4f4; border-radius: 50%; flex-grow: 0; height: 40px; margin-right: 14px; width: 40px;\"><\/div>\n<div style=\"flex-direction: column; flex-grow: 1; justify-content: center;\">\n<div style=\"background-color: #f4f4f4; border-radius: 4px; flex-grow: 0; height: 14px; margin-bottom: 6px; width: 100px;\"><\/div>\n<div style=\"background-color: #f4f4f4; border-radius: 4px; flex-grow: 0; height: 14px; width: 60px;\"><\/div>\n<\/div>\n<\/div>\n<div style=\"padding: 19% 0;\"><\/div>\n<div style=\"height: 50px; margin: 0 auto 12px; width: 50px;\"><\/div>\n<div style=\"padding-top: 8px;\">\n<div style=\"color: #3897f0; font-family: Arial,sans-serif; font-size: 14px; font-style: normal; font-weight: 550; line-height: 18px;\">Voir cette publication sur Instagram<\/div>\n<\/div>\n<div style=\"padding: 12.5% 0;\"><\/div>\n<div style=\"flex-direction: row; margin-bottom: 14px; align-items: center;\">\n<div>\n<div style=\"background-color: #f4f4f4; border-radius: 50%; height: 12.5px; width: 12.5px;\"><\/div>\n<div style=\"background-color: #f4f4f4; height: 12.5px; width: 12.5px; flex-grow: 0; margin-right: 14px; margin-left: 2px;\"><\/div>\n<div style=\"background-color: #f4f4f4; border-radius: 50%; height: 12.5px; width: 12.5px;\"><\/div>\n<\/div>\n<div style=\"margin-left: 8px;\">\n<div style=\"background-color: #f4f4f4; border-radius: 50%; flex-grow: 0; height: 20px; width: 20px;\"><\/div>\n<div style=\"width: 0; height: 0; border-top: 2px solid transparent; border-left: 6px solid #f4f4f4; border-bottom: 2px solid transparent;\"><\/div>\n<\/div>\n<div style=\"margin-left: auto;\">\n<div style=\"width: 0px; border-top: 8px solid #F4F4F4; border-right: 8px solid transparent;\"><\/div>\n<div style=\"background-color: #f4f4f4; flex-grow: 0; height: 12px; width: 16px;\"><\/div>\n<div style=\"width: 0; height: 0; border-top: 8px solid #F4F4F4; border-left: 8px solid transparent;\"><\/div>\n<\/div>\n<\/div>\n<div style=\"flex-direction: column; flex-grow: 1; justify-content: center; margin-bottom: 24px;\">\n<div style=\"background-color: #f4f4f4; border-radius: 4px; flex-grow: 0; height: 14px; margin-bottom: 6px; width: 224px;\"><\/div>\n<div style=\"background-color: #f4f4f4; border-radius: 4px; flex-grow: 0; height: 14px; width: 144px;\"><\/div>\n<\/div>\n<p>&nbsp;<\/p>\n<p style=\"color: #c9c8cd; font-family: Arial,sans-serif; font-size: 14px; line-height: 17px; margin-bottom: 0; margin-top: 8px; overflow: hidden; padding: 8px 0 7px; text-align: center;\"><a style=\"color: #c9c8cd; font-family: Arial,sans-serif; font-size: 14px; font-style: normal; font-weight: normal; line-height: 17px; text-decoration: none;\" href=\"https:\/\/www.instagram.com\/p\/DM9cGS1I1K1\/?utm_source=ig_embed&amp;utm_campaign=loading\" target=\"_blank\" rel=\"noopener\">Une publication partag\u00e9e par Roy Poots (@royz.nl)<\/a><\/p>\n<\/div>\n<\/blockquote>\n<p><span style=\"font-weight: 400;\">Le lac de Bled est bien plus qu\u2019une simple destination touristique, c\u2019est une exp\u00e9rience sensorielle. La douceur du paysage, la tranquillit\u00e9 des lieux, et la beaut\u00e9 des alentours en font un endroit parfait pour d\u00e9connecter du quotidien. Que vous soyez en qu\u00eate de nature, d\u2019histoire ou de moments de d\u00e9tente, le lac de Bled vous promet de belles surprises. Alors, qu\u2019attendez-vous pour partir \u00e0 la d\u00e9couverte de ce bijou slov\u00e8ne ? N\u2019attendez plus pour visiter le lac de Bled, un lieu magique qui n\u2019attend plus que vous.<\/span><\/p>\n<p>&nbsp;<\/p>\n","protected":false},"excerpt":{"rendered":"<p>Vous avez probablement d\u00e9j\u00e0 entendu parler des incontournables destinations europ\u00e9ennes, mais avez-vous d\u00e9j\u00e0 envisag\u00e9 un petit coin de paradis slov\u00e8ne [&hellip;]<\/p>\n","protected":false},"author":3,"featured_media":33999,"comment_status":"open","ping_status":"closed","sticky":false,"template":"","format":"standard","meta":{"_acf_changed":false,"_sitemap_exclude":false,"_sitemap_priority":"","_sitemap_frequency":"","footnotes":"","rank_math_title":"","rank_math_description":"Le lac de Bled, \u00e9lu plus beau lieu d\u2019Europe, vous attend pour une aventure magique entre nature, histoire et s\u00e9r\u00e9nit\u00e9 slov\u00e8ne.\n","rank_math_canonical_url":"","rank_math_focus_keyword":"lac"},"categories":[3],"tags":[],"class_list":["post-33998","post","type-post","status-publish","format-standard","has-post-thumbnail","hentry","category-voyage"],"acf":[],"_links":{"self":[{"href":"https:\/\/ulysse.com\/news\/wp-json\/wp\/v2\/posts\/33998","targetHints":{"allow":["GET"]}}],"collection":[{"href":"https:\/\/ulysse.com\/news\/wp-json\/wp\/v2\/posts"}],"about":[{"href":"https:\/\/ulysse.com\/news\/wp-json\/wp\/v2\/types\/post"}],"author":[{"embeddable":true,"href":"https:\/\/ulysse.com\/news\/wp-json\/wp\/v2\/users\/3"}],"replies":[{"embeddable":true,"href":"https:\/\/ulysse.com\/news\/wp-json\/wp\/v2\/comments?post=33998"}],"version-history":[{"count":2,"href":"https:\/\/ulysse.com\/news\/wp-json\/wp\/v2\/posts\/33998\/revisions"}],"predecessor-version":[{"id":34001,"href":"https:\/\/ulysse.com\/news\/wp-json\/wp\/v2\/posts\/33998\/revisions\/34001"}],"wp:featuredmedia":[{"embeddable":true,"href":"https:\/\/ulysse.com\/news\/wp-json\/wp\/v2\/media\/33999"}],"wp:attachment":[{"href":"https:\/\/ulysse.com\/news\/wp-json\/wp\/v2\/media?parent=33998"}],"wp:term":[{"taxonomy":"category","embeddable":true,"href":"https:\/\/ulysse.com\/news\/wp-json\/wp\/v2\/categories?post=33998"},{"taxonomy":"post_tag","embeddable":true,"href":"https:\/\/ulysse.com\/news\/wp-json\/wp\/v2\/tags?post=33998"}],"curies":[{"name":"wp","href":"https:\/\/api.w.org\/{rel}","templated":true}]}}