{"id":34005,"date":"2025-08-22T10:00:17","date_gmt":"2025-08-22T09:00:17","guid":{"rendered":"https:\/\/discover.ulysse.com\/?p=34005"},"modified":"2025-08-22T09:47:31","modified_gmt":"2025-08-22T08:47:31","slug":"week-end-aout-bison-fute-samedi-noir-france","status":"publish","type":"post","link":"https:\/\/ulysse.com\/news\/week-end-aout-bison-fute-samedi-noir-france","title":{"rendered":"Week-end du 23-24 ao\u00fbt : Bison Fut\u00e9 annonce un samedi noir et des retours satur\u00e9s partout en France"},"content":{"rendered":"<p><span style=\"font-weight: 400;\">Les vacances d\u2019\u00e9t\u00e9, c\u2019est sacr\u00e9. Mais qui dit vacances dit aussi millions de voitures pr\u00eates \u00e0 s\u2019\u00e9lancer sur les autoroutes, valises dans le coffre et glaci\u00e8res pleines \u00e0 craquer. Le probl\u00e8me ? Tout le monde a d\u00e9cid\u00e9 de partir ou de rentrer en m\u00eame temps. R\u00e9sultat : un <strong>week-end du 23-24 ao\u00fbt<\/strong> class\u00e9 parmi les plus gal\u00e8res de l\u2019\u00e9t\u00e9 par<strong> Bison Fut\u00e9<\/strong>. Entre vendredi d\u00e9j\u00e0 compliqu\u00e9, samedi annonc\u00e9 \u201cnoir\u201d et dimanche encore charg\u00e9, il va falloir redoubler de patience\u2026 et pr\u00e9voir de bonnes playlists !<\/span><\/p>\n<h2><b>Vendredi 22 ao\u00fbt : la mise en jambes avant le marathon des embouteillages<\/b><\/h2>\n<p><span style=\"font-weight: 400;\">D\u00e8s ce vendredi, l\u2019ambiance est donn\u00e9e. Si vous partez en vacances, bonne nouvelle : le trafic est class\u00e9 <\/span><b>vert<\/b><span style=\"font-weight: 400;\"> au niveau national. Mais pour ceux qui rentrent, c\u2019est une autre histoire : <\/span><b>orange sur la France enti\u00e8re<\/b><span style=\"font-weight: 400;\"> et <\/span><b>rouge<\/b><span style=\"font-weight: 400;\"> dans deux zones cl\u00e9s : <\/span><b>l\u2019Aquitaine<\/b><span style=\"font-weight: 400;\"> et la <\/span><b>vall\u00e9e du Rh\u00f4ne<\/b><span style=\"font-weight: 400;\">. Autant dire qu\u2019il faudra s\u2019armer de sang-froid.<\/span><\/p>\n<p><span style=\"font-weight: 400;\">Les ralentissements devraient surtout pointer leur nez en <\/span><b>fin d\u2019apr\u00e8s-midi<\/b><span style=\"font-weight: 400;\">, pile au moment o\u00f9 s\u2019ajoutent les flux des travailleurs du vendredi soir. \u00c0 Bordeaux, Lyon ou encore sur l\u2019A63 vers le sud-ouest, les clignotants vont chauffer plus vite que les moteurs.<\/span><\/p>\n<p><span style=\"font-weight: 400;\">C\u00f4t\u00e9 m\u00e9t\u00e9o, rien de dramatique : un ciel plut\u00f4t calme et des temp\u00e9ratures autour de <\/span><b>25 \u00b0C<\/b><span style=\"font-weight: 400;\">. Mais attention \u00e0 la chaleur qui s\u2019installe dans les voitures mal ventil\u00e9es, source de fatigue et de nervosit\u00e9. Conseil officiel : roulez t\u00f4t le matin ou en soir\u00e9e, histoire d\u2019\u00e9viter \u00e0 la fois la chaleur et les bouchons.<\/span><\/p>\n<h2><b>Samedi 23 ao\u00fbt : le fameux samedi noir, cauchemar des vacanciers<\/b><\/h2>\n<p><span style=\"font-weight: 400;\">C\u2019est le <\/span>gros morceau<span style=\"font-weight: 400;\"> du week-end. <a href=\"https:\/\/www.bison-fute.gouv.fr\/previsions,10741.html\" target=\"_blank\" rel=\"noopener\">Bison Fut\u00e9<\/a> a d\u00e9gain\u00e9 son carton le plus redout\u00e9 : <\/span><b>samedi noir<\/b><span style=\"font-weight: 400;\">. Cela signifie que les retours seront satur\u00e9s <\/span><b>partout en France<\/b><span style=\"font-weight: 400;\">, et m\u00eame <\/span>ultra satur\u00e9s dans le sud, avec un classement noir sur l\u2019arc m\u00e9diterran\u00e9en.<\/p>\n<p><span style=\"font-weight: 400;\">Traduction : d\u00e8s l\u2019aube, les autoroutes <\/span><b>A7, A9 et A10<\/b><span style=\"font-weight: 400;\"> seront prises d\u2019assaut. Les bouchons s\u2019allongeront au fil des heures, transformant certaines portions en parkings \u00e0 ciel ouvert. Dans le sens des d\u00e9parts, c\u2019est un peu plus respirable, mais Bison Fut\u00e9 annonce quand m\u00eame de l\u2019<\/span><b>orange<\/b><span style=\"font-weight: 400;\"> en <\/span><b>Auvergne-Rh\u00f4ne-Alpes<\/b><span style=\"font-weight: 400;\"> et sur la fa\u00e7ade <\/span><a href=\"https:\/\/discover.ulysse.com\/antiques-mediterranee-ancienne-ville-france\">M\u00e9diterran\u00e9e<\/a><span style=\"font-weight: 400;\">.<\/span><\/p>\n<p><span style=\"font-weight: 400;\">Comme si \u00e7a ne suffisait pas, la m\u00e9t\u00e9o compte bien jouer les trouble-f\u00eates. Le <\/span><b>mistral<\/b><span style=\"font-weight: 400;\"> et la <\/span><b>tramontane<\/b><span style=\"font-weight: 400;\"> vont souffler fort dans le sud, rendant la conduite plus d\u00e9licate, surtout pour les voitures l\u00e9g\u00e8res ou les caravanes. Temp\u00e9ratures pr\u00e9vues : entre <\/span><b>23 et 26 \u00b0C<\/b><span style=\"font-weight: 400;\">, pas de canicule, mais largement de quoi accentuer la fatigue en cas de longue attente.<\/span><\/p>\n<p><span style=\"font-weight: 400;\">Moralit\u00e9 : si vous devez absolument rouler samedi, visez un d\u00e9part <\/span>tr\u00e8s t\u00f4t le matin<span style=\"font-weight: 400;\">. Et pr\u00e9voyez caf\u00e9, bouteilles d\u2019eau, sandwichs et bonne humeur : \u00e7a risque de secouer !<\/span><\/p>\n<h2><b>Dimanche 24 ao\u00fbt : un souffle d\u2019air frais\u2026 mais pas trop<\/b><\/h2>\n<p><span style=\"font-weight: 400;\">Dimanche, ce n\u2019est pas le grand miracle, mais c\u2019est un peu mieux. La circulation reste <\/span><b>orange<\/b><span style=\"font-weight: 400;\"> dans le sens des retours, avec des ralentissements attendus <\/span><b>d\u00e8s la fin de matin\u00e9e<\/b><span style=\"font-weight: 400;\">. L\u2019<\/span><b>A10<\/b><span style=\"font-weight: 400;\">, qui ram\u00e8ne vers Paris, sera encore une fois la star des bouchons. Mais d\u2019autres axes comme l\u2019<\/span><b>A7<\/b><span style=\"font-weight: 400;\">, l\u2019<\/span><b>A9<\/b><span style=\"font-weight: 400;\"> et l\u2019<\/span><b>A75<\/b><span style=\"font-weight: 400;\"> ne seront pas en reste.<\/span><\/p>\n<p><span style=\"font-weight: 400;\">Bonne nouvelle en revanche pour les d\u00e9parts : c\u2019est <\/span><b>vert<\/b><span style=\"font-weight: 400;\"> partout ! Les retardataires qui partent au soleil pourront filer sans trop de soucis.<\/span><\/p>\n<p><span style=\"font-weight: 400;\">C\u00f4t\u00e9 ciel, le nord profite d\u2019une m\u00e9t\u00e9o calme, tandis que le sud-est pourrait subir quelques <\/span><b>averses orageuses<\/b><span style=\"font-weight: 400;\">. Pas de quoi faire peur, mais assez pour pimenter le trajet retour des vacanciers m\u00e9diterran\u00e9ens. Ici encore, l\u2019astuce est simple : partir t\u00f4t le matin pour rouler avant les bouchons\u2026 et avant la pluie.<\/span><\/p>\n<h2><b>Comment survivre \u00e0 ce week-end de folie sur les routes ?<\/b><\/h2>\n<p><span style=\"font-weight: 400;\">Alors, comment garder le moral quand les feux de d\u00e9tresse deviennent votre seule compagnie ? Quelques astuces simples peuvent tout changer :<\/span><\/p>\n<ul>\n<li style=\"font-weight: 400;\"><b>Roulez malin<\/b><span style=\"font-weight: 400;\"> : \u00e9vitez les cr\u00e9neaux critiques (fin d\u2019apr\u00e8s-midi vendredi, toute la journ\u00e9e samedi, milieu de journ\u00e9e dimanche).<\/span>&nbsp;<\/li>\n<li style=\"font-weight: 400;\"><b>Soyez zen<\/b><span style=\"font-weight: 400;\"> : pr\u00e9voyez des pauses toutes les deux heures. Non seulement c\u2019est recommand\u00e9, mais \u00e7a \u00e9vite aussi de transformer votre voiture en cocotte-minute.<\/span>&nbsp;<\/li>\n<li style=\"font-weight: 400;\"><b>Anticipez le vent<\/b><span style=\"font-weight: 400;\"> : si vous traversez le sud samedi, le mistral et la tramontane peuvent rendre la conduite p\u00e9nible. Restez vigilants.<\/span>&nbsp;<\/li>\n<li style=\"font-weight: 400;\"><b>\u00c9quipez-vous comme un pro<\/b><span style=\"font-weight: 400;\"> : eau fra\u00eeche, encas, chargeurs de t\u00e9l\u00e9phone, jeux pour les enfants, et une bonne dose de patience.<\/span>&nbsp;<\/li>\n<li style=\"font-weight: 400;\"><b>Suivez les infos trafic<\/b><span style=\"font-weight: 400;\"> : Bison Fut\u00e9 actualise r\u00e9guli\u00e8rement ses pr\u00e9visions et incidents en temps r\u00e9el.<\/span>&nbsp;<\/li>\n<\/ul>\n<p><span style=\"font-weight: 400;\">Avec un peu d\u2019organisation, vous pouvez transformer une journ\u00e9e de bouchons en <a href=\"https:\/\/discover.ulysse.com\/le-road-trip-ultime-au-portugal-20-jours-de-liberte-entre-lisbonne-et-les-plages-sauvages-en-camping-car\">road-trip<\/a> version com\u00e9die. Apr\u00e8s tout, ce sont aussi ces p\u00e9rip\u00e9ties de vacances qui font les souvenirs\u2026 m\u00eame si, sur le moment, \u00e7a fait grincer des dents.<\/span><\/p>\n<p>A<span style=\"font-weight: 400;\">pr\u00e8s tout, chaque bouchon finit toujours par se dissiper, et au bout de la route, il y a le plaisir de retrouver son chez-soi. Alors, mettez le contact, allumez la playlist estivale et\u2026 courage, la ligne d\u2019arriv\u00e9e n\u2019est plus si loin !<\/span><\/p>\n","protected":false},"excerpt":{"rendered":"<p>Les vacances d\u2019\u00e9t\u00e9, c\u2019est sacr\u00e9. Mais qui dit vacances dit aussi millions de voitures pr\u00eates \u00e0 s\u2019\u00e9lancer sur les autoroutes, [&hellip;]<\/p>\n","protected":false},"author":3,"featured_media":34006,"comment_status":"open","ping_status":"closed","sticky":false,"template":"","format":"standard","meta":{"_acf_changed":false,"_sitemap_exclude":false,"_sitemap_priority":"","_sitemap_frequency":"","footnotes":"","rank_math_title":"","rank_math_description":"Week-end du 23-24 ao\u00fbt : samedi noir annonc\u00e9 par Bison Fut\u00e9, retours satur\u00e9s partout et conseils peps pour survivre aux bouchons !\n","rank_math_canonical_url":"","rank_math_focus_keyword":"Week-end,noir"},"categories":[3],"tags":[],"class_list":["post-34005","post","type-post","status-publish","format-standard","has-post-thumbnail","hentry","category-voyage"],"acf":[],"_links":{"self":[{"href":"https:\/\/ulysse.com\/news\/wp-json\/wp\/v2\/posts\/34005","targetHints":{"allow":["GET"]}}],"collection":[{"href":"https:\/\/ulysse.com\/news\/wp-json\/wp\/v2\/posts"}],"about":[{"href":"https:\/\/ulysse.com\/news\/wp-json\/wp\/v2\/types\/post"}],"author":[{"embeddable":true,"href":"https:\/\/ulysse.com\/news\/wp-json\/wp\/v2\/users\/3"}],"replies":[{"embeddable":true,"href":"https:\/\/ulysse.com\/news\/wp-json\/wp\/v2\/comments?post=34005"}],"version-history":[{"count":2,"href":"https:\/\/ulysse.com\/news\/wp-json\/wp\/v2\/posts\/34005\/revisions"}],"predecessor-version":[{"id":34021,"href":"https:\/\/ulysse.com\/news\/wp-json\/wp\/v2\/posts\/34005\/revisions\/34021"}],"wp:featuredmedia":[{"embeddable":true,"href":"https:\/\/ulysse.com\/news\/wp-json\/wp\/v2\/media\/34006"}],"wp:attachment":[{"href":"https:\/\/ulysse.com\/news\/wp-json\/wp\/v2\/media?parent=34005"}],"wp:term":[{"taxonomy":"category","embeddable":true,"href":"https:\/\/ulysse.com\/news\/wp-json\/wp\/v2\/categories?post=34005"},{"taxonomy":"post_tag","embeddable":true,"href":"https:\/\/ulysse.com\/news\/wp-json\/wp\/v2\/tags?post=34005"}],"curies":[{"name":"wp","href":"https:\/\/api.w.org\/{rel}","templated":true}]}}