{"id":34008,"date":"2025-08-22T16:00:59","date_gmt":"2025-08-22T15:00:59","guid":{"rendered":"https:\/\/discover.ulysse.com\/?p=34008"},"modified":"2025-08-22T09:58:55","modified_gmt":"2025-08-22T08:58:55","slug":"un-village-aux-couleurs-pastel-qui-change-tout-ce-que-vous-pensiez-des-dolomites","status":"publish","type":"post","link":"https:\/\/ulysse.com\/news\/un-village-aux-couleurs-pastel-qui-change-tout-ce-que-vous-pensiez-des-dolomites","title":{"rendered":"Un village aux couleurs pastel qui change tout ce que vous pensiez des Dolomites"},"content":{"rendered":"<p><span style=\"font-weight: 400;\">Il y a des endroits qui n\u2019entrent pas dans les cases. Des lieux qui ne se d\u00e9finissent pas par un seul mot, mais par une alchimie d\u00e9licieuse.<strong> San Candido,<\/strong> nich\u00e9 dans les <strong>Dolomites du Haut-Adige<\/strong> en Italie, \u00e0 deux pas de la fronti\u00e8re autrichienne, en fait partie. Ici, les montagnes sont bien plus que des d\u00e9cors : elles dessinent un terrain de jeu grandeur nature. Ici, l\u2019histoire se raconte dans les pierres, les \u00e9glises et les fresques, tandis que la modernit\u00e9 s\u2019invite dans les terrasses anim\u00e9es et les activit\u00e9s \u00e0 sensation. Ici, enfin, on respire un air si pur qu\u2019il en devient presque euphorisant. Mais San Candido garde toujours une part de myst\u00e8re, une fa\u00e7on de ne pas tout livrer d\u2019un coup, comme pour mieux nous inviter \u00e0 revenir encore et encore.<\/span><\/p>\n<h2><b>San Candido, ce village qui a du style \u00e0 1 175 m\u00e8tres d\u2019altitude<\/b><\/h2>\n<p><span style=\"font-weight: 400;\">San Candido, c\u2019est le genre d\u2019endroit qui vous s\u00e9duit d\u00e8s les premiers pas. On se retrouve dans un centre pi\u00e9ton color\u00e9, avec des fa\u00e7ades pastel qui semblent pos\u00e9es l\u00e0 comme dans un tableau, des terrasses o\u00f9 il fait bon s\u2019attarder et, surtout, une atmosph\u00e8re douce qui m\u00e9lange culture italienne et influence autrichienne. Normal : on est dans le<strong> Haut-Adige<\/strong>, r\u00e9gion bilingue, o\u00f9 les panneaux s\u2019affichent autant en italien qu\u2019en allemand.<\/span><\/p>\n<p><span style=\"font-weight: 400;\">Le monument phare, c\u2019est <strong>la Coll\u00e9giale<\/strong>, chef-d\u2019\u0153uvre de l\u2019art roman du XIe si\u00e8cle. \u00c0 l\u2019int\u00e9rieur, des fresques et un crucifix polychrome rappellent que ce petit village a travers\u00e9 mille ans d\u2019histoire. L\u2019\u00e9glise San Michele, avec ses touches baroques, compl\u00e8te ce d\u00e9cor spirituel qui donne une vraie profondeur au lieu. Et puis il y a le mus\u00e9e <strong>Dolomythos<\/strong>, un brin insolite, o\u00f9 fossiles et dinosaures racontent comment les montagnes environnantes ont \u00e9merg\u00e9 des mers il y a des millions d\u2019ann\u00e9es.<\/span><\/p>\n<p><span style=\"font-weight: 400;\">Mais San Candido, ce n\u2019est pas qu\u2019une le\u00e7on d\u2019histoire : c\u2019est aussi un balcon ouvert sur les Dolomites. Autour, des sommets majestueux comme le <strong>Baranci ou le Monte Elmo<\/strong> s\u2019\u00e9l\u00e8vent, et la lumi\u00e8re alpine joue avec les reliefs. Le matin, l\u2019air y est vif, le ciel \u00e9clatant, et chaque ruelle semble mener \u00e0 un panorama. C\u00f4t\u00e9 budget, le village reste plus abordable que certaines stations hupp\u00e9es des Alpes fran\u00e7aises, surtout pour se loger ou se restaurer. Un caf\u00e9 en terrasse co\u00fbte moins cher qu\u2019\u00e0 Paris, et un plat de p\u00e2tes fumantes servi avec le sourire vaut chaque bouch\u00e9e.<\/span><\/p>\n<blockquote class=\"instagram-media\" style=\"background: #FFF; border: 0; border-radius: 3px; margin: 1px; max-width: 540px; min-width: 326px; padding: 0; width: calc(100% - 2px);\" data-instgrm-captioned=\"\" data-instgrm-permalink=\"https:\/\/www.instagram.com\/p\/DL13cuRt37L\/?utm_source=ig_embed&amp;utm_campaign=loading\" data-instgrm-version=\"14\">\n<div style=\"padding: 16px;\">\n<p>&nbsp;<\/p>\n<div style=\"flex-direction: row; align-items: center;\">\n<div style=\"background-color: #f4f4f4; border-radius: 50%; flex-grow: 0; height: 40px; margin-right: 14px; width: 40px;\"><\/div>\n<div style=\"flex-direction: column; flex-grow: 1; justify-content: center;\">\n<div style=\"background-color: #f4f4f4; border-radius: 4px; flex-grow: 0; height: 14px; margin-bottom: 6px; width: 100px;\"><\/div>\n<div style=\"background-color: #f4f4f4; border-radius: 4px; flex-grow: 0; height: 14px; width: 60px;\"><\/div>\n<\/div>\n<\/div>\n<div style=\"padding: 19% 0;\"><\/div>\n<div style=\"height: 50px; margin: 0 auto 12px; width: 50px;\"><\/div>\n<div style=\"padding-top: 8px;\">\n<div style=\"color: #3897f0; font-family: Arial,sans-serif; font-size: 14px; font-style: normal; font-weight: 550; line-height: 18px;\">Voir cette publication sur Instagram<\/div>\n<\/div>\n<div style=\"padding: 12.5% 0;\"><\/div>\n<div style=\"flex-direction: row; margin-bottom: 14px; align-items: center;\">\n<div>\n<div style=\"background-color: #f4f4f4; border-radius: 50%; height: 12.5px; width: 12.5px;\"><\/div>\n<div style=\"background-color: #f4f4f4; height: 12.5px; width: 12.5px; flex-grow: 0; margin-right: 14px; margin-left: 2px;\"><\/div>\n<div style=\"background-color: #f4f4f4; border-radius: 50%; height: 12.5px; width: 12.5px;\"><\/div>\n<\/div>\n<div style=\"margin-left: 8px;\">\n<div style=\"background-color: #f4f4f4; border-radius: 50%; flex-grow: 0; height: 20px; width: 20px;\"><\/div>\n<div style=\"width: 0; height: 0; border-top: 2px solid transparent; border-left: 6px solid #f4f4f4; border-bottom: 2px solid transparent;\"><\/div>\n<\/div>\n<div style=\"margin-left: auto;\">\n<div style=\"width: 0px; border-top: 8px solid #F4F4F4; border-right: 8px solid transparent;\"><\/div>\n<div style=\"background-color: #f4f4f4; flex-grow: 0; height: 12px; width: 16px;\"><\/div>\n<div style=\"width: 0; height: 0; border-top: 8px solid #F4F4F4; border-left: 8px solid transparent;\"><\/div>\n<\/div>\n<\/div>\n<div style=\"flex-direction: column; flex-grow: 1; justify-content: center; margin-bottom: 24px;\">\n<div style=\"background-color: #f4f4f4; border-radius: 4px; flex-grow: 0; height: 14px; margin-bottom: 6px; width: 224px;\"><\/div>\n<div style=\"background-color: #f4f4f4; border-radius: 4px; flex-grow: 0; height: 14px; width: 144px;\"><\/div>\n<\/div>\n<p>&nbsp;<\/p>\n<p style=\"color: #c9c8cd; font-family: Arial,sans-serif; font-size: 14px; line-height: 17px; margin-bottom: 0; margin-top: 8px; overflow: hidden; padding: 8px 0 7px; text-align: center;\"><a style=\"color: #c9c8cd; font-family: Arial,sans-serif; font-size: 14px; font-style: normal; font-weight: normal; line-height: 17px; text-decoration: none;\" href=\"https:\/\/www.instagram.com\/p\/DL13cuRt37L\/?utm_source=ig_embed&amp;utm_campaign=loading\" target=\"_blank\" rel=\"noopener\">Une publication partag\u00e9e par San Candido | Innichen (@sancandidolomites)<\/a><\/p>\n<\/div>\n<\/blockquote>\n<h2><b>Ici, la montagne n\u2019est pas une carte postale mais un terrain de jeu<\/b><\/h2>\n<p><span style=\"font-weight: 400;\">Si l\u2019on vient \u00e0 San Candido, ce n\u2019est pas seulement pour lever la t\u00eate vers les sommets : c\u2019est pour y participer. En \u00e9t\u00e9, on chausse les baskets ou on grimpe en selle. La piste cyclable qui relie San Candido \u00e0 Lienz, en Autriche, est un petit bijou. On file le long de la Drava, entour\u00e9 de montagnes, puis on revient tranquillement en train. Facile, fun, accessible \u00e0 tous.<\/span><\/p>\n<p><span style=\"font-weight: 400;\">Pour les familles, la star, c\u2019est la <strong>luge d\u2019\u00e9t\u00e9 du Baranci<\/strong> : 1,7 km de descente sur rail, entre adr\u00e9naline et \u00e9clats de rire, \u00e0 vivre de juin \u00e0 septembre. Les marcheurs, eux, peuvent s\u2019aventurer dans la <strong>Val Fiscalina<\/strong>, un d\u00e9cor alpin d\u2019une beaut\u00e9 \u00e0 couper le souffle, avant d\u2019approcher les mythiques <a href=\"https:\/\/discover.ulysse.com\/ils-fuient-les-plages-bondees-ces-italiens-qui-redecouvrent-le-luxe-des-alpes-lete\">Tre Cime di Lavaredo<\/a>, ces trois pics ac\u00e9r\u00e9s qui sont l\u2019ic\u00f4ne des Dolomites.<\/span><\/p>\n<p><span style=\"font-weight: 400;\">Et l\u2019hiver ? San Candido se transforme en royaume de la neige. Ski, snowboard, randonn\u00e9es en raquettes ou simples balades sous la poudreuse, tout est possible. La station n\u2019a pas la d\u00e9mesure de certaines voisines, et c\u2019est tant mieux : ici, on privil\u00e9gie la convivialit\u00e9 et les plaisirs simples, loin des foules. Le soir, on se r\u00e9chauffe dans une auberge o\u00f9 la polenta cr\u00e9meuse ou le strudel aux pommes vous font oublier le froid dehors.<\/span><\/p>\n<blockquote class=\"instagram-media\" style=\"background: #FFF; border: 0; border-radius: 3px; margin: 1px; max-width: 540px; min-width: 326px; padding: 0; width: calc(100% - 2px);\" data-instgrm-captioned=\"\" data-instgrm-permalink=\"https:\/\/www.instagram.com\/reel\/DLt2frRtmDI\/?utm_source=ig_embed&amp;utm_campaign=loading\" data-instgrm-version=\"14\">\n<div style=\"padding: 16px;\">\n<p>&nbsp;<\/p>\n<div style=\"flex-direction: row; align-items: center;\">\n<div style=\"background-color: #f4f4f4; border-radius: 50%; flex-grow: 0; height: 40px; margin-right: 14px; width: 40px;\"><\/div>\n<div style=\"flex-direction: column; flex-grow: 1; justify-content: center;\">\n<div style=\"background-color: #f4f4f4; border-radius: 4px; flex-grow: 0; height: 14px; margin-bottom: 6px; width: 100px;\"><\/div>\n<div style=\"background-color: #f4f4f4; border-radius: 4px; flex-grow: 0; height: 14px; width: 60px;\"><\/div>\n<\/div>\n<\/div>\n<div style=\"padding: 19% 0;\"><\/div>\n<div style=\"height: 50px; margin: 0 auto 12px; width: 50px;\"><\/div>\n<div style=\"padding-top: 8px;\">\n<div style=\"color: #3897f0; font-family: Arial,sans-serif; font-size: 14px; font-style: normal; font-weight: 550; line-height: 18px;\">Voir cette publication sur Instagram<\/div>\n<\/div>\n<div style=\"padding: 12.5% 0;\"><\/div>\n<div style=\"flex-direction: row; margin-bottom: 14px; align-items: center;\">\n<div>\n<div style=\"background-color: #f4f4f4; border-radius: 50%; height: 12.5px; width: 12.5px;\"><\/div>\n<div style=\"background-color: #f4f4f4; height: 12.5px; width: 12.5px; flex-grow: 0; margin-right: 14px; margin-left: 2px;\"><\/div>\n<div style=\"background-color: #f4f4f4; border-radius: 50%; height: 12.5px; width: 12.5px;\"><\/div>\n<\/div>\n<div style=\"margin-left: 8px;\">\n<div style=\"background-color: #f4f4f4; border-radius: 50%; flex-grow: 0; height: 20px; width: 20px;\"><\/div>\n<div style=\"width: 0; height: 0; border-top: 2px solid transparent; border-left: 6px solid #f4f4f4; border-bottom: 2px solid transparent;\"><\/div>\n<\/div>\n<div style=\"margin-left: auto;\">\n<div style=\"width: 0px; border-top: 8px solid #F4F4F4; border-right: 8px solid transparent;\"><\/div>\n<div style=\"background-color: #f4f4f4; flex-grow: 0; height: 12px; width: 16px;\"><\/div>\n<div style=\"width: 0; height: 0; border-top: 8px solid #F4F4F4; border-left: 8px solid transparent;\"><\/div>\n<\/div>\n<\/div>\n<div style=\"flex-direction: column; flex-grow: 1; justify-content: center; margin-bottom: 24px;\">\n<div style=\"background-color: #f4f4f4; border-radius: 4px; flex-grow: 0; height: 14px; margin-bottom: 6px; width: 224px;\"><\/div>\n<div style=\"background-color: #f4f4f4; border-radius: 4px; flex-grow: 0; height: 14px; width: 144px;\"><\/div>\n<\/div>\n<p>&nbsp;<\/p>\n<p style=\"color: #c9c8cd; font-family: Arial,sans-serif; font-size: 14px; line-height: 17px; margin-bottom: 0; margin-top: 8px; overflow: hidden; padding: 8px 0 7px; text-align: center;\"><a style=\"color: #c9c8cd; font-family: Arial,sans-serif; font-size: 14px; font-style: normal; font-weight: normal; line-height: 17px; text-decoration: none;\" href=\"https:\/\/www.instagram.com\/reel\/DLt2frRtmDI\/?utm_source=ig_embed&amp;utm_campaign=loading\" target=\"_blank\" rel=\"noopener\">Une publication partag\u00e9e par San Candido | Innichen (@sancandidolomites)<\/a><\/p>\n<\/div>\n<\/blockquote>\n<h2><b>Partir \u00e0 l\u2019aventure depuis la France, facile et d\u00e9paysant<\/b><\/h2>\n<p><span style=\"font-weight: 400;\">Le charme de San Candido, c\u2019est aussi son accessibilit\u00e9. Depuis Paris, Lyon ou Strasbourg, on peut embarquer en train jusqu\u2019\u00e0 <strong>Bolzano<\/strong>, via <a href=\"https:\/\/discover.ulysse.com\/quartiers-mythiques-milan\">Milan<\/a> ou V\u00e9rone. Le voyage dure un peu, mais quel plaisir de voir d\u00e9filer les paysages italiens avant de rejoindre les Dolomites. Ensuite, on prend la ligne de la <strong>Puster Valley Railway<\/strong> jusqu\u2019\u00e0 San Candido, et l\u00e0, on est litt\u00e9ralement transport\u00e9 dans un autre monde. Les for\u00eats d\u2019\u00e9pic\u00e9as, les torrents et les sommets qui bordent la voie ferr\u00e9e font du trajet une exp\u00e9rience \u00e0 part enti\u00e8re.<\/span><\/p>\n<p><span style=\"font-weight: 400;\">Les prix restent corrects : entre 25 et 35 \u20ac pour les segments italiens en train rapide, auxquels on ajoute le petit trajet final vers San Candido. Et si le temps vous manque, une alternative existe : prendre un vol vers Munich ou Milan, puis continuer en train. Mais soyons honn\u00eates : rien ne vaut l\u2019arriv\u00e9e en douceur par la voie ferr\u00e9e, qui donne d\u00e9j\u00e0 ce go\u00fbt d\u2019aventure.<\/span><\/p>\n<p><span style=\"font-weight: 400;\">Une fois sur place, tout se fait facilement \u00e0 pied. Le village est compact, et les bus locaux relient les stations voisines ou les points de d\u00e9part des randonn\u00e9es. Pas besoin de voiture : c\u2019est plus \u00e9conomique, plus \u00e9cologique, et on profite pleinement de l\u2019ambiance alpine.<\/span><\/p>\n<blockquote class=\"instagram-media\" style=\"background: #FFF; border: 0; border-radius: 3px; margin: 1px; max-width: 540px; min-width: 326px; padding: 0; width: calc(100% - 2px);\" data-instgrm-captioned=\"\" data-instgrm-permalink=\"https:\/\/www.instagram.com\/p\/DHnnPeOtsGZ\/?utm_source=ig_embed&amp;utm_campaign=loading\" data-instgrm-version=\"14\">\n<div style=\"padding: 16px;\">\n<p>&nbsp;<\/p>\n<div style=\"flex-direction: row; align-items: center;\">\n<div style=\"background-color: #f4f4f4; border-radius: 50%; flex-grow: 0; height: 40px; margin-right: 14px; width: 40px;\"><\/div>\n<div style=\"flex-direction: column; flex-grow: 1; justify-content: center;\">\n<div style=\"background-color: #f4f4f4; border-radius: 4px; flex-grow: 0; height: 14px; margin-bottom: 6px; width: 100px;\"><\/div>\n<div style=\"background-color: #f4f4f4; border-radius: 4px; flex-grow: 0; height: 14px; width: 60px;\"><\/div>\n<\/div>\n<\/div>\n<div style=\"padding: 19% 0;\"><\/div>\n<div style=\"height: 50px; margin: 0 auto 12px; width: 50px;\"><\/div>\n<div style=\"padding-top: 8px;\">\n<div style=\"color: #3897f0; font-family: Arial,sans-serif; font-size: 14px; font-style: normal; font-weight: 550; line-height: 18px;\">Voir cette publication sur Instagram<\/div>\n<\/div>\n<div style=\"padding: 12.5% 0;\"><\/div>\n<div style=\"flex-direction: row; margin-bottom: 14px; align-items: center;\">\n<div>\n<div style=\"background-color: #f4f4f4; border-radius: 50%; height: 12.5px; width: 12.5px;\"><\/div>\n<div style=\"background-color: #f4f4f4; height: 12.5px; width: 12.5px; flex-grow: 0; margin-right: 14px; margin-left: 2px;\"><\/div>\n<div style=\"background-color: #f4f4f4; border-radius: 50%; height: 12.5px; width: 12.5px;\"><\/div>\n<\/div>\n<div style=\"margin-left: 8px;\">\n<div style=\"background-color: #f4f4f4; border-radius: 50%; flex-grow: 0; height: 20px; width: 20px;\"><\/div>\n<div style=\"width: 0; height: 0; border-top: 2px solid transparent; border-left: 6px solid #f4f4f4; border-bottom: 2px solid transparent;\"><\/div>\n<\/div>\n<div style=\"margin-left: auto;\">\n<div style=\"width: 0px; border-top: 8px solid #F4F4F4; border-right: 8px solid transparent;\"><\/div>\n<div style=\"background-color: #f4f4f4; flex-grow: 0; height: 12px; width: 16px;\"><\/div>\n<div style=\"width: 0; height: 0; border-top: 8px solid #F4F4F4; border-left: 8px solid transparent;\"><\/div>\n<\/div>\n<\/div>\n<div style=\"flex-direction: column; flex-grow: 1; justify-content: center; margin-bottom: 24px;\">\n<div style=\"background-color: #f4f4f4; border-radius: 4px; flex-grow: 0; height: 14px; margin-bottom: 6px; width: 224px;\"><\/div>\n<div style=\"background-color: #f4f4f4; border-radius: 4px; flex-grow: 0; height: 14px; width: 144px;\"><\/div>\n<\/div>\n<p>&nbsp;<\/p>\n<p style=\"color: #c9c8cd; font-family: Arial,sans-serif; font-size: 14px; line-height: 17px; margin-bottom: 0; margin-top: 8px; overflow: hidden; padding: 8px 0 7px; text-align: center;\"><a style=\"color: #c9c8cd; font-family: Arial,sans-serif; font-size: 14px; font-style: normal; font-weight: normal; line-height: 17px; text-decoration: none;\" href=\"https:\/\/www.instagram.com\/p\/DHnnPeOtsGZ\/?utm_source=ig_embed&amp;utm_campaign=loading\" target=\"_blank\" rel=\"noopener\">Une publication partag\u00e9e par San Candido | Innichen (@sancandidolomites)<\/a><\/p>\n<\/div>\n<\/blockquote>\n<p><span style=\"font-weight: 400;\">San Candido, c\u2019est le parfait m\u00e9lange entre sport, culture et d\u00e9tente. C\u2019est un lieu o\u00f9 chaque journ\u00e9e peut \u00eatre diff\u00e9rente : le matin dans un mus\u00e9e, l\u2019apr\u00e8s-midi au sommet d\u2019une montagne, et le soir \u00e0 siroter un spritz en terrasse. Un concentr\u00e9 de dolce vita alpine, avec ce petit twist autrichien qui rend l\u2019endroit unique. Un secret alpin o\u00f9 l\u2019on respire, s\u2019\u00e9merveille et vibre \u00e0 chaque instant.<\/span><\/p>\n","protected":false},"excerpt":{"rendered":"<p>Il y a des endroits qui n\u2019entrent pas dans les cases. Des lieux qui ne se d\u00e9finissent pas par un [&hellip;]<\/p>\n","protected":false},"author":3,"featured_media":34009,"comment_status":"open","ping_status":"closed","sticky":false,"template":"","format":"standard","meta":{"_acf_changed":false,"_sitemap_exclude":false,"_sitemap_priority":"","_sitemap_frequency":"","footnotes":"","rank_math_title":"","rank_math_description":"Un village entre Italie et Autriche o\u00f9 montagnes, culture et frissons s\u2019unissent pour offrir une parenth\u00e8se alpine inoubliable.\n","rank_math_canonical_url":"","rank_math_focus_keyword":"Dolomites"},"categories":[3],"tags":[],"class_list":["post-34008","post","type-post","status-publish","format-standard","has-post-thumbnail","hentry","category-voyage"],"acf":[],"_links":{"self":[{"href":"https:\/\/ulysse.com\/news\/wp-json\/wp\/v2\/posts\/34008","targetHints":{"allow":["GET"]}}],"collection":[{"href":"https:\/\/ulysse.com\/news\/wp-json\/wp\/v2\/posts"}],"about":[{"href":"https:\/\/ulysse.com\/news\/wp-json\/wp\/v2\/types\/post"}],"author":[{"embeddable":true,"href":"https:\/\/ulysse.com\/news\/wp-json\/wp\/v2\/users\/3"}],"replies":[{"embeddable":true,"href":"https:\/\/ulysse.com\/news\/wp-json\/wp\/v2\/comments?post=34008"}],"version-history":[{"count":2,"href":"https:\/\/ulysse.com\/news\/wp-json\/wp\/v2\/posts\/34008\/revisions"}],"predecessor-version":[{"id":34027,"href":"https:\/\/ulysse.com\/news\/wp-json\/wp\/v2\/posts\/34008\/revisions\/34027"}],"wp:featuredmedia":[{"embeddable":true,"href":"https:\/\/ulysse.com\/news\/wp-json\/wp\/v2\/media\/34009"}],"wp:attachment":[{"href":"https:\/\/ulysse.com\/news\/wp-json\/wp\/v2\/media?parent=34008"}],"wp:term":[{"taxonomy":"category","embeddable":true,"href":"https:\/\/ulysse.com\/news\/wp-json\/wp\/v2\/categories?post=34008"},{"taxonomy":"post_tag","embeddable":true,"href":"https:\/\/ulysse.com\/news\/wp-json\/wp\/v2\/tags?post=34008"}],"curies":[{"name":"wp","href":"https:\/\/api.w.org\/{rel}","templated":true}]}}