{"id":34068,"date":"2025-08-24T16:00:39","date_gmt":"2025-08-24T15:00:39","guid":{"rendered":"https:\/\/discover.ulysse.com\/?p=34068"},"modified":"2025-08-24T11:57:04","modified_gmt":"2025-08-24T10:57:04","slug":"derniers-jours-pour-voir-des-films-en-plein-air-a-paris-et-cest-100-gratuit","status":"publish","type":"post","link":"https:\/\/ulysse.com\/news\/derniers-jours-pour-voir-des-films-en-plein-air-a-paris-et-cest-100-gratuit","title":{"rendered":"Derniers jours pour voir des films en plein air \u00e0 Paris \u2014 et c\u2019est 100 % gratuit !"},"content":{"rendered":"<p data-start=\"43\" data-end=\"592\">Les soir\u00e9es d\u2019\u00e9t\u00e9 \u00e0 Paris sont sur le point de prendre fin, mais il reste une derni\u00e8re chance de profiter d\u2019un cin\u00e9ma en plein air vraiment unique. \u00c0 deux pas de la Petite Ceinture, un \u00e9v\u00e9nement gratuit et exceptionnel vous attend encore pour quelques jours seulement. Si vous n\u2019avez pas encore v\u00e9cu l\u2019exp\u00e9rience <em data-start=\"356\" data-end=\"371\">Gare aux Docs<\/em>, il est temps de vous pr\u00e9cipiter, car il ne vous reste que quelques soir\u00e9es pour vivre cette immersion dans des documentaires engag\u00e9s sous les \u00e9toiles. La fin du festival est proche, alors ne manquez pas cette occasion !<\/p>\n<h2 data-start=\"594\" data-end=\"668\">C\u2019est la fin de <em data-start=\"613\" data-end=\"628\">Gare aux Docs<\/em> : il ne reste plus que quelques jours !<\/h2>\n<p data-start=\"670\" data-end=\"1209\">Le festival <em data-start=\"682\" data-end=\"697\">Gare aux Docs<\/em>, qui se tient chaque vendredi et samedi \u00e0 La Recyclerie, est l\u2019un des \u00e9v\u00e9nements de cin\u00e9ma en plein air les plus pris\u00e9s de <a href=\"https:\/\/discover.ulysse.com\/la-rentree-2025-a-paris-10-expositions-a-ne-pas-manquer-au-retour-des-vacances-dete\">Paris<\/a>. Avec des projections gratuites de films documentaires percutants, ce festival a fait vibrer la capitale depuis le 4 juillet. Mais attention, vous n\u2019avez que jusqu\u2019au 30 ao\u00fbt pour en profiter. Les places sont limit\u00e9es et la billetterie est ouverte uniquement le matin m\u00eame des projections, donc si vous souhaitez participer \u00e0 l\u2019un des derniers films de cette \u00e9dition, soyez rapide !<\/p>\n<blockquote class=\"tiktok-embed\" style=\"max-width: 605px; min-width: 325px;\" cite=\"https:\/\/www.tiktok.com\/@hangar_y_\/video\/7389916047840742689\" data-video-id=\"7389916047840742689\">\n<section><a title=\"@hangar_y_\" href=\"https:\/\/www.tiktok.com\/@hangar_y_?refer=embed\" target=\"_blank\" rel=\"noopener\">@hangar_y_<\/a> Cinema en plein air \ud83c\udf7f Entr\u00e9e gratuite. Prochaines s\u00e9ances les 12 et 19 juillet \u00e0 la Guinguette du Hangar Y ! \ud83d\ude09 R\u00e9servation en bio. <a title=\"cinema\" href=\"https:\/\/www.tiktok.com\/tag\/cinema?refer=embed\" target=\"_blank\" rel=\"noopener\">#cinema<\/a> <a title=\"cinemaenpleinair\" href=\"https:\/\/www.tiktok.com\/tag\/cinemaenpleinair?refer=embed\" target=\"_blank\" rel=\"noopener\">#cinemaenpleinair<\/a> <a title=\"cinemapleinair\" href=\"https:\/\/www.tiktok.com\/tag\/cinemapleinair?refer=embed\" target=\"_blank\" rel=\"noopener\">#cinemapleinair<\/a> <a title=\"cinemagratuit\" href=\"https:\/\/www.tiktok.com\/tag\/cinemagratuit?refer=embed\" target=\"_blank\" rel=\"noopener\">#cinemagratuit<\/a> <a title=\"fyp\" href=\"https:\/\/www.tiktok.com\/tag\/fyp?refer=embed\" target=\"_blank\" rel=\"noopener\">#fyp<\/a> <a title=\"meudon\" href=\"https:\/\/www.tiktok.com\/tag\/meudon?refer=embed\" target=\"_blank\" rel=\"noopener\">#meudon<\/a> <a title=\"cinemaparis\" href=\"https:\/\/www.tiktok.com\/tag\/cinemaparis?refer=embed\" target=\"_blank\" rel=\"noopener\">#cinemaparis<\/a> <a title=\"\u266c grah - maddie\" href=\"https:\/\/www.tiktok.com\/music\/grah-7301693715428117290?refer=embed\" target=\"_blank\" rel=\"noopener\">\u266c grah &#8211; maddie<\/a><\/section>\n<\/blockquote>\n<p><script async src=\"https:\/\/www.tiktok.com\/embed.js\"><\/script><\/p>\n<h2 data-start=\"1211\" data-end=\"1275\">Les derniers films \u00e0 voir absolument avant la fin du festival<\/h2>\n<p data-start=\"1277\" data-end=\"1823\">La fin du festival approche, mais il reste encore quelques projections \u00e0 ne pas manquer. Le vendredi 22 et samedi 23 ao\u00fbt, <em data-start=\"1400\" data-end=\"1415\">D\u00e9mocatie(s)?<\/em> de Henri Poulain sera projet\u00e9, un documentaire en partenariat avec Action Justice Climat qui interroge nos syst\u00e8mes d\u00e9mocratiques et les d\u00e9fis auxquels nous faisons face aujourd\u2019hui. Puis, pour cl\u00f4turer cette 8e \u00e9dition du festival, <em data-start=\"1649\" data-end=\"1675\">Il fait nuit en Am\u00e9rique<\/em> d\u2019Ana Vaz sera diffus\u00e9 les 29 et 30 ao\u00fbt. Ces films sont une occasion unique de d\u00e9couvrir des sujets importants dans un cadre convivial et gratuit.<\/p>\n<h2 data-start=\"1825\" data-end=\"1882\">R\u00e9servez votre place maintenant, il est encore temps !<\/h2>\n<p data-start=\"1884\" data-end=\"2459\">Il est imp\u00e9ratif de ne pas laisser passer cette derni\u00e8re chance de profiter de ces projections en plein air. La billetterie \u00e9tant mise en ligne le matin m\u00eame de chaque s\u00e9ance, il vous faudra \u00eatre r\u00e9actif pour r\u00e9server votre place, car elles partent vite ! Avec des transats install\u00e9s sous les \u00e9toiles et l\u2019atmosph\u00e8re particuli\u00e8re de La Recyclerie, chaque projection devient une exp\u00e9rience \u00e0 part enti\u00e8re. Ne manquez pas cette occasion de vous poser un instant et de d\u00e9couvrir des documentaires qui vous feront r\u00e9fl\u00e9chir, tout cela dans un cadre \u00e9co-responsable et chaleureux.<\/p>\n<h2 data-start=\"2461\" data-end=\"2509\">O\u00f9 et quand se d\u00e9roule ce dernier \u00e9v\u00e9nement ?<\/h2>\n<p data-start=\"2511\" data-end=\"2916\">La Recyclerie, situ\u00e9e au 83 boulevard Ornano dans le 18e, vous accueille pour ces derni\u00e8res projections. Un lieu o\u00f9 la culture rencontre la transition \u00e9cologique, cet espace est parfait pour un moment de cin\u00e9ma en plein air, tout en soutenant des initiatives locales. Les projections commencent \u00e0 21h, mais n&#8217;oubliez pas que les places sont limit\u00e9es, donc soyez \u00e0 l\u2019aff\u00fbt de la billetterie le matin m\u00eame !<\/p>\n<h2 data-start=\"2918\" data-end=\"2982\">Profitez des derni\u00e8res soir\u00e9es, avant qu&#8217;il ne soit trop tard<\/h2>\n<p data-start=\"2984\" data-end=\"3382\" data-is-last-node=\"\" data-is-only-node=\"\">Il ne vous reste plus que quelques jours pour vivre cette exp\u00e9rience unique de cin\u00e9ma en plein air \u00e0 Paris. Ne laissez pas passer cette occasion de d\u00e9couvrir des films poignants dans un cadre exceptionnel. Si vous n\u2019avez pas encore vu un documentaire de <em data-start=\"3238\" data-end=\"3253\">Gare aux Docs<\/em>, c\u2019est maintenant ou jamais ! R\u00e9servez d\u00e8s aujourd\u2019hui, et vivez ces derniers moments sous les \u00e9toiles avant la fin du festival.<\/p>\n","protected":false},"excerpt":{"rendered":"<p>Les soir\u00e9es d\u2019\u00e9t\u00e9 \u00e0 Paris sont sur le point de prendre fin, mais il reste une derni\u00e8re chance de profiter [&hellip;]<\/p>\n","protected":false},"author":4,"featured_media":34106,"comment_status":"open","ping_status":"closed","sticky":false,"template":"","format":"standard","meta":{"_acf_changed":false,"_sitemap_exclude":false,"_sitemap_priority":"","_sitemap_frequency":"","footnotes":"","rank_math_title":"","rank_math_description":"","rank_math_canonical_url":"","rank_math_focus_keyword":"Paris"},"categories":[3],"tags":[],"class_list":["post-34068","post","type-post","status-publish","format-standard","has-post-thumbnail","hentry","category-voyage"],"acf":[],"_links":{"self":[{"href":"https:\/\/ulysse.com\/news\/wp-json\/wp\/v2\/posts\/34068","targetHints":{"allow":["GET"]}}],"collection":[{"href":"https:\/\/ulysse.com\/news\/wp-json\/wp\/v2\/posts"}],"about":[{"href":"https:\/\/ulysse.com\/news\/wp-json\/wp\/v2\/types\/post"}],"author":[{"embeddable":true,"href":"https:\/\/ulysse.com\/news\/wp-json\/wp\/v2\/users\/4"}],"replies":[{"embeddable":true,"href":"https:\/\/ulysse.com\/news\/wp-json\/wp\/v2\/comments?post=34068"}],"version-history":[{"count":2,"href":"https:\/\/ulysse.com\/news\/wp-json\/wp\/v2\/posts\/34068\/revisions"}],"predecessor-version":[{"id":34107,"href":"https:\/\/ulysse.com\/news\/wp-json\/wp\/v2\/posts\/34068\/revisions\/34107"}],"wp:featuredmedia":[{"embeddable":true,"href":"https:\/\/ulysse.com\/news\/wp-json\/wp\/v2\/media\/34106"}],"wp:attachment":[{"href":"https:\/\/ulysse.com\/news\/wp-json\/wp\/v2\/media?parent=34068"}],"wp:term":[{"taxonomy":"category","embeddable":true,"href":"https:\/\/ulysse.com\/news\/wp-json\/wp\/v2\/categories?post=34068"},{"taxonomy":"post_tag","embeddable":true,"href":"https:\/\/ulysse.com\/news\/wp-json\/wp\/v2\/tags?post=34068"}],"curies":[{"name":"wp","href":"https:\/\/api.w.org\/{rel}","templated":true}]}}